{"id":12838,"date":"2022-10-24T20:49:37","date_gmt":"2022-10-24T20:49:37","guid":{"rendered":"https:\/\/www.africa-press.net\/togo\/politique\/togo-polemiques-autour-du-deces-dun-syndicaliste"},"modified":"2022-10-24T20:56:48","modified_gmt":"2022-10-24T20:56:48","slug":"togo-polemiques-autour-du-deces-dun-syndicaliste","status":"publish","type":"post","link":"https:\/\/www.africa-press.net\/togo\/politique\/togo-polemiques-autour-du-deces-dun-syndicaliste","title":{"rendered":"Togo\u2013Pol\u00e9miques autour du d\u00e9c\u00e8s d\u2019un syndicaliste"},"content":{"rendered":"<p><span style=\"color: #ff6600\"><strong>Africa-Press &#8211; Togo. <\/strong><\/span><b>Qu\u2019est-ce qui s\u2019est exactement passe\u0301 avant que M. Gnonkpa, un ancien Secre\u0301taire ge\u0301ne\u0301ral du Syndicat des enseignants du Togo (SET), ne trouve la mort ce samedi ?<\/b><\/p>\n<p>Cet e\u0301ducateur, tre\u0300s actif au sein du syndicat qu\u2019il incarnait avant d\u2019e\u0302tre radie\u0301 de la fonction enseignante suite a\u0300 l\u2019observation d\u2019un mouvement de gre\u0300ve, n\u2019est plus. Il est de\u0301ce\u0301de\u0301 a\u0300 la suite d\u2019un braquage. C\u2019est la raison officielle. Sauf que ses camarades n\u2019en sont pas convaincus.<\/p>\n<p>Ils sont un certain nombre a\u0300 penser que les circonstances de la mort du camarade Gnonkpa sont troubles voire suspectes. \u00ab Selon les circonstances du de\u0301ce\u0300s recueillies aupre\u0300s de la famille, le camarade Gnonkpa serait victime d\u2019un braquage nocturne, alors qu\u2019il essayait de faire face a\u0300 la situation pre\u0301caire dans laquelle le licenciement des enseignants du SET, l\u2019a depuis pre\u0300s de 7 mois, plonge\u0301 tout comme les 115 autres camarades, en travaillant nuitamment sur taxi-moto \u00bb, de\u0301plore le SET qui a de\u0301pe\u0302che\u0301 une de\u0301le\u0301gation aupre\u0300s de la famille de la victime.<\/p>\n<p>\u00ab Le camarade serait attaque\u0301 dans la nuit du 21 au 22 octobre, autour de 19 heures, laisse\u0301 dans un e\u0301tat de\u0301plorable jusqu\u2019aux environs de 4 heures, quand un mac\u0327on, de passage, a e\u0301te\u0301 alerte\u0301 par les ge\u0301missements \u00bb, poursuivent les syndicalistes, ajoutant que sa moto, elle, est emporte\u0301e alors que son te\u0301le\u0301phone et d\u2019autres objets e\u0301taient sur lui.<\/p>\n<p>Nous y reviendrons avant d\u2019amples de\u0301tails.<\/p>\n<p><strong>Pour plus d&rsquo;informations et d&rsquo;analyses sur la <a href=\"https:\/\/www.africa-press.net\/togo\">Togo<\/a>, suivez <a href=\"https:\/\/www.africa-press.net\/\">Africa-Press<\/a><\/strong><\/p>\n","protected":false},"excerpt":{"rendered":"<p>Africa-Press &#8211; Togo. Qu\u2019est-ce qui s\u2019est exactement passe\u0301 avant que M. Gnonkpa, un ancien Secre\u0301taire ge\u0301ne\u0301ral du Syndicat des enseignants du Togo (SET), ne trouve la mort ce samedi ? Cet e\u0301ducateur, tre\u0300s actif au sein du syndicat qu\u2019il incarnait avant d\u2019e\u0302tre radie\u0301 de la fonction enseignante suite a\u0300 l\u2019observation d\u2019un mouvement de gre\u0300ve, n\u2019est [&hellip;]<\/p>\n","protected":false},"author":82,"featured_media":12837,"comment_status":"open","ping_status":"closed","sticky":false,"template":"","format":"standard","meta":{"footnotes":""},"categories":[2,10],"tags":[36,49,50],"class_list":["post-12838","post","type-post","status-publish","format-standard","has-post-thumbnail","hentry","category-politique","category-toutes-les-actualites","tag-africa-press","tag-africa-press-togo","tag-togo"],"yoast_head":"<!-- This site is optimized with the Yoast SEO Premium plugin v26.1 (Yoast SEO v27.0) - https:\/\/yoast.com\/product\/yoast-seo-premium-wordpress\/ -->\n<title>Togo\u2013Pol\u00e9miques autour du d\u00e9c\u00e8s d\u2019un syndicaliste - Togo<\/title>\n<meta name=\"description\" content=\"Qu\u2019est-ce qui s\u2019est exactement passe\u0301 avant que M. Gnonkpa, un ancien Secre\u0301taire ge\u0301ne\u0301ral du Syndicat des enseignan ...\" \/>\n<meta name=\"robots\" content=\"index, follow, max-snippet:-1, max-image-preview:large, max-video-preview:-1\" \/>\n<link rel=\"canonical\" href=\"https:\/\/www.africa-press.net\/togo\/politique\/togo-polemiques-autour-du-deces-dun-syndicaliste\" \/>\n<meta property=\"og:locale\" content=\"fr_FR\" \/>\n<meta property=\"og:type\" content=\"article\" \/>\n<meta property=\"og:title\" content=\"Togo\u2013Pol\u00e9miques autour du d\u00e9c\u00e8s d\u2019un syndicaliste\" \/>\n<meta property=\"og:description\" content=\"Qu\u2019est-ce qui s\u2019est exactement passe\u0301 avant que M. Gnonkpa, un ancien Secre\u0301taire ge\u0301ne\u0301ral du Syndicat des enseignan ...\" \/>\n<meta property=\"og:url\" content=\"https:\/\/www.africa-press.net\/togo\/politique\/togo-polemiques-autour-du-deces-dun-syndicaliste\" \/>\n<meta property=\"og:site_name\" content=\"Togo\" \/>\n<meta property=\"article:published_time\" content=\"2022-10-24T20:49:37+00:00\" \/>\n<meta property=\"article:modified_time\" content=\"2022-10-24T20:56:48+00:00\" \/>\n<meta property=\"og:image\" content=\"https:\/\/static.africa-press.net\/togo\/sites\/58\/2022\/10\/postQueueImg_3-6356fbfb98236.jpg\" \/>\n\t<meta property=\"og:image:width\" content=\"1280\" \/>\n\t<meta property=\"og:image:height\" content=\"800\" \/>\n\t<meta property=\"og:image:type\" content=\"image\/jpeg\" \/>\n<meta name=\"author\" content=\"cfeditorfr\" \/>\n<meta name=\"twitter:card\" content=\"summary_large_image\" \/>\n<meta name=\"twitter:label1\" content=\"\u00c9crit par\" \/>\n\t<meta name=\"twitter:data1\" content=\"cfeditorfr\" \/>\n\t<meta name=\"twitter:label2\" content=\"Dur\u00e9e de lecture estim\u00e9e\" \/>\n\t<meta name=\"twitter:data2\" content=\"2 minutes\" \/>\n<script type=\"application\/ld+json\" class=\"yoast-schema-graph\">{\"@context\":\"https:\/\/schema.org\",\"@graph\":[{\"@type\":\"Article\",\"@id\":\"https:\/\/www.africa-press.net\/togo\/politique\/togo-polemiques-autour-du-deces-dun-syndicaliste#article\",\"isPartOf\":{\"@id\":\"https:\/\/www.africa-press.net\/togo\/politique\/togo-polemiques-autour-du-deces-dun-syndicaliste\"},\"author\":{\"name\":\"cfeditorfr\",\"@id\":\"https:\/\/www.africa-press.net\/togo\/#\/schema\/person\/2b1cf3cd81a31e3cd26889ca66d677f1\"},\"headline\":\"Togo\u2013Pol\u00e9miques autour du d\u00e9c\u00e8s d\u2019un syndicaliste\",\"datePublished\":\"2022-10-24T20:49:37+00:00\",\"dateModified\":\"2022-10-24T20:56:48+00:00\",\"mainEntityOfPage\":{\"@id\":\"https:\/\/www.africa-press.net\/togo\/politique\/togo-polemiques-autour-du-deces-dun-syndicaliste\"},\"wordCount\":290,\"commentCount\":0,\"image\":{\"@id\":\"https:\/\/www.africa-press.net\/togo\/politique\/togo-polemiques-autour-du-deces-dun-syndicaliste#primaryimage\"},\"thumbnailUrl\":\"https:\/\/static.africa-press.net\/togo\/sites\/58\/2022\/10\/postQueueImg_3-6356fbfb98236.jpg\",\"keywords\":[\"Africa Press\",\"Africa Press-Togo\",\"Togo\"],\"articleSection\":[\"Politique\",\"Toutes les actualit\u00e9s\"],\"inLanguage\":\"fr-FR\",\"potentialAction\":[{\"@type\":\"CommentAction\",\"name\":\"Comment\",\"target\":[\"https:\/\/www.africa-press.net\/togo\/politique\/togo-polemiques-autour-du-deces-dun-syndicaliste#respond\"]}]},{\"@type\":\"WebPage\",\"@id\":\"https:\/\/www.africa-press.net\/togo\/politique\/togo-polemiques-autour-du-deces-dun-syndicaliste\",\"url\":\"https:\/\/www.africa-press.net\/togo\/politique\/togo-polemiques-autour-du-deces-dun-syndicaliste\",\"name\":\"Togo\u2013Pol\u00e9miques autour du d\u00e9c\u00e8s d\u2019un syndicaliste - Togo\",\"isPartOf\":{\"@id\":\"https:\/\/www.africa-press.net\/togo\/#website\"},\"primaryImageOfPage\":{\"@id\":\"https:\/\/www.africa-press.net\/togo\/politique\/togo-polemiques-autour-du-deces-dun-syndicaliste#primaryimage\"},\"image\":{\"@id\":\"https:\/\/www.africa-press.net\/togo\/politique\/togo-polemiques-autour-du-deces-dun-syndicaliste#primaryimage\"},\"thumbnailUrl\":\"https:\/\/static.africa-press.net\/togo\/sites\/58\/2022\/10\/postQueueImg_3-6356fbfb98236.jpg\",\"datePublished\":\"2022-10-24T20:49:37+00:00\",\"dateModified\":\"2022-10-24T20:56:48+00:00\",\"author\":{\"@id\":\"https:\/\/www.africa-press.net\/togo\/#\/schema\/person\/2b1cf3cd81a31e3cd26889ca66d677f1\"},\"description\":\"Qu\u2019est-ce qui s\u2019est exactement passe\u0301 avant que M. Gnonkpa, un ancien Secre\u0301taire ge\u0301ne\u0301ral du Syndicat des enseignan ...\",\"breadcrumb\":{\"@id\":\"https:\/\/www.africa-press.net\/togo\/politique\/togo-polemiques-autour-du-deces-dun-syndicaliste#breadcrumb\"},\"inLanguage\":\"fr-FR\",\"potentialAction\":[{\"@type\":\"ReadAction\",\"target\":[\"https:\/\/www.africa-press.net\/togo\/politique\/togo-polemiques-autour-du-deces-dun-syndicaliste\"]}]},{\"@type\":\"ImageObject\",\"inLanguage\":\"fr-FR\",\"@id\":\"https:\/\/www.africa-press.net\/togo\/politique\/togo-polemiques-autour-du-deces-dun-syndicaliste#primaryimage\",\"url\":\"https:\/\/static.africa-press.net\/togo\/sites\/58\/2022\/10\/postQueueImg_3-6356fbfb98236.jpg\",\"contentUrl\":\"https:\/\/static.africa-press.net\/togo\/sites\/58\/2022\/10\/postQueueImg_3-6356fbfb98236.jpg\",\"width\":1280,\"height\":800,\"caption\":\"Togo\u2013Pol\u00e9miques autour du d\u00e9c\u00e8s d\u2019un syndicaliste\"},{\"@type\":\"BreadcrumbList\",\"@id\":\"https:\/\/www.africa-press.net\/togo\/politique\/togo-polemiques-autour-du-deces-dun-syndicaliste#breadcrumb\",\"itemListElement\":[{\"@type\":\"ListItem\",\"position\":1,\"name\":\"Accueil\",\"item\":\"https:\/\/www.africa-press.net\/togo\/\"},{\"@type\":\"ListItem\",\"position\":2,\"name\":\"Togo\u2013Pol\u00e9miques autour du d\u00e9c\u00e8s d\u2019un syndicaliste\"}]},{\"@type\":\"WebSite\",\"@id\":\"https:\/\/www.africa-press.net\/togo\/#website\",\"url\":\"https:\/\/www.africa-press.net\/togo\/\",\"name\":\"Togo\",\"description\":\"Just another Africa News Agency Sites site\",\"potentialAction\":[{\"@type\":\"SearchAction\",\"target\":{\"@type\":\"EntryPoint\",\"urlTemplate\":\"https:\/\/www.africa-press.net\/togo\/?s={search_term_string}\"},\"query-input\":{\"@type\":\"PropertyValueSpecification\",\"valueRequired\":true,\"valueName\":\"search_term_string\"}}],\"inLanguage\":\"fr-FR\"},{\"@type\":\"Person\",\"@id\":\"https:\/\/www.africa-press.net\/togo\/#\/schema\/person\/2b1cf3cd81a31e3cd26889ca66d677f1\",\"name\":\"cfeditorfr\"}]}<\/script>\n<!-- \/ Yoast SEO Premium plugin. -->","yoast_head_json":{"title":"Togo\u2013Pol\u00e9miques autour du d\u00e9c\u00e8s d\u2019un syndicaliste - Togo","description":"Qu\u2019est-ce qui s\u2019est exactement passe\u0301 avant que M. Gnonkpa, un ancien Secre\u0301taire ge\u0301ne\u0301ral du Syndicat des enseignan ...","robots":{"index":"index","follow":"follow","max-snippet":"max-snippet:-1","max-image-preview":"max-image-preview:large","max-video-preview":"max-video-preview:-1"},"canonical":"https:\/\/www.africa-press.net\/togo\/politique\/togo-polemiques-autour-du-deces-dun-syndicaliste","og_locale":"fr_FR","og_type":"article","og_title":"Togo\u2013Pol\u00e9miques autour du d\u00e9c\u00e8s d\u2019un syndicaliste","og_description":"Qu\u2019est-ce qui s\u2019est exactement passe\u0301 avant que M. Gnonkpa, un ancien Secre\u0301taire ge\u0301ne\u0301ral du Syndicat des enseignan ...","og_url":"https:\/\/www.africa-press.net\/togo\/politique\/togo-polemiques-autour-du-deces-dun-syndicaliste","og_site_name":"Togo","article_published_time":"2022-10-24T20:49:37+00:00","article_modified_time":"2022-10-24T20:56:48+00:00","og_image":[{"width":1280,"height":800,"url":"https:\/\/static.africa-press.net\/togo\/sites\/58\/2022\/10\/postQueueImg_3-6356fbfb98236.jpg","type":"image\/jpeg"}],"author":"cfeditorfr","twitter_card":"summary_large_image","twitter_misc":{"\u00c9crit par":"cfeditorfr","Dur\u00e9e de lecture estim\u00e9e":"2 minutes"},"schema":{"@context":"https:\/\/schema.org","@graph":[{"@type":"Article","@id":"https:\/\/www.africa-press.net\/togo\/politique\/togo-polemiques-autour-du-deces-dun-syndicaliste#article","isPartOf":{"@id":"https:\/\/www.africa-press.net\/togo\/politique\/togo-polemiques-autour-du-deces-dun-syndicaliste"},"author":{"name":"cfeditorfr","@id":"https:\/\/www.africa-press.net\/togo\/#\/schema\/person\/2b1cf3cd81a31e3cd26889ca66d677f1"},"headline":"Togo\u2013Pol\u00e9miques autour du d\u00e9c\u00e8s d\u2019un syndicaliste","datePublished":"2022-10-24T20:49:37+00:00","dateModified":"2022-10-24T20:56:48+00:00","mainEntityOfPage":{"@id":"https:\/\/www.africa-press.net\/togo\/politique\/togo-polemiques-autour-du-deces-dun-syndicaliste"},"wordCount":290,"commentCount":0,"image":{"@id":"https:\/\/www.africa-press.net\/togo\/politique\/togo-polemiques-autour-du-deces-dun-syndicaliste#primaryimage"},"thumbnailUrl":"https:\/\/static.africa-press.net\/togo\/sites\/58\/2022\/10\/postQueueImg_3-6356fbfb98236.jpg","keywords":["Africa Press","Africa Press-Togo","Togo"],"articleSection":["Politique","Toutes les actualit\u00e9s"],"inLanguage":"fr-FR","potentialAction":[{"@type":"CommentAction","name":"Comment","target":["https:\/\/www.africa-press.net\/togo\/politique\/togo-polemiques-autour-du-deces-dun-syndicaliste#respond"]}]},{"@type":"WebPage","@id":"https:\/\/www.africa-press.net\/togo\/politique\/togo-polemiques-autour-du-deces-dun-syndicaliste","url":"https:\/\/www.africa-press.net\/togo\/politique\/togo-polemiques-autour-du-deces-dun-syndicaliste","name":"Togo\u2013Pol\u00e9miques autour du d\u00e9c\u00e8s d\u2019un syndicaliste - Togo","isPartOf":{"@id":"https:\/\/www.africa-press.net\/togo\/#website"},"primaryImageOfPage":{"@id":"https:\/\/www.africa-press.net\/togo\/politique\/togo-polemiques-autour-du-deces-dun-syndicaliste#primaryimage"},"image":{"@id":"https:\/\/www.africa-press.net\/togo\/politique\/togo-polemiques-autour-du-deces-dun-syndicaliste#primaryimage"},"thumbnailUrl":"https:\/\/static.africa-press.net\/togo\/sites\/58\/2022\/10\/postQueueImg_3-6356fbfb98236.jpg","datePublished":"2022-10-24T20:49:37+00:00","dateModified":"2022-10-24T20:56:48+00:00","author":{"@id":"https:\/\/www.africa-press.net\/togo\/#\/schema\/person\/2b1cf3cd81a31e3cd26889ca66d677f1"},"description":"Qu\u2019est-ce qui s\u2019est exactement passe\u0301 avant que M. Gnonkpa, un ancien Secre\u0301taire ge\u0301ne\u0301ral du Syndicat des enseignan ...","breadcrumb":{"@id":"https:\/\/www.africa-press.net\/togo\/politique\/togo-polemiques-autour-du-deces-dun-syndicaliste#breadcrumb"},"inLanguage":"fr-FR","potentialAction":[{"@type":"ReadAction","target":["https:\/\/www.africa-press.net\/togo\/politique\/togo-polemiques-autour-du-deces-dun-syndicaliste"]}]},{"@type":"ImageObject","inLanguage":"fr-FR","@id":"https:\/\/www.africa-press.net\/togo\/politique\/togo-polemiques-autour-du-deces-dun-syndicaliste#primaryimage","url":"https:\/\/static.africa-press.net\/togo\/sites\/58\/2022\/10\/postQueueImg_3-6356fbfb98236.jpg","contentUrl":"https:\/\/static.africa-press.net\/togo\/sites\/58\/2022\/10\/postQueueImg_3-6356fbfb98236.jpg","width":1280,"height":800,"caption":"Togo\u2013Pol\u00e9miques autour du d\u00e9c\u00e8s d\u2019un syndicaliste"},{"@type":"BreadcrumbList","@id":"https:\/\/www.africa-press.net\/togo\/politique\/togo-polemiques-autour-du-deces-dun-syndicaliste#breadcrumb","itemListElement":[{"@type":"ListItem","position":1,"name":"Accueil","item":"https:\/\/www.africa-press.net\/togo\/"},{"@type":"ListItem","position":2,"name":"Togo\u2013Pol\u00e9miques autour du d\u00e9c\u00e8s d\u2019un syndicaliste"}]},{"@type":"WebSite","@id":"https:\/\/www.africa-press.net\/togo\/#website","url":"https:\/\/www.africa-press.net\/togo\/","name":"Togo","description":"Just another Africa News Agency Sites site","potentialAction":[{"@type":"SearchAction","target":{"@type":"EntryPoint","urlTemplate":"https:\/\/www.africa-press.net\/togo\/?s={search_term_string}"},"query-input":{"@type":"PropertyValueSpecification","valueRequired":true,"valueName":"search_term_string"}}],"inLanguage":"fr-FR"},{"@type":"Person","@id":"https:\/\/www.africa-press.net\/togo\/#\/schema\/person\/2b1cf3cd81a31e3cd26889ca66d677f1","name":"cfeditorfr"}]}},"_links":{"self":[{"href":"https:\/\/www.africa-press.net\/togo\/wp-json\/wp\/v2\/posts\/12838","targetHints":{"allow":["GET"]}}],"collection":[{"href":"https:\/\/www.africa-press.net\/togo\/wp-json\/wp\/v2\/posts"}],"about":[{"href":"https:\/\/www.africa-press.net\/togo\/wp-json\/wp\/v2\/types\/post"}],"author":[{"embeddable":true,"href":"https:\/\/www.africa-press.net\/togo\/wp-json\/wp\/v2\/users\/82"}],"replies":[{"embeddable":true,"href":"https:\/\/www.africa-press.net\/togo\/wp-json\/wp\/v2\/comments?post=12838"}],"version-history":[{"count":0,"href":"https:\/\/www.africa-press.net\/togo\/wp-json\/wp\/v2\/posts\/12838\/revisions"}],"wp:featuredmedia":[{"embeddable":true,"href":"https:\/\/www.africa-press.net\/togo\/wp-json\/wp\/v2\/media\/12837"}],"wp:attachment":[{"href":"https:\/\/www.africa-press.net\/togo\/wp-json\/wp\/v2\/media?parent=12838"}],"wp:term":[{"taxonomy":"category","embeddable":true,"href":"https:\/\/www.africa-press.net\/togo\/wp-json\/wp\/v2\/categories?post=12838"},{"taxonomy":"post_tag","embeddable":true,"href":"https:\/\/www.africa-press.net\/togo\/wp-json\/wp\/v2\/tags?post=12838"}],"curies":[{"name":"wp","href":"https:\/\/api.w.org\/{rel}","templated":true}]}}