{"id":12856,"date":"2022-10-24T20:51:09","date_gmt":"2022-10-24T20:51:09","guid":{"rendered":"https:\/\/www.africa-press.net\/togo\/politique\/togo-marche-des-createurs-les-choses-se-precisent"},"modified":"2022-10-24T21:09:27","modified_gmt":"2022-10-24T21:09:27","slug":"togo-marche-des-createurs-les-choses-se-precisent","status":"publish","type":"post","link":"https:\/\/www.africa-press.net\/togo\/toutes-les-actualites\/togo-marche-des-createurs-les-choses-se-precisent","title":{"rendered":"Togo- March\u00e9 des Cr\u00e9ateurs: Les choses se pr\u00e9cisent"},"content":{"rendered":"<p><span style=\"color: #ff6600\"><strong>Africa-Press &#8211; Togo. <\/strong><\/span><b>Ve\u0301ritable aubaine pour les cre\u0301ateurs togolais et africains (en ge\u0301ne\u0301ral), le Marche\u0301 des Cre\u0301ateurs aura lieu les 04 et 05 Novembre prochains a\u0300 Lome\u0301. Vendredi dernier, les organisateurs de cet e\u0301ve\u0300nement ont pre\u0301sente\u0301 a\u0300 la presse, le contour de cette manifestation foraine qui est a\u0300 sa premie\u0300re e\u0301dition dans la capitale togolaise.<\/b><\/p>\n<p>Place\u0301 sous le the\u0300me \u00ab De\u0301couvrir mieux nos cre\u0301ateurs afro \u00bb, le marche\u0301, comme son nom l\u2019indique, vise a\u0300 promouvoir le ge\u0301nie cre\u0301ateur des artistes africains, et togolais en particulier. Il s\u2019agit pour les organisateurs de faire sortir de l\u2019ombre les cre\u0301ateurs et de de\u0301voiler au grand public togolais leur savoir-faire.<\/p>\n<p>\u00ab Quand on parle du marche\u0301, on parle des affaires, et quand nous parlons des cre\u0301ateurs, nous parlons de ceux qui essaient de faire quelque chose, de cre\u0301er quelque chose. Donc ce marche\u0301 va regrouper tous les cre\u0301ateurs de divers domaines sur le site de Anani Santos les 04 et 05 novembre prochains. Le marche\u0301 n\u2019est pas seulement re\u0301serve\u0301 a\u0300 une seule cate\u0301gorie de cre\u0301ateurs. Vous verrez sur ce marche\u0301 des acteurs des secteurs textile, cuire, vannerie, sculpture, maroquinerie, art plastique, bijouterie, transformation agroalimentaire, menuiserie, poterie, mac\u0327onnerie, couture, sculpture, savonnerie, broderie&#8230; \u00bb, a indique\u0301 Ahyee Ayivi Jean-Pierre (alias Saint Addy), promoteur de l\u2019e\u0301ve\u0301nement.<\/p>\n<p>Plusieurs activite\u0301s seront au menu durant ces deux jours. En dehors des expositions et ventes des produits artisanaux, le Marche\u0301 des Cre\u0301ateurs sera meuble\u0301 par des panels, des ateliers de formation, des animations culturelles, de de\u0301file\u0301 de mode et surtout des rencontres B to B et B to C. Au cours de l\u2019e\u0301ve\u0301nement, des artistes feront e\u0301galement la de\u0301monstration de leur savoir-faire en live.<\/p>\n<p>\u00ab Durant les deux jours, nous allons faire de la performance live. Les cre\u0301ateurs vont de\u0301montrer en live devant le public ce qu\u2019ils font en coulisse dans leur atelier. Il y aura e\u0301galement des animations, de la musique, de la de\u0301gustation des produits. Nous allons aussi donner l\u2019opportunite\u0301 aux cre\u0301ateurs, de parler de leur cre\u0301ation, de leur projet \u00bb, a-t-il ajoute\u0301.<\/p>\n<p>Pour ce premier acte, pre\u0300s d\u2019une centaine d\u2019exposants venus du Togo, des USA, de la Belgique et des pays du continent seront de la partie. Les organisateurs attendent plus de 7000 visiteurs sur le site durant ces deux jours, surtout que l\u2019acce\u0300s au marche\u0301 est libre et gratuit. Avec une connexion Wifi gratuit sur le site, la possibilite\u0301 est donne\u0301e aux acheteurs de scanner les produits.<\/p>\n<p>Les inscriptions pour prendre part a\u0300 ce marche\u0301 se poursuivent jusqu\u2019a\u0300 fin octobre.<\/p>\n<p><strong>Pour plus d&rsquo;informations et d&rsquo;analyses sur la <a href=\"https:\/\/www.africa-press.net\/togo\">Togo<\/a>, suivez <a href=\"https:\/\/www.africa-press.net\/\">Africa-Press<\/a><\/strong><\/p>\n","protected":false},"excerpt":{"rendered":"<p>Africa-Press &#8211; Togo. Ve\u0301ritable aubaine pour les cre\u0301ateurs togolais et africains (en ge\u0301ne\u0301ral), le Marche\u0301 des Cre\u0301ateurs aura lieu les 04 et 05 Novembre prochains a\u0300 Lome\u0301. Vendredi dernier, les organisateurs de cet e\u0301ve\u0300nement ont pre\u0301sente\u0301 a\u0300 la presse, le contour de cette manifestation foraine qui est a\u0300 sa premie\u0300re e\u0301dition dans la capitale togolaise. [&hellip;]<\/p>\n","protected":false},"author":82,"featured_media":12855,"comment_status":"open","ping_status":"closed","sticky":false,"template":"","format":"standard","meta":{"footnotes":""},"categories":[21,10],"tags":[36,49,50],"class_list":["post-12856","post","type-post","status-publish","format-standard","has-post-thumbnail","hentry","category-communaute","category-toutes-les-actualites","tag-africa-press","tag-africa-press-togo","tag-togo"],"yoast_head":"<!-- This site is optimized with the Yoast SEO Premium plugin v26.1 (Yoast SEO v27.0) - https:\/\/yoast.com\/product\/yoast-seo-premium-wordpress\/ -->\n<title>Togo- March\u00e9 des Cr\u00e9ateurs: Les choses se pr\u00e9cisent - Togo<\/title>\n<meta name=\"description\" content=\"Ve\u0301ritable aubaine pour les cre\u0301ateurs togolais et africains (en ge\u0301ne\u0301ral), le Marche\u0301 des Cre\u0301ateurs aura lieu les ...\" \/>\n<meta name=\"robots\" content=\"index, follow, max-snippet:-1, max-image-preview:large, max-video-preview:-1\" \/>\n<link rel=\"canonical\" href=\"https:\/\/www.africa-press.net\/togo\/toutes-les-actualites\/togo-marche-des-createurs-les-choses-se-precisent\" \/>\n<meta property=\"og:locale\" content=\"fr_FR\" \/>\n<meta property=\"og:type\" content=\"article\" \/>\n<meta property=\"og:title\" content=\"Togo- March\u00e9 des Cr\u00e9ateurs: Les choses se pr\u00e9cisent\" \/>\n<meta property=\"og:description\" content=\"Ve\u0301ritable aubaine pour les cre\u0301ateurs togolais et africains (en ge\u0301ne\u0301ral), le Marche\u0301 des Cre\u0301ateurs aura lieu les ...\" \/>\n<meta property=\"og:url\" content=\"https:\/\/www.africa-press.net\/togo\/toutes-les-actualites\/togo-marche-des-createurs-les-choses-se-precisent\" \/>\n<meta property=\"og:site_name\" content=\"Togo\" \/>\n<meta property=\"article:published_time\" content=\"2022-10-24T20:51:09+00:00\" \/>\n<meta property=\"article:modified_time\" content=\"2022-10-24T21:09:27+00:00\" \/>\n<meta property=\"og:image\" content=\"https:\/\/static.africa-press.net\/togo\/sites\/58\/2022\/10\/postQueueImg_9-6356feeb143e6.jpg\" \/>\n\t<meta property=\"og:image:width\" content=\"1280\" \/>\n\t<meta property=\"og:image:height\" content=\"808\" \/>\n\t<meta property=\"og:image:type\" content=\"image\/jpeg\" \/>\n<meta name=\"author\" content=\"cfeditorfr\" \/>\n<meta name=\"twitter:card\" content=\"summary_large_image\" \/>\n<meta name=\"twitter:label1\" content=\"\u00c9crit par\" \/>\n\t<meta name=\"twitter:data1\" content=\"cfeditorfr\" \/>\n\t<meta name=\"twitter:label2\" content=\"Dur\u00e9e de lecture estim\u00e9e\" \/>\n\t<meta name=\"twitter:data2\" content=\"3 minutes\" \/>\n<script type=\"application\/ld+json\" class=\"yoast-schema-graph\">{\"@context\":\"https:\/\/schema.org\",\"@graph\":[{\"@type\":\"Article\",\"@id\":\"https:\/\/www.africa-press.net\/togo\/toutes-les-actualites\/togo-marche-des-createurs-les-choses-se-precisent#article\",\"isPartOf\":{\"@id\":\"https:\/\/www.africa-press.net\/togo\/toutes-les-actualites\/togo-marche-des-createurs-les-choses-se-precisent\"},\"author\":{\"name\":\"cfeditorfr\",\"@id\":\"https:\/\/www.africa-press.net\/togo\/#\/schema\/person\/2b1cf3cd81a31e3cd26889ca66d677f1\"},\"headline\":\"Togo- March\u00e9 des Cr\u00e9ateurs: Les choses se pr\u00e9cisent\",\"datePublished\":\"2022-10-24T20:51:09+00:00\",\"dateModified\":\"2022-10-24T21:09:27+00:00\",\"mainEntityOfPage\":{\"@id\":\"https:\/\/www.africa-press.net\/togo\/toutes-les-actualites\/togo-marche-des-createurs-les-choses-se-precisent\"},\"wordCount\":478,\"commentCount\":0,\"image\":{\"@id\":\"https:\/\/www.africa-press.net\/togo\/toutes-les-actualites\/togo-marche-des-createurs-les-choses-se-precisent#primaryimage\"},\"thumbnailUrl\":\"https:\/\/static.africa-press.net\/togo\/sites\/58\/2022\/10\/postQueueImg_9-6356feeb143e6.jpg\",\"keywords\":[\"Africa Press\",\"Africa Press-Togo\",\"Togo\"],\"articleSection\":[\"Communaut\u00e9\",\"Toutes les actualit\u00e9s\"],\"inLanguage\":\"fr-FR\",\"potentialAction\":[{\"@type\":\"CommentAction\",\"name\":\"Comment\",\"target\":[\"https:\/\/www.africa-press.net\/togo\/toutes-les-actualites\/togo-marche-des-createurs-les-choses-se-precisent#respond\"]}]},{\"@type\":\"WebPage\",\"@id\":\"https:\/\/www.africa-press.net\/togo\/toutes-les-actualites\/togo-marche-des-createurs-les-choses-se-precisent\",\"url\":\"https:\/\/www.africa-press.net\/togo\/toutes-les-actualites\/togo-marche-des-createurs-les-choses-se-precisent\",\"name\":\"Togo- March\u00e9 des Cr\u00e9ateurs: Les choses se pr\u00e9cisent - Togo\",\"isPartOf\":{\"@id\":\"https:\/\/www.africa-press.net\/togo\/#website\"},\"primaryImageOfPage\":{\"@id\":\"https:\/\/www.africa-press.net\/togo\/toutes-les-actualites\/togo-marche-des-createurs-les-choses-se-precisent#primaryimage\"},\"image\":{\"@id\":\"https:\/\/www.africa-press.net\/togo\/toutes-les-actualites\/togo-marche-des-createurs-les-choses-se-precisent#primaryimage\"},\"thumbnailUrl\":\"https:\/\/static.africa-press.net\/togo\/sites\/58\/2022\/10\/postQueueImg_9-6356feeb143e6.jpg\",\"datePublished\":\"2022-10-24T20:51:09+00:00\",\"dateModified\":\"2022-10-24T21:09:27+00:00\",\"author\":{\"@id\":\"https:\/\/www.africa-press.net\/togo\/#\/schema\/person\/2b1cf3cd81a31e3cd26889ca66d677f1\"},\"description\":\"Ve\u0301ritable aubaine pour les cre\u0301ateurs togolais et africains (en ge\u0301ne\u0301ral), le Marche\u0301 des Cre\u0301ateurs aura lieu les ...\",\"breadcrumb\":{\"@id\":\"https:\/\/www.africa-press.net\/togo\/toutes-les-actualites\/togo-marche-des-createurs-les-choses-se-precisent#breadcrumb\"},\"inLanguage\":\"fr-FR\",\"potentialAction\":[{\"@type\":\"ReadAction\",\"target\":[\"https:\/\/www.africa-press.net\/togo\/toutes-les-actualites\/togo-marche-des-createurs-les-choses-se-precisent\"]}]},{\"@type\":\"ImageObject\",\"inLanguage\":\"fr-FR\",\"@id\":\"https:\/\/www.africa-press.net\/togo\/toutes-les-actualites\/togo-marche-des-createurs-les-choses-se-precisent#primaryimage\",\"url\":\"https:\/\/static.africa-press.net\/togo\/sites\/58\/2022\/10\/postQueueImg_9-6356feeb143e6.jpg\",\"contentUrl\":\"https:\/\/static.africa-press.net\/togo\/sites\/58\/2022\/10\/postQueueImg_9-6356feeb143e6.jpg\",\"width\":1280,\"height\":808,\"caption\":\"Togo- March\u00e9 des Cr\u00e9ateurs: Les choses se pr\u00e9cisent\"},{\"@type\":\"BreadcrumbList\",\"@id\":\"https:\/\/www.africa-press.net\/togo\/toutes-les-actualites\/togo-marche-des-createurs-les-choses-se-precisent#breadcrumb\",\"itemListElement\":[{\"@type\":\"ListItem\",\"position\":1,\"name\":\"Accueil\",\"item\":\"https:\/\/www.africa-press.net\/togo\/\"},{\"@type\":\"ListItem\",\"position\":2,\"name\":\"Togo- March\u00e9 des Cr\u00e9ateurs: Les choses se pr\u00e9cisent\"}]},{\"@type\":\"WebSite\",\"@id\":\"https:\/\/www.africa-press.net\/togo\/#website\",\"url\":\"https:\/\/www.africa-press.net\/togo\/\",\"name\":\"Togo\",\"description\":\"Just another Africa News Agency Sites site\",\"potentialAction\":[{\"@type\":\"SearchAction\",\"target\":{\"@type\":\"EntryPoint\",\"urlTemplate\":\"https:\/\/www.africa-press.net\/togo\/?s={search_term_string}\"},\"query-input\":{\"@type\":\"PropertyValueSpecification\",\"valueRequired\":true,\"valueName\":\"search_term_string\"}}],\"inLanguage\":\"fr-FR\"},{\"@type\":\"Person\",\"@id\":\"https:\/\/www.africa-press.net\/togo\/#\/schema\/person\/2b1cf3cd81a31e3cd26889ca66d677f1\",\"name\":\"cfeditorfr\"}]}<\/script>\n<!-- \/ Yoast SEO Premium plugin. -->","yoast_head_json":{"title":"Togo- March\u00e9 des Cr\u00e9ateurs: Les choses se pr\u00e9cisent - Togo","description":"Ve\u0301ritable aubaine pour les cre\u0301ateurs togolais et africains (en ge\u0301ne\u0301ral), le Marche\u0301 des Cre\u0301ateurs aura lieu les ...","robots":{"index":"index","follow":"follow","max-snippet":"max-snippet:-1","max-image-preview":"max-image-preview:large","max-video-preview":"max-video-preview:-1"},"canonical":"https:\/\/www.africa-press.net\/togo\/toutes-les-actualites\/togo-marche-des-createurs-les-choses-se-precisent","og_locale":"fr_FR","og_type":"article","og_title":"Togo- March\u00e9 des Cr\u00e9ateurs: Les choses se pr\u00e9cisent","og_description":"Ve\u0301ritable aubaine pour les cre\u0301ateurs togolais et africains (en ge\u0301ne\u0301ral), le Marche\u0301 des Cre\u0301ateurs aura lieu les ...","og_url":"https:\/\/www.africa-press.net\/togo\/toutes-les-actualites\/togo-marche-des-createurs-les-choses-se-precisent","og_site_name":"Togo","article_published_time":"2022-10-24T20:51:09+00:00","article_modified_time":"2022-10-24T21:09:27+00:00","og_image":[{"width":1280,"height":808,"url":"https:\/\/static.africa-press.net\/togo\/sites\/58\/2022\/10\/postQueueImg_9-6356feeb143e6.jpg","type":"image\/jpeg"}],"author":"cfeditorfr","twitter_card":"summary_large_image","twitter_misc":{"\u00c9crit par":"cfeditorfr","Dur\u00e9e de lecture estim\u00e9e":"3 minutes"},"schema":{"@context":"https:\/\/schema.org","@graph":[{"@type":"Article","@id":"https:\/\/www.africa-press.net\/togo\/toutes-les-actualites\/togo-marche-des-createurs-les-choses-se-precisent#article","isPartOf":{"@id":"https:\/\/www.africa-press.net\/togo\/toutes-les-actualites\/togo-marche-des-createurs-les-choses-se-precisent"},"author":{"name":"cfeditorfr","@id":"https:\/\/www.africa-press.net\/togo\/#\/schema\/person\/2b1cf3cd81a31e3cd26889ca66d677f1"},"headline":"Togo- March\u00e9 des Cr\u00e9ateurs: Les choses se pr\u00e9cisent","datePublished":"2022-10-24T20:51:09+00:00","dateModified":"2022-10-24T21:09:27+00:00","mainEntityOfPage":{"@id":"https:\/\/www.africa-press.net\/togo\/toutes-les-actualites\/togo-marche-des-createurs-les-choses-se-precisent"},"wordCount":478,"commentCount":0,"image":{"@id":"https:\/\/www.africa-press.net\/togo\/toutes-les-actualites\/togo-marche-des-createurs-les-choses-se-precisent#primaryimage"},"thumbnailUrl":"https:\/\/static.africa-press.net\/togo\/sites\/58\/2022\/10\/postQueueImg_9-6356feeb143e6.jpg","keywords":["Africa Press","Africa Press-Togo","Togo"],"articleSection":["Communaut\u00e9","Toutes les actualit\u00e9s"],"inLanguage":"fr-FR","potentialAction":[{"@type":"CommentAction","name":"Comment","target":["https:\/\/www.africa-press.net\/togo\/toutes-les-actualites\/togo-marche-des-createurs-les-choses-se-precisent#respond"]}]},{"@type":"WebPage","@id":"https:\/\/www.africa-press.net\/togo\/toutes-les-actualites\/togo-marche-des-createurs-les-choses-se-precisent","url":"https:\/\/www.africa-press.net\/togo\/toutes-les-actualites\/togo-marche-des-createurs-les-choses-se-precisent","name":"Togo- March\u00e9 des Cr\u00e9ateurs: Les choses se pr\u00e9cisent - Togo","isPartOf":{"@id":"https:\/\/www.africa-press.net\/togo\/#website"},"primaryImageOfPage":{"@id":"https:\/\/www.africa-press.net\/togo\/toutes-les-actualites\/togo-marche-des-createurs-les-choses-se-precisent#primaryimage"},"image":{"@id":"https:\/\/www.africa-press.net\/togo\/toutes-les-actualites\/togo-marche-des-createurs-les-choses-se-precisent#primaryimage"},"thumbnailUrl":"https:\/\/static.africa-press.net\/togo\/sites\/58\/2022\/10\/postQueueImg_9-6356feeb143e6.jpg","datePublished":"2022-10-24T20:51:09+00:00","dateModified":"2022-10-24T21:09:27+00:00","author":{"@id":"https:\/\/www.africa-press.net\/togo\/#\/schema\/person\/2b1cf3cd81a31e3cd26889ca66d677f1"},"description":"Ve\u0301ritable aubaine pour les cre\u0301ateurs togolais et africains (en ge\u0301ne\u0301ral), le Marche\u0301 des Cre\u0301ateurs aura lieu les ...","breadcrumb":{"@id":"https:\/\/www.africa-press.net\/togo\/toutes-les-actualites\/togo-marche-des-createurs-les-choses-se-precisent#breadcrumb"},"inLanguage":"fr-FR","potentialAction":[{"@type":"ReadAction","target":["https:\/\/www.africa-press.net\/togo\/toutes-les-actualites\/togo-marche-des-createurs-les-choses-se-precisent"]}]},{"@type":"ImageObject","inLanguage":"fr-FR","@id":"https:\/\/www.africa-press.net\/togo\/toutes-les-actualites\/togo-marche-des-createurs-les-choses-se-precisent#primaryimage","url":"https:\/\/static.africa-press.net\/togo\/sites\/58\/2022\/10\/postQueueImg_9-6356feeb143e6.jpg","contentUrl":"https:\/\/static.africa-press.net\/togo\/sites\/58\/2022\/10\/postQueueImg_9-6356feeb143e6.jpg","width":1280,"height":808,"caption":"Togo- March\u00e9 des Cr\u00e9ateurs: Les choses se pr\u00e9cisent"},{"@type":"BreadcrumbList","@id":"https:\/\/www.africa-press.net\/togo\/toutes-les-actualites\/togo-marche-des-createurs-les-choses-se-precisent#breadcrumb","itemListElement":[{"@type":"ListItem","position":1,"name":"Accueil","item":"https:\/\/www.africa-press.net\/togo\/"},{"@type":"ListItem","position":2,"name":"Togo- March\u00e9 des Cr\u00e9ateurs: Les choses se pr\u00e9cisent"}]},{"@type":"WebSite","@id":"https:\/\/www.africa-press.net\/togo\/#website","url":"https:\/\/www.africa-press.net\/togo\/","name":"Togo","description":"Just another Africa News Agency Sites site","potentialAction":[{"@type":"SearchAction","target":{"@type":"EntryPoint","urlTemplate":"https:\/\/www.africa-press.net\/togo\/?s={search_term_string}"},"query-input":{"@type":"PropertyValueSpecification","valueRequired":true,"valueName":"search_term_string"}}],"inLanguage":"fr-FR"},{"@type":"Person","@id":"https:\/\/www.africa-press.net\/togo\/#\/schema\/person\/2b1cf3cd81a31e3cd26889ca66d677f1","name":"cfeditorfr"}]}},"_links":{"self":[{"href":"https:\/\/www.africa-press.net\/togo\/wp-json\/wp\/v2\/posts\/12856","targetHints":{"allow":["GET"]}}],"collection":[{"href":"https:\/\/www.africa-press.net\/togo\/wp-json\/wp\/v2\/posts"}],"about":[{"href":"https:\/\/www.africa-press.net\/togo\/wp-json\/wp\/v2\/types\/post"}],"author":[{"embeddable":true,"href":"https:\/\/www.africa-press.net\/togo\/wp-json\/wp\/v2\/users\/82"}],"replies":[{"embeddable":true,"href":"https:\/\/www.africa-press.net\/togo\/wp-json\/wp\/v2\/comments?post=12856"}],"version-history":[{"count":0,"href":"https:\/\/www.africa-press.net\/togo\/wp-json\/wp\/v2\/posts\/12856\/revisions"}],"wp:featuredmedia":[{"embeddable":true,"href":"https:\/\/www.africa-press.net\/togo\/wp-json\/wp\/v2\/media\/12855"}],"wp:attachment":[{"href":"https:\/\/www.africa-press.net\/togo\/wp-json\/wp\/v2\/media?parent=12856"}],"wp:term":[{"taxonomy":"category","embeddable":true,"href":"https:\/\/www.africa-press.net\/togo\/wp-json\/wp\/v2\/categories?post=12856"},{"taxonomy":"post_tag","embeddable":true,"href":"https:\/\/www.africa-press.net\/togo\/wp-json\/wp\/v2\/tags?post=12856"}],"curies":[{"name":"wp","href":"https:\/\/api.w.org\/{rel}","templated":true}]}}