{"id":12862,"date":"2022-10-24T20:51:30","date_gmt":"2022-10-24T20:51:30","guid":{"rendered":"https:\/\/www.africa-press.net\/togo\/politique\/togo-coups-de-feu-a-dekon"},"modified":"2022-10-24T21:10:30","modified_gmt":"2022-10-24T21:10:30","slug":"togo-coups-de-feu-a-dekon","status":"publish","type":"post","link":"https:\/\/www.africa-press.net\/togo\/toutes-les-actualites\/togo-coups-de-feu-a-dekon","title":{"rendered":"Togo \u2013 Coups de feu \u00e0 d\u00e9kon"},"content":{"rendered":"<p><span style=\"color: #ff6600\"><strong>Africa-Press &#8211; Togo. <\/strong><\/span>L\u2019atmosphe\u0300re e\u0301tait tre\u0300s tendue en fin de matine\u0301e ce lundi 24 Octobre dans le quartier commercial de De\u0301kon ou\u0300 des tirs ont e\u0301te\u0301 entendus, notamment aux abords du marche\u0301 d\u2019amoutive\u0301.<\/p>\n<p>La zone du rond-point de\u0301kon aux feux tricolores du marche\u0301 d\u2019amoutive\u0301 a e\u0301te\u0301 boucle\u0301e par les forces de se\u0301curite\u0301 vers 12h00 ce lundi apre\u0300s que des tirs aient e\u0301te\u0301 entendus pre\u0300s dudit marche\u0301. Selon les informations recueillies, il s\u2019agit d\u2019un braquage qui aurait mal tourne\u0301. Les 04 malfrats a\u0300 moto ont donc tire\u0301 des coups de feu pour cre\u0301er la panique et s\u2019enfuir. Ainsi des balles auraient atteint mortellement un enfant et blesse\u0301 une commerc\u0327ante.<\/p>\n<p>Certainement les autorite\u0301s en charge de la se\u0301curite\u0301 et de la protection civile situeront tre\u0300s prochainement l\u2019opinion sur ces faits malheureux.<\/p>\n<p><strong>Pour plus d&rsquo;informations et d&rsquo;analyses sur la <a href=\"https:\/\/www.africa-press.net\/togo\">Togo<\/a>, suivez <a href=\"https:\/\/www.africa-press.net\/\">Africa-Press<\/a><\/strong><\/p>\n","protected":false},"excerpt":{"rendered":"<p>Africa-Press &#8211; Togo. L\u2019atmosphe\u0300re e\u0301tait tre\u0300s tendue en fin de matine\u0301e ce lundi 24 Octobre dans le quartier commercial de De\u0301kon ou\u0300 des tirs ont e\u0301te\u0301 entendus, notamment aux abords du marche\u0301 d\u2019amoutive\u0301. La zone du rond-point de\u0301kon aux feux tricolores du marche\u0301 d\u2019amoutive\u0301 a e\u0301te\u0301 boucle\u0301e par les forces de se\u0301curite\u0301 vers 12h00 ce [&hellip;]<\/p>\n","protected":false},"author":82,"featured_media":12861,"comment_status":"open","ping_status":"closed","sticky":false,"template":"","format":"standard","meta":{"footnotes":""},"categories":[21,10],"tags":[36,49,50],"class_list":["post-12862","post","type-post","status-publish","format-standard","has-post-thumbnail","hentry","category-communaute","category-toutes-les-actualites","tag-africa-press","tag-africa-press-togo","tag-togo"],"yoast_head":"<!-- This site is optimized with the Yoast SEO Premium plugin v26.1 (Yoast SEO v27.0) - https:\/\/yoast.com\/product\/yoast-seo-premium-wordpress\/ -->\n<title>Togo \u2013 Coups de feu \u00e0 d\u00e9kon - Togo<\/title>\n<meta name=\"description\" content=\"L\u2019atmosphe\u0300re e\u0301tait tre\u0300s tendue en fin de matine\u0301e ce lundi 24 Octobre dans le quartier commercial de De\u0301kon ou\u0300 des t ...\" \/>\n<meta name=\"robots\" content=\"index, follow, max-snippet:-1, max-image-preview:large, max-video-preview:-1\" \/>\n<link rel=\"canonical\" href=\"https:\/\/www.africa-press.net\/togo\/toutes-les-actualites\/togo-coups-de-feu-a-dekon\" \/>\n<meta property=\"og:locale\" content=\"fr_FR\" \/>\n<meta property=\"og:type\" content=\"article\" \/>\n<meta property=\"og:title\" content=\"Togo \u2013 Coups de feu \u00e0 d\u00e9kon\" \/>\n<meta property=\"og:description\" content=\"L\u2019atmosphe\u0300re e\u0301tait tre\u0300s tendue en fin de matine\u0301e ce lundi 24 Octobre dans le quartier commercial de De\u0301kon ou\u0300 des t ...\" \/>\n<meta property=\"og:url\" content=\"https:\/\/www.africa-press.net\/togo\/toutes-les-actualites\/togo-coups-de-feu-a-dekon\" \/>\n<meta property=\"og:site_name\" content=\"Togo\" \/>\n<meta property=\"article:published_time\" content=\"2022-10-24T20:51:30+00:00\" \/>\n<meta property=\"article:modified_time\" content=\"2022-10-24T21:10:30+00:00\" \/>\n<meta property=\"og:image\" content=\"https:\/\/static.africa-press.net\/togo\/sites\/58\/2022\/10\/postQueueImg_11-6356ff2b978a0.jpg\" \/>\n\t<meta property=\"og:image:width\" content=\"1200\" \/>\n\t<meta property=\"og:image:height\" content=\"800\" \/>\n\t<meta property=\"og:image:type\" content=\"image\/jpeg\" \/>\n<meta name=\"author\" content=\"cfeditorfr\" \/>\n<meta name=\"twitter:card\" content=\"summary_large_image\" \/>\n<meta name=\"twitter:label1\" content=\"\u00c9crit par\" \/>\n\t<meta name=\"twitter:data1\" content=\"cfeditorfr\" \/>\n\t<meta name=\"twitter:label2\" content=\"Dur\u00e9e de lecture estim\u00e9e\" \/>\n\t<meta name=\"twitter:data2\" content=\"1 minute\" \/>\n<script type=\"application\/ld+json\" class=\"yoast-schema-graph\">{\"@context\":\"https:\/\/schema.org\",\"@graph\":[{\"@type\":\"Article\",\"@id\":\"https:\/\/www.africa-press.net\/togo\/toutes-les-actualites\/togo-coups-de-feu-a-dekon#article\",\"isPartOf\":{\"@id\":\"https:\/\/www.africa-press.net\/togo\/toutes-les-actualites\/togo-coups-de-feu-a-dekon\"},\"author\":{\"name\":\"cfeditorfr\",\"@id\":\"https:\/\/www.africa-press.net\/togo\/#\/schema\/person\/2b1cf3cd81a31e3cd26889ca66d677f1\"},\"headline\":\"Togo \u2013 Coups de feu \u00e0 d\u00e9kon\",\"datePublished\":\"2022-10-24T20:51:30+00:00\",\"dateModified\":\"2022-10-24T21:10:30+00:00\",\"mainEntityOfPage\":{\"@id\":\"https:\/\/www.africa-press.net\/togo\/toutes-les-actualites\/togo-coups-de-feu-a-dekon\"},\"wordCount\":170,\"commentCount\":0,\"image\":{\"@id\":\"https:\/\/www.africa-press.net\/togo\/toutes-les-actualites\/togo-coups-de-feu-a-dekon#primaryimage\"},\"thumbnailUrl\":\"https:\/\/static.africa-press.net\/togo\/sites\/58\/2022\/10\/postQueueImg_11-6356ff2b978a0.jpg\",\"keywords\":[\"Africa Press\",\"Africa Press-Togo\",\"Togo\"],\"articleSection\":[\"Communaut\u00e9\",\"Toutes les actualit\u00e9s\"],\"inLanguage\":\"fr-FR\",\"potentialAction\":[{\"@type\":\"CommentAction\",\"name\":\"Comment\",\"target\":[\"https:\/\/www.africa-press.net\/togo\/toutes-les-actualites\/togo-coups-de-feu-a-dekon#respond\"]}]},{\"@type\":\"WebPage\",\"@id\":\"https:\/\/www.africa-press.net\/togo\/toutes-les-actualites\/togo-coups-de-feu-a-dekon\",\"url\":\"https:\/\/www.africa-press.net\/togo\/toutes-les-actualites\/togo-coups-de-feu-a-dekon\",\"name\":\"Togo \u2013 Coups de feu \u00e0 d\u00e9kon - Togo\",\"isPartOf\":{\"@id\":\"https:\/\/www.africa-press.net\/togo\/#website\"},\"primaryImageOfPage\":{\"@id\":\"https:\/\/www.africa-press.net\/togo\/toutes-les-actualites\/togo-coups-de-feu-a-dekon#primaryimage\"},\"image\":{\"@id\":\"https:\/\/www.africa-press.net\/togo\/toutes-les-actualites\/togo-coups-de-feu-a-dekon#primaryimage\"},\"thumbnailUrl\":\"https:\/\/static.africa-press.net\/togo\/sites\/58\/2022\/10\/postQueueImg_11-6356ff2b978a0.jpg\",\"datePublished\":\"2022-10-24T20:51:30+00:00\",\"dateModified\":\"2022-10-24T21:10:30+00:00\",\"author\":{\"@id\":\"https:\/\/www.africa-press.net\/togo\/#\/schema\/person\/2b1cf3cd81a31e3cd26889ca66d677f1\"},\"description\":\"L\u2019atmosphe\u0300re e\u0301tait tre\u0300s tendue en fin de matine\u0301e ce lundi 24 Octobre dans le quartier commercial de De\u0301kon ou\u0300 des t ...\",\"breadcrumb\":{\"@id\":\"https:\/\/www.africa-press.net\/togo\/toutes-les-actualites\/togo-coups-de-feu-a-dekon#breadcrumb\"},\"inLanguage\":\"fr-FR\",\"potentialAction\":[{\"@type\":\"ReadAction\",\"target\":[\"https:\/\/www.africa-press.net\/togo\/toutes-les-actualites\/togo-coups-de-feu-a-dekon\"]}]},{\"@type\":\"ImageObject\",\"inLanguage\":\"fr-FR\",\"@id\":\"https:\/\/www.africa-press.net\/togo\/toutes-les-actualites\/togo-coups-de-feu-a-dekon#primaryimage\",\"url\":\"https:\/\/static.africa-press.net\/togo\/sites\/58\/2022\/10\/postQueueImg_11-6356ff2b978a0.jpg\",\"contentUrl\":\"https:\/\/static.africa-press.net\/togo\/sites\/58\/2022\/10\/postQueueImg_11-6356ff2b978a0.jpg\",\"width\":1200,\"height\":800,\"caption\":\"Togo \u2013 Coups de feu \u00e0 d\u00e9kon\"},{\"@type\":\"BreadcrumbList\",\"@id\":\"https:\/\/www.africa-press.net\/togo\/toutes-les-actualites\/togo-coups-de-feu-a-dekon#breadcrumb\",\"itemListElement\":[{\"@type\":\"ListItem\",\"position\":1,\"name\":\"Accueil\",\"item\":\"https:\/\/www.africa-press.net\/togo\/\"},{\"@type\":\"ListItem\",\"position\":2,\"name\":\"Togo \u2013 Coups de feu \u00e0 d\u00e9kon\"}]},{\"@type\":\"WebSite\",\"@id\":\"https:\/\/www.africa-press.net\/togo\/#website\",\"url\":\"https:\/\/www.africa-press.net\/togo\/\",\"name\":\"Togo\",\"description\":\"Just another Africa News Agency Sites site\",\"potentialAction\":[{\"@type\":\"SearchAction\",\"target\":{\"@type\":\"EntryPoint\",\"urlTemplate\":\"https:\/\/www.africa-press.net\/togo\/?s={search_term_string}\"},\"query-input\":{\"@type\":\"PropertyValueSpecification\",\"valueRequired\":true,\"valueName\":\"search_term_string\"}}],\"inLanguage\":\"fr-FR\"},{\"@type\":\"Person\",\"@id\":\"https:\/\/www.africa-press.net\/togo\/#\/schema\/person\/2b1cf3cd81a31e3cd26889ca66d677f1\",\"name\":\"cfeditorfr\"}]}<\/script>\n<!-- \/ Yoast SEO Premium plugin. -->","yoast_head_json":{"title":"Togo \u2013 Coups de feu \u00e0 d\u00e9kon - Togo","description":"L\u2019atmosphe\u0300re e\u0301tait tre\u0300s tendue en fin de matine\u0301e ce lundi 24 Octobre dans le quartier commercial de De\u0301kon ou\u0300 des t ...","robots":{"index":"index","follow":"follow","max-snippet":"max-snippet:-1","max-image-preview":"max-image-preview:large","max-video-preview":"max-video-preview:-1"},"canonical":"https:\/\/www.africa-press.net\/togo\/toutes-les-actualites\/togo-coups-de-feu-a-dekon","og_locale":"fr_FR","og_type":"article","og_title":"Togo \u2013 Coups de feu \u00e0 d\u00e9kon","og_description":"L\u2019atmosphe\u0300re e\u0301tait tre\u0300s tendue en fin de matine\u0301e ce lundi 24 Octobre dans le quartier commercial de De\u0301kon ou\u0300 des t ...","og_url":"https:\/\/www.africa-press.net\/togo\/toutes-les-actualites\/togo-coups-de-feu-a-dekon","og_site_name":"Togo","article_published_time":"2022-10-24T20:51:30+00:00","article_modified_time":"2022-10-24T21:10:30+00:00","og_image":[{"width":1200,"height":800,"url":"https:\/\/static.africa-press.net\/togo\/sites\/58\/2022\/10\/postQueueImg_11-6356ff2b978a0.jpg","type":"image\/jpeg"}],"author":"cfeditorfr","twitter_card":"summary_large_image","twitter_misc":{"\u00c9crit par":"cfeditorfr","Dur\u00e9e de lecture estim\u00e9e":"1 minute"},"schema":{"@context":"https:\/\/schema.org","@graph":[{"@type":"Article","@id":"https:\/\/www.africa-press.net\/togo\/toutes-les-actualites\/togo-coups-de-feu-a-dekon#article","isPartOf":{"@id":"https:\/\/www.africa-press.net\/togo\/toutes-les-actualites\/togo-coups-de-feu-a-dekon"},"author":{"name":"cfeditorfr","@id":"https:\/\/www.africa-press.net\/togo\/#\/schema\/person\/2b1cf3cd81a31e3cd26889ca66d677f1"},"headline":"Togo \u2013 Coups de feu \u00e0 d\u00e9kon","datePublished":"2022-10-24T20:51:30+00:00","dateModified":"2022-10-24T21:10:30+00:00","mainEntityOfPage":{"@id":"https:\/\/www.africa-press.net\/togo\/toutes-les-actualites\/togo-coups-de-feu-a-dekon"},"wordCount":170,"commentCount":0,"image":{"@id":"https:\/\/www.africa-press.net\/togo\/toutes-les-actualites\/togo-coups-de-feu-a-dekon#primaryimage"},"thumbnailUrl":"https:\/\/static.africa-press.net\/togo\/sites\/58\/2022\/10\/postQueueImg_11-6356ff2b978a0.jpg","keywords":["Africa Press","Africa Press-Togo","Togo"],"articleSection":["Communaut\u00e9","Toutes les actualit\u00e9s"],"inLanguage":"fr-FR","potentialAction":[{"@type":"CommentAction","name":"Comment","target":["https:\/\/www.africa-press.net\/togo\/toutes-les-actualites\/togo-coups-de-feu-a-dekon#respond"]}]},{"@type":"WebPage","@id":"https:\/\/www.africa-press.net\/togo\/toutes-les-actualites\/togo-coups-de-feu-a-dekon","url":"https:\/\/www.africa-press.net\/togo\/toutes-les-actualites\/togo-coups-de-feu-a-dekon","name":"Togo \u2013 Coups de feu \u00e0 d\u00e9kon - Togo","isPartOf":{"@id":"https:\/\/www.africa-press.net\/togo\/#website"},"primaryImageOfPage":{"@id":"https:\/\/www.africa-press.net\/togo\/toutes-les-actualites\/togo-coups-de-feu-a-dekon#primaryimage"},"image":{"@id":"https:\/\/www.africa-press.net\/togo\/toutes-les-actualites\/togo-coups-de-feu-a-dekon#primaryimage"},"thumbnailUrl":"https:\/\/static.africa-press.net\/togo\/sites\/58\/2022\/10\/postQueueImg_11-6356ff2b978a0.jpg","datePublished":"2022-10-24T20:51:30+00:00","dateModified":"2022-10-24T21:10:30+00:00","author":{"@id":"https:\/\/www.africa-press.net\/togo\/#\/schema\/person\/2b1cf3cd81a31e3cd26889ca66d677f1"},"description":"L\u2019atmosphe\u0300re e\u0301tait tre\u0300s tendue en fin de matine\u0301e ce lundi 24 Octobre dans le quartier commercial de De\u0301kon ou\u0300 des t ...","breadcrumb":{"@id":"https:\/\/www.africa-press.net\/togo\/toutes-les-actualites\/togo-coups-de-feu-a-dekon#breadcrumb"},"inLanguage":"fr-FR","potentialAction":[{"@type":"ReadAction","target":["https:\/\/www.africa-press.net\/togo\/toutes-les-actualites\/togo-coups-de-feu-a-dekon"]}]},{"@type":"ImageObject","inLanguage":"fr-FR","@id":"https:\/\/www.africa-press.net\/togo\/toutes-les-actualites\/togo-coups-de-feu-a-dekon#primaryimage","url":"https:\/\/static.africa-press.net\/togo\/sites\/58\/2022\/10\/postQueueImg_11-6356ff2b978a0.jpg","contentUrl":"https:\/\/static.africa-press.net\/togo\/sites\/58\/2022\/10\/postQueueImg_11-6356ff2b978a0.jpg","width":1200,"height":800,"caption":"Togo \u2013 Coups de feu \u00e0 d\u00e9kon"},{"@type":"BreadcrumbList","@id":"https:\/\/www.africa-press.net\/togo\/toutes-les-actualites\/togo-coups-de-feu-a-dekon#breadcrumb","itemListElement":[{"@type":"ListItem","position":1,"name":"Accueil","item":"https:\/\/www.africa-press.net\/togo\/"},{"@type":"ListItem","position":2,"name":"Togo \u2013 Coups de feu \u00e0 d\u00e9kon"}]},{"@type":"WebSite","@id":"https:\/\/www.africa-press.net\/togo\/#website","url":"https:\/\/www.africa-press.net\/togo\/","name":"Togo","description":"Just another Africa News Agency Sites site","potentialAction":[{"@type":"SearchAction","target":{"@type":"EntryPoint","urlTemplate":"https:\/\/www.africa-press.net\/togo\/?s={search_term_string}"},"query-input":{"@type":"PropertyValueSpecification","valueRequired":true,"valueName":"search_term_string"}}],"inLanguage":"fr-FR"},{"@type":"Person","@id":"https:\/\/www.africa-press.net\/togo\/#\/schema\/person\/2b1cf3cd81a31e3cd26889ca66d677f1","name":"cfeditorfr"}]}},"_links":{"self":[{"href":"https:\/\/www.africa-press.net\/togo\/wp-json\/wp\/v2\/posts\/12862","targetHints":{"allow":["GET"]}}],"collection":[{"href":"https:\/\/www.africa-press.net\/togo\/wp-json\/wp\/v2\/posts"}],"about":[{"href":"https:\/\/www.africa-press.net\/togo\/wp-json\/wp\/v2\/types\/post"}],"author":[{"embeddable":true,"href":"https:\/\/www.africa-press.net\/togo\/wp-json\/wp\/v2\/users\/82"}],"replies":[{"embeddable":true,"href":"https:\/\/www.africa-press.net\/togo\/wp-json\/wp\/v2\/comments?post=12862"}],"version-history":[{"count":0,"href":"https:\/\/www.africa-press.net\/togo\/wp-json\/wp\/v2\/posts\/12862\/revisions"}],"wp:featuredmedia":[{"embeddable":true,"href":"https:\/\/www.africa-press.net\/togo\/wp-json\/wp\/v2\/media\/12861"}],"wp:attachment":[{"href":"https:\/\/www.africa-press.net\/togo\/wp-json\/wp\/v2\/media?parent=12862"}],"wp:term":[{"taxonomy":"category","embeddable":true,"href":"https:\/\/www.africa-press.net\/togo\/wp-json\/wp\/v2\/categories?post=12862"},{"taxonomy":"post_tag","embeddable":true,"href":"https:\/\/www.africa-press.net\/togo\/wp-json\/wp\/v2\/tags?post=12862"}],"curies":[{"name":"wp","href":"https:\/\/api.w.org\/{rel}","templated":true}]}}