{"id":12874,"date":"2022-10-24T20:52:22","date_gmt":"2022-10-24T20:52:22","guid":{"rendered":"https:\/\/www.africa-press.net\/togo\/politique\/togo-recensement-general-de-la-population-lufc-invite-les-forces-vives-a-sensibiliser-les-citoyens"},"modified":"2022-10-24T21:12:44","modified_gmt":"2022-10-24T21:12:44","slug":"togo-recensement-general-de-la-population-lufc-invite-les-forces-vives-a-sensibiliser-les-citoyens","status":"publish","type":"post","link":"https:\/\/www.africa-press.net\/togo\/toutes-les-actualites\/togo-recensement-general-de-la-population-lufc-invite-les-forces-vives-a-sensibiliser-les-citoyens","title":{"rendered":"Togo-Recensement g\u00e9n\u00e9ral de la population : L\u2019UFC invite les forces vives \u00e0 sensibiliser les citoyens"},"content":{"rendered":"<p><span style=\"color: #ff6600\"><strong>Africa-Press &#8211; Togo. <\/strong><\/span><b>Dans le cadre du 5e\u0300me Recensement ge\u0301ne\u0301ral de la population, Gilchrist Olympio invite la population a\u0300 se mobiliser. C\u2019est a\u0300 travers un communique\u0301. Lecture ! <\/b><br \/>\n<b>COMMUNIQUE DU CFO<\/b><\/p>\n<p>(Relatif au 5 e\u0300me Recensement Ge\u0301ne\u0301ral de la Population)<\/p>\n<p>Du 23 octobre au 12 novembre 2022, le 5e\u0300 recensement ge\u0301ne\u0301ral de la population et de l\u2019habitat (RGPH-5) se fera sur l\u2019ensemble du territoire national.<\/p>\n<p>A cette occasion, le Chef de File de l\u2019Opposition (CFO) lance un appel a\u0300 toute la population togolaise a\u0300 participer massivement a\u0301 ce 5 e\u0300me Recensement Ge\u0301ne\u0301ral de la Population et de l\u2019habitat.<\/p>\n<p>Le recensement permet de savoir combien de personnes vivent dans le pays et d\u2019e\u0301tablir la population officielle de chaque commune. Il fournit e\u0301galement des informations sur les caracte\u0301ristiques de la population : a\u0302ge, profession, moyens de transport utilise\u0301s, conditions de logement et autres.<\/p>\n<p>Le Chef de File de l\u2019Opposition invite toutes les forces vives a\u0300 sensibiliser les citoyens pour la re\u0301ussite de ce processus et demande a\u0300 la population de re\u0301server un accueil favorable aux agents recenseurs et de donner des informations exactes pour des donne\u0301es fiables.<\/p>\n<p>Ensemble, mobilisons- nous pour le succe\u0300s du 5 e\u0300me Recensement Ge\u0301ne\u0301ral de la Population et de l\u2019habitat.<\/p>\n<p>Fait a\u0300 Lome\u0301, le 23 octobre 2022 Le Chef de File de l\u2019Opposition et *Pre\u0301sident National de l\u2019UFC<\/p>\n<p>Dr Gilchrist Sylvanus OLYMPIO Et P.O. Le Directeur de Cabinet<\/p>\n<p>Edward Teddy MENSAH<\/p>\n<p><strong>Pour plus d&rsquo;informations et d&rsquo;analyses sur la <a href=\"https:\/\/www.africa-press.net\/togo\">Togo<\/a>, suivez <a href=\"https:\/\/www.africa-press.net\/\">Africa-Press<\/a><\/strong><\/p>\n","protected":false},"excerpt":{"rendered":"<p>Africa-Press &#8211; Togo. Dans le cadre du 5e\u0300me Recensement ge\u0301ne\u0301ral de la population, Gilchrist Olympio invite la population a\u0300 se mobiliser. C\u2019est a\u0300 travers un communique\u0301. Lecture ! COMMUNIQUE DU CFO (Relatif au 5 e\u0300me Recensement Ge\u0301ne\u0301ral de la Population) Du 23 octobre au 12 novembre 2022, le 5e\u0300 recensement ge\u0301ne\u0301ral de la population et [&hellip;]<\/p>\n","protected":false},"author":82,"featured_media":12873,"comment_status":"open","ping_status":"closed","sticky":false,"template":"","format":"standard","meta":{"footnotes":""},"categories":[21,10],"tags":[36,49,50],"class_list":["post-12874","post","type-post","status-publish","format-standard","has-post-thumbnail","hentry","category-communaute","category-toutes-les-actualites","tag-africa-press","tag-africa-press-togo","tag-togo"],"yoast_head":"<!-- This site is optimized with the Yoast SEO Premium plugin v26.1 (Yoast SEO v27.0) - https:\/\/yoast.com\/product\/yoast-seo-premium-wordpress\/ -->\n<title>Togo-Recensement g\u00e9n\u00e9ral de la population : L\u2019UFC invite les forces vives \u00e0 sensibiliser les citoyens - Togo<\/title>\n<meta name=\"description\" content=\"Dans le cadre du 5e\u0300me Recensement ge\u0301ne\u0301ral de la population, Gilchrist Olympio invite la population a\u0300 se mobiliser ...\" \/>\n<meta name=\"robots\" content=\"index, follow, max-snippet:-1, max-image-preview:large, max-video-preview:-1\" \/>\n<link rel=\"canonical\" href=\"https:\/\/www.africa-press.net\/togo\/toutes-les-actualites\/togo-recensement-general-de-la-population-lufc-invite-les-forces-vives-a-sensibiliser-les-citoyens\" \/>\n<meta property=\"og:locale\" content=\"fr_FR\" \/>\n<meta property=\"og:type\" content=\"article\" \/>\n<meta property=\"og:title\" content=\"Togo-Recensement g\u00e9n\u00e9ral de la population : L\u2019UFC invite les forces vives \u00e0 sensibiliser les citoyens\" \/>\n<meta property=\"og:description\" content=\"Dans le cadre du 5e\u0300me Recensement ge\u0301ne\u0301ral de la population, Gilchrist Olympio invite la population a\u0300 se mobiliser ...\" \/>\n<meta property=\"og:url\" content=\"https:\/\/www.africa-press.net\/togo\/toutes-les-actualites\/togo-recensement-general-de-la-population-lufc-invite-les-forces-vives-a-sensibiliser-les-citoyens\" \/>\n<meta property=\"og:site_name\" content=\"Togo\" \/>\n<meta property=\"article:published_time\" content=\"2022-10-24T20:52:22+00:00\" \/>\n<meta property=\"article:modified_time\" content=\"2022-10-24T21:12:44+00:00\" \/>\n<meta property=\"og:image\" content=\"https:\/\/static.africa-press.net\/togo\/sites\/58\/2022\/10\/postQueueImg_15-6356ffb1267d2.jpg\" \/>\n\t<meta property=\"og:image:width\" content=\"1280\" \/>\n\t<meta property=\"og:image:height\" content=\"800\" \/>\n\t<meta property=\"og:image:type\" content=\"image\/jpeg\" \/>\n<meta name=\"author\" content=\"cfeditorfr\" \/>\n<meta name=\"twitter:card\" content=\"summary_large_image\" \/>\n<meta name=\"twitter:label1\" content=\"\u00c9crit par\" \/>\n\t<meta name=\"twitter:data1\" content=\"cfeditorfr\" \/>\n\t<meta name=\"twitter:label2\" content=\"Dur\u00e9e de lecture estim\u00e9e\" \/>\n\t<meta name=\"twitter:data2\" content=\"2 minutes\" \/>\n<script type=\"application\/ld+json\" class=\"yoast-schema-graph\">{\"@context\":\"https:\/\/schema.org\",\"@graph\":[{\"@type\":\"Article\",\"@id\":\"https:\/\/www.africa-press.net\/togo\/toutes-les-actualites\/togo-recensement-general-de-la-population-lufc-invite-les-forces-vives-a-sensibiliser-les-citoyens#article\",\"isPartOf\":{\"@id\":\"https:\/\/www.africa-press.net\/togo\/toutes-les-actualites\/togo-recensement-general-de-la-population-lufc-invite-les-forces-vives-a-sensibiliser-les-citoyens\"},\"author\":{\"name\":\"cfeditorfr\",\"@id\":\"https:\/\/www.africa-press.net\/togo\/#\/schema\/person\/2b1cf3cd81a31e3cd26889ca66d677f1\"},\"headline\":\"Togo-Recensement g\u00e9n\u00e9ral de la population : L\u2019UFC invite les forces vives \u00e0 sensibiliser les citoyens\",\"datePublished\":\"2022-10-24T20:52:22+00:00\",\"dateModified\":\"2022-10-24T21:12:44+00:00\",\"mainEntityOfPage\":{\"@id\":\"https:\/\/www.africa-press.net\/togo\/toutes-les-actualites\/togo-recensement-general-de-la-population-lufc-invite-les-forces-vives-a-sensibiliser-les-citoyens\"},\"wordCount\":286,\"commentCount\":0,\"image\":{\"@id\":\"https:\/\/www.africa-press.net\/togo\/toutes-les-actualites\/togo-recensement-general-de-la-population-lufc-invite-les-forces-vives-a-sensibiliser-les-citoyens#primaryimage\"},\"thumbnailUrl\":\"https:\/\/static.africa-press.net\/togo\/sites\/58\/2022\/10\/postQueueImg_15-6356ffb1267d2.jpg\",\"keywords\":[\"Africa Press\",\"Africa Press-Togo\",\"Togo\"],\"articleSection\":[\"Communaut\u00e9\",\"Toutes les actualit\u00e9s\"],\"inLanguage\":\"fr-FR\",\"potentialAction\":[{\"@type\":\"CommentAction\",\"name\":\"Comment\",\"target\":[\"https:\/\/www.africa-press.net\/togo\/toutes-les-actualites\/togo-recensement-general-de-la-population-lufc-invite-les-forces-vives-a-sensibiliser-les-citoyens#respond\"]}]},{\"@type\":\"WebPage\",\"@id\":\"https:\/\/www.africa-press.net\/togo\/toutes-les-actualites\/togo-recensement-general-de-la-population-lufc-invite-les-forces-vives-a-sensibiliser-les-citoyens\",\"url\":\"https:\/\/www.africa-press.net\/togo\/toutes-les-actualites\/togo-recensement-general-de-la-population-lufc-invite-les-forces-vives-a-sensibiliser-les-citoyens\",\"name\":\"Togo-Recensement g\u00e9n\u00e9ral de la population : L\u2019UFC invite les forces vives \u00e0 sensibiliser les citoyens - Togo\",\"isPartOf\":{\"@id\":\"https:\/\/www.africa-press.net\/togo\/#website\"},\"primaryImageOfPage\":{\"@id\":\"https:\/\/www.africa-press.net\/togo\/toutes-les-actualites\/togo-recensement-general-de-la-population-lufc-invite-les-forces-vives-a-sensibiliser-les-citoyens#primaryimage\"},\"image\":{\"@id\":\"https:\/\/www.africa-press.net\/togo\/toutes-les-actualites\/togo-recensement-general-de-la-population-lufc-invite-les-forces-vives-a-sensibiliser-les-citoyens#primaryimage\"},\"thumbnailUrl\":\"https:\/\/static.africa-press.net\/togo\/sites\/58\/2022\/10\/postQueueImg_15-6356ffb1267d2.jpg\",\"datePublished\":\"2022-10-24T20:52:22+00:00\",\"dateModified\":\"2022-10-24T21:12:44+00:00\",\"author\":{\"@id\":\"https:\/\/www.africa-press.net\/togo\/#\/schema\/person\/2b1cf3cd81a31e3cd26889ca66d677f1\"},\"description\":\"Dans le cadre du 5e\u0300me Recensement ge\u0301ne\u0301ral de la population, Gilchrist Olympio invite la population a\u0300 se mobiliser ...\",\"breadcrumb\":{\"@id\":\"https:\/\/www.africa-press.net\/togo\/toutes-les-actualites\/togo-recensement-general-de-la-population-lufc-invite-les-forces-vives-a-sensibiliser-les-citoyens#breadcrumb\"},\"inLanguage\":\"fr-FR\",\"potentialAction\":[{\"@type\":\"ReadAction\",\"target\":[\"https:\/\/www.africa-press.net\/togo\/toutes-les-actualites\/togo-recensement-general-de-la-population-lufc-invite-les-forces-vives-a-sensibiliser-les-citoyens\"]}]},{\"@type\":\"ImageObject\",\"inLanguage\":\"fr-FR\",\"@id\":\"https:\/\/www.africa-press.net\/togo\/toutes-les-actualites\/togo-recensement-general-de-la-population-lufc-invite-les-forces-vives-a-sensibiliser-les-citoyens#primaryimage\",\"url\":\"https:\/\/static.africa-press.net\/togo\/sites\/58\/2022\/10\/postQueueImg_15-6356ffb1267d2.jpg\",\"contentUrl\":\"https:\/\/static.africa-press.net\/togo\/sites\/58\/2022\/10\/postQueueImg_15-6356ffb1267d2.jpg\",\"width\":1280,\"height\":800,\"caption\":\"Togo-Recensement g\u00e9n\u00e9ral de la population : L\u2019UFC invite les forces vives \u00e0 sensibiliser les citoyens\"},{\"@type\":\"BreadcrumbList\",\"@id\":\"https:\/\/www.africa-press.net\/togo\/toutes-les-actualites\/togo-recensement-general-de-la-population-lufc-invite-les-forces-vives-a-sensibiliser-les-citoyens#breadcrumb\",\"itemListElement\":[{\"@type\":\"ListItem\",\"position\":1,\"name\":\"Accueil\",\"item\":\"https:\/\/www.africa-press.net\/togo\/\"},{\"@type\":\"ListItem\",\"position\":2,\"name\":\"Togo-Recensement g\u00e9n\u00e9ral de la population : L\u2019UFC invite les forces vives \u00e0 sensibiliser les citoyens\"}]},{\"@type\":\"WebSite\",\"@id\":\"https:\/\/www.africa-press.net\/togo\/#website\",\"url\":\"https:\/\/www.africa-press.net\/togo\/\",\"name\":\"Togo\",\"description\":\"Just another Africa News Agency Sites site\",\"potentialAction\":[{\"@type\":\"SearchAction\",\"target\":{\"@type\":\"EntryPoint\",\"urlTemplate\":\"https:\/\/www.africa-press.net\/togo\/?s={search_term_string}\"},\"query-input\":{\"@type\":\"PropertyValueSpecification\",\"valueRequired\":true,\"valueName\":\"search_term_string\"}}],\"inLanguage\":\"fr-FR\"},{\"@type\":\"Person\",\"@id\":\"https:\/\/www.africa-press.net\/togo\/#\/schema\/person\/2b1cf3cd81a31e3cd26889ca66d677f1\",\"name\":\"cfeditorfr\"}]}<\/script>\n<!-- \/ Yoast SEO Premium plugin. -->","yoast_head_json":{"title":"Togo-Recensement g\u00e9n\u00e9ral de la population : L\u2019UFC invite les forces vives \u00e0 sensibiliser les citoyens - Togo","description":"Dans le cadre du 5e\u0300me Recensement ge\u0301ne\u0301ral de la population, Gilchrist Olympio invite la population a\u0300 se mobiliser ...","robots":{"index":"index","follow":"follow","max-snippet":"max-snippet:-1","max-image-preview":"max-image-preview:large","max-video-preview":"max-video-preview:-1"},"canonical":"https:\/\/www.africa-press.net\/togo\/toutes-les-actualites\/togo-recensement-general-de-la-population-lufc-invite-les-forces-vives-a-sensibiliser-les-citoyens","og_locale":"fr_FR","og_type":"article","og_title":"Togo-Recensement g\u00e9n\u00e9ral de la population : L\u2019UFC invite les forces vives \u00e0 sensibiliser les citoyens","og_description":"Dans le cadre du 5e\u0300me Recensement ge\u0301ne\u0301ral de la population, Gilchrist Olympio invite la population a\u0300 se mobiliser ...","og_url":"https:\/\/www.africa-press.net\/togo\/toutes-les-actualites\/togo-recensement-general-de-la-population-lufc-invite-les-forces-vives-a-sensibiliser-les-citoyens","og_site_name":"Togo","article_published_time":"2022-10-24T20:52:22+00:00","article_modified_time":"2022-10-24T21:12:44+00:00","og_image":[{"width":1280,"height":800,"url":"https:\/\/static.africa-press.net\/togo\/sites\/58\/2022\/10\/postQueueImg_15-6356ffb1267d2.jpg","type":"image\/jpeg"}],"author":"cfeditorfr","twitter_card":"summary_large_image","twitter_misc":{"\u00c9crit par":"cfeditorfr","Dur\u00e9e de lecture estim\u00e9e":"2 minutes"},"schema":{"@context":"https:\/\/schema.org","@graph":[{"@type":"Article","@id":"https:\/\/www.africa-press.net\/togo\/toutes-les-actualites\/togo-recensement-general-de-la-population-lufc-invite-les-forces-vives-a-sensibiliser-les-citoyens#article","isPartOf":{"@id":"https:\/\/www.africa-press.net\/togo\/toutes-les-actualites\/togo-recensement-general-de-la-population-lufc-invite-les-forces-vives-a-sensibiliser-les-citoyens"},"author":{"name":"cfeditorfr","@id":"https:\/\/www.africa-press.net\/togo\/#\/schema\/person\/2b1cf3cd81a31e3cd26889ca66d677f1"},"headline":"Togo-Recensement g\u00e9n\u00e9ral de la population : L\u2019UFC invite les forces vives \u00e0 sensibiliser les citoyens","datePublished":"2022-10-24T20:52:22+00:00","dateModified":"2022-10-24T21:12:44+00:00","mainEntityOfPage":{"@id":"https:\/\/www.africa-press.net\/togo\/toutes-les-actualites\/togo-recensement-general-de-la-population-lufc-invite-les-forces-vives-a-sensibiliser-les-citoyens"},"wordCount":286,"commentCount":0,"image":{"@id":"https:\/\/www.africa-press.net\/togo\/toutes-les-actualites\/togo-recensement-general-de-la-population-lufc-invite-les-forces-vives-a-sensibiliser-les-citoyens#primaryimage"},"thumbnailUrl":"https:\/\/static.africa-press.net\/togo\/sites\/58\/2022\/10\/postQueueImg_15-6356ffb1267d2.jpg","keywords":["Africa Press","Africa Press-Togo","Togo"],"articleSection":["Communaut\u00e9","Toutes les actualit\u00e9s"],"inLanguage":"fr-FR","potentialAction":[{"@type":"CommentAction","name":"Comment","target":["https:\/\/www.africa-press.net\/togo\/toutes-les-actualites\/togo-recensement-general-de-la-population-lufc-invite-les-forces-vives-a-sensibiliser-les-citoyens#respond"]}]},{"@type":"WebPage","@id":"https:\/\/www.africa-press.net\/togo\/toutes-les-actualites\/togo-recensement-general-de-la-population-lufc-invite-les-forces-vives-a-sensibiliser-les-citoyens","url":"https:\/\/www.africa-press.net\/togo\/toutes-les-actualites\/togo-recensement-general-de-la-population-lufc-invite-les-forces-vives-a-sensibiliser-les-citoyens","name":"Togo-Recensement g\u00e9n\u00e9ral de la population : L\u2019UFC invite les forces vives \u00e0 sensibiliser les citoyens - Togo","isPartOf":{"@id":"https:\/\/www.africa-press.net\/togo\/#website"},"primaryImageOfPage":{"@id":"https:\/\/www.africa-press.net\/togo\/toutes-les-actualites\/togo-recensement-general-de-la-population-lufc-invite-les-forces-vives-a-sensibiliser-les-citoyens#primaryimage"},"image":{"@id":"https:\/\/www.africa-press.net\/togo\/toutes-les-actualites\/togo-recensement-general-de-la-population-lufc-invite-les-forces-vives-a-sensibiliser-les-citoyens#primaryimage"},"thumbnailUrl":"https:\/\/static.africa-press.net\/togo\/sites\/58\/2022\/10\/postQueueImg_15-6356ffb1267d2.jpg","datePublished":"2022-10-24T20:52:22+00:00","dateModified":"2022-10-24T21:12:44+00:00","author":{"@id":"https:\/\/www.africa-press.net\/togo\/#\/schema\/person\/2b1cf3cd81a31e3cd26889ca66d677f1"},"description":"Dans le cadre du 5e\u0300me Recensement ge\u0301ne\u0301ral de la population, Gilchrist Olympio invite la population a\u0300 se mobiliser ...","breadcrumb":{"@id":"https:\/\/www.africa-press.net\/togo\/toutes-les-actualites\/togo-recensement-general-de-la-population-lufc-invite-les-forces-vives-a-sensibiliser-les-citoyens#breadcrumb"},"inLanguage":"fr-FR","potentialAction":[{"@type":"ReadAction","target":["https:\/\/www.africa-press.net\/togo\/toutes-les-actualites\/togo-recensement-general-de-la-population-lufc-invite-les-forces-vives-a-sensibiliser-les-citoyens"]}]},{"@type":"ImageObject","inLanguage":"fr-FR","@id":"https:\/\/www.africa-press.net\/togo\/toutes-les-actualites\/togo-recensement-general-de-la-population-lufc-invite-les-forces-vives-a-sensibiliser-les-citoyens#primaryimage","url":"https:\/\/static.africa-press.net\/togo\/sites\/58\/2022\/10\/postQueueImg_15-6356ffb1267d2.jpg","contentUrl":"https:\/\/static.africa-press.net\/togo\/sites\/58\/2022\/10\/postQueueImg_15-6356ffb1267d2.jpg","width":1280,"height":800,"caption":"Togo-Recensement g\u00e9n\u00e9ral de la population : L\u2019UFC invite les forces vives \u00e0 sensibiliser les citoyens"},{"@type":"BreadcrumbList","@id":"https:\/\/www.africa-press.net\/togo\/toutes-les-actualites\/togo-recensement-general-de-la-population-lufc-invite-les-forces-vives-a-sensibiliser-les-citoyens#breadcrumb","itemListElement":[{"@type":"ListItem","position":1,"name":"Accueil","item":"https:\/\/www.africa-press.net\/togo\/"},{"@type":"ListItem","position":2,"name":"Togo-Recensement g\u00e9n\u00e9ral de la population : L\u2019UFC invite les forces vives \u00e0 sensibiliser les citoyens"}]},{"@type":"WebSite","@id":"https:\/\/www.africa-press.net\/togo\/#website","url":"https:\/\/www.africa-press.net\/togo\/","name":"Togo","description":"Just another Africa News Agency Sites site","potentialAction":[{"@type":"SearchAction","target":{"@type":"EntryPoint","urlTemplate":"https:\/\/www.africa-press.net\/togo\/?s={search_term_string}"},"query-input":{"@type":"PropertyValueSpecification","valueRequired":true,"valueName":"search_term_string"}}],"inLanguage":"fr-FR"},{"@type":"Person","@id":"https:\/\/www.africa-press.net\/togo\/#\/schema\/person\/2b1cf3cd81a31e3cd26889ca66d677f1","name":"cfeditorfr"}]}},"_links":{"self":[{"href":"https:\/\/www.africa-press.net\/togo\/wp-json\/wp\/v2\/posts\/12874","targetHints":{"allow":["GET"]}}],"collection":[{"href":"https:\/\/www.africa-press.net\/togo\/wp-json\/wp\/v2\/posts"}],"about":[{"href":"https:\/\/www.africa-press.net\/togo\/wp-json\/wp\/v2\/types\/post"}],"author":[{"embeddable":true,"href":"https:\/\/www.africa-press.net\/togo\/wp-json\/wp\/v2\/users\/82"}],"replies":[{"embeddable":true,"href":"https:\/\/www.africa-press.net\/togo\/wp-json\/wp\/v2\/comments?post=12874"}],"version-history":[{"count":0,"href":"https:\/\/www.africa-press.net\/togo\/wp-json\/wp\/v2\/posts\/12874\/revisions"}],"wp:featuredmedia":[{"embeddable":true,"href":"https:\/\/www.africa-press.net\/togo\/wp-json\/wp\/v2\/media\/12873"}],"wp:attachment":[{"href":"https:\/\/www.africa-press.net\/togo\/wp-json\/wp\/v2\/media?parent=12874"}],"wp:term":[{"taxonomy":"category","embeddable":true,"href":"https:\/\/www.africa-press.net\/togo\/wp-json\/wp\/v2\/categories?post=12874"},{"taxonomy":"post_tag","embeddable":true,"href":"https:\/\/www.africa-press.net\/togo\/wp-json\/wp\/v2\/tags?post=12874"}],"curies":[{"name":"wp","href":"https:\/\/api.w.org\/{rel}","templated":true}]}}