{"id":12892,"date":"2022-10-25T19:18:43","date_gmt":"2022-10-25T19:18:43","guid":{"rendered":"https:\/\/www.africa-press.net\/togo\/politique\/togo-deces-de-patrick-lawson-lhommage-de-kafui-adjamagbo-au-politicien"},"modified":"2022-10-25T19:28:06","modified_gmt":"2022-10-25T19:28:06","slug":"togo-deces-de-patrick-lawson-lhommage-de-kafui-adjamagbo-au-politicien","status":"publish","type":"post","link":"https:\/\/www.africa-press.net\/togo\/politique\/togo-deces-de-patrick-lawson-lhommage-de-kafui-adjamagbo-au-politicien","title":{"rendered":"Togo-D\u00e9c\u00e8s de Patrick Lawson : L\u2019hommage de Kafui Adjamagbo au politicien"},"content":{"rendered":"<p><span style=\"color: #ff6600\"><strong>Africa-Press &#8211; Togo. <\/strong><\/span><b>Le premier Vice-pre\u0301sident de l\u2019Alliance nationale pour le changement (ANC), Patrick Lawson n\u2019est plus. Le de\u0301ce\u0300s du septuage\u0301naire survenu a\u0300 Lome\u0301 a e\u0301te\u0301 annonce\u0301 ce dimanche 23 octobre 2022. <\/b><\/p>\n<p>La nouvelle a suscite\u0301 de diverses re\u0301actions au sein de la classe politique et surtout de l\u2019opposition togolaise. La Coordinatrice de la Dynamique Monseigneur Kpodzro (DMK), Kafui Adjamagbo n\u2019e\u0301tant pas du reste, a rendu hommage a\u0300 l\u2019ancien de\u0301pute\u0301.<\/p>\n<p>\u201cPatrick Lawson, tu as marque\u0301 le combat pour la de\u0301mocratie au Togo. Tu e\u0301tais humain, agre\u0301able et attachant. Je te suis personnellement redevable, toi qui avais exige\u0301 notre libe\u0301ration lors de notre arrestation. \u00ab Pevi \u00bb Reposes en paix. Condole\u0301ances aux familles biologique et politique\u201d, e\u0301crit la Secre\u0301taire ge\u0301ne\u0301rale de la Convention de\u0301mocratique des peuples africains (CDPA).<\/p>\n<p>Il faut par ailleurs pre\u0301ciser qu\u2019un livre de condole\u0301ances sera ouvert au sie\u0300ge de l\u2019ANC a\u0300 compter du jeudi 27 octobre 2022, en attendant la date officielle des obse\u0300ques.<\/p>\n<p><strong>Pour plus d&rsquo;informations et d&rsquo;analyses sur la <a href=\"https:\/\/www.africa-press.net\/togo\">Togo<\/a>, suivez <a href=\"https:\/\/www.africa-press.net\/\">Africa-Press<\/a><\/strong><\/p>\n","protected":false},"excerpt":{"rendered":"<p>Africa-Press &#8211; Togo. Le premier Vice-pre\u0301sident de l\u2019Alliance nationale pour le changement (ANC), Patrick Lawson n\u2019est plus. Le de\u0301ce\u0300s du septuage\u0301naire survenu a\u0300 Lome\u0301 a e\u0301te\u0301 annonce\u0301 ce dimanche 23 octobre 2022. La nouvelle a suscite\u0301 de diverses re\u0301actions au sein de la classe politique et surtout de l\u2019opposition togolaise. La Coordinatrice de la Dynamique [&hellip;]<\/p>\n","protected":false},"author":82,"featured_media":12891,"comment_status":"open","ping_status":"closed","sticky":false,"template":"","format":"standard","meta":{"footnotes":""},"categories":[2,10],"tags":[36,49,50],"class_list":["post-12892","post","type-post","status-publish","format-standard","has-post-thumbnail","hentry","category-politique","category-toutes-les-actualites","tag-africa-press","tag-africa-press-togo","tag-togo"],"yoast_head":"<!-- This site is optimized with the Yoast SEO Premium plugin v26.1 (Yoast SEO v27.0) - https:\/\/yoast.com\/product\/yoast-seo-premium-wordpress\/ -->\n<title>Togo-D\u00e9c\u00e8s de Patrick Lawson : L\u2019hommage de Kafui Adjamagbo au politicien - Togo<\/title>\n<meta name=\"description\" content=\"Le premier Vice-pre\u0301sident de l\u2019Alliance nationale pour le changement (ANC), Patrick Lawson n\u2019est plus. Le de\u0301ce\u0300s du ...\" \/>\n<meta name=\"robots\" content=\"index, follow, max-snippet:-1, max-image-preview:large, max-video-preview:-1\" \/>\n<link rel=\"canonical\" href=\"https:\/\/www.africa-press.net\/togo\/politique\/togo-deces-de-patrick-lawson-lhommage-de-kafui-adjamagbo-au-politicien\" \/>\n<meta property=\"og:locale\" content=\"fr_FR\" \/>\n<meta property=\"og:type\" content=\"article\" \/>\n<meta property=\"og:title\" content=\"Togo-D\u00e9c\u00e8s de Patrick Lawson : L\u2019hommage de Kafui Adjamagbo au politicien\" \/>\n<meta property=\"og:description\" content=\"Le premier Vice-pre\u0301sident de l\u2019Alliance nationale pour le changement (ANC), Patrick Lawson n\u2019est plus. Le de\u0301ce\u0300s du ...\" \/>\n<meta property=\"og:url\" content=\"https:\/\/www.africa-press.net\/togo\/politique\/togo-deces-de-patrick-lawson-lhommage-de-kafui-adjamagbo-au-politicien\" \/>\n<meta property=\"og:site_name\" content=\"Togo\" \/>\n<meta property=\"article:published_time\" content=\"2022-10-25T19:18:43+00:00\" \/>\n<meta property=\"article:modified_time\" content=\"2022-10-25T19:28:06+00:00\" \/>\n<meta property=\"og:image\" content=\"https:\/\/static.africa-press.net\/togo\/sites\/58\/2022\/10\/postQueueImg_3-635838a3a5cb3.jpg\" \/>\n\t<meta property=\"og:image:width\" content=\"1280\" \/>\n\t<meta property=\"og:image:height\" content=\"800\" \/>\n\t<meta property=\"og:image:type\" content=\"image\/jpeg\" \/>\n<meta name=\"author\" content=\"cfeditorfr\" \/>\n<meta name=\"twitter:card\" content=\"summary_large_image\" \/>\n<meta name=\"twitter:label1\" content=\"\u00c9crit par\" \/>\n\t<meta name=\"twitter:data1\" content=\"cfeditorfr\" \/>\n\t<meta name=\"twitter:label2\" content=\"Dur\u00e9e de lecture estim\u00e9e\" \/>\n\t<meta name=\"twitter:data2\" content=\"1 minute\" \/>\n<script type=\"application\/ld+json\" class=\"yoast-schema-graph\">{\"@context\":\"https:\/\/schema.org\",\"@graph\":[{\"@type\":\"Article\",\"@id\":\"https:\/\/www.africa-press.net\/togo\/politique\/togo-deces-de-patrick-lawson-lhommage-de-kafui-adjamagbo-au-politicien#article\",\"isPartOf\":{\"@id\":\"https:\/\/www.africa-press.net\/togo\/politique\/togo-deces-de-patrick-lawson-lhommage-de-kafui-adjamagbo-au-politicien\"},\"author\":{\"name\":\"cfeditorfr\",\"@id\":\"https:\/\/www.africa-press.net\/togo\/#\/schema\/person\/2b1cf3cd81a31e3cd26889ca66d677f1\"},\"headline\":\"Togo-D\u00e9c\u00e8s de Patrick Lawson : L\u2019hommage de Kafui Adjamagbo au politicien\",\"datePublished\":\"2022-10-25T19:18:43+00:00\",\"dateModified\":\"2022-10-25T19:28:06+00:00\",\"mainEntityOfPage\":{\"@id\":\"https:\/\/www.africa-press.net\/togo\/politique\/togo-deces-de-patrick-lawson-lhommage-de-kafui-adjamagbo-au-politicien\"},\"wordCount\":204,\"commentCount\":0,\"image\":{\"@id\":\"https:\/\/www.africa-press.net\/togo\/politique\/togo-deces-de-patrick-lawson-lhommage-de-kafui-adjamagbo-au-politicien#primaryimage\"},\"thumbnailUrl\":\"https:\/\/static.africa-press.net\/togo\/sites\/58\/2022\/10\/postQueueImg_3-635838a3a5cb3.jpg\",\"keywords\":[\"Africa Press\",\"Africa Press-Togo\",\"Togo\"],\"articleSection\":[\"Politique\",\"Toutes les actualit\u00e9s\"],\"inLanguage\":\"fr-FR\",\"potentialAction\":[{\"@type\":\"CommentAction\",\"name\":\"Comment\",\"target\":[\"https:\/\/www.africa-press.net\/togo\/politique\/togo-deces-de-patrick-lawson-lhommage-de-kafui-adjamagbo-au-politicien#respond\"]}]},{\"@type\":\"WebPage\",\"@id\":\"https:\/\/www.africa-press.net\/togo\/politique\/togo-deces-de-patrick-lawson-lhommage-de-kafui-adjamagbo-au-politicien\",\"url\":\"https:\/\/www.africa-press.net\/togo\/politique\/togo-deces-de-patrick-lawson-lhommage-de-kafui-adjamagbo-au-politicien\",\"name\":\"Togo-D\u00e9c\u00e8s de Patrick Lawson : L\u2019hommage de Kafui Adjamagbo au politicien - Togo\",\"isPartOf\":{\"@id\":\"https:\/\/www.africa-press.net\/togo\/#website\"},\"primaryImageOfPage\":{\"@id\":\"https:\/\/www.africa-press.net\/togo\/politique\/togo-deces-de-patrick-lawson-lhommage-de-kafui-adjamagbo-au-politicien#primaryimage\"},\"image\":{\"@id\":\"https:\/\/www.africa-press.net\/togo\/politique\/togo-deces-de-patrick-lawson-lhommage-de-kafui-adjamagbo-au-politicien#primaryimage\"},\"thumbnailUrl\":\"https:\/\/static.africa-press.net\/togo\/sites\/58\/2022\/10\/postQueueImg_3-635838a3a5cb3.jpg\",\"datePublished\":\"2022-10-25T19:18:43+00:00\",\"dateModified\":\"2022-10-25T19:28:06+00:00\",\"author\":{\"@id\":\"https:\/\/www.africa-press.net\/togo\/#\/schema\/person\/2b1cf3cd81a31e3cd26889ca66d677f1\"},\"description\":\"Le premier Vice-pre\u0301sident de l\u2019Alliance nationale pour le changement (ANC), Patrick Lawson n\u2019est plus. Le de\u0301ce\u0300s du ...\",\"breadcrumb\":{\"@id\":\"https:\/\/www.africa-press.net\/togo\/politique\/togo-deces-de-patrick-lawson-lhommage-de-kafui-adjamagbo-au-politicien#breadcrumb\"},\"inLanguage\":\"fr-FR\",\"potentialAction\":[{\"@type\":\"ReadAction\",\"target\":[\"https:\/\/www.africa-press.net\/togo\/politique\/togo-deces-de-patrick-lawson-lhommage-de-kafui-adjamagbo-au-politicien\"]}]},{\"@type\":\"ImageObject\",\"inLanguage\":\"fr-FR\",\"@id\":\"https:\/\/www.africa-press.net\/togo\/politique\/togo-deces-de-patrick-lawson-lhommage-de-kafui-adjamagbo-au-politicien#primaryimage\",\"url\":\"https:\/\/static.africa-press.net\/togo\/sites\/58\/2022\/10\/postQueueImg_3-635838a3a5cb3.jpg\",\"contentUrl\":\"https:\/\/static.africa-press.net\/togo\/sites\/58\/2022\/10\/postQueueImg_3-635838a3a5cb3.jpg\",\"width\":1280,\"height\":800,\"caption\":\"Togo-D\u00e9c\u00e8s de Patrick Lawson : L\u2019hommage de Kafui Adjamagbo au politicien\"},{\"@type\":\"BreadcrumbList\",\"@id\":\"https:\/\/www.africa-press.net\/togo\/politique\/togo-deces-de-patrick-lawson-lhommage-de-kafui-adjamagbo-au-politicien#breadcrumb\",\"itemListElement\":[{\"@type\":\"ListItem\",\"position\":1,\"name\":\"Accueil\",\"item\":\"https:\/\/www.africa-press.net\/togo\/\"},{\"@type\":\"ListItem\",\"position\":2,\"name\":\"Togo-D\u00e9c\u00e8s de Patrick Lawson : L\u2019hommage de Kafui Adjamagbo au politicien\"}]},{\"@type\":\"WebSite\",\"@id\":\"https:\/\/www.africa-press.net\/togo\/#website\",\"url\":\"https:\/\/www.africa-press.net\/togo\/\",\"name\":\"Togo\",\"description\":\"Just another Africa News Agency Sites site\",\"potentialAction\":[{\"@type\":\"SearchAction\",\"target\":{\"@type\":\"EntryPoint\",\"urlTemplate\":\"https:\/\/www.africa-press.net\/togo\/?s={search_term_string}\"},\"query-input\":{\"@type\":\"PropertyValueSpecification\",\"valueRequired\":true,\"valueName\":\"search_term_string\"}}],\"inLanguage\":\"fr-FR\"},{\"@type\":\"Person\",\"@id\":\"https:\/\/www.africa-press.net\/togo\/#\/schema\/person\/2b1cf3cd81a31e3cd26889ca66d677f1\",\"name\":\"cfeditorfr\"}]}<\/script>\n<!-- \/ Yoast SEO Premium plugin. -->","yoast_head_json":{"title":"Togo-D\u00e9c\u00e8s de Patrick Lawson : L\u2019hommage de Kafui Adjamagbo au politicien - Togo","description":"Le premier Vice-pre\u0301sident de l\u2019Alliance nationale pour le changement (ANC), Patrick Lawson n\u2019est plus. Le de\u0301ce\u0300s du ...","robots":{"index":"index","follow":"follow","max-snippet":"max-snippet:-1","max-image-preview":"max-image-preview:large","max-video-preview":"max-video-preview:-1"},"canonical":"https:\/\/www.africa-press.net\/togo\/politique\/togo-deces-de-patrick-lawson-lhommage-de-kafui-adjamagbo-au-politicien","og_locale":"fr_FR","og_type":"article","og_title":"Togo-D\u00e9c\u00e8s de Patrick Lawson : L\u2019hommage de Kafui Adjamagbo au politicien","og_description":"Le premier Vice-pre\u0301sident de l\u2019Alliance nationale pour le changement (ANC), Patrick Lawson n\u2019est plus. Le de\u0301ce\u0300s du ...","og_url":"https:\/\/www.africa-press.net\/togo\/politique\/togo-deces-de-patrick-lawson-lhommage-de-kafui-adjamagbo-au-politicien","og_site_name":"Togo","article_published_time":"2022-10-25T19:18:43+00:00","article_modified_time":"2022-10-25T19:28:06+00:00","og_image":[{"width":1280,"height":800,"url":"https:\/\/static.africa-press.net\/togo\/sites\/58\/2022\/10\/postQueueImg_3-635838a3a5cb3.jpg","type":"image\/jpeg"}],"author":"cfeditorfr","twitter_card":"summary_large_image","twitter_misc":{"\u00c9crit par":"cfeditorfr","Dur\u00e9e de lecture estim\u00e9e":"1 minute"},"schema":{"@context":"https:\/\/schema.org","@graph":[{"@type":"Article","@id":"https:\/\/www.africa-press.net\/togo\/politique\/togo-deces-de-patrick-lawson-lhommage-de-kafui-adjamagbo-au-politicien#article","isPartOf":{"@id":"https:\/\/www.africa-press.net\/togo\/politique\/togo-deces-de-patrick-lawson-lhommage-de-kafui-adjamagbo-au-politicien"},"author":{"name":"cfeditorfr","@id":"https:\/\/www.africa-press.net\/togo\/#\/schema\/person\/2b1cf3cd81a31e3cd26889ca66d677f1"},"headline":"Togo-D\u00e9c\u00e8s de Patrick Lawson : L\u2019hommage de Kafui Adjamagbo au politicien","datePublished":"2022-10-25T19:18:43+00:00","dateModified":"2022-10-25T19:28:06+00:00","mainEntityOfPage":{"@id":"https:\/\/www.africa-press.net\/togo\/politique\/togo-deces-de-patrick-lawson-lhommage-de-kafui-adjamagbo-au-politicien"},"wordCount":204,"commentCount":0,"image":{"@id":"https:\/\/www.africa-press.net\/togo\/politique\/togo-deces-de-patrick-lawson-lhommage-de-kafui-adjamagbo-au-politicien#primaryimage"},"thumbnailUrl":"https:\/\/static.africa-press.net\/togo\/sites\/58\/2022\/10\/postQueueImg_3-635838a3a5cb3.jpg","keywords":["Africa Press","Africa Press-Togo","Togo"],"articleSection":["Politique","Toutes les actualit\u00e9s"],"inLanguage":"fr-FR","potentialAction":[{"@type":"CommentAction","name":"Comment","target":["https:\/\/www.africa-press.net\/togo\/politique\/togo-deces-de-patrick-lawson-lhommage-de-kafui-adjamagbo-au-politicien#respond"]}]},{"@type":"WebPage","@id":"https:\/\/www.africa-press.net\/togo\/politique\/togo-deces-de-patrick-lawson-lhommage-de-kafui-adjamagbo-au-politicien","url":"https:\/\/www.africa-press.net\/togo\/politique\/togo-deces-de-patrick-lawson-lhommage-de-kafui-adjamagbo-au-politicien","name":"Togo-D\u00e9c\u00e8s de Patrick Lawson : L\u2019hommage de Kafui Adjamagbo au politicien - Togo","isPartOf":{"@id":"https:\/\/www.africa-press.net\/togo\/#website"},"primaryImageOfPage":{"@id":"https:\/\/www.africa-press.net\/togo\/politique\/togo-deces-de-patrick-lawson-lhommage-de-kafui-adjamagbo-au-politicien#primaryimage"},"image":{"@id":"https:\/\/www.africa-press.net\/togo\/politique\/togo-deces-de-patrick-lawson-lhommage-de-kafui-adjamagbo-au-politicien#primaryimage"},"thumbnailUrl":"https:\/\/static.africa-press.net\/togo\/sites\/58\/2022\/10\/postQueueImg_3-635838a3a5cb3.jpg","datePublished":"2022-10-25T19:18:43+00:00","dateModified":"2022-10-25T19:28:06+00:00","author":{"@id":"https:\/\/www.africa-press.net\/togo\/#\/schema\/person\/2b1cf3cd81a31e3cd26889ca66d677f1"},"description":"Le premier Vice-pre\u0301sident de l\u2019Alliance nationale pour le changement (ANC), Patrick Lawson n\u2019est plus. Le de\u0301ce\u0300s du ...","breadcrumb":{"@id":"https:\/\/www.africa-press.net\/togo\/politique\/togo-deces-de-patrick-lawson-lhommage-de-kafui-adjamagbo-au-politicien#breadcrumb"},"inLanguage":"fr-FR","potentialAction":[{"@type":"ReadAction","target":["https:\/\/www.africa-press.net\/togo\/politique\/togo-deces-de-patrick-lawson-lhommage-de-kafui-adjamagbo-au-politicien"]}]},{"@type":"ImageObject","inLanguage":"fr-FR","@id":"https:\/\/www.africa-press.net\/togo\/politique\/togo-deces-de-patrick-lawson-lhommage-de-kafui-adjamagbo-au-politicien#primaryimage","url":"https:\/\/static.africa-press.net\/togo\/sites\/58\/2022\/10\/postQueueImg_3-635838a3a5cb3.jpg","contentUrl":"https:\/\/static.africa-press.net\/togo\/sites\/58\/2022\/10\/postQueueImg_3-635838a3a5cb3.jpg","width":1280,"height":800,"caption":"Togo-D\u00e9c\u00e8s de Patrick Lawson : L\u2019hommage de Kafui Adjamagbo au politicien"},{"@type":"BreadcrumbList","@id":"https:\/\/www.africa-press.net\/togo\/politique\/togo-deces-de-patrick-lawson-lhommage-de-kafui-adjamagbo-au-politicien#breadcrumb","itemListElement":[{"@type":"ListItem","position":1,"name":"Accueil","item":"https:\/\/www.africa-press.net\/togo\/"},{"@type":"ListItem","position":2,"name":"Togo-D\u00e9c\u00e8s de Patrick Lawson : L\u2019hommage de Kafui Adjamagbo au politicien"}]},{"@type":"WebSite","@id":"https:\/\/www.africa-press.net\/togo\/#website","url":"https:\/\/www.africa-press.net\/togo\/","name":"Togo","description":"Just another Africa News Agency Sites site","potentialAction":[{"@type":"SearchAction","target":{"@type":"EntryPoint","urlTemplate":"https:\/\/www.africa-press.net\/togo\/?s={search_term_string}"},"query-input":{"@type":"PropertyValueSpecification","valueRequired":true,"valueName":"search_term_string"}}],"inLanguage":"fr-FR"},{"@type":"Person","@id":"https:\/\/www.africa-press.net\/togo\/#\/schema\/person\/2b1cf3cd81a31e3cd26889ca66d677f1","name":"cfeditorfr"}]}},"_links":{"self":[{"href":"https:\/\/www.africa-press.net\/togo\/wp-json\/wp\/v2\/posts\/12892","targetHints":{"allow":["GET"]}}],"collection":[{"href":"https:\/\/www.africa-press.net\/togo\/wp-json\/wp\/v2\/posts"}],"about":[{"href":"https:\/\/www.africa-press.net\/togo\/wp-json\/wp\/v2\/types\/post"}],"author":[{"embeddable":true,"href":"https:\/\/www.africa-press.net\/togo\/wp-json\/wp\/v2\/users\/82"}],"replies":[{"embeddable":true,"href":"https:\/\/www.africa-press.net\/togo\/wp-json\/wp\/v2\/comments?post=12892"}],"version-history":[{"count":0,"href":"https:\/\/www.africa-press.net\/togo\/wp-json\/wp\/v2\/posts\/12892\/revisions"}],"wp:featuredmedia":[{"embeddable":true,"href":"https:\/\/www.africa-press.net\/togo\/wp-json\/wp\/v2\/media\/12891"}],"wp:attachment":[{"href":"https:\/\/www.africa-press.net\/togo\/wp-json\/wp\/v2\/media?parent=12892"}],"wp:term":[{"taxonomy":"category","embeddable":true,"href":"https:\/\/www.africa-press.net\/togo\/wp-json\/wp\/v2\/categories?post=12892"},{"taxonomy":"post_tag","embeddable":true,"href":"https:\/\/www.africa-press.net\/togo\/wp-json\/wp\/v2\/tags?post=12892"}],"curies":[{"name":"wp","href":"https:\/\/api.w.org\/{rel}","templated":true}]}}