{"id":12901,"date":"2022-10-25T19:19:17","date_gmt":"2022-10-25T19:19:17","guid":{"rendered":"https:\/\/www.africa-press.net\/togo\/politique\/togo-deces-de-patrick-lawson-un-livre-de-condoleances-ouvert-des-jeudi-au-siege-de-lanc"},"modified":"2022-10-25T19:35:00","modified_gmt":"2022-10-25T19:35:00","slug":"togo-deces-de-patrick-lawson-un-livre-de-condoleances-ouvert-des-jeudi-au-siege-de-lanc","status":"publish","type":"post","link":"https:\/\/www.africa-press.net\/togo\/politique\/togo-deces-de-patrick-lawson-un-livre-de-condoleances-ouvert-des-jeudi-au-siege-de-lanc","title":{"rendered":"Togo-D\u00e9c\u00e8s de Patrick Lawson : Un livre de condol\u00e9ances ouvert d\u00e8s jeudi au si\u00e8ge de l\u2019ANC"},"content":{"rendered":"<p><span style=\"color: #ff6600\"><strong>Africa-Press &#8211; Togo. <\/strong><\/span><b>Dimanche le 23 octobre dernier, l\u2019Alliance Nationale pour le Changement (ANC) a perdu un de ses lieutenants. Il s\u2019agit de son 1er Vice-pre\u0301sident Pe\u0301 Boe\u0300vi Patrick Augustino Lawson-Banku.<\/b><\/p>\n<p>Dans son avis de de\u0301ce\u0300s, le pre\u0301sident du parti Jean-Pierre Fabre informe l\u2019opinion que le programme des obse\u0300ques sera communique\u0301 ulte\u0301rieurement.<\/p>\n<p>Mais a\u0300 compter de ce jeudi 27 octobre 2022, un livre de condole\u0301ances sera ouvert au sie\u0300ge de l\u2019ANC a\u0300 Lome\u0301, les jours ouvrables de 10h a\u0300 17h. Le sie\u0300ge du parti est situe\u0301 au 367, Rue Koutime\u0301, quartier Be\u0300-Kamalodo.<\/p>\n<p>Patrick Lawson-Banku, ancien de\u0301pute\u0301 de l\u2019Assemble\u0301e nationale et l\u2019un des membres fondateurs de l\u2019ANC, est de\u0301ce\u0301de\u0301 a\u0300 l\u2019a\u0302ge de 70 ans.<\/p>\n<p><strong>Pour plus d&rsquo;informations et d&rsquo;analyses sur la <a href=\"https:\/\/www.africa-press.net\/togo\">Togo<\/a>, suivez <a href=\"https:\/\/www.africa-press.net\/\">Africa-Press<\/a><\/strong><\/p>\n","protected":false},"excerpt":{"rendered":"<p>Africa-Press &#8211; Togo. Dimanche le 23 octobre dernier, l\u2019Alliance Nationale pour le Changement (ANC) a perdu un de ses lieutenants. Il s\u2019agit de son 1er Vice-pre\u0301sident Pe\u0301 Boe\u0300vi Patrick Augustino Lawson-Banku. Dans son avis de de\u0301ce\u0300s, le pre\u0301sident du parti Jean-Pierre Fabre informe l\u2019opinion que le programme des obse\u0300ques sera communique\u0301 ulte\u0301rieurement. Mais a\u0300 compter [&hellip;]<\/p>\n","protected":false},"author":82,"featured_media":12900,"comment_status":"open","ping_status":"closed","sticky":false,"template":"","format":"standard","meta":{"footnotes":""},"categories":[2,10],"tags":[36,49,50],"class_list":["post-12901","post","type-post","status-publish","format-standard","has-post-thumbnail","hentry","category-politique","category-toutes-les-actualites","tag-africa-press","tag-africa-press-togo","tag-togo"],"yoast_head":"<!-- This site is optimized with the Yoast SEO Premium plugin v26.1 (Yoast SEO v27.0) - https:\/\/yoast.com\/product\/yoast-seo-premium-wordpress\/ -->\n<title>Togo-D\u00e9c\u00e8s de Patrick Lawson : Un livre de condol\u00e9ances ouvert d\u00e8s jeudi au si\u00e8ge de l\u2019ANC - Togo<\/title>\n<meta name=\"description\" content=\"Dimanche le 23 octobre dernier, l\u2019Alliance Nationale pour le Changement (ANC) a perdu un de ses lieutenants. Il s\u2019agi ...\" \/>\n<meta name=\"robots\" content=\"index, follow, max-snippet:-1, max-image-preview:large, max-video-preview:-1\" \/>\n<link rel=\"canonical\" href=\"https:\/\/www.africa-press.net\/togo\/politique\/togo-deces-de-patrick-lawson-un-livre-de-condoleances-ouvert-des-jeudi-au-siege-de-lanc\" \/>\n<meta property=\"og:locale\" content=\"fr_FR\" \/>\n<meta property=\"og:type\" content=\"article\" \/>\n<meta property=\"og:title\" content=\"Togo-D\u00e9c\u00e8s de Patrick Lawson : Un livre de condol\u00e9ances ouvert d\u00e8s jeudi au si\u00e8ge de l\u2019ANC\" \/>\n<meta property=\"og:description\" content=\"Dimanche le 23 octobre dernier, l\u2019Alliance Nationale pour le Changement (ANC) a perdu un de ses lieutenants. Il s\u2019agi ...\" \/>\n<meta property=\"og:url\" content=\"https:\/\/www.africa-press.net\/togo\/politique\/togo-deces-de-patrick-lawson-un-livre-de-condoleances-ouvert-des-jeudi-au-siege-de-lanc\" \/>\n<meta property=\"og:site_name\" content=\"Togo\" \/>\n<meta property=\"article:published_time\" content=\"2022-10-25T19:19:17+00:00\" \/>\n<meta property=\"article:modified_time\" content=\"2022-10-25T19:35:00+00:00\" \/>\n<meta property=\"og:image\" content=\"https:\/\/static.africa-press.net\/togo\/sites\/58\/2022\/10\/postQueueImg_5-63583a4c9f806.jpg\" \/>\n\t<meta property=\"og:image:width\" content=\"1280\" \/>\n\t<meta property=\"og:image:height\" content=\"822\" \/>\n\t<meta property=\"og:image:type\" content=\"image\/jpeg\" \/>\n<meta name=\"author\" content=\"cfeditorfr\" \/>\n<meta name=\"twitter:card\" content=\"summary_large_image\" \/>\n<meta name=\"twitter:label1\" content=\"\u00c9crit par\" \/>\n\t<meta name=\"twitter:data1\" content=\"cfeditorfr\" \/>\n\t<meta name=\"twitter:label2\" content=\"Dur\u00e9e de lecture estim\u00e9e\" \/>\n\t<meta name=\"twitter:data2\" content=\"1 minute\" \/>\n<script type=\"application\/ld+json\" class=\"yoast-schema-graph\">{\"@context\":\"https:\/\/schema.org\",\"@graph\":[{\"@type\":\"Article\",\"@id\":\"https:\/\/www.africa-press.net\/togo\/politique\/togo-deces-de-patrick-lawson-un-livre-de-condoleances-ouvert-des-jeudi-au-siege-de-lanc#article\",\"isPartOf\":{\"@id\":\"https:\/\/www.africa-press.net\/togo\/politique\/togo-deces-de-patrick-lawson-un-livre-de-condoleances-ouvert-des-jeudi-au-siege-de-lanc\"},\"author\":{\"name\":\"cfeditorfr\",\"@id\":\"https:\/\/www.africa-press.net\/togo\/#\/schema\/person\/2b1cf3cd81a31e3cd26889ca66d677f1\"},\"headline\":\"Togo-D\u00e9c\u00e8s de Patrick Lawson : Un livre de condol\u00e9ances ouvert d\u00e8s jeudi au si\u00e8ge de l\u2019ANC\",\"datePublished\":\"2022-10-25T19:19:17+00:00\",\"dateModified\":\"2022-10-25T19:35:00+00:00\",\"mainEntityOfPage\":{\"@id\":\"https:\/\/www.africa-press.net\/togo\/politique\/togo-deces-de-patrick-lawson-un-livre-de-condoleances-ouvert-des-jeudi-au-siege-de-lanc\"},\"wordCount\":165,\"commentCount\":0,\"image\":{\"@id\":\"https:\/\/www.africa-press.net\/togo\/politique\/togo-deces-de-patrick-lawson-un-livre-de-condoleances-ouvert-des-jeudi-au-siege-de-lanc#primaryimage\"},\"thumbnailUrl\":\"https:\/\/static.africa-press.net\/togo\/sites\/58\/2022\/10\/postQueueImg_5-63583a4c9f806.jpg\",\"keywords\":[\"Africa Press\",\"Africa Press-Togo\",\"Togo\"],\"articleSection\":[\"Politique\",\"Toutes les actualit\u00e9s\"],\"inLanguage\":\"fr-FR\",\"potentialAction\":[{\"@type\":\"CommentAction\",\"name\":\"Comment\",\"target\":[\"https:\/\/www.africa-press.net\/togo\/politique\/togo-deces-de-patrick-lawson-un-livre-de-condoleances-ouvert-des-jeudi-au-siege-de-lanc#respond\"]}]},{\"@type\":\"WebPage\",\"@id\":\"https:\/\/www.africa-press.net\/togo\/politique\/togo-deces-de-patrick-lawson-un-livre-de-condoleances-ouvert-des-jeudi-au-siege-de-lanc\",\"url\":\"https:\/\/www.africa-press.net\/togo\/politique\/togo-deces-de-patrick-lawson-un-livre-de-condoleances-ouvert-des-jeudi-au-siege-de-lanc\",\"name\":\"Togo-D\u00e9c\u00e8s de Patrick Lawson : Un livre de condol\u00e9ances ouvert d\u00e8s jeudi au si\u00e8ge de l\u2019ANC - Togo\",\"isPartOf\":{\"@id\":\"https:\/\/www.africa-press.net\/togo\/#website\"},\"primaryImageOfPage\":{\"@id\":\"https:\/\/www.africa-press.net\/togo\/politique\/togo-deces-de-patrick-lawson-un-livre-de-condoleances-ouvert-des-jeudi-au-siege-de-lanc#primaryimage\"},\"image\":{\"@id\":\"https:\/\/www.africa-press.net\/togo\/politique\/togo-deces-de-patrick-lawson-un-livre-de-condoleances-ouvert-des-jeudi-au-siege-de-lanc#primaryimage\"},\"thumbnailUrl\":\"https:\/\/static.africa-press.net\/togo\/sites\/58\/2022\/10\/postQueueImg_5-63583a4c9f806.jpg\",\"datePublished\":\"2022-10-25T19:19:17+00:00\",\"dateModified\":\"2022-10-25T19:35:00+00:00\",\"author\":{\"@id\":\"https:\/\/www.africa-press.net\/togo\/#\/schema\/person\/2b1cf3cd81a31e3cd26889ca66d677f1\"},\"description\":\"Dimanche le 23 octobre dernier, l\u2019Alliance Nationale pour le Changement (ANC) a perdu un de ses lieutenants. Il s\u2019agi ...\",\"breadcrumb\":{\"@id\":\"https:\/\/www.africa-press.net\/togo\/politique\/togo-deces-de-patrick-lawson-un-livre-de-condoleances-ouvert-des-jeudi-au-siege-de-lanc#breadcrumb\"},\"inLanguage\":\"fr-FR\",\"potentialAction\":[{\"@type\":\"ReadAction\",\"target\":[\"https:\/\/www.africa-press.net\/togo\/politique\/togo-deces-de-patrick-lawson-un-livre-de-condoleances-ouvert-des-jeudi-au-siege-de-lanc\"]}]},{\"@type\":\"ImageObject\",\"inLanguage\":\"fr-FR\",\"@id\":\"https:\/\/www.africa-press.net\/togo\/politique\/togo-deces-de-patrick-lawson-un-livre-de-condoleances-ouvert-des-jeudi-au-siege-de-lanc#primaryimage\",\"url\":\"https:\/\/static.africa-press.net\/togo\/sites\/58\/2022\/10\/postQueueImg_5-63583a4c9f806.jpg\",\"contentUrl\":\"https:\/\/static.africa-press.net\/togo\/sites\/58\/2022\/10\/postQueueImg_5-63583a4c9f806.jpg\",\"width\":1280,\"height\":822,\"caption\":\"Togo-D\u00e9c\u00e8s de Patrick Lawson : Un livre de condol\u00e9ances ouvert d\u00e8s jeudi au si\u00e8ge de l\u2019ANC\"},{\"@type\":\"BreadcrumbList\",\"@id\":\"https:\/\/www.africa-press.net\/togo\/politique\/togo-deces-de-patrick-lawson-un-livre-de-condoleances-ouvert-des-jeudi-au-siege-de-lanc#breadcrumb\",\"itemListElement\":[{\"@type\":\"ListItem\",\"position\":1,\"name\":\"Accueil\",\"item\":\"https:\/\/www.africa-press.net\/togo\/\"},{\"@type\":\"ListItem\",\"position\":2,\"name\":\"Togo-D\u00e9c\u00e8s de Patrick Lawson : Un livre de condol\u00e9ances ouvert d\u00e8s jeudi au si\u00e8ge de l\u2019ANC\"}]},{\"@type\":\"WebSite\",\"@id\":\"https:\/\/www.africa-press.net\/togo\/#website\",\"url\":\"https:\/\/www.africa-press.net\/togo\/\",\"name\":\"Togo\",\"description\":\"Just another Africa News Agency Sites site\",\"potentialAction\":[{\"@type\":\"SearchAction\",\"target\":{\"@type\":\"EntryPoint\",\"urlTemplate\":\"https:\/\/www.africa-press.net\/togo\/?s={search_term_string}\"},\"query-input\":{\"@type\":\"PropertyValueSpecification\",\"valueRequired\":true,\"valueName\":\"search_term_string\"}}],\"inLanguage\":\"fr-FR\"},{\"@type\":\"Person\",\"@id\":\"https:\/\/www.africa-press.net\/togo\/#\/schema\/person\/2b1cf3cd81a31e3cd26889ca66d677f1\",\"name\":\"cfeditorfr\"}]}<\/script>\n<!-- \/ Yoast SEO Premium plugin. -->","yoast_head_json":{"title":"Togo-D\u00e9c\u00e8s de Patrick Lawson : Un livre de condol\u00e9ances ouvert d\u00e8s jeudi au si\u00e8ge de l\u2019ANC - Togo","description":"Dimanche le 23 octobre dernier, l\u2019Alliance Nationale pour le Changement (ANC) a perdu un de ses lieutenants. Il s\u2019agi ...","robots":{"index":"index","follow":"follow","max-snippet":"max-snippet:-1","max-image-preview":"max-image-preview:large","max-video-preview":"max-video-preview:-1"},"canonical":"https:\/\/www.africa-press.net\/togo\/politique\/togo-deces-de-patrick-lawson-un-livre-de-condoleances-ouvert-des-jeudi-au-siege-de-lanc","og_locale":"fr_FR","og_type":"article","og_title":"Togo-D\u00e9c\u00e8s de Patrick Lawson : Un livre de condol\u00e9ances ouvert d\u00e8s jeudi au si\u00e8ge de l\u2019ANC","og_description":"Dimanche le 23 octobre dernier, l\u2019Alliance Nationale pour le Changement (ANC) a perdu un de ses lieutenants. Il s\u2019agi ...","og_url":"https:\/\/www.africa-press.net\/togo\/politique\/togo-deces-de-patrick-lawson-un-livre-de-condoleances-ouvert-des-jeudi-au-siege-de-lanc","og_site_name":"Togo","article_published_time":"2022-10-25T19:19:17+00:00","article_modified_time":"2022-10-25T19:35:00+00:00","og_image":[{"width":1280,"height":822,"url":"https:\/\/static.africa-press.net\/togo\/sites\/58\/2022\/10\/postQueueImg_5-63583a4c9f806.jpg","type":"image\/jpeg"}],"author":"cfeditorfr","twitter_card":"summary_large_image","twitter_misc":{"\u00c9crit par":"cfeditorfr","Dur\u00e9e de lecture estim\u00e9e":"1 minute"},"schema":{"@context":"https:\/\/schema.org","@graph":[{"@type":"Article","@id":"https:\/\/www.africa-press.net\/togo\/politique\/togo-deces-de-patrick-lawson-un-livre-de-condoleances-ouvert-des-jeudi-au-siege-de-lanc#article","isPartOf":{"@id":"https:\/\/www.africa-press.net\/togo\/politique\/togo-deces-de-patrick-lawson-un-livre-de-condoleances-ouvert-des-jeudi-au-siege-de-lanc"},"author":{"name":"cfeditorfr","@id":"https:\/\/www.africa-press.net\/togo\/#\/schema\/person\/2b1cf3cd81a31e3cd26889ca66d677f1"},"headline":"Togo-D\u00e9c\u00e8s de Patrick Lawson : Un livre de condol\u00e9ances ouvert d\u00e8s jeudi au si\u00e8ge de l\u2019ANC","datePublished":"2022-10-25T19:19:17+00:00","dateModified":"2022-10-25T19:35:00+00:00","mainEntityOfPage":{"@id":"https:\/\/www.africa-press.net\/togo\/politique\/togo-deces-de-patrick-lawson-un-livre-de-condoleances-ouvert-des-jeudi-au-siege-de-lanc"},"wordCount":165,"commentCount":0,"image":{"@id":"https:\/\/www.africa-press.net\/togo\/politique\/togo-deces-de-patrick-lawson-un-livre-de-condoleances-ouvert-des-jeudi-au-siege-de-lanc#primaryimage"},"thumbnailUrl":"https:\/\/static.africa-press.net\/togo\/sites\/58\/2022\/10\/postQueueImg_5-63583a4c9f806.jpg","keywords":["Africa Press","Africa Press-Togo","Togo"],"articleSection":["Politique","Toutes les actualit\u00e9s"],"inLanguage":"fr-FR","potentialAction":[{"@type":"CommentAction","name":"Comment","target":["https:\/\/www.africa-press.net\/togo\/politique\/togo-deces-de-patrick-lawson-un-livre-de-condoleances-ouvert-des-jeudi-au-siege-de-lanc#respond"]}]},{"@type":"WebPage","@id":"https:\/\/www.africa-press.net\/togo\/politique\/togo-deces-de-patrick-lawson-un-livre-de-condoleances-ouvert-des-jeudi-au-siege-de-lanc","url":"https:\/\/www.africa-press.net\/togo\/politique\/togo-deces-de-patrick-lawson-un-livre-de-condoleances-ouvert-des-jeudi-au-siege-de-lanc","name":"Togo-D\u00e9c\u00e8s de Patrick Lawson : Un livre de condol\u00e9ances ouvert d\u00e8s jeudi au si\u00e8ge de l\u2019ANC - Togo","isPartOf":{"@id":"https:\/\/www.africa-press.net\/togo\/#website"},"primaryImageOfPage":{"@id":"https:\/\/www.africa-press.net\/togo\/politique\/togo-deces-de-patrick-lawson-un-livre-de-condoleances-ouvert-des-jeudi-au-siege-de-lanc#primaryimage"},"image":{"@id":"https:\/\/www.africa-press.net\/togo\/politique\/togo-deces-de-patrick-lawson-un-livre-de-condoleances-ouvert-des-jeudi-au-siege-de-lanc#primaryimage"},"thumbnailUrl":"https:\/\/static.africa-press.net\/togo\/sites\/58\/2022\/10\/postQueueImg_5-63583a4c9f806.jpg","datePublished":"2022-10-25T19:19:17+00:00","dateModified":"2022-10-25T19:35:00+00:00","author":{"@id":"https:\/\/www.africa-press.net\/togo\/#\/schema\/person\/2b1cf3cd81a31e3cd26889ca66d677f1"},"description":"Dimanche le 23 octobre dernier, l\u2019Alliance Nationale pour le Changement (ANC) a perdu un de ses lieutenants. Il s\u2019agi ...","breadcrumb":{"@id":"https:\/\/www.africa-press.net\/togo\/politique\/togo-deces-de-patrick-lawson-un-livre-de-condoleances-ouvert-des-jeudi-au-siege-de-lanc#breadcrumb"},"inLanguage":"fr-FR","potentialAction":[{"@type":"ReadAction","target":["https:\/\/www.africa-press.net\/togo\/politique\/togo-deces-de-patrick-lawson-un-livre-de-condoleances-ouvert-des-jeudi-au-siege-de-lanc"]}]},{"@type":"ImageObject","inLanguage":"fr-FR","@id":"https:\/\/www.africa-press.net\/togo\/politique\/togo-deces-de-patrick-lawson-un-livre-de-condoleances-ouvert-des-jeudi-au-siege-de-lanc#primaryimage","url":"https:\/\/static.africa-press.net\/togo\/sites\/58\/2022\/10\/postQueueImg_5-63583a4c9f806.jpg","contentUrl":"https:\/\/static.africa-press.net\/togo\/sites\/58\/2022\/10\/postQueueImg_5-63583a4c9f806.jpg","width":1280,"height":822,"caption":"Togo-D\u00e9c\u00e8s de Patrick Lawson : Un livre de condol\u00e9ances ouvert d\u00e8s jeudi au si\u00e8ge de l\u2019ANC"},{"@type":"BreadcrumbList","@id":"https:\/\/www.africa-press.net\/togo\/politique\/togo-deces-de-patrick-lawson-un-livre-de-condoleances-ouvert-des-jeudi-au-siege-de-lanc#breadcrumb","itemListElement":[{"@type":"ListItem","position":1,"name":"Accueil","item":"https:\/\/www.africa-press.net\/togo\/"},{"@type":"ListItem","position":2,"name":"Togo-D\u00e9c\u00e8s de Patrick Lawson : Un livre de condol\u00e9ances ouvert d\u00e8s jeudi au si\u00e8ge de l\u2019ANC"}]},{"@type":"WebSite","@id":"https:\/\/www.africa-press.net\/togo\/#website","url":"https:\/\/www.africa-press.net\/togo\/","name":"Togo","description":"Just another Africa News Agency Sites site","potentialAction":[{"@type":"SearchAction","target":{"@type":"EntryPoint","urlTemplate":"https:\/\/www.africa-press.net\/togo\/?s={search_term_string}"},"query-input":{"@type":"PropertyValueSpecification","valueRequired":true,"valueName":"search_term_string"}}],"inLanguage":"fr-FR"},{"@type":"Person","@id":"https:\/\/www.africa-press.net\/togo\/#\/schema\/person\/2b1cf3cd81a31e3cd26889ca66d677f1","name":"cfeditorfr"}]}},"_links":{"self":[{"href":"https:\/\/www.africa-press.net\/togo\/wp-json\/wp\/v2\/posts\/12901","targetHints":{"allow":["GET"]}}],"collection":[{"href":"https:\/\/www.africa-press.net\/togo\/wp-json\/wp\/v2\/posts"}],"about":[{"href":"https:\/\/www.africa-press.net\/togo\/wp-json\/wp\/v2\/types\/post"}],"author":[{"embeddable":true,"href":"https:\/\/www.africa-press.net\/togo\/wp-json\/wp\/v2\/users\/82"}],"replies":[{"embeddable":true,"href":"https:\/\/www.africa-press.net\/togo\/wp-json\/wp\/v2\/comments?post=12901"}],"version-history":[{"count":0,"href":"https:\/\/www.africa-press.net\/togo\/wp-json\/wp\/v2\/posts\/12901\/revisions"}],"wp:featuredmedia":[{"embeddable":true,"href":"https:\/\/www.africa-press.net\/togo\/wp-json\/wp\/v2\/media\/12900"}],"wp:attachment":[{"href":"https:\/\/www.africa-press.net\/togo\/wp-json\/wp\/v2\/media?parent=12901"}],"wp:term":[{"taxonomy":"category","embeddable":true,"href":"https:\/\/www.africa-press.net\/togo\/wp-json\/wp\/v2\/categories?post=12901"},{"taxonomy":"post_tag","embeddable":true,"href":"https:\/\/www.africa-press.net\/togo\/wp-json\/wp\/v2\/tags?post=12901"}],"curies":[{"name":"wp","href":"https:\/\/api.w.org\/{rel}","templated":true}]}}