{"id":12907,"date":"2022-10-25T19:19:41","date_gmt":"2022-10-25T19:19:41","guid":{"rendered":"https:\/\/www.africa-press.net\/togo\/politique\/cedeao-forum-de-sur-leducation-a-la-culture-de-la-paix-par-le-dialogue-intra-et-inter-religieux-lome-accueille-la-3e-edition"},"modified":"2022-10-25T19:36:10","modified_gmt":"2022-10-25T19:36:10","slug":"cedeao-forum-de-sur-leducation-a-la-culture-de-la-paix-par-le-dialogue-intra-et-inter-religieux-lome-accueille-la-3e-edition","status":"publish","type":"post","link":"https:\/\/www.africa-press.net\/togo\/politique\/cedeao-forum-de-sur-leducation-a-la-culture-de-la-paix-par-le-dialogue-intra-et-inter-religieux-lome-accueille-la-3e-edition","title":{"rendered":"CEDEAO : Forum de sur l\u2019\u00e9ducation \u00e0 la culture de la paix par le dialogue intra et inter-religieux : Lom\u00e9 accueille la 3e \u00e9dition"},"content":{"rendered":"<p><span style=\"color: #ff6600\"><strong>Africa-Press &#8211; Togo. <\/strong><\/span><b>Lome\u0301 la capitale togolaise accueille, du 27 au 29 octobre prochains, le 3em forum de la Communaute\u0301 e\u0301conomique des Etats de l\u2019Afrique de l\u2019Ouest (CEDEAO) sur l\u2019e\u0301ducation a\u0300 la culture de la paix par le dialogue intra et inter-religieux. Le the\u0300me retenu pour l\u2019e\u0301ve\u0300nement est : \u00ab Communaute\u0301s, extre\u0301misme violent et cohe\u0301sion sociale en Afrique de l\u2019Ouest \u00bb.<\/b><\/p>\n<p>La rencontre sera organise\u0301e conjointement par le De\u0301partement en charge du De\u0301veloppement Humain et des Affaires Sociales de la CEDEAO et la Re\u0301publique togolaise. Elle re\u0301unira une centaine d\u2019acteurs de divers courants religieux des Etats membres de la CEDEAO, notamment des leaders religieux, des responsables politiques, des jeunes, des repre\u0301sentants de la socie\u0301te\u0301 civile et des personnes ressources.<\/p>\n<p>Ce forum intervient au moment ou\u0300 la re\u0301gion ouest-africaine fait face a\u0300 de nombreuses et meurtrie\u0300res attaques terroristes, du fait de l\u2019instrumentalisation de la religion a\u0300 des fins ide\u0301ologiques, politiques, e\u0301conomiques ou sociales. Ces deux dernie\u0300res anne\u0301es, les efforts de pacification de la CEDEAO et des Etats membres concerne\u0301s par le phe\u0301nome\u0300ne de terrorisme sont demeure\u0301s vains, avec une recrudescence des incidents violents dans la re\u0301gion. Le terrorisme s\u2019est beaucoup renforce\u0301, avec une force de frappe beaucoup plus efficace et plus e\u0301tendue, menac\u0327ant des pays qui, jusque-la\u0300, e\u0301taient e\u0301pargne\u0301s.<\/p>\n<p>Cette 3e\u0300me e\u0301dition parraine\u0301e par Cheikh Serigne Babacar Sy Mansour Khalife, ge\u0301ne\u0301ral des Tidianes au Se\u0301ne\u0301gal, SE Monseigneur Edward Tamba CHARLES, Archeve\u0302que de Freetown en Sierra Le\u0301one et Son Altesse Nana Kobina Nketsia V, Chef supre\u0302me de la re\u0301gion traditionnelle d\u2019Essikado au Ghana, a pour ambition de trouver des me\u0301canismes de dialogue entre les diffe\u0301rentes communaute\u0301s religieuses, dans le but de faciliter la compre\u0301hension mutuelle et de cultiver l\u2019esprit de tole\u0301rance et de coexistence pacifique par l\u2019e\u0301ducation a\u0300 la culture de la paix.<\/p>\n<p>La rencontre de Lome\u0301 devrait permettre ainsi aux participants de mieux comprendre les causes de l\u2019intole\u0301rance religieuse en Afrique de l\u2019Ouest, de me\u0302me que les fondements religieux et culturels de la culture de la paix. Elle servira e\u0301galement de cadre a\u0300 la cre\u0301ation d\u2019une plateforme re\u0301gionale interreligieuse de pre\u0301vention et de re\u0300glement pacifiques de conflits au moment ou\u0300 l\u2019extre\u0301misme violent reste une menace de plus en plus e\u0301leve\u0301e dans la re\u0301gion CEDEAO et qu\u2019il y a de\u0301sormais un consensus sur le fait que les ope\u0301rations militaires et les mesures de se\u0301curite\u0301 ne suffisent pas a\u0300 elles seules a\u0300 re\u0301soudre ce de\u0301fi.<\/p>\n<p>Cette activite\u0301 vient de\u0301monter l\u2019engagement de la CEDEAO dans la promotion de me\u0301canismes de dialogue a\u0300 travers l\u2019organisation en 2016 et en 2018, a\u0300 Niamey au Niger, de la 1e\u0300re et de la 2e\u0300me e\u0301dition du Forum re\u0301gional sur l\u2019e\u0301ducation a\u0300 la culture de la paix, a\u0300 travers le dialogue intra et inter religieux.<\/p>\n<p>L\u2019organisation Ouest africaine a aussi de\u0301veloppe\u0301 des curricula et modules de formations en anglais, franc\u0327ais, portugais, qui ont e\u0301te\u0301 traduits dans plusieurs langues nationales de l\u2019espace et inte\u0301gre\u0301s dans le manuel de re\u0301fe\u0301rence de la CEDEAO sur l\u2019Education a\u0300 la culture de la paix. Elle a par ailleurs mis en place un programme de formation des formateurs des imams, des enseignants des e\u0301coles madrasa et des pre\u0301dicateurs sur la lutte contre l\u2019extre\u0301misme violent et la radicalisation, dont ont de\u0301ja\u0300 be\u0301ne\u0301ficie\u0301, le Nige\u0301ria, le Niger, le Burkina Faso, le Mali et la Co\u0302te d\u2019Ivoire.<\/p>\n<p>Toutes ces activite\u0301s de la CEDEAO de\u0301coulent de son Protocole du 10 de\u0301cembre 1999 relatif au Me\u0301canisme de pre\u0301vention, de gestion, de re\u0300glement des conflits, de maintien de la paix et de la se\u0301curite\u0301, et tout dernie\u0300rement du Plan d\u2019actions prioritaires 2020-2024 pour e\u0301radiquer le Terrorisme dans l\u2019espace communautaire.<\/p>\n<p><strong>Pour plus d&rsquo;informations et d&rsquo;analyses sur la <a href=\"https:\/\/www.africa-press.net\/togo\">Togo<\/a>, suivez <a href=\"https:\/\/www.africa-press.net\/\">Africa-Press<\/a><\/strong><\/p>\n","protected":false},"excerpt":{"rendered":"<p>Africa-Press &#8211; Togo. Lome\u0301 la capitale togolaise accueille, du 27 au 29 octobre prochains, le 3em forum de la Communaute\u0301 e\u0301conomique des Etats de l\u2019Afrique de l\u2019Ouest (CEDEAO) sur l\u2019e\u0301ducation a\u0300 la culture de la paix par le dialogue intra et inter-religieux. Le the\u0300me retenu pour l\u2019e\u0301ve\u0300nement est : \u00ab Communaute\u0301s, extre\u0301misme violent et cohe\u0301sion [&hellip;]<\/p>\n","protected":false},"author":82,"featured_media":12906,"comment_status":"open","ping_status":"closed","sticky":false,"template":"","format":"standard","meta":{"footnotes":""},"categories":[2,10],"tags":[36,49,50],"class_list":["post-12907","post","type-post","status-publish","format-standard","has-post-thumbnail","hentry","category-politique","category-toutes-les-actualites","tag-africa-press","tag-africa-press-togo","tag-togo"],"yoast_head":"<!-- This site is optimized with the Yoast SEO Premium plugin v26.1 (Yoast SEO v27.0) - https:\/\/yoast.com\/product\/yoast-seo-premium-wordpress\/ -->\n<title>CEDEAO : Forum de sur l\u2019\u00e9ducation \u00e0 la culture de la paix par le dialogue intra et inter-religieux : Lom\u00e9 accueille la 3e \u00e9dition - Togo<\/title>\n<meta name=\"description\" content=\"Lome\u0301 la capitale togolaise accueille, du 27 au 29 octobre prochains, le 3em forum de la Communaute\u0301 e\u0301conomique des ...\" \/>\n<meta name=\"robots\" content=\"index, follow, max-snippet:-1, max-image-preview:large, max-video-preview:-1\" \/>\n<link rel=\"canonical\" href=\"https:\/\/www.africa-press.net\/togo\/politique\/cedeao-forum-de-sur-leducation-a-la-culture-de-la-paix-par-le-dialogue-intra-et-inter-religieux-lome-accueille-la-3e-edition\" \/>\n<meta property=\"og:locale\" content=\"fr_FR\" \/>\n<meta property=\"og:type\" content=\"article\" \/>\n<meta property=\"og:title\" content=\"CEDEAO : Forum de sur l\u2019\u00e9ducation \u00e0 la culture de la paix par le dialogue intra et inter-religieux : Lom\u00e9 accueille la 3e \u00e9dition\" \/>\n<meta property=\"og:description\" content=\"Lome\u0301 la capitale togolaise accueille, du 27 au 29 octobre prochains, le 3em forum de la Communaute\u0301 e\u0301conomique des ...\" \/>\n<meta property=\"og:url\" content=\"https:\/\/www.africa-press.net\/togo\/politique\/cedeao-forum-de-sur-leducation-a-la-culture-de-la-paix-par-le-dialogue-intra-et-inter-religieux-lome-accueille-la-3e-edition\" \/>\n<meta property=\"og:site_name\" content=\"Togo\" \/>\n<meta property=\"article:published_time\" content=\"2022-10-25T19:19:41+00:00\" \/>\n<meta property=\"article:modified_time\" content=\"2022-10-25T19:36:10+00:00\" \/>\n<meta property=\"og:image\" content=\"https:\/\/static.africa-press.net\/togo\/sites\/58\/2022\/10\/postQueueImg_7-63583a8c1c3c1.jpg\" \/>\n\t<meta property=\"og:image:width\" content=\"1280\" \/>\n\t<meta property=\"og:image:height\" content=\"800\" \/>\n\t<meta property=\"og:image:type\" content=\"image\/jpeg\" \/>\n<meta name=\"author\" content=\"cfeditorfr\" \/>\n<meta name=\"twitter:card\" content=\"summary_large_image\" \/>\n<meta name=\"twitter:label1\" content=\"\u00c9crit par\" \/>\n\t<meta name=\"twitter:data1\" content=\"cfeditorfr\" \/>\n\t<meta name=\"twitter:label2\" content=\"Dur\u00e9e de lecture estim\u00e9e\" \/>\n\t<meta name=\"twitter:data2\" content=\"4 minutes\" \/>\n<script type=\"application\/ld+json\" class=\"yoast-schema-graph\">{\"@context\":\"https:\/\/schema.org\",\"@graph\":[{\"@type\":\"Article\",\"@id\":\"https:\/\/www.africa-press.net\/togo\/politique\/cedeao-forum-de-sur-leducation-a-la-culture-de-la-paix-par-le-dialogue-intra-et-inter-religieux-lome-accueille-la-3e-edition#article\",\"isPartOf\":{\"@id\":\"https:\/\/www.africa-press.net\/togo\/politique\/cedeao-forum-de-sur-leducation-a-la-culture-de-la-paix-par-le-dialogue-intra-et-inter-religieux-lome-accueille-la-3e-edition\"},\"author\":{\"name\":\"cfeditorfr\",\"@id\":\"https:\/\/www.africa-press.net\/togo\/#\/schema\/person\/2b1cf3cd81a31e3cd26889ca66d677f1\"},\"headline\":\"CEDEAO : Forum de sur l\u2019\u00e9ducation \u00e0 la culture de la paix par le dialogue intra et inter-religieux : Lom\u00e9 accueille la 3e \u00e9dition\",\"datePublished\":\"2022-10-25T19:19:41+00:00\",\"dateModified\":\"2022-10-25T19:36:10+00:00\",\"mainEntityOfPage\":{\"@id\":\"https:\/\/www.africa-press.net\/togo\/politique\/cedeao-forum-de-sur-leducation-a-la-culture-de-la-paix-par-le-dialogue-intra-et-inter-religieux-lome-accueille-la-3e-edition\"},\"wordCount\":734,\"commentCount\":0,\"image\":{\"@id\":\"https:\/\/www.africa-press.net\/togo\/politique\/cedeao-forum-de-sur-leducation-a-la-culture-de-la-paix-par-le-dialogue-intra-et-inter-religieux-lome-accueille-la-3e-edition#primaryimage\"},\"thumbnailUrl\":\"https:\/\/static.africa-press.net\/togo\/sites\/58\/2022\/10\/postQueueImg_7-63583a8c1c3c1.jpg\",\"keywords\":[\"Africa Press\",\"Africa Press-Togo\",\"Togo\"],\"articleSection\":[\"Politique\",\"Toutes les actualit\u00e9s\"],\"inLanguage\":\"fr-FR\",\"potentialAction\":[{\"@type\":\"CommentAction\",\"name\":\"Comment\",\"target\":[\"https:\/\/www.africa-press.net\/togo\/politique\/cedeao-forum-de-sur-leducation-a-la-culture-de-la-paix-par-le-dialogue-intra-et-inter-religieux-lome-accueille-la-3e-edition#respond\"]}]},{\"@type\":\"WebPage\",\"@id\":\"https:\/\/www.africa-press.net\/togo\/politique\/cedeao-forum-de-sur-leducation-a-la-culture-de-la-paix-par-le-dialogue-intra-et-inter-religieux-lome-accueille-la-3e-edition\",\"url\":\"https:\/\/www.africa-press.net\/togo\/politique\/cedeao-forum-de-sur-leducation-a-la-culture-de-la-paix-par-le-dialogue-intra-et-inter-religieux-lome-accueille-la-3e-edition\",\"name\":\"CEDEAO : Forum de sur l\u2019\u00e9ducation \u00e0 la culture de la paix par le dialogue intra et inter-religieux : Lom\u00e9 accueille la 3e \u00e9dition - Togo\",\"isPartOf\":{\"@id\":\"https:\/\/www.africa-press.net\/togo\/#website\"},\"primaryImageOfPage\":{\"@id\":\"https:\/\/www.africa-press.net\/togo\/politique\/cedeao-forum-de-sur-leducation-a-la-culture-de-la-paix-par-le-dialogue-intra-et-inter-religieux-lome-accueille-la-3e-edition#primaryimage\"},\"image\":{\"@id\":\"https:\/\/www.africa-press.net\/togo\/politique\/cedeao-forum-de-sur-leducation-a-la-culture-de-la-paix-par-le-dialogue-intra-et-inter-religieux-lome-accueille-la-3e-edition#primaryimage\"},\"thumbnailUrl\":\"https:\/\/static.africa-press.net\/togo\/sites\/58\/2022\/10\/postQueueImg_7-63583a8c1c3c1.jpg\",\"datePublished\":\"2022-10-25T19:19:41+00:00\",\"dateModified\":\"2022-10-25T19:36:10+00:00\",\"author\":{\"@id\":\"https:\/\/www.africa-press.net\/togo\/#\/schema\/person\/2b1cf3cd81a31e3cd26889ca66d677f1\"},\"description\":\"Lome\u0301 la capitale togolaise accueille, du 27 au 29 octobre prochains, le 3em forum de la Communaute\u0301 e\u0301conomique des ...\",\"breadcrumb\":{\"@id\":\"https:\/\/www.africa-press.net\/togo\/politique\/cedeao-forum-de-sur-leducation-a-la-culture-de-la-paix-par-le-dialogue-intra-et-inter-religieux-lome-accueille-la-3e-edition#breadcrumb\"},\"inLanguage\":\"fr-FR\",\"potentialAction\":[{\"@type\":\"ReadAction\",\"target\":[\"https:\/\/www.africa-press.net\/togo\/politique\/cedeao-forum-de-sur-leducation-a-la-culture-de-la-paix-par-le-dialogue-intra-et-inter-religieux-lome-accueille-la-3e-edition\"]}]},{\"@type\":\"ImageObject\",\"inLanguage\":\"fr-FR\",\"@id\":\"https:\/\/www.africa-press.net\/togo\/politique\/cedeao-forum-de-sur-leducation-a-la-culture-de-la-paix-par-le-dialogue-intra-et-inter-religieux-lome-accueille-la-3e-edition#primaryimage\",\"url\":\"https:\/\/static.africa-press.net\/togo\/sites\/58\/2022\/10\/postQueueImg_7-63583a8c1c3c1.jpg\",\"contentUrl\":\"https:\/\/static.africa-press.net\/togo\/sites\/58\/2022\/10\/postQueueImg_7-63583a8c1c3c1.jpg\",\"width\":1280,\"height\":800,\"caption\":\"CEDEAO : Forum de sur l\u2019\u00e9ducation \u00e0 la culture de la paix par le dialogue intra et inter-religieux : Lom\u00e9 accueille la 3e \u00e9dition\"},{\"@type\":\"BreadcrumbList\",\"@id\":\"https:\/\/www.africa-press.net\/togo\/politique\/cedeao-forum-de-sur-leducation-a-la-culture-de-la-paix-par-le-dialogue-intra-et-inter-religieux-lome-accueille-la-3e-edition#breadcrumb\",\"itemListElement\":[{\"@type\":\"ListItem\",\"position\":1,\"name\":\"Accueil\",\"item\":\"https:\/\/www.africa-press.net\/togo\/\"},{\"@type\":\"ListItem\",\"position\":2,\"name\":\"CEDEAO : Forum de sur l\u2019\u00e9ducation \u00e0 la culture de la paix par le dialogue intra et inter-religieux : Lom\u00e9 accueille la 3e \u00e9dition\"}]},{\"@type\":\"WebSite\",\"@id\":\"https:\/\/www.africa-press.net\/togo\/#website\",\"url\":\"https:\/\/www.africa-press.net\/togo\/\",\"name\":\"Togo\",\"description\":\"Just another Africa News Agency Sites site\",\"potentialAction\":[{\"@type\":\"SearchAction\",\"target\":{\"@type\":\"EntryPoint\",\"urlTemplate\":\"https:\/\/www.africa-press.net\/togo\/?s={search_term_string}\"},\"query-input\":{\"@type\":\"PropertyValueSpecification\",\"valueRequired\":true,\"valueName\":\"search_term_string\"}}],\"inLanguage\":\"fr-FR\"},{\"@type\":\"Person\",\"@id\":\"https:\/\/www.africa-press.net\/togo\/#\/schema\/person\/2b1cf3cd81a31e3cd26889ca66d677f1\",\"name\":\"cfeditorfr\"}]}<\/script>\n<!-- \/ Yoast SEO Premium plugin. -->","yoast_head_json":{"title":"CEDEAO : Forum de sur l\u2019\u00e9ducation \u00e0 la culture de la paix par le dialogue intra et inter-religieux : Lom\u00e9 accueille la 3e \u00e9dition - Togo","description":"Lome\u0301 la capitale togolaise accueille, du 27 au 29 octobre prochains, le 3em forum de la Communaute\u0301 e\u0301conomique des ...","robots":{"index":"index","follow":"follow","max-snippet":"max-snippet:-1","max-image-preview":"max-image-preview:large","max-video-preview":"max-video-preview:-1"},"canonical":"https:\/\/www.africa-press.net\/togo\/politique\/cedeao-forum-de-sur-leducation-a-la-culture-de-la-paix-par-le-dialogue-intra-et-inter-religieux-lome-accueille-la-3e-edition","og_locale":"fr_FR","og_type":"article","og_title":"CEDEAO : Forum de sur l\u2019\u00e9ducation \u00e0 la culture de la paix par le dialogue intra et inter-religieux : Lom\u00e9 accueille la 3e \u00e9dition","og_description":"Lome\u0301 la capitale togolaise accueille, du 27 au 29 octobre prochains, le 3em forum de la Communaute\u0301 e\u0301conomique des ...","og_url":"https:\/\/www.africa-press.net\/togo\/politique\/cedeao-forum-de-sur-leducation-a-la-culture-de-la-paix-par-le-dialogue-intra-et-inter-religieux-lome-accueille-la-3e-edition","og_site_name":"Togo","article_published_time":"2022-10-25T19:19:41+00:00","article_modified_time":"2022-10-25T19:36:10+00:00","og_image":[{"width":1280,"height":800,"url":"https:\/\/static.africa-press.net\/togo\/sites\/58\/2022\/10\/postQueueImg_7-63583a8c1c3c1.jpg","type":"image\/jpeg"}],"author":"cfeditorfr","twitter_card":"summary_large_image","twitter_misc":{"\u00c9crit par":"cfeditorfr","Dur\u00e9e de lecture estim\u00e9e":"4 minutes"},"schema":{"@context":"https:\/\/schema.org","@graph":[{"@type":"Article","@id":"https:\/\/www.africa-press.net\/togo\/politique\/cedeao-forum-de-sur-leducation-a-la-culture-de-la-paix-par-le-dialogue-intra-et-inter-religieux-lome-accueille-la-3e-edition#article","isPartOf":{"@id":"https:\/\/www.africa-press.net\/togo\/politique\/cedeao-forum-de-sur-leducation-a-la-culture-de-la-paix-par-le-dialogue-intra-et-inter-religieux-lome-accueille-la-3e-edition"},"author":{"name":"cfeditorfr","@id":"https:\/\/www.africa-press.net\/togo\/#\/schema\/person\/2b1cf3cd81a31e3cd26889ca66d677f1"},"headline":"CEDEAO : Forum de sur l\u2019\u00e9ducation \u00e0 la culture de la paix par le dialogue intra et inter-religieux : Lom\u00e9 accueille la 3e \u00e9dition","datePublished":"2022-10-25T19:19:41+00:00","dateModified":"2022-10-25T19:36:10+00:00","mainEntityOfPage":{"@id":"https:\/\/www.africa-press.net\/togo\/politique\/cedeao-forum-de-sur-leducation-a-la-culture-de-la-paix-par-le-dialogue-intra-et-inter-religieux-lome-accueille-la-3e-edition"},"wordCount":734,"commentCount":0,"image":{"@id":"https:\/\/www.africa-press.net\/togo\/politique\/cedeao-forum-de-sur-leducation-a-la-culture-de-la-paix-par-le-dialogue-intra-et-inter-religieux-lome-accueille-la-3e-edition#primaryimage"},"thumbnailUrl":"https:\/\/static.africa-press.net\/togo\/sites\/58\/2022\/10\/postQueueImg_7-63583a8c1c3c1.jpg","keywords":["Africa Press","Africa Press-Togo","Togo"],"articleSection":["Politique","Toutes les actualit\u00e9s"],"inLanguage":"fr-FR","potentialAction":[{"@type":"CommentAction","name":"Comment","target":["https:\/\/www.africa-press.net\/togo\/politique\/cedeao-forum-de-sur-leducation-a-la-culture-de-la-paix-par-le-dialogue-intra-et-inter-religieux-lome-accueille-la-3e-edition#respond"]}]},{"@type":"WebPage","@id":"https:\/\/www.africa-press.net\/togo\/politique\/cedeao-forum-de-sur-leducation-a-la-culture-de-la-paix-par-le-dialogue-intra-et-inter-religieux-lome-accueille-la-3e-edition","url":"https:\/\/www.africa-press.net\/togo\/politique\/cedeao-forum-de-sur-leducation-a-la-culture-de-la-paix-par-le-dialogue-intra-et-inter-religieux-lome-accueille-la-3e-edition","name":"CEDEAO : Forum de sur l\u2019\u00e9ducation \u00e0 la culture de la paix par le dialogue intra et inter-religieux : Lom\u00e9 accueille la 3e \u00e9dition - Togo","isPartOf":{"@id":"https:\/\/www.africa-press.net\/togo\/#website"},"primaryImageOfPage":{"@id":"https:\/\/www.africa-press.net\/togo\/politique\/cedeao-forum-de-sur-leducation-a-la-culture-de-la-paix-par-le-dialogue-intra-et-inter-religieux-lome-accueille-la-3e-edition#primaryimage"},"image":{"@id":"https:\/\/www.africa-press.net\/togo\/politique\/cedeao-forum-de-sur-leducation-a-la-culture-de-la-paix-par-le-dialogue-intra-et-inter-religieux-lome-accueille-la-3e-edition#primaryimage"},"thumbnailUrl":"https:\/\/static.africa-press.net\/togo\/sites\/58\/2022\/10\/postQueueImg_7-63583a8c1c3c1.jpg","datePublished":"2022-10-25T19:19:41+00:00","dateModified":"2022-10-25T19:36:10+00:00","author":{"@id":"https:\/\/www.africa-press.net\/togo\/#\/schema\/person\/2b1cf3cd81a31e3cd26889ca66d677f1"},"description":"Lome\u0301 la capitale togolaise accueille, du 27 au 29 octobre prochains, le 3em forum de la Communaute\u0301 e\u0301conomique des ...","breadcrumb":{"@id":"https:\/\/www.africa-press.net\/togo\/politique\/cedeao-forum-de-sur-leducation-a-la-culture-de-la-paix-par-le-dialogue-intra-et-inter-religieux-lome-accueille-la-3e-edition#breadcrumb"},"inLanguage":"fr-FR","potentialAction":[{"@type":"ReadAction","target":["https:\/\/www.africa-press.net\/togo\/politique\/cedeao-forum-de-sur-leducation-a-la-culture-de-la-paix-par-le-dialogue-intra-et-inter-religieux-lome-accueille-la-3e-edition"]}]},{"@type":"ImageObject","inLanguage":"fr-FR","@id":"https:\/\/www.africa-press.net\/togo\/politique\/cedeao-forum-de-sur-leducation-a-la-culture-de-la-paix-par-le-dialogue-intra-et-inter-religieux-lome-accueille-la-3e-edition#primaryimage","url":"https:\/\/static.africa-press.net\/togo\/sites\/58\/2022\/10\/postQueueImg_7-63583a8c1c3c1.jpg","contentUrl":"https:\/\/static.africa-press.net\/togo\/sites\/58\/2022\/10\/postQueueImg_7-63583a8c1c3c1.jpg","width":1280,"height":800,"caption":"CEDEAO : Forum de sur l\u2019\u00e9ducation \u00e0 la culture de la paix par le dialogue intra et inter-religieux : Lom\u00e9 accueille la 3e \u00e9dition"},{"@type":"BreadcrumbList","@id":"https:\/\/www.africa-press.net\/togo\/politique\/cedeao-forum-de-sur-leducation-a-la-culture-de-la-paix-par-le-dialogue-intra-et-inter-religieux-lome-accueille-la-3e-edition#breadcrumb","itemListElement":[{"@type":"ListItem","position":1,"name":"Accueil","item":"https:\/\/www.africa-press.net\/togo\/"},{"@type":"ListItem","position":2,"name":"CEDEAO : Forum de sur l\u2019\u00e9ducation \u00e0 la culture de la paix par le dialogue intra et inter-religieux : Lom\u00e9 accueille la 3e \u00e9dition"}]},{"@type":"WebSite","@id":"https:\/\/www.africa-press.net\/togo\/#website","url":"https:\/\/www.africa-press.net\/togo\/","name":"Togo","description":"Just another Africa News Agency Sites site","potentialAction":[{"@type":"SearchAction","target":{"@type":"EntryPoint","urlTemplate":"https:\/\/www.africa-press.net\/togo\/?s={search_term_string}"},"query-input":{"@type":"PropertyValueSpecification","valueRequired":true,"valueName":"search_term_string"}}],"inLanguage":"fr-FR"},{"@type":"Person","@id":"https:\/\/www.africa-press.net\/togo\/#\/schema\/person\/2b1cf3cd81a31e3cd26889ca66d677f1","name":"cfeditorfr"}]}},"_links":{"self":[{"href":"https:\/\/www.africa-press.net\/togo\/wp-json\/wp\/v2\/posts\/12907","targetHints":{"allow":["GET"]}}],"collection":[{"href":"https:\/\/www.africa-press.net\/togo\/wp-json\/wp\/v2\/posts"}],"about":[{"href":"https:\/\/www.africa-press.net\/togo\/wp-json\/wp\/v2\/types\/post"}],"author":[{"embeddable":true,"href":"https:\/\/www.africa-press.net\/togo\/wp-json\/wp\/v2\/users\/82"}],"replies":[{"embeddable":true,"href":"https:\/\/www.africa-press.net\/togo\/wp-json\/wp\/v2\/comments?post=12907"}],"version-history":[{"count":0,"href":"https:\/\/www.africa-press.net\/togo\/wp-json\/wp\/v2\/posts\/12907\/revisions"}],"wp:featuredmedia":[{"embeddable":true,"href":"https:\/\/www.africa-press.net\/togo\/wp-json\/wp\/v2\/media\/12906"}],"wp:attachment":[{"href":"https:\/\/www.africa-press.net\/togo\/wp-json\/wp\/v2\/media?parent=12907"}],"wp:term":[{"taxonomy":"category","embeddable":true,"href":"https:\/\/www.africa-press.net\/togo\/wp-json\/wp\/v2\/categories?post=12907"},{"taxonomy":"post_tag","embeddable":true,"href":"https:\/\/www.africa-press.net\/togo\/wp-json\/wp\/v2\/tags?post=12907"}],"curies":[{"name":"wp","href":"https:\/\/api.w.org\/{rel}","templated":true}]}}