{"id":12910,"date":"2022-10-25T19:19:54","date_gmt":"2022-10-25T19:19:54","guid":{"rendered":"https:\/\/www.africa-press.net\/togo\/politique\/cyclisme-le-tour-du-faso-2022-annule"},"modified":"2022-10-25T19:36:49","modified_gmt":"2022-10-25T19:36:49","slug":"cyclisme-le-tour-du-faso-2022-annule","status":"publish","type":"post","link":"https:\/\/www.africa-press.net\/togo\/sports\/cyclisme-le-tour-du-faso-2022-annule","title":{"rendered":"Cyclisme-Le Tour du Faso 2022 annul\u00e9"},"content":{"rendered":"<p><span style=\"color: #ff6600\"><strong>Africa-Press &#8211; Togo. <\/strong><\/span><b>L\u2019e\u0301dition 2022 du Tour cycliste du Faso pre\u0301vu pour novembre prochain est annule\u0301.<\/b><\/p>\n<p>Le Tour cycliste international du Burkina Faso qui sera a\u0300 sa 34e e\u0301dition cette anne\u0301e \u00ab est annule\u0301 pour des raisons se\u0301curitaires \u00bb, indique ce lundi la Fe\u0301de\u0301ration burkinabe\u0300 de cyclisme. La de\u0301cision, selon Radio Ome\u0301ga, vient du ministe\u0300re en charge des Sports.<\/p>\n<p>Le Tour du Faso est l\u2019une des courses cyclistes les plus importantes d\u2019Afrique, avec le Tour du Maroc. L\u2019e\u0301dition de cette anne\u0301e devait se tenir du 10 au 20 novembre prochain, sur un parcours total de 2. 075 kilome\u0300tres a\u0300 travers 10 re\u0301gions du Burkina Faso.<\/p>\n<p>L\u2019e\u0301ditions de 2014 et celle de 2020 avaient e\u0301te\u0301 annule\u0301es aussi, en raison respectivement du risque de propagation du virus Ebola sur le territoire burkinabe\u0300 et du contexte sanitaire lie\u0301 a\u0300 la pande\u0301mie de Covid-19 mais aussi des raisons politiques.<\/p>\n<p><strong>Pour plus d&rsquo;informations et d&rsquo;analyses sur la <a href=\"https:\/\/www.africa-press.net\/togo\">Togo<\/a>, suivez <a href=\"https:\/\/www.africa-press.net\/\">Africa-Press<\/a><\/strong><\/p>\n","protected":false},"excerpt":{"rendered":"<p>Africa-Press &#8211; Togo. L\u2019e\u0301dition 2022 du Tour cycliste du Faso pre\u0301vu pour novembre prochain est annule\u0301. Le Tour cycliste international du Burkina Faso qui sera a\u0300 sa 34e e\u0301dition cette anne\u0301e \u00ab est annule\u0301 pour des raisons se\u0301curitaires \u00bb, indique ce lundi la Fe\u0301de\u0301ration burkinabe\u0300 de cyclisme. La de\u0301cision, selon Radio Ome\u0301ga, vient du ministe\u0300re [&hellip;]<\/p>\n","protected":false},"author":82,"featured_media":12909,"comment_status":"open","ping_status":"closed","sticky":false,"template":"","format":"standard","meta":{"footnotes":""},"categories":[6,10],"tags":[36,49,50],"class_list":["post-12910","post","type-post","status-publish","format-standard","has-post-thumbnail","hentry","category-sports","category-toutes-les-actualites","tag-africa-press","tag-africa-press-togo","tag-togo"],"yoast_head":"<!-- This site is optimized with the Yoast SEO Premium plugin v26.1 (Yoast SEO v27.0) - https:\/\/yoast.com\/product\/yoast-seo-premium-wordpress\/ -->\n<title>Cyclisme-Le Tour du Faso 2022 annul\u00e9 - Togo<\/title>\n<meta name=\"description\" content=\"L\u2019e\u0301dition 2022 du Tour cycliste du Faso pre\u0301vu pour novembre prochain est annule\u0301. Le Tour cycliste internation ...\" \/>\n<meta name=\"robots\" content=\"index, follow, max-snippet:-1, max-image-preview:large, max-video-preview:-1\" \/>\n<link rel=\"canonical\" href=\"https:\/\/www.africa-press.net\/togo\/sports\/cyclisme-le-tour-du-faso-2022-annule\" \/>\n<meta property=\"og:locale\" content=\"fr_FR\" \/>\n<meta property=\"og:type\" content=\"article\" \/>\n<meta property=\"og:title\" content=\"Cyclisme-Le Tour du Faso 2022 annul\u00e9\" \/>\n<meta property=\"og:description\" content=\"L\u2019e\u0301dition 2022 du Tour cycliste du Faso pre\u0301vu pour novembre prochain est annule\u0301. Le Tour cycliste internation ...\" \/>\n<meta property=\"og:url\" content=\"https:\/\/www.africa-press.net\/togo\/sports\/cyclisme-le-tour-du-faso-2022-annule\" \/>\n<meta property=\"og:site_name\" content=\"Togo\" \/>\n<meta property=\"article:published_time\" content=\"2022-10-25T19:19:54+00:00\" \/>\n<meta property=\"article:modified_time\" content=\"2022-10-25T19:36:49+00:00\" \/>\n<meta property=\"og:image\" content=\"https:\/\/static.africa-press.net\/togo\/sites\/58\/2022\/10\/postQueueImg_8-63583aae8e933.jpg\" \/>\n\t<meta property=\"og:image:width\" content=\"1280\" \/>\n\t<meta property=\"og:image:height\" content=\"800\" \/>\n\t<meta property=\"og:image:type\" content=\"image\/jpeg\" \/>\n<meta name=\"author\" content=\"cfeditorfr\" \/>\n<meta name=\"twitter:card\" content=\"summary_large_image\" \/>\n<meta name=\"twitter:label1\" content=\"\u00c9crit par\" \/>\n\t<meta name=\"twitter:data1\" content=\"cfeditorfr\" \/>\n\t<meta name=\"twitter:label2\" content=\"Dur\u00e9e de lecture estim\u00e9e\" \/>\n\t<meta name=\"twitter:data2\" content=\"1 minute\" \/>\n<script type=\"application\/ld+json\" class=\"yoast-schema-graph\">{\"@context\":\"https:\/\/schema.org\",\"@graph\":[{\"@type\":\"Article\",\"@id\":\"https:\/\/www.africa-press.net\/togo\/sports\/cyclisme-le-tour-du-faso-2022-annule#article\",\"isPartOf\":{\"@id\":\"https:\/\/www.africa-press.net\/togo\/sports\/cyclisme-le-tour-du-faso-2022-annule\"},\"author\":{\"name\":\"cfeditorfr\",\"@id\":\"https:\/\/www.africa-press.net\/togo\/#\/schema\/person\/2b1cf3cd81a31e3cd26889ca66d677f1\"},\"headline\":\"Cyclisme-Le Tour du Faso 2022 annul\u00e9\",\"datePublished\":\"2022-10-25T19:19:54+00:00\",\"dateModified\":\"2022-10-25T19:36:49+00:00\",\"mainEntityOfPage\":{\"@id\":\"https:\/\/www.africa-press.net\/togo\/sports\/cyclisme-le-tour-du-faso-2022-annule\"},\"wordCount\":175,\"commentCount\":0,\"image\":{\"@id\":\"https:\/\/www.africa-press.net\/togo\/sports\/cyclisme-le-tour-du-faso-2022-annule#primaryimage\"},\"thumbnailUrl\":\"https:\/\/static.africa-press.net\/togo\/sites\/58\/2022\/10\/postQueueImg_8-63583aae8e933.jpg\",\"keywords\":[\"Africa Press\",\"Africa Press-Togo\",\"Togo\"],\"articleSection\":[\"Sports\",\"Toutes les actualit\u00e9s\"],\"inLanguage\":\"fr-FR\",\"potentialAction\":[{\"@type\":\"CommentAction\",\"name\":\"Comment\",\"target\":[\"https:\/\/www.africa-press.net\/togo\/sports\/cyclisme-le-tour-du-faso-2022-annule#respond\"]}]},{\"@type\":\"WebPage\",\"@id\":\"https:\/\/www.africa-press.net\/togo\/sports\/cyclisme-le-tour-du-faso-2022-annule\",\"url\":\"https:\/\/www.africa-press.net\/togo\/sports\/cyclisme-le-tour-du-faso-2022-annule\",\"name\":\"Cyclisme-Le Tour du Faso 2022 annul\u00e9 - Togo\",\"isPartOf\":{\"@id\":\"https:\/\/www.africa-press.net\/togo\/#website\"},\"primaryImageOfPage\":{\"@id\":\"https:\/\/www.africa-press.net\/togo\/sports\/cyclisme-le-tour-du-faso-2022-annule#primaryimage\"},\"image\":{\"@id\":\"https:\/\/www.africa-press.net\/togo\/sports\/cyclisme-le-tour-du-faso-2022-annule#primaryimage\"},\"thumbnailUrl\":\"https:\/\/static.africa-press.net\/togo\/sites\/58\/2022\/10\/postQueueImg_8-63583aae8e933.jpg\",\"datePublished\":\"2022-10-25T19:19:54+00:00\",\"dateModified\":\"2022-10-25T19:36:49+00:00\",\"author\":{\"@id\":\"https:\/\/www.africa-press.net\/togo\/#\/schema\/person\/2b1cf3cd81a31e3cd26889ca66d677f1\"},\"description\":\"L\u2019e\u0301dition 2022 du Tour cycliste du Faso pre\u0301vu pour novembre prochain est annule\u0301. Le Tour cycliste internation ...\",\"breadcrumb\":{\"@id\":\"https:\/\/www.africa-press.net\/togo\/sports\/cyclisme-le-tour-du-faso-2022-annule#breadcrumb\"},\"inLanguage\":\"fr-FR\",\"potentialAction\":[{\"@type\":\"ReadAction\",\"target\":[\"https:\/\/www.africa-press.net\/togo\/sports\/cyclisme-le-tour-du-faso-2022-annule\"]}]},{\"@type\":\"ImageObject\",\"inLanguage\":\"fr-FR\",\"@id\":\"https:\/\/www.africa-press.net\/togo\/sports\/cyclisme-le-tour-du-faso-2022-annule#primaryimage\",\"url\":\"https:\/\/static.africa-press.net\/togo\/sites\/58\/2022\/10\/postQueueImg_8-63583aae8e933.jpg\",\"contentUrl\":\"https:\/\/static.africa-press.net\/togo\/sites\/58\/2022\/10\/postQueueImg_8-63583aae8e933.jpg\",\"width\":1280,\"height\":800,\"caption\":\"Cyclisme-Le Tour du Faso 2022 annul\u00e9\"},{\"@type\":\"BreadcrumbList\",\"@id\":\"https:\/\/www.africa-press.net\/togo\/sports\/cyclisme-le-tour-du-faso-2022-annule#breadcrumb\",\"itemListElement\":[{\"@type\":\"ListItem\",\"position\":1,\"name\":\"Accueil\",\"item\":\"https:\/\/www.africa-press.net\/togo\/\"},{\"@type\":\"ListItem\",\"position\":2,\"name\":\"Cyclisme-Le Tour du Faso 2022 annul\u00e9\"}]},{\"@type\":\"WebSite\",\"@id\":\"https:\/\/www.africa-press.net\/togo\/#website\",\"url\":\"https:\/\/www.africa-press.net\/togo\/\",\"name\":\"Togo\",\"description\":\"Just another Africa News Agency Sites site\",\"potentialAction\":[{\"@type\":\"SearchAction\",\"target\":{\"@type\":\"EntryPoint\",\"urlTemplate\":\"https:\/\/www.africa-press.net\/togo\/?s={search_term_string}\"},\"query-input\":{\"@type\":\"PropertyValueSpecification\",\"valueRequired\":true,\"valueName\":\"search_term_string\"}}],\"inLanguage\":\"fr-FR\"},{\"@type\":\"Person\",\"@id\":\"https:\/\/www.africa-press.net\/togo\/#\/schema\/person\/2b1cf3cd81a31e3cd26889ca66d677f1\",\"name\":\"cfeditorfr\"}]}<\/script>\n<!-- \/ Yoast SEO Premium plugin. -->","yoast_head_json":{"title":"Cyclisme-Le Tour du Faso 2022 annul\u00e9 - Togo","description":"L\u2019e\u0301dition 2022 du Tour cycliste du Faso pre\u0301vu pour novembre prochain est annule\u0301. Le Tour cycliste internation ...","robots":{"index":"index","follow":"follow","max-snippet":"max-snippet:-1","max-image-preview":"max-image-preview:large","max-video-preview":"max-video-preview:-1"},"canonical":"https:\/\/www.africa-press.net\/togo\/sports\/cyclisme-le-tour-du-faso-2022-annule","og_locale":"fr_FR","og_type":"article","og_title":"Cyclisme-Le Tour du Faso 2022 annul\u00e9","og_description":"L\u2019e\u0301dition 2022 du Tour cycliste du Faso pre\u0301vu pour novembre prochain est annule\u0301. Le Tour cycliste internation ...","og_url":"https:\/\/www.africa-press.net\/togo\/sports\/cyclisme-le-tour-du-faso-2022-annule","og_site_name":"Togo","article_published_time":"2022-10-25T19:19:54+00:00","article_modified_time":"2022-10-25T19:36:49+00:00","og_image":[{"width":1280,"height":800,"url":"https:\/\/static.africa-press.net\/togo\/sites\/58\/2022\/10\/postQueueImg_8-63583aae8e933.jpg","type":"image\/jpeg"}],"author":"cfeditorfr","twitter_card":"summary_large_image","twitter_misc":{"\u00c9crit par":"cfeditorfr","Dur\u00e9e de lecture estim\u00e9e":"1 minute"},"schema":{"@context":"https:\/\/schema.org","@graph":[{"@type":"Article","@id":"https:\/\/www.africa-press.net\/togo\/sports\/cyclisme-le-tour-du-faso-2022-annule#article","isPartOf":{"@id":"https:\/\/www.africa-press.net\/togo\/sports\/cyclisme-le-tour-du-faso-2022-annule"},"author":{"name":"cfeditorfr","@id":"https:\/\/www.africa-press.net\/togo\/#\/schema\/person\/2b1cf3cd81a31e3cd26889ca66d677f1"},"headline":"Cyclisme-Le Tour du Faso 2022 annul\u00e9","datePublished":"2022-10-25T19:19:54+00:00","dateModified":"2022-10-25T19:36:49+00:00","mainEntityOfPage":{"@id":"https:\/\/www.africa-press.net\/togo\/sports\/cyclisme-le-tour-du-faso-2022-annule"},"wordCount":175,"commentCount":0,"image":{"@id":"https:\/\/www.africa-press.net\/togo\/sports\/cyclisme-le-tour-du-faso-2022-annule#primaryimage"},"thumbnailUrl":"https:\/\/static.africa-press.net\/togo\/sites\/58\/2022\/10\/postQueueImg_8-63583aae8e933.jpg","keywords":["Africa Press","Africa Press-Togo","Togo"],"articleSection":["Sports","Toutes les actualit\u00e9s"],"inLanguage":"fr-FR","potentialAction":[{"@type":"CommentAction","name":"Comment","target":["https:\/\/www.africa-press.net\/togo\/sports\/cyclisme-le-tour-du-faso-2022-annule#respond"]}]},{"@type":"WebPage","@id":"https:\/\/www.africa-press.net\/togo\/sports\/cyclisme-le-tour-du-faso-2022-annule","url":"https:\/\/www.africa-press.net\/togo\/sports\/cyclisme-le-tour-du-faso-2022-annule","name":"Cyclisme-Le Tour du Faso 2022 annul\u00e9 - Togo","isPartOf":{"@id":"https:\/\/www.africa-press.net\/togo\/#website"},"primaryImageOfPage":{"@id":"https:\/\/www.africa-press.net\/togo\/sports\/cyclisme-le-tour-du-faso-2022-annule#primaryimage"},"image":{"@id":"https:\/\/www.africa-press.net\/togo\/sports\/cyclisme-le-tour-du-faso-2022-annule#primaryimage"},"thumbnailUrl":"https:\/\/static.africa-press.net\/togo\/sites\/58\/2022\/10\/postQueueImg_8-63583aae8e933.jpg","datePublished":"2022-10-25T19:19:54+00:00","dateModified":"2022-10-25T19:36:49+00:00","author":{"@id":"https:\/\/www.africa-press.net\/togo\/#\/schema\/person\/2b1cf3cd81a31e3cd26889ca66d677f1"},"description":"L\u2019e\u0301dition 2022 du Tour cycliste du Faso pre\u0301vu pour novembre prochain est annule\u0301. Le Tour cycliste internation ...","breadcrumb":{"@id":"https:\/\/www.africa-press.net\/togo\/sports\/cyclisme-le-tour-du-faso-2022-annule#breadcrumb"},"inLanguage":"fr-FR","potentialAction":[{"@type":"ReadAction","target":["https:\/\/www.africa-press.net\/togo\/sports\/cyclisme-le-tour-du-faso-2022-annule"]}]},{"@type":"ImageObject","inLanguage":"fr-FR","@id":"https:\/\/www.africa-press.net\/togo\/sports\/cyclisme-le-tour-du-faso-2022-annule#primaryimage","url":"https:\/\/static.africa-press.net\/togo\/sites\/58\/2022\/10\/postQueueImg_8-63583aae8e933.jpg","contentUrl":"https:\/\/static.africa-press.net\/togo\/sites\/58\/2022\/10\/postQueueImg_8-63583aae8e933.jpg","width":1280,"height":800,"caption":"Cyclisme-Le Tour du Faso 2022 annul\u00e9"},{"@type":"BreadcrumbList","@id":"https:\/\/www.africa-press.net\/togo\/sports\/cyclisme-le-tour-du-faso-2022-annule#breadcrumb","itemListElement":[{"@type":"ListItem","position":1,"name":"Accueil","item":"https:\/\/www.africa-press.net\/togo\/"},{"@type":"ListItem","position":2,"name":"Cyclisme-Le Tour du Faso 2022 annul\u00e9"}]},{"@type":"WebSite","@id":"https:\/\/www.africa-press.net\/togo\/#website","url":"https:\/\/www.africa-press.net\/togo\/","name":"Togo","description":"Just another Africa News Agency Sites site","potentialAction":[{"@type":"SearchAction","target":{"@type":"EntryPoint","urlTemplate":"https:\/\/www.africa-press.net\/togo\/?s={search_term_string}"},"query-input":{"@type":"PropertyValueSpecification","valueRequired":true,"valueName":"search_term_string"}}],"inLanguage":"fr-FR"},{"@type":"Person","@id":"https:\/\/www.africa-press.net\/togo\/#\/schema\/person\/2b1cf3cd81a31e3cd26889ca66d677f1","name":"cfeditorfr"}]}},"_links":{"self":[{"href":"https:\/\/www.africa-press.net\/togo\/wp-json\/wp\/v2\/posts\/12910","targetHints":{"allow":["GET"]}}],"collection":[{"href":"https:\/\/www.africa-press.net\/togo\/wp-json\/wp\/v2\/posts"}],"about":[{"href":"https:\/\/www.africa-press.net\/togo\/wp-json\/wp\/v2\/types\/post"}],"author":[{"embeddable":true,"href":"https:\/\/www.africa-press.net\/togo\/wp-json\/wp\/v2\/users\/82"}],"replies":[{"embeddable":true,"href":"https:\/\/www.africa-press.net\/togo\/wp-json\/wp\/v2\/comments?post=12910"}],"version-history":[{"count":0,"href":"https:\/\/www.africa-press.net\/togo\/wp-json\/wp\/v2\/posts\/12910\/revisions"}],"wp:featuredmedia":[{"embeddable":true,"href":"https:\/\/www.africa-press.net\/togo\/wp-json\/wp\/v2\/media\/12909"}],"wp:attachment":[{"href":"https:\/\/www.africa-press.net\/togo\/wp-json\/wp\/v2\/media?parent=12910"}],"wp:term":[{"taxonomy":"category","embeddable":true,"href":"https:\/\/www.africa-press.net\/togo\/wp-json\/wp\/v2\/categories?post=12910"},{"taxonomy":"post_tag","embeddable":true,"href":"https:\/\/www.africa-press.net\/togo\/wp-json\/wp\/v2\/tags?post=12910"}],"curies":[{"name":"wp","href":"https:\/\/api.w.org\/{rel}","templated":true}]}}