{"id":12916,"date":"2022-10-25T19:20:16","date_gmt":"2022-10-25T19:20:16","guid":{"rendered":"https:\/\/www.africa-press.net\/togo\/politique\/societe-divorce-consomme-entre-adidas-et-kanye-west"},"modified":"2022-10-25T19:38:07","modified_gmt":"2022-10-25T19:38:07","slug":"societe-divorce-consomme-entre-adidas-et-kanye-west","status":"publish","type":"post","link":"https:\/\/www.africa-press.net\/togo\/sports\/societe-divorce-consomme-entre-adidas-et-kanye-west","title":{"rendered":"Soci\u00e9t\u00e9\u2013Divorce consomm\u00e9 entre Adidas et Kanye West"},"content":{"rendered":"<p><span style=\"color: #ff6600\"><strong>Africa-Press &#8211; Togo. <\/strong><\/span><b>L\u2019e\u0301quipementier sportif allemand Adidas a annonce\u0301 ce mardi qu\u2019il arre\u0302tait \u00ab imme\u0301diatement \u00bb sa collaboration avec Kanye West, connu de\u0301sormais sous le nom de Ye, apre\u0300s des remarques a\u0300 caracte\u0300re antise\u0301mite profe\u0301re\u0301es par le rappeur ame\u0301ricain ces dernie\u0300res semaines.<\/b><\/p>\n<p>\u00ab Apre\u0300s un examen approfondi, la socie\u0301te\u0301 a pris la de\u0301cision de mettre fin imme\u0301diatement au partenariat avec Ye, a de\u0301clare\u0301 le groupe dans un communique\u0301. Adidas ne tole\u0300re pas l\u2019antise\u0301mitisme ou toute autre forme de discours haineux \u00bb, a-t-il ajoute\u0301. Le groupe allemand a e\u0301galement annonce\u0301 ce mardi e\u0301mettre fin a\u0300 la fabrication des produits de la marque Yeezy du rappeur.<\/p>\n<p>La collaboration entre la marque aux trois bandes et la star ame\u0301ricaine a longtemps e\u0301te\u0301 l\u2019une des plus fructueuses du monde de la mode. De\u0301veloppe\u0301e depuis 2014, la collection de baskets Yeezy du rappeur a connu un succe\u0300s phe\u0301nome\u0301nal qui a contribue\u0301 a\u0300 rendre Kanye West milliardaire Les relations entre les deux partenaires s\u2019e\u0301taient notablement de\u0301grade\u0301es ces derniers mois en lien avec les diverses frasques de la star.<\/p>\n<p>La compagnie allemande avait indique\u0301 de\u0301but octobre qu\u2019elle allait re\u0301examiner sa relation avec Kanye West. Le rappeur e\u0301tait apparu quelques jours plus to\u0302t portant un t-shirt barre\u0301 du slogan \u00ab White Lives Matter \u00bb lors d\u2019un de\u0301file\u0301 de mode a\u0300 Paris. Ce slogan, utilise\u0301 par l\u2019extre\u0302me droite ame\u0301ricaine, de\u0301tourne le nom du mouvement <b>\u00ab Black Lives Matter \u00bb<\/b>, qui milite contre le racisme envers les Afro-Ame\u0301ricains.<\/p>\n<p>Adidas rappelle e\u0302tre \u00ab l\u2019unique proprie\u0301taire de tous les droits de conception des produits existants (&#8230;) dans le cadre du partenariat \u00bb, anticipant une possible bataille juridique a\u0300 venir. Le groupe va aussi \u00ab arre\u0302ter tous les paiements a\u0300 Ye et ses entreprises \u00bb. Cette de\u0301cision aura \u00ab un impact ne\u0301gatif a\u0300 court terme allant jusqu\u2019a\u0300 250 millions d\u2019euros sur le re\u0301sultat net \u00bb de la socie\u0301te\u0301 en 2022.<\/p>\n<p><strong>Pour plus d&rsquo;informations et d&rsquo;analyses sur la <a href=\"https:\/\/www.africa-press.net\/togo\">Togo<\/a>, suivez <a href=\"https:\/\/www.africa-press.net\/\">Africa-Press<\/a><\/strong><\/p>\n","protected":false},"excerpt":{"rendered":"<p>Africa-Press &#8211; Togo. L\u2019e\u0301quipementier sportif allemand Adidas a annonce\u0301 ce mardi qu\u2019il arre\u0302tait \u00ab imme\u0301diatement \u00bb sa collaboration avec Kanye West, connu de\u0301sormais sous le nom de Ye, apre\u0300s des remarques a\u0300 caracte\u0300re antise\u0301mite profe\u0301re\u0301es par le rappeur ame\u0301ricain ces dernie\u0300res semaines. \u00ab Apre\u0300s un examen approfondi, la socie\u0301te\u0301 a pris la de\u0301cision de mettre [&hellip;]<\/p>\n","protected":false},"author":82,"featured_media":12915,"comment_status":"open","ping_status":"closed","sticky":false,"template":"","format":"standard","meta":{"footnotes":""},"categories":[6,10],"tags":[36,49,50],"class_list":["post-12916","post","type-post","status-publish","format-standard","has-post-thumbnail","hentry","category-sports","category-toutes-les-actualites","tag-africa-press","tag-africa-press-togo","tag-togo"],"yoast_head":"<!-- This site is optimized with the Yoast SEO Premium plugin v26.1 (Yoast SEO v27.0) - https:\/\/yoast.com\/product\/yoast-seo-premium-wordpress\/ -->\n<title>Soci\u00e9t\u00e9\u2013Divorce consomm\u00e9 entre Adidas et Kanye West - Togo<\/title>\n<meta name=\"description\" content=\"L\u2019e\u0301quipementier sportif allemand Adidas a annonce\u0301 ce mardi qu\u2019il arre\u0302tait \u00ab imme\u0301diatement \u00bb sa collaboration avec ...\" \/>\n<meta name=\"robots\" content=\"index, follow, max-snippet:-1, max-image-preview:large, max-video-preview:-1\" \/>\n<link rel=\"canonical\" href=\"https:\/\/www.africa-press.net\/togo\/sports\/societe-divorce-consomme-entre-adidas-et-kanye-west\" \/>\n<meta property=\"og:locale\" content=\"fr_FR\" \/>\n<meta property=\"og:type\" content=\"article\" \/>\n<meta property=\"og:title\" content=\"Soci\u00e9t\u00e9\u2013Divorce consomm\u00e9 entre Adidas et Kanye West\" \/>\n<meta property=\"og:description\" content=\"L\u2019e\u0301quipementier sportif allemand Adidas a annonce\u0301 ce mardi qu\u2019il arre\u0302tait \u00ab imme\u0301diatement \u00bb sa collaboration avec ...\" \/>\n<meta property=\"og:url\" content=\"https:\/\/www.africa-press.net\/togo\/sports\/societe-divorce-consomme-entre-adidas-et-kanye-west\" \/>\n<meta property=\"og:site_name\" content=\"Togo\" \/>\n<meta property=\"article:published_time\" content=\"2022-10-25T19:20:16+00:00\" \/>\n<meta property=\"article:modified_time\" content=\"2022-10-25T19:38:07+00:00\" \/>\n<meta property=\"og:image\" content=\"https:\/\/static.africa-press.net\/togo\/sites\/58\/2022\/10\/postQueueImg_10-63583afc8f039.jpg\" \/>\n\t<meta property=\"og:image:width\" content=\"1200\" \/>\n\t<meta property=\"og:image:height\" content=\"800\" \/>\n\t<meta property=\"og:image:type\" content=\"image\/jpeg\" \/>\n<meta name=\"author\" content=\"cfeditorfr\" \/>\n<meta name=\"twitter:card\" content=\"summary_large_image\" \/>\n<meta name=\"twitter:label1\" content=\"\u00c9crit par\" \/>\n\t<meta name=\"twitter:data1\" content=\"cfeditorfr\" \/>\n\t<meta name=\"twitter:label2\" content=\"Dur\u00e9e de lecture estim\u00e9e\" \/>\n\t<meta name=\"twitter:data2\" content=\"2 minutes\" \/>\n<script type=\"application\/ld+json\" class=\"yoast-schema-graph\">{\"@context\":\"https:\/\/schema.org\",\"@graph\":[{\"@type\":\"Article\",\"@id\":\"https:\/\/www.africa-press.net\/togo\/sports\/societe-divorce-consomme-entre-adidas-et-kanye-west#article\",\"isPartOf\":{\"@id\":\"https:\/\/www.africa-press.net\/togo\/sports\/societe-divorce-consomme-entre-adidas-et-kanye-west\"},\"author\":{\"name\":\"cfeditorfr\",\"@id\":\"https:\/\/www.africa-press.net\/togo\/#\/schema\/person\/2b1cf3cd81a31e3cd26889ca66d677f1\"},\"headline\":\"Soci\u00e9t\u00e9\u2013Divorce consomm\u00e9 entre Adidas et Kanye West\",\"datePublished\":\"2022-10-25T19:20:16+00:00\",\"dateModified\":\"2022-10-25T19:38:07+00:00\",\"mainEntityOfPage\":{\"@id\":\"https:\/\/www.africa-press.net\/togo\/sports\/societe-divorce-consomme-entre-adidas-et-kanye-west\"},\"wordCount\":367,\"commentCount\":0,\"image\":{\"@id\":\"https:\/\/www.africa-press.net\/togo\/sports\/societe-divorce-consomme-entre-adidas-et-kanye-west#primaryimage\"},\"thumbnailUrl\":\"https:\/\/static.africa-press.net\/togo\/sites\/58\/2022\/10\/postQueueImg_10-63583afc8f039.jpg\",\"keywords\":[\"Africa Press\",\"Africa Press-Togo\",\"Togo\"],\"articleSection\":[\"Sports\",\"Toutes les actualit\u00e9s\"],\"inLanguage\":\"fr-FR\",\"potentialAction\":[{\"@type\":\"CommentAction\",\"name\":\"Comment\",\"target\":[\"https:\/\/www.africa-press.net\/togo\/sports\/societe-divorce-consomme-entre-adidas-et-kanye-west#respond\"]}]},{\"@type\":\"WebPage\",\"@id\":\"https:\/\/www.africa-press.net\/togo\/sports\/societe-divorce-consomme-entre-adidas-et-kanye-west\",\"url\":\"https:\/\/www.africa-press.net\/togo\/sports\/societe-divorce-consomme-entre-adidas-et-kanye-west\",\"name\":\"Soci\u00e9t\u00e9\u2013Divorce consomm\u00e9 entre Adidas et Kanye West - Togo\",\"isPartOf\":{\"@id\":\"https:\/\/www.africa-press.net\/togo\/#website\"},\"primaryImageOfPage\":{\"@id\":\"https:\/\/www.africa-press.net\/togo\/sports\/societe-divorce-consomme-entre-adidas-et-kanye-west#primaryimage\"},\"image\":{\"@id\":\"https:\/\/www.africa-press.net\/togo\/sports\/societe-divorce-consomme-entre-adidas-et-kanye-west#primaryimage\"},\"thumbnailUrl\":\"https:\/\/static.africa-press.net\/togo\/sites\/58\/2022\/10\/postQueueImg_10-63583afc8f039.jpg\",\"datePublished\":\"2022-10-25T19:20:16+00:00\",\"dateModified\":\"2022-10-25T19:38:07+00:00\",\"author\":{\"@id\":\"https:\/\/www.africa-press.net\/togo\/#\/schema\/person\/2b1cf3cd81a31e3cd26889ca66d677f1\"},\"description\":\"L\u2019e\u0301quipementier sportif allemand Adidas a annonce\u0301 ce mardi qu\u2019il arre\u0302tait \u00ab imme\u0301diatement \u00bb sa collaboration avec ...\",\"breadcrumb\":{\"@id\":\"https:\/\/www.africa-press.net\/togo\/sports\/societe-divorce-consomme-entre-adidas-et-kanye-west#breadcrumb\"},\"inLanguage\":\"fr-FR\",\"potentialAction\":[{\"@type\":\"ReadAction\",\"target\":[\"https:\/\/www.africa-press.net\/togo\/sports\/societe-divorce-consomme-entre-adidas-et-kanye-west\"]}]},{\"@type\":\"ImageObject\",\"inLanguage\":\"fr-FR\",\"@id\":\"https:\/\/www.africa-press.net\/togo\/sports\/societe-divorce-consomme-entre-adidas-et-kanye-west#primaryimage\",\"url\":\"https:\/\/static.africa-press.net\/togo\/sites\/58\/2022\/10\/postQueueImg_10-63583afc8f039.jpg\",\"contentUrl\":\"https:\/\/static.africa-press.net\/togo\/sites\/58\/2022\/10\/postQueueImg_10-63583afc8f039.jpg\",\"width\":1200,\"height\":800,\"caption\":\"Soci\u00e9t\u00e9\u2013Divorce consomm\u00e9 entre Adidas et Kanye West\"},{\"@type\":\"BreadcrumbList\",\"@id\":\"https:\/\/www.africa-press.net\/togo\/sports\/societe-divorce-consomme-entre-adidas-et-kanye-west#breadcrumb\",\"itemListElement\":[{\"@type\":\"ListItem\",\"position\":1,\"name\":\"Accueil\",\"item\":\"https:\/\/www.africa-press.net\/togo\/\"},{\"@type\":\"ListItem\",\"position\":2,\"name\":\"Soci\u00e9t\u00e9\u2013Divorce consomm\u00e9 entre Adidas et Kanye West\"}]},{\"@type\":\"WebSite\",\"@id\":\"https:\/\/www.africa-press.net\/togo\/#website\",\"url\":\"https:\/\/www.africa-press.net\/togo\/\",\"name\":\"Togo\",\"description\":\"Just another Africa News Agency Sites site\",\"potentialAction\":[{\"@type\":\"SearchAction\",\"target\":{\"@type\":\"EntryPoint\",\"urlTemplate\":\"https:\/\/www.africa-press.net\/togo\/?s={search_term_string}\"},\"query-input\":{\"@type\":\"PropertyValueSpecification\",\"valueRequired\":true,\"valueName\":\"search_term_string\"}}],\"inLanguage\":\"fr-FR\"},{\"@type\":\"Person\",\"@id\":\"https:\/\/www.africa-press.net\/togo\/#\/schema\/person\/2b1cf3cd81a31e3cd26889ca66d677f1\",\"name\":\"cfeditorfr\"}]}<\/script>\n<!-- \/ Yoast SEO Premium plugin. -->","yoast_head_json":{"title":"Soci\u00e9t\u00e9\u2013Divorce consomm\u00e9 entre Adidas et Kanye West - Togo","description":"L\u2019e\u0301quipementier sportif allemand Adidas a annonce\u0301 ce mardi qu\u2019il arre\u0302tait \u00ab imme\u0301diatement \u00bb sa collaboration avec ...","robots":{"index":"index","follow":"follow","max-snippet":"max-snippet:-1","max-image-preview":"max-image-preview:large","max-video-preview":"max-video-preview:-1"},"canonical":"https:\/\/www.africa-press.net\/togo\/sports\/societe-divorce-consomme-entre-adidas-et-kanye-west","og_locale":"fr_FR","og_type":"article","og_title":"Soci\u00e9t\u00e9\u2013Divorce consomm\u00e9 entre Adidas et Kanye West","og_description":"L\u2019e\u0301quipementier sportif allemand Adidas a annonce\u0301 ce mardi qu\u2019il arre\u0302tait \u00ab imme\u0301diatement \u00bb sa collaboration avec ...","og_url":"https:\/\/www.africa-press.net\/togo\/sports\/societe-divorce-consomme-entre-adidas-et-kanye-west","og_site_name":"Togo","article_published_time":"2022-10-25T19:20:16+00:00","article_modified_time":"2022-10-25T19:38:07+00:00","og_image":[{"width":1200,"height":800,"url":"https:\/\/static.africa-press.net\/togo\/sites\/58\/2022\/10\/postQueueImg_10-63583afc8f039.jpg","type":"image\/jpeg"}],"author":"cfeditorfr","twitter_card":"summary_large_image","twitter_misc":{"\u00c9crit par":"cfeditorfr","Dur\u00e9e de lecture estim\u00e9e":"2 minutes"},"schema":{"@context":"https:\/\/schema.org","@graph":[{"@type":"Article","@id":"https:\/\/www.africa-press.net\/togo\/sports\/societe-divorce-consomme-entre-adidas-et-kanye-west#article","isPartOf":{"@id":"https:\/\/www.africa-press.net\/togo\/sports\/societe-divorce-consomme-entre-adidas-et-kanye-west"},"author":{"name":"cfeditorfr","@id":"https:\/\/www.africa-press.net\/togo\/#\/schema\/person\/2b1cf3cd81a31e3cd26889ca66d677f1"},"headline":"Soci\u00e9t\u00e9\u2013Divorce consomm\u00e9 entre Adidas et Kanye West","datePublished":"2022-10-25T19:20:16+00:00","dateModified":"2022-10-25T19:38:07+00:00","mainEntityOfPage":{"@id":"https:\/\/www.africa-press.net\/togo\/sports\/societe-divorce-consomme-entre-adidas-et-kanye-west"},"wordCount":367,"commentCount":0,"image":{"@id":"https:\/\/www.africa-press.net\/togo\/sports\/societe-divorce-consomme-entre-adidas-et-kanye-west#primaryimage"},"thumbnailUrl":"https:\/\/static.africa-press.net\/togo\/sites\/58\/2022\/10\/postQueueImg_10-63583afc8f039.jpg","keywords":["Africa Press","Africa Press-Togo","Togo"],"articleSection":["Sports","Toutes les actualit\u00e9s"],"inLanguage":"fr-FR","potentialAction":[{"@type":"CommentAction","name":"Comment","target":["https:\/\/www.africa-press.net\/togo\/sports\/societe-divorce-consomme-entre-adidas-et-kanye-west#respond"]}]},{"@type":"WebPage","@id":"https:\/\/www.africa-press.net\/togo\/sports\/societe-divorce-consomme-entre-adidas-et-kanye-west","url":"https:\/\/www.africa-press.net\/togo\/sports\/societe-divorce-consomme-entre-adidas-et-kanye-west","name":"Soci\u00e9t\u00e9\u2013Divorce consomm\u00e9 entre Adidas et Kanye West - Togo","isPartOf":{"@id":"https:\/\/www.africa-press.net\/togo\/#website"},"primaryImageOfPage":{"@id":"https:\/\/www.africa-press.net\/togo\/sports\/societe-divorce-consomme-entre-adidas-et-kanye-west#primaryimage"},"image":{"@id":"https:\/\/www.africa-press.net\/togo\/sports\/societe-divorce-consomme-entre-adidas-et-kanye-west#primaryimage"},"thumbnailUrl":"https:\/\/static.africa-press.net\/togo\/sites\/58\/2022\/10\/postQueueImg_10-63583afc8f039.jpg","datePublished":"2022-10-25T19:20:16+00:00","dateModified":"2022-10-25T19:38:07+00:00","author":{"@id":"https:\/\/www.africa-press.net\/togo\/#\/schema\/person\/2b1cf3cd81a31e3cd26889ca66d677f1"},"description":"L\u2019e\u0301quipementier sportif allemand Adidas a annonce\u0301 ce mardi qu\u2019il arre\u0302tait \u00ab imme\u0301diatement \u00bb sa collaboration avec ...","breadcrumb":{"@id":"https:\/\/www.africa-press.net\/togo\/sports\/societe-divorce-consomme-entre-adidas-et-kanye-west#breadcrumb"},"inLanguage":"fr-FR","potentialAction":[{"@type":"ReadAction","target":["https:\/\/www.africa-press.net\/togo\/sports\/societe-divorce-consomme-entre-adidas-et-kanye-west"]}]},{"@type":"ImageObject","inLanguage":"fr-FR","@id":"https:\/\/www.africa-press.net\/togo\/sports\/societe-divorce-consomme-entre-adidas-et-kanye-west#primaryimage","url":"https:\/\/static.africa-press.net\/togo\/sites\/58\/2022\/10\/postQueueImg_10-63583afc8f039.jpg","contentUrl":"https:\/\/static.africa-press.net\/togo\/sites\/58\/2022\/10\/postQueueImg_10-63583afc8f039.jpg","width":1200,"height":800,"caption":"Soci\u00e9t\u00e9\u2013Divorce consomm\u00e9 entre Adidas et Kanye West"},{"@type":"BreadcrumbList","@id":"https:\/\/www.africa-press.net\/togo\/sports\/societe-divorce-consomme-entre-adidas-et-kanye-west#breadcrumb","itemListElement":[{"@type":"ListItem","position":1,"name":"Accueil","item":"https:\/\/www.africa-press.net\/togo\/"},{"@type":"ListItem","position":2,"name":"Soci\u00e9t\u00e9\u2013Divorce consomm\u00e9 entre Adidas et Kanye West"}]},{"@type":"WebSite","@id":"https:\/\/www.africa-press.net\/togo\/#website","url":"https:\/\/www.africa-press.net\/togo\/","name":"Togo","description":"Just another Africa News Agency Sites site","potentialAction":[{"@type":"SearchAction","target":{"@type":"EntryPoint","urlTemplate":"https:\/\/www.africa-press.net\/togo\/?s={search_term_string}"},"query-input":{"@type":"PropertyValueSpecification","valueRequired":true,"valueName":"search_term_string"}}],"inLanguage":"fr-FR"},{"@type":"Person","@id":"https:\/\/www.africa-press.net\/togo\/#\/schema\/person\/2b1cf3cd81a31e3cd26889ca66d677f1","name":"cfeditorfr"}]}},"_links":{"self":[{"href":"https:\/\/www.africa-press.net\/togo\/wp-json\/wp\/v2\/posts\/12916","targetHints":{"allow":["GET"]}}],"collection":[{"href":"https:\/\/www.africa-press.net\/togo\/wp-json\/wp\/v2\/posts"}],"about":[{"href":"https:\/\/www.africa-press.net\/togo\/wp-json\/wp\/v2\/types\/post"}],"author":[{"embeddable":true,"href":"https:\/\/www.africa-press.net\/togo\/wp-json\/wp\/v2\/users\/82"}],"replies":[{"embeddable":true,"href":"https:\/\/www.africa-press.net\/togo\/wp-json\/wp\/v2\/comments?post=12916"}],"version-history":[{"count":0,"href":"https:\/\/www.africa-press.net\/togo\/wp-json\/wp\/v2\/posts\/12916\/revisions"}],"wp:featuredmedia":[{"embeddable":true,"href":"https:\/\/www.africa-press.net\/togo\/wp-json\/wp\/v2\/media\/12915"}],"wp:attachment":[{"href":"https:\/\/www.africa-press.net\/togo\/wp-json\/wp\/v2\/media?parent=12916"}],"wp:term":[{"taxonomy":"category","embeddable":true,"href":"https:\/\/www.africa-press.net\/togo\/wp-json\/wp\/v2\/categories?post=12916"},{"taxonomy":"post_tag","embeddable":true,"href":"https:\/\/www.africa-press.net\/togo\/wp-json\/wp\/v2\/tags?post=12916"}],"curies":[{"name":"wp","href":"https:\/\/api.w.org\/{rel}","templated":true}]}}