{"id":12919,"date":"2022-10-25T19:20:26","date_gmt":"2022-10-25T19:20:26","guid":{"rendered":"https:\/\/www.africa-press.net\/togo\/politique\/togo-decentralisation-qui-pour-sortir-le-pays-de-son-mal-profond"},"modified":"2022-10-25T19:38:47","modified_gmt":"2022-10-25T19:38:47","slug":"togo-decentralisation-qui-pour-sortir-le-pays-de-son-mal-profond","status":"publish","type":"post","link":"https:\/\/www.africa-press.net\/togo\/politique\/togo-decentralisation-qui-pour-sortir-le-pays-de-son-mal-profond","title":{"rendered":"Togo-D\u00e9centralisation : Qui pour sortir le pays de son mal profond ?"},"content":{"rendered":"<p><span style=\"color: #ff6600\"><strong>Africa-Press &#8211; Togo. <\/strong><\/span><b>Ze\u0300le pathologique de\u0301mesure\u0301, e\u0301goi\u0308sme sans borne, me\u0301chancete\u0301 ine\u0301gale\u0301e&#8230;Voila\u0300 quelques traits caracte\u0301ristiques de la plupart des pre\u0301fets a\u0300 la solde du re\u0301gime de Lome\u0301 II. Ces dernie\u0300res anne\u0301es, ces vassaux du pouvoir cinquantenaire ont tristement de\u0301veloppe\u0301 une tre\u0300s vilaine habitude. Celle d\u2019interdire toute forme d\u2019activite\u0301s politiques de l\u2019opposition dans leur ressort territorial respectif.<\/b><\/p>\n<p>C\u2019est de\u0301sormais la nouvelle donne dans ce petit rectangle coince\u0301 entre le Ghana et la Be\u0301nin, ou\u0300 les droits les plus e\u0301le\u0301mentaires sont constamment bafoue\u0301s. Depuis la modification, en aou\u0302t 2019, de la loi fixant les conditions d\u2019exercice de la liberte\u0301 de re\u0301union et de manifestations pacifiques et publiques, le re\u0301gime de Faure Gnassingbe\u0301 est passe\u0301 a\u0300 un niveau supe\u0301rieur dans l\u2019art d\u2019entraver le libre fonctionnement des partis politiques de l\u2019opposition et des organisations de la socie\u0301te\u0301 civile (OSC).<\/p>\n<p>Les \u00ab arguties \u00bb pour empe\u0302cher les meetings, les manifestations et me\u0302me parfois les re\u0301unions politiques ne manquent pas. Au de\u0301but, c\u2019e\u0301tait l\u2019e\u0301tat d\u2019urgence sanitaire du\u0302 au coronavirus. Mais aujourd\u2019hui, c\u2019est le terrorisme qui est brandi comme l\u2019alibi parfait pour interdire toute forme d\u2019activite\u0301s politiques de l\u2019opposition.<\/p>\n<p>Le comble dans cette histoire, c\u2019est qu\u2019au me\u0302me moment ou\u0300 les activite\u0301s de l\u2019opposition rec\u0327oivent un refus cate\u0301gorique avec des arguments qui de\u0301fient parfois l\u2019entendement, celles du pouvoir sont toujours autorise\u0301es. La situation est telle qu\u2019il y a quelques semaines, la deuxie\u0300me Vice-pre\u0301sidente de l\u2019Alliance Nationale pour le Changement (ANC), Mme Isabelle Ameganvi est sortie de ses gonds.<\/p>\n<p>Dans une lettre ouverte adresse\u0301e au Premier ministre dame Tome\u0301gah-Dogbe\u0301, Isabelle Ame\u0301ganvi a de\u0301nonce\u0301 cette politique de deux poids, deux mesures du re\u0301gime. Condamnant au passage \u00ab la volonte\u0301 manifeste du gouvernement de re\u0301duire au silence toutes les forces de\u0301mocratiques, notamment les partis politiques de l\u2019opposition et les organisations de la socie\u0301te\u0301 civile, qui \u0153uvrent pour l\u2019instauration de l\u2019Etat de droit, de la de\u0301mocratie et de la bonne gouvernance dans notre pays, le Togo, en s\u2019e\u0301levant contre l\u2019arbitraire, la corruption, la forfaiture et les de\u0301rives dans l\u2019organisation et la gestion des processus e\u0301lectoraux \u00bb.<\/p>\n<p><b>Les OSC ne sont pas e\u0301pargne\u0301es<\/b><\/p>\n<p>Les partis politiques de l\u2019opposition ne sont pas les seuls a\u0300 souffrir de cette man\u0153uvre du re\u0301gime cinquantenaire comple\u0300tement sombre\u0301 dans une boulimie du pouvoir. Les organisations de la socie\u0301te\u0301 civile juge\u0301es proche de l\u2019opposition subissent le me\u0302me sort. Depuis trois ans, les activite\u0301s publiques du Front Citoyen Togo Debout a\u0300 Lome\u0301 ne sont plus les bienvenues. Elles sont syste\u0301matiquement interdites par le pre\u0301fet de la ville.<\/p>\n<p>Le phe\u0301nome\u0300ne ne se limite pas seulement dans la capitale togolaise. Me\u0302me a\u0300 l\u2019inte\u0301rieur du pays, les activite\u0301s publiques et sociocommunautaires des organisations de la socie\u0301te\u0301 civile critiques vis-a\u0300-vis du re\u0301gime sont souvent confronte\u0301es au ze\u0300le de\u0301mesure\u0301 des autorite\u0301s locales.<\/p>\n<p>Quelques mois plus to\u0302t, c\u2019est dans la pre\u0301fecture de Haho que les Universite\u0301 Sociales du Togo (UST) e\u0301taient empe\u0302che\u0301es d\u2019aider les populations. L\u2019OSC devrait tenir un camp jeunesse rassemblant une quarantaine de jeunes a\u0300 Asrama les 11, 12 et 13 avril derniers et construire a\u0300 Klotchome Edouhoue, une petite localite\u0301 de\u0301pourvue d\u2019e\u0301lectricite\u0301, une installation solaire et un bloc de trois (03) latrines pour un cou\u0302t total d\u2019un million sept cent mille (1 700 000) FCFA, sur demande des populations. Les de\u0301marches administratives idoines sont mene\u0301es, les autorite\u0301s locales dont le maire de la commune de Haho 2 Sossou Ayidote\u0301 tout content, plusieurs missions pre\u0301paratoires organise\u0301es. Mais a\u0300 une semaine de la tenue du camp, le chef canton d\u2019Asrama, Togbui Mawuko Komlan Edo II enclencha les man\u0153uvres, exigeant du Coordonnateur des UST l\u2019autorisation du pre\u0301fet Awo Tchangani. Ce dernier contacte\u0301 par David Dosseh, re\u0301clame le OK du ministre de l\u2019Administration territoriale, de la De\u0301centralisation et du De\u0301veloppement des territoires Payadowa Boukpessi. Et pourtant, le Togo est loue\u0301 a\u0300 l\u2019exte\u0301rieur comme le pays le plus de\u0301centralise\u0301 dans la sous-re\u0301gion.<\/p>\n<p>Indigne\u0301 par cette situation, Prof David Dosseh a de\u0301nonce\u0301 le ze\u0300le de\u0301mesure\u0301 de ce chef canton d\u2019Asrama qui confirme a\u0300 quel point le mal togolais est profond. \u00ab Il y a un ze\u0300le intempestif et pathologique e\u0301vident de la part de certains responsables locaux. Certains cadres du parti au pouvoir, empe\u0302tre\u0301s dans un e\u0301goi\u0308sme sans borne et une me\u0301chancete\u0301 ine\u0301gale\u0301e, sont e\u0301galement en cause. Ils ont tout le confort chez eux, mais pour des raisons politiciennes, ils empe\u0302chent des concitoyens d\u2019apporter un minimum de soulagement a\u0300 des communaute\u0301s en situation pre\u0301caire. Il faut que c\u0327a cesse \u00bb, a-t-il la\u0302che\u0301.<\/p>\n<p>Et d\u2019ajoute\u0301 : \u00ab Les travaux communautaires re\u0301pondent a\u0300 des besoins exprime\u0301s par les populations elles-me\u0302mes et nous essayons d\u2019y re\u0301pondre. Vous n\u2019imaginez pas combien une latrine publique ou un simple lampadaire peut changer la vie d\u2019une communaute\u0301. Je suis indigne\u0301 de voir des repre\u0301sentants locaux e\u0302tre ceux qui contribuent a\u0300 perpe\u0301tuer le malheur de leurs propres communaute\u0301s \u00bb.<\/p>\n<p>Au Togo, il est clair que la nostalgie d\u2019un pouvoir central fort ame\u0300ne a\u0300 de\u0301pouiller les e\u0301lus locaux de leurs compe\u0301tences. Le re\u0301gime cinquantenaire ne veut rien la\u0302cher et la de\u0301centralisation est \u00ab fauretement \u00bb en souffrance.<\/p>\n<p><strong>Pour plus d&rsquo;informations et d&rsquo;analyses sur la <a href=\"https:\/\/www.africa-press.net\/togo\">Togo<\/a>, suivez <a href=\"https:\/\/www.africa-press.net\/\">Africa-Press<\/a><\/strong><\/p>\n","protected":false},"excerpt":{"rendered":"<p>Africa-Press &#8211; Togo. Ze\u0300le pathologique de\u0301mesure\u0301, e\u0301goi\u0308sme sans borne, me\u0301chancete\u0301 ine\u0301gale\u0301e&#8230;Voila\u0300 quelques traits caracte\u0301ristiques de la plupart des pre\u0301fets a\u0300 la solde du re\u0301gime de Lome\u0301 II. Ces dernie\u0300res anne\u0301es, ces vassaux du pouvoir cinquantenaire ont tristement de\u0301veloppe\u0301 une tre\u0300s vilaine habitude. Celle d\u2019interdire toute forme d\u2019activite\u0301s politiques de l\u2019opposition dans leur ressort territorial respectif. [&hellip;]<\/p>\n","protected":false},"author":82,"featured_media":12918,"comment_status":"open","ping_status":"closed","sticky":false,"template":"","format":"standard","meta":{"footnotes":""},"categories":[7,2,10],"tags":[36,49,50],"class_list":["post-12919","post","type-post","status-publish","format-standard","has-post-thumbnail","hentry","category-dossiers","category-politique","category-toutes-les-actualites","tag-africa-press","tag-africa-press-togo","tag-togo"],"yoast_head":"<!-- This site is optimized with the Yoast SEO Premium plugin v26.1 (Yoast SEO v27.0) - https:\/\/yoast.com\/product\/yoast-seo-premium-wordpress\/ -->\n<title>Togo-D\u00e9centralisation : Qui pour sortir le pays de son mal profond ? - Togo<\/title>\n<meta name=\"description\" content=\"Ze\u0300le pathologique de\u0301mesure\u0301, e\u0301goi\u0308sme sans borne, me\u0301chancete\u0301 ine\u0301gale\u0301e...Voila\u0300 quelques traits caracte\u0301ristiqu ...\" \/>\n<meta name=\"robots\" content=\"index, follow, max-snippet:-1, max-image-preview:large, max-video-preview:-1\" \/>\n<link rel=\"canonical\" href=\"https:\/\/www.africa-press.net\/togo\/politique\/togo-decentralisation-qui-pour-sortir-le-pays-de-son-mal-profond\" \/>\n<meta property=\"og:locale\" content=\"fr_FR\" \/>\n<meta property=\"og:type\" content=\"article\" \/>\n<meta property=\"og:title\" content=\"Togo-D\u00e9centralisation : Qui pour sortir le pays de son mal profond ?\" \/>\n<meta property=\"og:description\" content=\"Ze\u0300le pathologique de\u0301mesure\u0301, e\u0301goi\u0308sme sans borne, me\u0301chancete\u0301 ine\u0301gale\u0301e...Voila\u0300 quelques traits caracte\u0301ristiqu ...\" \/>\n<meta property=\"og:url\" content=\"https:\/\/www.africa-press.net\/togo\/politique\/togo-decentralisation-qui-pour-sortir-le-pays-de-son-mal-profond\" \/>\n<meta property=\"og:site_name\" content=\"Togo\" \/>\n<meta property=\"article:published_time\" content=\"2022-10-25T19:20:26+00:00\" \/>\n<meta property=\"article:modified_time\" content=\"2022-10-25T19:38:47+00:00\" \/>\n<meta property=\"og:image\" content=\"https:\/\/static.africa-press.net\/togo\/sites\/58\/2022\/10\/postQueueImg_11-63583b26683f1.jpg\" \/>\n\t<meta property=\"og:image:width\" content=\"1280\" \/>\n\t<meta property=\"og:image:height\" content=\"800\" \/>\n\t<meta property=\"og:image:type\" content=\"image\/jpeg\" \/>\n<meta name=\"author\" content=\"cfeditorfr\" \/>\n<meta name=\"twitter:card\" content=\"summary_large_image\" \/>\n<meta name=\"twitter:label1\" content=\"\u00c9crit par\" \/>\n\t<meta name=\"twitter:data1\" content=\"cfeditorfr\" \/>\n\t<meta name=\"twitter:label2\" content=\"Dur\u00e9e de lecture estim\u00e9e\" \/>\n\t<meta name=\"twitter:data2\" content=\"5 minutes\" \/>\n<script type=\"application\/ld+json\" class=\"yoast-schema-graph\">{\"@context\":\"https:\/\/schema.org\",\"@graph\":[{\"@type\":\"Article\",\"@id\":\"https:\/\/www.africa-press.net\/togo\/politique\/togo-decentralisation-qui-pour-sortir-le-pays-de-son-mal-profond#article\",\"isPartOf\":{\"@id\":\"https:\/\/www.africa-press.net\/togo\/politique\/togo-decentralisation-qui-pour-sortir-le-pays-de-son-mal-profond\"},\"author\":{\"name\":\"cfeditorfr\",\"@id\":\"https:\/\/www.africa-press.net\/togo\/#\/schema\/person\/2b1cf3cd81a31e3cd26889ca66d677f1\"},\"headline\":\"Togo-D\u00e9centralisation : Qui pour sortir le pays de son mal profond ?\",\"datePublished\":\"2022-10-25T19:20:26+00:00\",\"dateModified\":\"2022-10-25T19:38:47+00:00\",\"mainEntityOfPage\":{\"@id\":\"https:\/\/www.africa-press.net\/togo\/politique\/togo-decentralisation-qui-pour-sortir-le-pays-de-son-mal-profond\"},\"wordCount\":998,\"commentCount\":0,\"image\":{\"@id\":\"https:\/\/www.africa-press.net\/togo\/politique\/togo-decentralisation-qui-pour-sortir-le-pays-de-son-mal-profond#primaryimage\"},\"thumbnailUrl\":\"https:\/\/static.africa-press.net\/togo\/sites\/58\/2022\/10\/postQueueImg_11-63583b26683f1.jpg\",\"keywords\":[\"Africa Press\",\"Africa Press-Togo\",\"Togo\"],\"articleSection\":[\"Dossiers\",\"Politique\",\"Toutes les actualit\u00e9s\"],\"inLanguage\":\"fr-FR\",\"potentialAction\":[{\"@type\":\"CommentAction\",\"name\":\"Comment\",\"target\":[\"https:\/\/www.africa-press.net\/togo\/politique\/togo-decentralisation-qui-pour-sortir-le-pays-de-son-mal-profond#respond\"]}]},{\"@type\":\"WebPage\",\"@id\":\"https:\/\/www.africa-press.net\/togo\/politique\/togo-decentralisation-qui-pour-sortir-le-pays-de-son-mal-profond\",\"url\":\"https:\/\/www.africa-press.net\/togo\/politique\/togo-decentralisation-qui-pour-sortir-le-pays-de-son-mal-profond\",\"name\":\"Togo-D\u00e9centralisation : Qui pour sortir le pays de son mal profond ? - Togo\",\"isPartOf\":{\"@id\":\"https:\/\/www.africa-press.net\/togo\/#website\"},\"primaryImageOfPage\":{\"@id\":\"https:\/\/www.africa-press.net\/togo\/politique\/togo-decentralisation-qui-pour-sortir-le-pays-de-son-mal-profond#primaryimage\"},\"image\":{\"@id\":\"https:\/\/www.africa-press.net\/togo\/politique\/togo-decentralisation-qui-pour-sortir-le-pays-de-son-mal-profond#primaryimage\"},\"thumbnailUrl\":\"https:\/\/static.africa-press.net\/togo\/sites\/58\/2022\/10\/postQueueImg_11-63583b26683f1.jpg\",\"datePublished\":\"2022-10-25T19:20:26+00:00\",\"dateModified\":\"2022-10-25T19:38:47+00:00\",\"author\":{\"@id\":\"https:\/\/www.africa-press.net\/togo\/#\/schema\/person\/2b1cf3cd81a31e3cd26889ca66d677f1\"},\"description\":\"Ze\u0300le pathologique de\u0301mesure\u0301, e\u0301goi\u0308sme sans borne, me\u0301chancete\u0301 ine\u0301gale\u0301e...Voila\u0300 quelques traits caracte\u0301ristiqu ...\",\"breadcrumb\":{\"@id\":\"https:\/\/www.africa-press.net\/togo\/politique\/togo-decentralisation-qui-pour-sortir-le-pays-de-son-mal-profond#breadcrumb\"},\"inLanguage\":\"fr-FR\",\"potentialAction\":[{\"@type\":\"ReadAction\",\"target\":[\"https:\/\/www.africa-press.net\/togo\/politique\/togo-decentralisation-qui-pour-sortir-le-pays-de-son-mal-profond\"]}]},{\"@type\":\"ImageObject\",\"inLanguage\":\"fr-FR\",\"@id\":\"https:\/\/www.africa-press.net\/togo\/politique\/togo-decentralisation-qui-pour-sortir-le-pays-de-son-mal-profond#primaryimage\",\"url\":\"https:\/\/static.africa-press.net\/togo\/sites\/58\/2022\/10\/postQueueImg_11-63583b26683f1.jpg\",\"contentUrl\":\"https:\/\/static.africa-press.net\/togo\/sites\/58\/2022\/10\/postQueueImg_11-63583b26683f1.jpg\",\"width\":1280,\"height\":800,\"caption\":\"Togo-D\u00e9centralisation : Qui pour sortir le pays de son mal profond ?\"},{\"@type\":\"BreadcrumbList\",\"@id\":\"https:\/\/www.africa-press.net\/togo\/politique\/togo-decentralisation-qui-pour-sortir-le-pays-de-son-mal-profond#breadcrumb\",\"itemListElement\":[{\"@type\":\"ListItem\",\"position\":1,\"name\":\"Accueil\",\"item\":\"https:\/\/www.africa-press.net\/togo\/\"},{\"@type\":\"ListItem\",\"position\":2,\"name\":\"Togo-D\u00e9centralisation : Qui pour sortir le pays de son mal profond ?\"}]},{\"@type\":\"WebSite\",\"@id\":\"https:\/\/www.africa-press.net\/togo\/#website\",\"url\":\"https:\/\/www.africa-press.net\/togo\/\",\"name\":\"Togo\",\"description\":\"Just another Africa News Agency Sites site\",\"potentialAction\":[{\"@type\":\"SearchAction\",\"target\":{\"@type\":\"EntryPoint\",\"urlTemplate\":\"https:\/\/www.africa-press.net\/togo\/?s={search_term_string}\"},\"query-input\":{\"@type\":\"PropertyValueSpecification\",\"valueRequired\":true,\"valueName\":\"search_term_string\"}}],\"inLanguage\":\"fr-FR\"},{\"@type\":\"Person\",\"@id\":\"https:\/\/www.africa-press.net\/togo\/#\/schema\/person\/2b1cf3cd81a31e3cd26889ca66d677f1\",\"name\":\"cfeditorfr\"}]}<\/script>\n<!-- \/ Yoast SEO Premium plugin. -->","yoast_head_json":{"title":"Togo-D\u00e9centralisation : Qui pour sortir le pays de son mal profond ? - Togo","description":"Ze\u0300le pathologique de\u0301mesure\u0301, e\u0301goi\u0308sme sans borne, me\u0301chancete\u0301 ine\u0301gale\u0301e...Voila\u0300 quelques traits caracte\u0301ristiqu ...","robots":{"index":"index","follow":"follow","max-snippet":"max-snippet:-1","max-image-preview":"max-image-preview:large","max-video-preview":"max-video-preview:-1"},"canonical":"https:\/\/www.africa-press.net\/togo\/politique\/togo-decentralisation-qui-pour-sortir-le-pays-de-son-mal-profond","og_locale":"fr_FR","og_type":"article","og_title":"Togo-D\u00e9centralisation : Qui pour sortir le pays de son mal profond ?","og_description":"Ze\u0300le pathologique de\u0301mesure\u0301, e\u0301goi\u0308sme sans borne, me\u0301chancete\u0301 ine\u0301gale\u0301e...Voila\u0300 quelques traits caracte\u0301ristiqu ...","og_url":"https:\/\/www.africa-press.net\/togo\/politique\/togo-decentralisation-qui-pour-sortir-le-pays-de-son-mal-profond","og_site_name":"Togo","article_published_time":"2022-10-25T19:20:26+00:00","article_modified_time":"2022-10-25T19:38:47+00:00","og_image":[{"width":1280,"height":800,"url":"https:\/\/static.africa-press.net\/togo\/sites\/58\/2022\/10\/postQueueImg_11-63583b26683f1.jpg","type":"image\/jpeg"}],"author":"cfeditorfr","twitter_card":"summary_large_image","twitter_misc":{"\u00c9crit par":"cfeditorfr","Dur\u00e9e de lecture estim\u00e9e":"5 minutes"},"schema":{"@context":"https:\/\/schema.org","@graph":[{"@type":"Article","@id":"https:\/\/www.africa-press.net\/togo\/politique\/togo-decentralisation-qui-pour-sortir-le-pays-de-son-mal-profond#article","isPartOf":{"@id":"https:\/\/www.africa-press.net\/togo\/politique\/togo-decentralisation-qui-pour-sortir-le-pays-de-son-mal-profond"},"author":{"name":"cfeditorfr","@id":"https:\/\/www.africa-press.net\/togo\/#\/schema\/person\/2b1cf3cd81a31e3cd26889ca66d677f1"},"headline":"Togo-D\u00e9centralisation : Qui pour sortir le pays de son mal profond ?","datePublished":"2022-10-25T19:20:26+00:00","dateModified":"2022-10-25T19:38:47+00:00","mainEntityOfPage":{"@id":"https:\/\/www.africa-press.net\/togo\/politique\/togo-decentralisation-qui-pour-sortir-le-pays-de-son-mal-profond"},"wordCount":998,"commentCount":0,"image":{"@id":"https:\/\/www.africa-press.net\/togo\/politique\/togo-decentralisation-qui-pour-sortir-le-pays-de-son-mal-profond#primaryimage"},"thumbnailUrl":"https:\/\/static.africa-press.net\/togo\/sites\/58\/2022\/10\/postQueueImg_11-63583b26683f1.jpg","keywords":["Africa Press","Africa Press-Togo","Togo"],"articleSection":["Dossiers","Politique","Toutes les actualit\u00e9s"],"inLanguage":"fr-FR","potentialAction":[{"@type":"CommentAction","name":"Comment","target":["https:\/\/www.africa-press.net\/togo\/politique\/togo-decentralisation-qui-pour-sortir-le-pays-de-son-mal-profond#respond"]}]},{"@type":"WebPage","@id":"https:\/\/www.africa-press.net\/togo\/politique\/togo-decentralisation-qui-pour-sortir-le-pays-de-son-mal-profond","url":"https:\/\/www.africa-press.net\/togo\/politique\/togo-decentralisation-qui-pour-sortir-le-pays-de-son-mal-profond","name":"Togo-D\u00e9centralisation : Qui pour sortir le pays de son mal profond ? - Togo","isPartOf":{"@id":"https:\/\/www.africa-press.net\/togo\/#website"},"primaryImageOfPage":{"@id":"https:\/\/www.africa-press.net\/togo\/politique\/togo-decentralisation-qui-pour-sortir-le-pays-de-son-mal-profond#primaryimage"},"image":{"@id":"https:\/\/www.africa-press.net\/togo\/politique\/togo-decentralisation-qui-pour-sortir-le-pays-de-son-mal-profond#primaryimage"},"thumbnailUrl":"https:\/\/static.africa-press.net\/togo\/sites\/58\/2022\/10\/postQueueImg_11-63583b26683f1.jpg","datePublished":"2022-10-25T19:20:26+00:00","dateModified":"2022-10-25T19:38:47+00:00","author":{"@id":"https:\/\/www.africa-press.net\/togo\/#\/schema\/person\/2b1cf3cd81a31e3cd26889ca66d677f1"},"description":"Ze\u0300le pathologique de\u0301mesure\u0301, e\u0301goi\u0308sme sans borne, me\u0301chancete\u0301 ine\u0301gale\u0301e...Voila\u0300 quelques traits caracte\u0301ristiqu ...","breadcrumb":{"@id":"https:\/\/www.africa-press.net\/togo\/politique\/togo-decentralisation-qui-pour-sortir-le-pays-de-son-mal-profond#breadcrumb"},"inLanguage":"fr-FR","potentialAction":[{"@type":"ReadAction","target":["https:\/\/www.africa-press.net\/togo\/politique\/togo-decentralisation-qui-pour-sortir-le-pays-de-son-mal-profond"]}]},{"@type":"ImageObject","inLanguage":"fr-FR","@id":"https:\/\/www.africa-press.net\/togo\/politique\/togo-decentralisation-qui-pour-sortir-le-pays-de-son-mal-profond#primaryimage","url":"https:\/\/static.africa-press.net\/togo\/sites\/58\/2022\/10\/postQueueImg_11-63583b26683f1.jpg","contentUrl":"https:\/\/static.africa-press.net\/togo\/sites\/58\/2022\/10\/postQueueImg_11-63583b26683f1.jpg","width":1280,"height":800,"caption":"Togo-D\u00e9centralisation : Qui pour sortir le pays de son mal profond ?"},{"@type":"BreadcrumbList","@id":"https:\/\/www.africa-press.net\/togo\/politique\/togo-decentralisation-qui-pour-sortir-le-pays-de-son-mal-profond#breadcrumb","itemListElement":[{"@type":"ListItem","position":1,"name":"Accueil","item":"https:\/\/www.africa-press.net\/togo\/"},{"@type":"ListItem","position":2,"name":"Togo-D\u00e9centralisation : Qui pour sortir le pays de son mal profond ?"}]},{"@type":"WebSite","@id":"https:\/\/www.africa-press.net\/togo\/#website","url":"https:\/\/www.africa-press.net\/togo\/","name":"Togo","description":"Just another Africa News Agency Sites site","potentialAction":[{"@type":"SearchAction","target":{"@type":"EntryPoint","urlTemplate":"https:\/\/www.africa-press.net\/togo\/?s={search_term_string}"},"query-input":{"@type":"PropertyValueSpecification","valueRequired":true,"valueName":"search_term_string"}}],"inLanguage":"fr-FR"},{"@type":"Person","@id":"https:\/\/www.africa-press.net\/togo\/#\/schema\/person\/2b1cf3cd81a31e3cd26889ca66d677f1","name":"cfeditorfr"}]}},"_links":{"self":[{"href":"https:\/\/www.africa-press.net\/togo\/wp-json\/wp\/v2\/posts\/12919","targetHints":{"allow":["GET"]}}],"collection":[{"href":"https:\/\/www.africa-press.net\/togo\/wp-json\/wp\/v2\/posts"}],"about":[{"href":"https:\/\/www.africa-press.net\/togo\/wp-json\/wp\/v2\/types\/post"}],"author":[{"embeddable":true,"href":"https:\/\/www.africa-press.net\/togo\/wp-json\/wp\/v2\/users\/82"}],"replies":[{"embeddable":true,"href":"https:\/\/www.africa-press.net\/togo\/wp-json\/wp\/v2\/comments?post=12919"}],"version-history":[{"count":0,"href":"https:\/\/www.africa-press.net\/togo\/wp-json\/wp\/v2\/posts\/12919\/revisions"}],"wp:featuredmedia":[{"embeddable":true,"href":"https:\/\/www.africa-press.net\/togo\/wp-json\/wp\/v2\/media\/12918"}],"wp:attachment":[{"href":"https:\/\/www.africa-press.net\/togo\/wp-json\/wp\/v2\/media?parent=12919"}],"wp:term":[{"taxonomy":"category","embeddable":true,"href":"https:\/\/www.africa-press.net\/togo\/wp-json\/wp\/v2\/categories?post=12919"},{"taxonomy":"post_tag","embeddable":true,"href":"https:\/\/www.africa-press.net\/togo\/wp-json\/wp\/v2\/tags?post=12919"}],"curies":[{"name":"wp","href":"https:\/\/api.w.org\/{rel}","templated":true}]}}