{"id":12934,"date":"2022-10-26T21:37:09","date_gmt":"2022-10-26T21:37:09","guid":{"rendered":"https:\/\/www.africa-press.net\/togo\/politique\/togo-lome-acceuille-la-8eme-edition-du-salon-international-du-textile-africain"},"modified":"2022-10-26T21:43:06","modified_gmt":"2022-10-26T21:43:06","slug":"togo-lome-acceuille-la-8eme-edition-du-salon-international-du-textile-africain","status":"publish","type":"post","link":"https:\/\/www.africa-press.net\/togo\/culture-et-art\/togo-lome-acceuille-la-8eme-edition-du-salon-international-du-textile-africain","title":{"rendered":"Togo-Lom\u00e9 acceuille la 8\u00e8me \u00e9dition du Salon International du Textile Africain"},"content":{"rendered":"<p><span style=\"color: #ff6600\"><strong>Africa-Press &#8211; Togo. <\/strong><\/span><b>Le Togo acceuille de\u0300s le 04 novembre 2022, la 8e\u0300me e\u0301dition du Salon International du Textile Africain (SITA). Un forum internationale qui met en avant le textile \u00ab Made in Africa \u00bb.<\/b><\/p>\n<p>Nombre d\u2019acteurs issus d\u2019une trentaine de pays sont attendus a\u0300 Lome\u0301 dans le cadre de cet e\u0301ve\u0300nement place\u0301 sous le the\u0300me : <b>\u201cL\u2019industrie du pagne en Afrique\u201d<\/b>.<\/p>\n<p>Des formations et confe\u0301rences sont pre\u0301vues au cours de cette renconte avec des expositions, des parades et des soire\u0301es de\u0301die\u0301es a\u0300 la mode.<\/p>\n<p>Notons que le Togo a e\u0301te\u0301 honore\u0301 lors de l\u2019e\u0301diction pre\u0301ce\u0301dente qui a lieu a\u0300 Djibouti avec le prix de cre\u0301ativite\u0301.<\/p>\n<p><strong>Pour plus d&rsquo;informations et d&rsquo;analyses sur la <a href=\"https:\/\/www.africa-press.net\/togo\">Togo<\/a>, suivez <a href=\"https:\/\/www.africa-press.net\/\">Africa-Press<\/a><\/strong><\/p>\n","protected":false},"excerpt":{"rendered":"<p>Africa-Press &#8211; Togo. Le Togo acceuille de\u0300s le 04 novembre 2022, la 8e\u0300me e\u0301dition du Salon International du Textile Africain (SITA). Un forum internationale qui met en avant le textile \u00ab Made in Africa \u00bb. Nombre d\u2019acteurs issus d\u2019une trentaine de pays sont attendus a\u0300 Lome\u0301 dans le cadre de cet e\u0301ve\u0300nement place\u0301 sous le [&hellip;]<\/p>\n","protected":false},"author":82,"featured_media":12933,"comment_status":"open","ping_status":"closed","sticky":false,"template":"","format":"standard","meta":{"footnotes":""},"categories":[5,10],"tags":[36,49,50],"class_list":["post-12934","post","type-post","status-publish","format-standard","has-post-thumbnail","hentry","category-culture-et-art","category-toutes-les-actualites","tag-africa-press","tag-africa-press-togo","tag-togo"],"yoast_head":"<!-- This site is optimized with the Yoast SEO Premium plugin v26.1 (Yoast SEO v27.0) - https:\/\/yoast.com\/product\/yoast-seo-premium-wordpress\/ -->\n<title>Togo-Lom\u00e9 acceuille la 8\u00e8me \u00e9dition du Salon International du Textile Africain - Togo<\/title>\n<meta name=\"description\" content=\"Le Togo acceuille de\u0300s le 04 novembre 2022, la 8e\u0300me e\u0301dition du Salon International du Textile Africain (SITA). Un f ...\" \/>\n<meta name=\"robots\" content=\"index, follow, max-snippet:-1, max-image-preview:large, max-video-preview:-1\" \/>\n<link rel=\"canonical\" href=\"https:\/\/www.africa-press.net\/togo\/culture-et-art\/togo-lome-acceuille-la-8eme-edition-du-salon-international-du-textile-africain\" \/>\n<meta property=\"og:locale\" content=\"fr_FR\" \/>\n<meta property=\"og:type\" content=\"article\" \/>\n<meta property=\"og:title\" content=\"Togo-Lom\u00e9 acceuille la 8\u00e8me \u00e9dition du Salon International du Textile Africain\" \/>\n<meta property=\"og:description\" content=\"Le Togo acceuille de\u0300s le 04 novembre 2022, la 8e\u0300me e\u0301dition du Salon International du Textile Africain (SITA). Un f ...\" \/>\n<meta property=\"og:url\" content=\"https:\/\/www.africa-press.net\/togo\/culture-et-art\/togo-lome-acceuille-la-8eme-edition-du-salon-international-du-textile-africain\" \/>\n<meta property=\"og:site_name\" content=\"Togo\" \/>\n<meta property=\"article:published_time\" content=\"2022-10-26T21:37:09+00:00\" \/>\n<meta property=\"article:modified_time\" content=\"2022-10-26T21:43:06+00:00\" \/>\n<meta property=\"og:image\" content=\"https:\/\/static.africa-press.net\/togo\/sites\/58\/2022\/10\/postQueueImg_4-6359a9d3f2a4d.jpg\" \/>\n\t<meta property=\"og:image:width\" content=\"1280\" \/>\n\t<meta property=\"og:image:height\" content=\"800\" \/>\n\t<meta property=\"og:image:type\" content=\"image\/jpeg\" \/>\n<meta name=\"author\" content=\"cfeditorfr\" \/>\n<meta name=\"twitter:card\" content=\"summary_large_image\" \/>\n<meta name=\"twitter:label1\" content=\"\u00c9crit par\" \/>\n\t<meta name=\"twitter:data1\" content=\"cfeditorfr\" \/>\n\t<meta name=\"twitter:label2\" content=\"Dur\u00e9e de lecture estim\u00e9e\" \/>\n\t<meta name=\"twitter:data2\" content=\"1 minute\" \/>\n<script type=\"application\/ld+json\" class=\"yoast-schema-graph\">{\"@context\":\"https:\/\/schema.org\",\"@graph\":[{\"@type\":\"Article\",\"@id\":\"https:\/\/www.africa-press.net\/togo\/culture-et-art\/togo-lome-acceuille-la-8eme-edition-du-salon-international-du-textile-africain#article\",\"isPartOf\":{\"@id\":\"https:\/\/www.africa-press.net\/togo\/culture-et-art\/togo-lome-acceuille-la-8eme-edition-du-salon-international-du-textile-africain\"},\"author\":{\"name\":\"cfeditorfr\",\"@id\":\"https:\/\/www.africa-press.net\/togo\/#\/schema\/person\/2b1cf3cd81a31e3cd26889ca66d677f1\"},\"headline\":\"Togo-Lom\u00e9 acceuille la 8\u00e8me \u00e9dition du Salon International du Textile Africain\",\"datePublished\":\"2022-10-26T21:37:09+00:00\",\"dateModified\":\"2022-10-26T21:43:06+00:00\",\"mainEntityOfPage\":{\"@id\":\"https:\/\/www.africa-press.net\/togo\/culture-et-art\/togo-lome-acceuille-la-8eme-edition-du-salon-international-du-textile-africain\"},\"wordCount\":144,\"commentCount\":0,\"image\":{\"@id\":\"https:\/\/www.africa-press.net\/togo\/culture-et-art\/togo-lome-acceuille-la-8eme-edition-du-salon-international-du-textile-africain#primaryimage\"},\"thumbnailUrl\":\"https:\/\/static.africa-press.net\/togo\/sites\/58\/2022\/10\/postQueueImg_4-6359a9d3f2a4d.jpg\",\"keywords\":[\"Africa Press\",\"Africa Press-Togo\",\"Togo\"],\"articleSection\":[\"Culture et Art\",\"Toutes les actualit\u00e9s\"],\"inLanguage\":\"fr-FR\",\"potentialAction\":[{\"@type\":\"CommentAction\",\"name\":\"Comment\",\"target\":[\"https:\/\/www.africa-press.net\/togo\/culture-et-art\/togo-lome-acceuille-la-8eme-edition-du-salon-international-du-textile-africain#respond\"]}]},{\"@type\":\"WebPage\",\"@id\":\"https:\/\/www.africa-press.net\/togo\/culture-et-art\/togo-lome-acceuille-la-8eme-edition-du-salon-international-du-textile-africain\",\"url\":\"https:\/\/www.africa-press.net\/togo\/culture-et-art\/togo-lome-acceuille-la-8eme-edition-du-salon-international-du-textile-africain\",\"name\":\"Togo-Lom\u00e9 acceuille la 8\u00e8me \u00e9dition du Salon International du Textile Africain - Togo\",\"isPartOf\":{\"@id\":\"https:\/\/www.africa-press.net\/togo\/#website\"},\"primaryImageOfPage\":{\"@id\":\"https:\/\/www.africa-press.net\/togo\/culture-et-art\/togo-lome-acceuille-la-8eme-edition-du-salon-international-du-textile-africain#primaryimage\"},\"image\":{\"@id\":\"https:\/\/www.africa-press.net\/togo\/culture-et-art\/togo-lome-acceuille-la-8eme-edition-du-salon-international-du-textile-africain#primaryimage\"},\"thumbnailUrl\":\"https:\/\/static.africa-press.net\/togo\/sites\/58\/2022\/10\/postQueueImg_4-6359a9d3f2a4d.jpg\",\"datePublished\":\"2022-10-26T21:37:09+00:00\",\"dateModified\":\"2022-10-26T21:43:06+00:00\",\"author\":{\"@id\":\"https:\/\/www.africa-press.net\/togo\/#\/schema\/person\/2b1cf3cd81a31e3cd26889ca66d677f1\"},\"description\":\"Le Togo acceuille de\u0300s le 04 novembre 2022, la 8e\u0300me e\u0301dition du Salon International du Textile Africain (SITA). Un f ...\",\"breadcrumb\":{\"@id\":\"https:\/\/www.africa-press.net\/togo\/culture-et-art\/togo-lome-acceuille-la-8eme-edition-du-salon-international-du-textile-africain#breadcrumb\"},\"inLanguage\":\"fr-FR\",\"potentialAction\":[{\"@type\":\"ReadAction\",\"target\":[\"https:\/\/www.africa-press.net\/togo\/culture-et-art\/togo-lome-acceuille-la-8eme-edition-du-salon-international-du-textile-africain\"]}]},{\"@type\":\"ImageObject\",\"inLanguage\":\"fr-FR\",\"@id\":\"https:\/\/www.africa-press.net\/togo\/culture-et-art\/togo-lome-acceuille-la-8eme-edition-du-salon-international-du-textile-africain#primaryimage\",\"url\":\"https:\/\/static.africa-press.net\/togo\/sites\/58\/2022\/10\/postQueueImg_4-6359a9d3f2a4d.jpg\",\"contentUrl\":\"https:\/\/static.africa-press.net\/togo\/sites\/58\/2022\/10\/postQueueImg_4-6359a9d3f2a4d.jpg\",\"width\":1280,\"height\":800,\"caption\":\"Togo-Lom\u00e9 acceuille la 8\u00e8me \u00e9dition du Salon International du Textile Africain\"},{\"@type\":\"BreadcrumbList\",\"@id\":\"https:\/\/www.africa-press.net\/togo\/culture-et-art\/togo-lome-acceuille-la-8eme-edition-du-salon-international-du-textile-africain#breadcrumb\",\"itemListElement\":[{\"@type\":\"ListItem\",\"position\":1,\"name\":\"Accueil\",\"item\":\"https:\/\/www.africa-press.net\/togo\/\"},{\"@type\":\"ListItem\",\"position\":2,\"name\":\"Togo-Lom\u00e9 acceuille la 8\u00e8me \u00e9dition du Salon International du Textile Africain\"}]},{\"@type\":\"WebSite\",\"@id\":\"https:\/\/www.africa-press.net\/togo\/#website\",\"url\":\"https:\/\/www.africa-press.net\/togo\/\",\"name\":\"Togo\",\"description\":\"Just another Africa News Agency Sites site\",\"potentialAction\":[{\"@type\":\"SearchAction\",\"target\":{\"@type\":\"EntryPoint\",\"urlTemplate\":\"https:\/\/www.africa-press.net\/togo\/?s={search_term_string}\"},\"query-input\":{\"@type\":\"PropertyValueSpecification\",\"valueRequired\":true,\"valueName\":\"search_term_string\"}}],\"inLanguage\":\"fr-FR\"},{\"@type\":\"Person\",\"@id\":\"https:\/\/www.africa-press.net\/togo\/#\/schema\/person\/2b1cf3cd81a31e3cd26889ca66d677f1\",\"name\":\"cfeditorfr\"}]}<\/script>\n<!-- \/ Yoast SEO Premium plugin. -->","yoast_head_json":{"title":"Togo-Lom\u00e9 acceuille la 8\u00e8me \u00e9dition du Salon International du Textile Africain - Togo","description":"Le Togo acceuille de\u0300s le 04 novembre 2022, la 8e\u0300me e\u0301dition du Salon International du Textile Africain (SITA). Un f ...","robots":{"index":"index","follow":"follow","max-snippet":"max-snippet:-1","max-image-preview":"max-image-preview:large","max-video-preview":"max-video-preview:-1"},"canonical":"https:\/\/www.africa-press.net\/togo\/culture-et-art\/togo-lome-acceuille-la-8eme-edition-du-salon-international-du-textile-africain","og_locale":"fr_FR","og_type":"article","og_title":"Togo-Lom\u00e9 acceuille la 8\u00e8me \u00e9dition du Salon International du Textile Africain","og_description":"Le Togo acceuille de\u0300s le 04 novembre 2022, la 8e\u0300me e\u0301dition du Salon International du Textile Africain (SITA). Un f ...","og_url":"https:\/\/www.africa-press.net\/togo\/culture-et-art\/togo-lome-acceuille-la-8eme-edition-du-salon-international-du-textile-africain","og_site_name":"Togo","article_published_time":"2022-10-26T21:37:09+00:00","article_modified_time":"2022-10-26T21:43:06+00:00","og_image":[{"width":1280,"height":800,"url":"https:\/\/static.africa-press.net\/togo\/sites\/58\/2022\/10\/postQueueImg_4-6359a9d3f2a4d.jpg","type":"image\/jpeg"}],"author":"cfeditorfr","twitter_card":"summary_large_image","twitter_misc":{"\u00c9crit par":"cfeditorfr","Dur\u00e9e de lecture estim\u00e9e":"1 minute"},"schema":{"@context":"https:\/\/schema.org","@graph":[{"@type":"Article","@id":"https:\/\/www.africa-press.net\/togo\/culture-et-art\/togo-lome-acceuille-la-8eme-edition-du-salon-international-du-textile-africain#article","isPartOf":{"@id":"https:\/\/www.africa-press.net\/togo\/culture-et-art\/togo-lome-acceuille-la-8eme-edition-du-salon-international-du-textile-africain"},"author":{"name":"cfeditorfr","@id":"https:\/\/www.africa-press.net\/togo\/#\/schema\/person\/2b1cf3cd81a31e3cd26889ca66d677f1"},"headline":"Togo-Lom\u00e9 acceuille la 8\u00e8me \u00e9dition du Salon International du Textile Africain","datePublished":"2022-10-26T21:37:09+00:00","dateModified":"2022-10-26T21:43:06+00:00","mainEntityOfPage":{"@id":"https:\/\/www.africa-press.net\/togo\/culture-et-art\/togo-lome-acceuille-la-8eme-edition-du-salon-international-du-textile-africain"},"wordCount":144,"commentCount":0,"image":{"@id":"https:\/\/www.africa-press.net\/togo\/culture-et-art\/togo-lome-acceuille-la-8eme-edition-du-salon-international-du-textile-africain#primaryimage"},"thumbnailUrl":"https:\/\/static.africa-press.net\/togo\/sites\/58\/2022\/10\/postQueueImg_4-6359a9d3f2a4d.jpg","keywords":["Africa Press","Africa Press-Togo","Togo"],"articleSection":["Culture et Art","Toutes les actualit\u00e9s"],"inLanguage":"fr-FR","potentialAction":[{"@type":"CommentAction","name":"Comment","target":["https:\/\/www.africa-press.net\/togo\/culture-et-art\/togo-lome-acceuille-la-8eme-edition-du-salon-international-du-textile-africain#respond"]}]},{"@type":"WebPage","@id":"https:\/\/www.africa-press.net\/togo\/culture-et-art\/togo-lome-acceuille-la-8eme-edition-du-salon-international-du-textile-africain","url":"https:\/\/www.africa-press.net\/togo\/culture-et-art\/togo-lome-acceuille-la-8eme-edition-du-salon-international-du-textile-africain","name":"Togo-Lom\u00e9 acceuille la 8\u00e8me \u00e9dition du Salon International du Textile Africain - Togo","isPartOf":{"@id":"https:\/\/www.africa-press.net\/togo\/#website"},"primaryImageOfPage":{"@id":"https:\/\/www.africa-press.net\/togo\/culture-et-art\/togo-lome-acceuille-la-8eme-edition-du-salon-international-du-textile-africain#primaryimage"},"image":{"@id":"https:\/\/www.africa-press.net\/togo\/culture-et-art\/togo-lome-acceuille-la-8eme-edition-du-salon-international-du-textile-africain#primaryimage"},"thumbnailUrl":"https:\/\/static.africa-press.net\/togo\/sites\/58\/2022\/10\/postQueueImg_4-6359a9d3f2a4d.jpg","datePublished":"2022-10-26T21:37:09+00:00","dateModified":"2022-10-26T21:43:06+00:00","author":{"@id":"https:\/\/www.africa-press.net\/togo\/#\/schema\/person\/2b1cf3cd81a31e3cd26889ca66d677f1"},"description":"Le Togo acceuille de\u0300s le 04 novembre 2022, la 8e\u0300me e\u0301dition du Salon International du Textile Africain (SITA). Un f ...","breadcrumb":{"@id":"https:\/\/www.africa-press.net\/togo\/culture-et-art\/togo-lome-acceuille-la-8eme-edition-du-salon-international-du-textile-africain#breadcrumb"},"inLanguage":"fr-FR","potentialAction":[{"@type":"ReadAction","target":["https:\/\/www.africa-press.net\/togo\/culture-et-art\/togo-lome-acceuille-la-8eme-edition-du-salon-international-du-textile-africain"]}]},{"@type":"ImageObject","inLanguage":"fr-FR","@id":"https:\/\/www.africa-press.net\/togo\/culture-et-art\/togo-lome-acceuille-la-8eme-edition-du-salon-international-du-textile-africain#primaryimage","url":"https:\/\/static.africa-press.net\/togo\/sites\/58\/2022\/10\/postQueueImg_4-6359a9d3f2a4d.jpg","contentUrl":"https:\/\/static.africa-press.net\/togo\/sites\/58\/2022\/10\/postQueueImg_4-6359a9d3f2a4d.jpg","width":1280,"height":800,"caption":"Togo-Lom\u00e9 acceuille la 8\u00e8me \u00e9dition du Salon International du Textile Africain"},{"@type":"BreadcrumbList","@id":"https:\/\/www.africa-press.net\/togo\/culture-et-art\/togo-lome-acceuille-la-8eme-edition-du-salon-international-du-textile-africain#breadcrumb","itemListElement":[{"@type":"ListItem","position":1,"name":"Accueil","item":"https:\/\/www.africa-press.net\/togo\/"},{"@type":"ListItem","position":2,"name":"Togo-Lom\u00e9 acceuille la 8\u00e8me \u00e9dition du Salon International du Textile Africain"}]},{"@type":"WebSite","@id":"https:\/\/www.africa-press.net\/togo\/#website","url":"https:\/\/www.africa-press.net\/togo\/","name":"Togo","description":"Just another Africa News Agency Sites site","potentialAction":[{"@type":"SearchAction","target":{"@type":"EntryPoint","urlTemplate":"https:\/\/www.africa-press.net\/togo\/?s={search_term_string}"},"query-input":{"@type":"PropertyValueSpecification","valueRequired":true,"valueName":"search_term_string"}}],"inLanguage":"fr-FR"},{"@type":"Person","@id":"https:\/\/www.africa-press.net\/togo\/#\/schema\/person\/2b1cf3cd81a31e3cd26889ca66d677f1","name":"cfeditorfr"}]}},"_links":{"self":[{"href":"https:\/\/www.africa-press.net\/togo\/wp-json\/wp\/v2\/posts\/12934","targetHints":{"allow":["GET"]}}],"collection":[{"href":"https:\/\/www.africa-press.net\/togo\/wp-json\/wp\/v2\/posts"}],"about":[{"href":"https:\/\/www.africa-press.net\/togo\/wp-json\/wp\/v2\/types\/post"}],"author":[{"embeddable":true,"href":"https:\/\/www.africa-press.net\/togo\/wp-json\/wp\/v2\/users\/82"}],"replies":[{"embeddable":true,"href":"https:\/\/www.africa-press.net\/togo\/wp-json\/wp\/v2\/comments?post=12934"}],"version-history":[{"count":0,"href":"https:\/\/www.africa-press.net\/togo\/wp-json\/wp\/v2\/posts\/12934\/revisions"}],"wp:featuredmedia":[{"embeddable":true,"href":"https:\/\/www.africa-press.net\/togo\/wp-json\/wp\/v2\/media\/12933"}],"wp:attachment":[{"href":"https:\/\/www.africa-press.net\/togo\/wp-json\/wp\/v2\/media?parent=12934"}],"wp:term":[{"taxonomy":"category","embeddable":true,"href":"https:\/\/www.africa-press.net\/togo\/wp-json\/wp\/v2\/categories?post=12934"},{"taxonomy":"post_tag","embeddable":true,"href":"https:\/\/www.africa-press.net\/togo\/wp-json\/wp\/v2\/tags?post=12934"}],"curies":[{"name":"wp","href":"https:\/\/api.w.org\/{rel}","templated":true}]}}