{"id":12943,"date":"2022-10-26T21:37:36","date_gmt":"2022-10-26T21:37:36","guid":{"rendered":"https:\/\/www.africa-press.net\/togo\/politique\/togo-espace-civique-le-fctd-fait-letat-des-lieux-ce-dimanche"},"modified":"2022-10-26T21:44:34","modified_gmt":"2022-10-26T21:44:34","slug":"togo-espace-civique-le-fctd-fait-letat-des-lieux-ce-dimanche","status":"publish","type":"post","link":"https:\/\/www.africa-press.net\/togo\/toutes-les-actualites\/togo-espace-civique-le-fctd-fait-letat-des-lieux-ce-dimanche","title":{"rendered":"Togo-Espace civique : Le FCTD fait l\u2019\u00e9tat des lieux ce dimanche"},"content":{"rendered":"<p><span style=\"color: #ff6600\"><strong>Africa-Press &#8211; Togo. <\/strong><\/span><b>Le Front Citoyen Togo Debout (FCTB) organise, ce dimanche 30 Octobre 2022 a\u0300 18 heures GMT sur Zoom, un webinaire sur l\u2019espace civique au Togo.<\/b><\/p>\n<p>Au cours de ce webinaire, les responsables de cette organisation de la socie\u0301te\u0301 civile dresseront l\u2019e\u0301tat des lieux de l\u2019espace civique au Togo.<\/p>\n<p>Il sera e\u0301galement question de faire une revue de l\u2019actualite\u0301 togolaise du mois d\u2019aou\u0302t 2022.<\/p>\n<p>Les intervenants a\u0300 ce webinaire ne sont plus a\u0300 pre\u0301senter. Il s\u2019agit de Fovi Katakou, Prof David Dosseh, Brigitte Ameganvi et Karl Gaba.<\/p>\n<p>Pour participer au de\u0301bat, un lien Zoom est disponible. <b>https:\/\/www.togodebout.info\/lerendez-vous<\/b><\/p>\n<p><strong>Pour plus d&rsquo;informations et d&rsquo;analyses sur la <a href=\"https:\/\/www.africa-press.net\/togo\">Togo<\/a>, suivez <a href=\"https:\/\/www.africa-press.net\/\">Africa-Press<\/a><\/strong><\/p>\n","protected":false},"excerpt":{"rendered":"<p>Africa-Press &#8211; Togo. Le Front Citoyen Togo Debout (FCTB) organise, ce dimanche 30 Octobre 2022 a\u0300 18 heures GMT sur Zoom, un webinaire sur l\u2019espace civique au Togo. Au cours de ce webinaire, les responsables de cette organisation de la socie\u0301te\u0301 civile dresseront l\u2019e\u0301tat des lieux de l\u2019espace civique au Togo. Il sera e\u0301galement question [&hellip;]<\/p>\n","protected":false},"author":82,"featured_media":12942,"comment_status":"open","ping_status":"closed","sticky":false,"template":"","format":"standard","meta":{"footnotes":""},"categories":[21,10],"tags":[36,49,50],"class_list":["post-12943","post","type-post","status-publish","format-standard","has-post-thumbnail","hentry","category-communaute","category-toutes-les-actualites","tag-africa-press","tag-africa-press-togo","tag-togo"],"yoast_head":"<!-- This site is optimized with the Yoast SEO Premium plugin v26.1 (Yoast SEO v27.0) - https:\/\/yoast.com\/product\/yoast-seo-premium-wordpress\/ -->\n<title>Togo-Espace civique : Le FCTD fait l\u2019\u00e9tat des lieux ce dimanche - Togo<\/title>\n<meta name=\"description\" content=\"Le Front Citoyen Togo Debout (FCTB) organise, ce dimanche 30 Octobre 2022 a\u0300 18 heures GMT sur Zoom, un webinaire sur ...\" \/>\n<meta name=\"robots\" content=\"index, follow, max-snippet:-1, max-image-preview:large, max-video-preview:-1\" \/>\n<link rel=\"canonical\" href=\"https:\/\/www.africa-press.net\/togo\/toutes-les-actualites\/togo-espace-civique-le-fctd-fait-letat-des-lieux-ce-dimanche\" \/>\n<meta property=\"og:locale\" content=\"fr_FR\" \/>\n<meta property=\"og:type\" content=\"article\" \/>\n<meta property=\"og:title\" content=\"Togo-Espace civique : Le FCTD fait l\u2019\u00e9tat des lieux ce dimanche\" \/>\n<meta property=\"og:description\" content=\"Le Front Citoyen Togo Debout (FCTB) organise, ce dimanche 30 Octobre 2022 a\u0300 18 heures GMT sur Zoom, un webinaire sur ...\" \/>\n<meta property=\"og:url\" content=\"https:\/\/www.africa-press.net\/togo\/toutes-les-actualites\/togo-espace-civique-le-fctd-fait-letat-des-lieux-ce-dimanche\" \/>\n<meta property=\"og:site_name\" content=\"Togo\" \/>\n<meta property=\"article:published_time\" content=\"2022-10-26T21:37:36+00:00\" \/>\n<meta property=\"article:modified_time\" content=\"2022-10-26T21:44:34+00:00\" \/>\n<meta property=\"og:image\" content=\"https:\/\/static.africa-press.net\/togo\/sites\/58\/2022\/10\/postQueueImg_7-6359aa2bb3b29.jpg\" \/>\n\t<meta property=\"og:image:width\" content=\"1280\" \/>\n\t<meta property=\"og:image:height\" content=\"806\" \/>\n\t<meta property=\"og:image:type\" content=\"image\/jpeg\" \/>\n<meta name=\"author\" content=\"cfeditorfr\" \/>\n<meta name=\"twitter:card\" content=\"summary_large_image\" \/>\n<meta name=\"twitter:label1\" content=\"\u00c9crit par\" \/>\n\t<meta name=\"twitter:data1\" content=\"cfeditorfr\" \/>\n\t<meta name=\"twitter:label2\" content=\"Dur\u00e9e de lecture estim\u00e9e\" \/>\n\t<meta name=\"twitter:data2\" content=\"1 minute\" \/>\n<script type=\"application\/ld+json\" class=\"yoast-schema-graph\">{\"@context\":\"https:\/\/schema.org\",\"@graph\":[{\"@type\":\"Article\",\"@id\":\"https:\/\/www.africa-press.net\/togo\/toutes-les-actualites\/togo-espace-civique-le-fctd-fait-letat-des-lieux-ce-dimanche#article\",\"isPartOf\":{\"@id\":\"https:\/\/www.africa-press.net\/togo\/toutes-les-actualites\/togo-espace-civique-le-fctd-fait-letat-des-lieux-ce-dimanche\"},\"author\":{\"name\":\"cfeditorfr\",\"@id\":\"https:\/\/www.africa-press.net\/togo\/#\/schema\/person\/2b1cf3cd81a31e3cd26889ca66d677f1\"},\"headline\":\"Togo-Espace civique : Le FCTD fait l\u2019\u00e9tat des lieux ce dimanche\",\"datePublished\":\"2022-10-26T21:37:36+00:00\",\"dateModified\":\"2022-10-26T21:44:34+00:00\",\"mainEntityOfPage\":{\"@id\":\"https:\/\/www.africa-press.net\/togo\/toutes-les-actualites\/togo-espace-civique-le-fctd-fait-letat-des-lieux-ce-dimanche\"},\"wordCount\":134,\"commentCount\":0,\"image\":{\"@id\":\"https:\/\/www.africa-press.net\/togo\/toutes-les-actualites\/togo-espace-civique-le-fctd-fait-letat-des-lieux-ce-dimanche#primaryimage\"},\"thumbnailUrl\":\"https:\/\/static.africa-press.net\/togo\/sites\/58\/2022\/10\/postQueueImg_7-6359aa2bb3b29.jpg\",\"keywords\":[\"Africa Press\",\"Africa Press-Togo\",\"Togo\"],\"articleSection\":[\"Communaut\u00e9\",\"Toutes les actualit\u00e9s\"],\"inLanguage\":\"fr-FR\",\"potentialAction\":[{\"@type\":\"CommentAction\",\"name\":\"Comment\",\"target\":[\"https:\/\/www.africa-press.net\/togo\/toutes-les-actualites\/togo-espace-civique-le-fctd-fait-letat-des-lieux-ce-dimanche#respond\"]}]},{\"@type\":\"WebPage\",\"@id\":\"https:\/\/www.africa-press.net\/togo\/toutes-les-actualites\/togo-espace-civique-le-fctd-fait-letat-des-lieux-ce-dimanche\",\"url\":\"https:\/\/www.africa-press.net\/togo\/toutes-les-actualites\/togo-espace-civique-le-fctd-fait-letat-des-lieux-ce-dimanche\",\"name\":\"Togo-Espace civique : Le FCTD fait l\u2019\u00e9tat des lieux ce dimanche - Togo\",\"isPartOf\":{\"@id\":\"https:\/\/www.africa-press.net\/togo\/#website\"},\"primaryImageOfPage\":{\"@id\":\"https:\/\/www.africa-press.net\/togo\/toutes-les-actualites\/togo-espace-civique-le-fctd-fait-letat-des-lieux-ce-dimanche#primaryimage\"},\"image\":{\"@id\":\"https:\/\/www.africa-press.net\/togo\/toutes-les-actualites\/togo-espace-civique-le-fctd-fait-letat-des-lieux-ce-dimanche#primaryimage\"},\"thumbnailUrl\":\"https:\/\/static.africa-press.net\/togo\/sites\/58\/2022\/10\/postQueueImg_7-6359aa2bb3b29.jpg\",\"datePublished\":\"2022-10-26T21:37:36+00:00\",\"dateModified\":\"2022-10-26T21:44:34+00:00\",\"author\":{\"@id\":\"https:\/\/www.africa-press.net\/togo\/#\/schema\/person\/2b1cf3cd81a31e3cd26889ca66d677f1\"},\"description\":\"Le Front Citoyen Togo Debout (FCTB) organise, ce dimanche 30 Octobre 2022 a\u0300 18 heures GMT sur Zoom, un webinaire sur ...\",\"breadcrumb\":{\"@id\":\"https:\/\/www.africa-press.net\/togo\/toutes-les-actualites\/togo-espace-civique-le-fctd-fait-letat-des-lieux-ce-dimanche#breadcrumb\"},\"inLanguage\":\"fr-FR\",\"potentialAction\":[{\"@type\":\"ReadAction\",\"target\":[\"https:\/\/www.africa-press.net\/togo\/toutes-les-actualites\/togo-espace-civique-le-fctd-fait-letat-des-lieux-ce-dimanche\"]}]},{\"@type\":\"ImageObject\",\"inLanguage\":\"fr-FR\",\"@id\":\"https:\/\/www.africa-press.net\/togo\/toutes-les-actualites\/togo-espace-civique-le-fctd-fait-letat-des-lieux-ce-dimanche#primaryimage\",\"url\":\"https:\/\/static.africa-press.net\/togo\/sites\/58\/2022\/10\/postQueueImg_7-6359aa2bb3b29.jpg\",\"contentUrl\":\"https:\/\/static.africa-press.net\/togo\/sites\/58\/2022\/10\/postQueueImg_7-6359aa2bb3b29.jpg\",\"width\":1280,\"height\":806,\"caption\":\"Togo-Espace civique : Le FCTD fait l\u2019\u00e9tat des lieux ce dimanche\"},{\"@type\":\"BreadcrumbList\",\"@id\":\"https:\/\/www.africa-press.net\/togo\/toutes-les-actualites\/togo-espace-civique-le-fctd-fait-letat-des-lieux-ce-dimanche#breadcrumb\",\"itemListElement\":[{\"@type\":\"ListItem\",\"position\":1,\"name\":\"Accueil\",\"item\":\"https:\/\/www.africa-press.net\/togo\/\"},{\"@type\":\"ListItem\",\"position\":2,\"name\":\"Togo-Espace civique : Le FCTD fait l\u2019\u00e9tat des lieux ce dimanche\"}]},{\"@type\":\"WebSite\",\"@id\":\"https:\/\/www.africa-press.net\/togo\/#website\",\"url\":\"https:\/\/www.africa-press.net\/togo\/\",\"name\":\"Togo\",\"description\":\"Just another Africa News Agency Sites site\",\"potentialAction\":[{\"@type\":\"SearchAction\",\"target\":{\"@type\":\"EntryPoint\",\"urlTemplate\":\"https:\/\/www.africa-press.net\/togo\/?s={search_term_string}\"},\"query-input\":{\"@type\":\"PropertyValueSpecification\",\"valueRequired\":true,\"valueName\":\"search_term_string\"}}],\"inLanguage\":\"fr-FR\"},{\"@type\":\"Person\",\"@id\":\"https:\/\/www.africa-press.net\/togo\/#\/schema\/person\/2b1cf3cd81a31e3cd26889ca66d677f1\",\"name\":\"cfeditorfr\"}]}<\/script>\n<!-- \/ Yoast SEO Premium plugin. -->","yoast_head_json":{"title":"Togo-Espace civique : Le FCTD fait l\u2019\u00e9tat des lieux ce dimanche - Togo","description":"Le Front Citoyen Togo Debout (FCTB) organise, ce dimanche 30 Octobre 2022 a\u0300 18 heures GMT sur Zoom, un webinaire sur ...","robots":{"index":"index","follow":"follow","max-snippet":"max-snippet:-1","max-image-preview":"max-image-preview:large","max-video-preview":"max-video-preview:-1"},"canonical":"https:\/\/www.africa-press.net\/togo\/toutes-les-actualites\/togo-espace-civique-le-fctd-fait-letat-des-lieux-ce-dimanche","og_locale":"fr_FR","og_type":"article","og_title":"Togo-Espace civique : Le FCTD fait l\u2019\u00e9tat des lieux ce dimanche","og_description":"Le Front Citoyen Togo Debout (FCTB) organise, ce dimanche 30 Octobre 2022 a\u0300 18 heures GMT sur Zoom, un webinaire sur ...","og_url":"https:\/\/www.africa-press.net\/togo\/toutes-les-actualites\/togo-espace-civique-le-fctd-fait-letat-des-lieux-ce-dimanche","og_site_name":"Togo","article_published_time":"2022-10-26T21:37:36+00:00","article_modified_time":"2022-10-26T21:44:34+00:00","og_image":[{"width":1280,"height":806,"url":"https:\/\/static.africa-press.net\/togo\/sites\/58\/2022\/10\/postQueueImg_7-6359aa2bb3b29.jpg","type":"image\/jpeg"}],"author":"cfeditorfr","twitter_card":"summary_large_image","twitter_misc":{"\u00c9crit par":"cfeditorfr","Dur\u00e9e de lecture estim\u00e9e":"1 minute"},"schema":{"@context":"https:\/\/schema.org","@graph":[{"@type":"Article","@id":"https:\/\/www.africa-press.net\/togo\/toutes-les-actualites\/togo-espace-civique-le-fctd-fait-letat-des-lieux-ce-dimanche#article","isPartOf":{"@id":"https:\/\/www.africa-press.net\/togo\/toutes-les-actualites\/togo-espace-civique-le-fctd-fait-letat-des-lieux-ce-dimanche"},"author":{"name":"cfeditorfr","@id":"https:\/\/www.africa-press.net\/togo\/#\/schema\/person\/2b1cf3cd81a31e3cd26889ca66d677f1"},"headline":"Togo-Espace civique : Le FCTD fait l\u2019\u00e9tat des lieux ce dimanche","datePublished":"2022-10-26T21:37:36+00:00","dateModified":"2022-10-26T21:44:34+00:00","mainEntityOfPage":{"@id":"https:\/\/www.africa-press.net\/togo\/toutes-les-actualites\/togo-espace-civique-le-fctd-fait-letat-des-lieux-ce-dimanche"},"wordCount":134,"commentCount":0,"image":{"@id":"https:\/\/www.africa-press.net\/togo\/toutes-les-actualites\/togo-espace-civique-le-fctd-fait-letat-des-lieux-ce-dimanche#primaryimage"},"thumbnailUrl":"https:\/\/static.africa-press.net\/togo\/sites\/58\/2022\/10\/postQueueImg_7-6359aa2bb3b29.jpg","keywords":["Africa Press","Africa Press-Togo","Togo"],"articleSection":["Communaut\u00e9","Toutes les actualit\u00e9s"],"inLanguage":"fr-FR","potentialAction":[{"@type":"CommentAction","name":"Comment","target":["https:\/\/www.africa-press.net\/togo\/toutes-les-actualites\/togo-espace-civique-le-fctd-fait-letat-des-lieux-ce-dimanche#respond"]}]},{"@type":"WebPage","@id":"https:\/\/www.africa-press.net\/togo\/toutes-les-actualites\/togo-espace-civique-le-fctd-fait-letat-des-lieux-ce-dimanche","url":"https:\/\/www.africa-press.net\/togo\/toutes-les-actualites\/togo-espace-civique-le-fctd-fait-letat-des-lieux-ce-dimanche","name":"Togo-Espace civique : Le FCTD fait l\u2019\u00e9tat des lieux ce dimanche - Togo","isPartOf":{"@id":"https:\/\/www.africa-press.net\/togo\/#website"},"primaryImageOfPage":{"@id":"https:\/\/www.africa-press.net\/togo\/toutes-les-actualites\/togo-espace-civique-le-fctd-fait-letat-des-lieux-ce-dimanche#primaryimage"},"image":{"@id":"https:\/\/www.africa-press.net\/togo\/toutes-les-actualites\/togo-espace-civique-le-fctd-fait-letat-des-lieux-ce-dimanche#primaryimage"},"thumbnailUrl":"https:\/\/static.africa-press.net\/togo\/sites\/58\/2022\/10\/postQueueImg_7-6359aa2bb3b29.jpg","datePublished":"2022-10-26T21:37:36+00:00","dateModified":"2022-10-26T21:44:34+00:00","author":{"@id":"https:\/\/www.africa-press.net\/togo\/#\/schema\/person\/2b1cf3cd81a31e3cd26889ca66d677f1"},"description":"Le Front Citoyen Togo Debout (FCTB) organise, ce dimanche 30 Octobre 2022 a\u0300 18 heures GMT sur Zoom, un webinaire sur ...","breadcrumb":{"@id":"https:\/\/www.africa-press.net\/togo\/toutes-les-actualites\/togo-espace-civique-le-fctd-fait-letat-des-lieux-ce-dimanche#breadcrumb"},"inLanguage":"fr-FR","potentialAction":[{"@type":"ReadAction","target":["https:\/\/www.africa-press.net\/togo\/toutes-les-actualites\/togo-espace-civique-le-fctd-fait-letat-des-lieux-ce-dimanche"]}]},{"@type":"ImageObject","inLanguage":"fr-FR","@id":"https:\/\/www.africa-press.net\/togo\/toutes-les-actualites\/togo-espace-civique-le-fctd-fait-letat-des-lieux-ce-dimanche#primaryimage","url":"https:\/\/static.africa-press.net\/togo\/sites\/58\/2022\/10\/postQueueImg_7-6359aa2bb3b29.jpg","contentUrl":"https:\/\/static.africa-press.net\/togo\/sites\/58\/2022\/10\/postQueueImg_7-6359aa2bb3b29.jpg","width":1280,"height":806,"caption":"Togo-Espace civique : Le FCTD fait l\u2019\u00e9tat des lieux ce dimanche"},{"@type":"BreadcrumbList","@id":"https:\/\/www.africa-press.net\/togo\/toutes-les-actualites\/togo-espace-civique-le-fctd-fait-letat-des-lieux-ce-dimanche#breadcrumb","itemListElement":[{"@type":"ListItem","position":1,"name":"Accueil","item":"https:\/\/www.africa-press.net\/togo\/"},{"@type":"ListItem","position":2,"name":"Togo-Espace civique : Le FCTD fait l\u2019\u00e9tat des lieux ce dimanche"}]},{"@type":"WebSite","@id":"https:\/\/www.africa-press.net\/togo\/#website","url":"https:\/\/www.africa-press.net\/togo\/","name":"Togo","description":"Just another Africa News Agency Sites site","potentialAction":[{"@type":"SearchAction","target":{"@type":"EntryPoint","urlTemplate":"https:\/\/www.africa-press.net\/togo\/?s={search_term_string}"},"query-input":{"@type":"PropertyValueSpecification","valueRequired":true,"valueName":"search_term_string"}}],"inLanguage":"fr-FR"},{"@type":"Person","@id":"https:\/\/www.africa-press.net\/togo\/#\/schema\/person\/2b1cf3cd81a31e3cd26889ca66d677f1","name":"cfeditorfr"}]}},"_links":{"self":[{"href":"https:\/\/www.africa-press.net\/togo\/wp-json\/wp\/v2\/posts\/12943","targetHints":{"allow":["GET"]}}],"collection":[{"href":"https:\/\/www.africa-press.net\/togo\/wp-json\/wp\/v2\/posts"}],"about":[{"href":"https:\/\/www.africa-press.net\/togo\/wp-json\/wp\/v2\/types\/post"}],"author":[{"embeddable":true,"href":"https:\/\/www.africa-press.net\/togo\/wp-json\/wp\/v2\/users\/82"}],"replies":[{"embeddable":true,"href":"https:\/\/www.africa-press.net\/togo\/wp-json\/wp\/v2\/comments?post=12943"}],"version-history":[{"count":0,"href":"https:\/\/www.africa-press.net\/togo\/wp-json\/wp\/v2\/posts\/12943\/revisions"}],"wp:featuredmedia":[{"embeddable":true,"href":"https:\/\/www.africa-press.net\/togo\/wp-json\/wp\/v2\/media\/12942"}],"wp:attachment":[{"href":"https:\/\/www.africa-press.net\/togo\/wp-json\/wp\/v2\/media?parent=12943"}],"wp:term":[{"taxonomy":"category","embeddable":true,"href":"https:\/\/www.africa-press.net\/togo\/wp-json\/wp\/v2\/categories?post=12943"},{"taxonomy":"post_tag","embeddable":true,"href":"https:\/\/www.africa-press.net\/togo\/wp-json\/wp\/v2\/tags?post=12943"}],"curies":[{"name":"wp","href":"https:\/\/api.w.org\/{rel}","templated":true}]}}