{"id":12946,"date":"2022-10-26T21:37:45","date_gmt":"2022-10-26T21:37:45","guid":{"rendered":"https:\/\/www.africa-press.net\/togo\/politique\/togo-des-anciens-responsables-de-lanc-flea-touches-par-le-deces-de-patrick-lawson"},"modified":"2022-10-26T21:45:01","modified_gmt":"2022-10-26T21:45:01","slug":"togo-des-anciens-responsables-de-lanc-flea-touches-par-le-deces-de-patrick-lawson","status":"publish","type":"post","link":"https:\/\/www.africa-press.net\/togo\/politique\/togo-des-anciens-responsables-de-lanc-flea-touches-par-le-deces-de-patrick-lawson","title":{"rendered":"Togo-Des anciens responsables de l\u2019ANC-FLEA touch\u00e9s par le d\u00e9c\u00e8s de Patrick Lawson"},"content":{"rendered":"<p><span style=\"color: #ff6600\"><strong>Africa-Press &#8211; Togo. <\/strong><\/span><b>1er Vice-pre\u0301sident de l\u2019Alliance nationale pour le changement (ANC), combattant pour l\u2019ave\u0300nement de l\u2019Etat de droit et de la bonne gouvernance au Togo, Patrick Lawson-Banku a tire\u0301 sa re\u0301ve\u0301rence le dimanche 23 octobre dernier a\u0300 l\u2019a\u0302ge de 70 ans. Le groupe des 9 anciens responsables de l\u2019ANC-FLEA exprime sa consternation et pre\u0301sente ses condole\u0301ances a\u0300 la famille biologique et politique de l\u2019illustre disparu.<\/b><br \/>\n<b>G9 \u2013 GROUPE DES 9 ANCIENS RESPONSABLES DE ANC-FI.EA<\/b><\/p>\n<p>Chers colle\u0300gues, camarades et amis de l\u2019ANC,<\/p>\n<p>C\u2019est avec consternation que nous venons d\u2019apprendre la disparition du grand camarade de lutte, le combattant de tout temps et grand de\u0301fenseur des ide\u0301aux de l\u2019ABLODE\u0301, le camarade 1er vice-pre\u0301sident du parti, Patrick LAWSON BANKU alias Pe\u0301.<\/p>\n<p>Nous joignons notre voix a\u0300 celle de tout le parti ANC pour<\/p>\n<p>pre\u0301senter a\u0300 sa femme et enfants ainsi qu\u2019a\u0300 toute sa famille et proches nos tristes condole\u0301ances. Nos prie\u0300res les accompagnent pour qu\u2019ils soient fortifie\u0301s par la Gra\u0302ce Divine dans cette douloureuse e\u0301preuve.<\/p>\n<p>Nous prions e\u0301galement le Pe\u0300re Cre\u0301ateur afin qu\u2019Il admette l\u2019a\u0302me de notre illustre colle\u0300gue et ami dans la Paix de Sa demeure e\u0301ternelle.<\/p>\n<p>Camarade Pe\u0301, que la terre te soit le\u0301ge\u0300re et R.I.P ! Amen.<\/p>\n<p>Au nom du G9,<\/p>\n<p>Le camarade Lucien HOUNKANLI<\/p>\n<p><strong>Pour plus d&rsquo;informations et d&rsquo;analyses sur la <a href=\"https:\/\/www.africa-press.net\/togo\">Togo<\/a>, suivez <a href=\"https:\/\/www.africa-press.net\/\">Africa-Press<\/a><\/strong><\/p>\n","protected":false},"excerpt":{"rendered":"<p>Africa-Press &#8211; Togo. 1er Vice-pre\u0301sident de l\u2019Alliance nationale pour le changement (ANC), combattant pour l\u2019ave\u0300nement de l\u2019Etat de droit et de la bonne gouvernance au Togo, Patrick Lawson-Banku a tire\u0301 sa re\u0301ve\u0301rence le dimanche 23 octobre dernier a\u0300 l\u2019a\u0302ge de 70 ans. Le groupe des 9 anciens responsables de l\u2019ANC-FLEA exprime sa consternation et pre\u0301sente [&hellip;]<\/p>\n","protected":false},"author":82,"featured_media":12945,"comment_status":"open","ping_status":"closed","sticky":false,"template":"","format":"standard","meta":{"footnotes":""},"categories":[2,10],"tags":[36,49,50],"class_list":["post-12946","post","type-post","status-publish","format-standard","has-post-thumbnail","hentry","category-politique","category-toutes-les-actualites","tag-africa-press","tag-africa-press-togo","tag-togo"],"yoast_head":"<!-- This site is optimized with the Yoast SEO Premium plugin v26.1 (Yoast SEO v27.0) - https:\/\/yoast.com\/product\/yoast-seo-premium-wordpress\/ -->\n<title>Togo-Des anciens responsables de l\u2019ANC-FLEA touch\u00e9s par le d\u00e9c\u00e8s de Patrick Lawson - Togo<\/title>\n<meta name=\"description\" content=\"1er Vice-pre\u0301sident de l\u2019Alliance nationale pour le changement (ANC), combattant pour l\u2019ave\u0300nement de l\u2019Etat de droit ...\" \/>\n<meta name=\"robots\" content=\"index, follow, max-snippet:-1, max-image-preview:large, max-video-preview:-1\" \/>\n<link rel=\"canonical\" href=\"https:\/\/www.africa-press.net\/togo\/politique\/togo-des-anciens-responsables-de-lanc-flea-touches-par-le-deces-de-patrick-lawson\" \/>\n<meta property=\"og:locale\" content=\"fr_FR\" \/>\n<meta property=\"og:type\" content=\"article\" \/>\n<meta property=\"og:title\" content=\"Togo-Des anciens responsables de l\u2019ANC-FLEA touch\u00e9s par le d\u00e9c\u00e8s de Patrick Lawson\" \/>\n<meta property=\"og:description\" content=\"1er Vice-pre\u0301sident de l\u2019Alliance nationale pour le changement (ANC), combattant pour l\u2019ave\u0300nement de l\u2019Etat de droit ...\" \/>\n<meta property=\"og:url\" content=\"https:\/\/www.africa-press.net\/togo\/politique\/togo-des-anciens-responsables-de-lanc-flea-touches-par-le-deces-de-patrick-lawson\" \/>\n<meta property=\"og:site_name\" content=\"Togo\" \/>\n<meta property=\"article:published_time\" content=\"2022-10-26T21:37:45+00:00\" \/>\n<meta property=\"article:modified_time\" content=\"2022-10-26T21:45:01+00:00\" \/>\n<meta property=\"og:image\" content=\"https:\/\/static.africa-press.net\/togo\/sites\/58\/2022\/10\/postQueueImg_8-6359aa4753fc9.jpg\" \/>\n\t<meta property=\"og:image:width\" content=\"1280\" \/>\n\t<meta property=\"og:image:height\" content=\"822\" \/>\n\t<meta property=\"og:image:type\" content=\"image\/jpeg\" \/>\n<meta name=\"author\" content=\"cfeditorfr\" \/>\n<meta name=\"twitter:card\" content=\"summary_large_image\" \/>\n<meta name=\"twitter:label1\" content=\"\u00c9crit par\" \/>\n\t<meta name=\"twitter:data1\" content=\"cfeditorfr\" \/>\n\t<meta name=\"twitter:label2\" content=\"Dur\u00e9e de lecture estim\u00e9e\" \/>\n\t<meta name=\"twitter:data2\" content=\"2 minutes\" \/>\n<script type=\"application\/ld+json\" class=\"yoast-schema-graph\">{\"@context\":\"https:\/\/schema.org\",\"@graph\":[{\"@type\":\"Article\",\"@id\":\"https:\/\/www.africa-press.net\/togo\/politique\/togo-des-anciens-responsables-de-lanc-flea-touches-par-le-deces-de-patrick-lawson#article\",\"isPartOf\":{\"@id\":\"https:\/\/www.africa-press.net\/togo\/politique\/togo-des-anciens-responsables-de-lanc-flea-touches-par-le-deces-de-patrick-lawson\"},\"author\":{\"name\":\"cfeditorfr\",\"@id\":\"https:\/\/www.africa-press.net\/togo\/#\/schema\/person\/2b1cf3cd81a31e3cd26889ca66d677f1\"},\"headline\":\"Togo-Des anciens responsables de l\u2019ANC-FLEA touch\u00e9s par le d\u00e9c\u00e8s de Patrick Lawson\",\"datePublished\":\"2022-10-26T21:37:45+00:00\",\"dateModified\":\"2022-10-26T21:45:01+00:00\",\"mainEntityOfPage\":{\"@id\":\"https:\/\/www.africa-press.net\/togo\/politique\/togo-des-anciens-responsables-de-lanc-flea-touches-par-le-deces-de-patrick-lawson\"},\"wordCount\":270,\"commentCount\":0,\"image\":{\"@id\":\"https:\/\/www.africa-press.net\/togo\/politique\/togo-des-anciens-responsables-de-lanc-flea-touches-par-le-deces-de-patrick-lawson#primaryimage\"},\"thumbnailUrl\":\"https:\/\/static.africa-press.net\/togo\/sites\/58\/2022\/10\/postQueueImg_8-6359aa4753fc9.jpg\",\"keywords\":[\"Africa Press\",\"Africa Press-Togo\",\"Togo\"],\"articleSection\":[\"Politique\",\"Toutes les actualit\u00e9s\"],\"inLanguage\":\"fr-FR\",\"potentialAction\":[{\"@type\":\"CommentAction\",\"name\":\"Comment\",\"target\":[\"https:\/\/www.africa-press.net\/togo\/politique\/togo-des-anciens-responsables-de-lanc-flea-touches-par-le-deces-de-patrick-lawson#respond\"]}]},{\"@type\":\"WebPage\",\"@id\":\"https:\/\/www.africa-press.net\/togo\/politique\/togo-des-anciens-responsables-de-lanc-flea-touches-par-le-deces-de-patrick-lawson\",\"url\":\"https:\/\/www.africa-press.net\/togo\/politique\/togo-des-anciens-responsables-de-lanc-flea-touches-par-le-deces-de-patrick-lawson\",\"name\":\"Togo-Des anciens responsables de l\u2019ANC-FLEA touch\u00e9s par le d\u00e9c\u00e8s de Patrick Lawson - Togo\",\"isPartOf\":{\"@id\":\"https:\/\/www.africa-press.net\/togo\/#website\"},\"primaryImageOfPage\":{\"@id\":\"https:\/\/www.africa-press.net\/togo\/politique\/togo-des-anciens-responsables-de-lanc-flea-touches-par-le-deces-de-patrick-lawson#primaryimage\"},\"image\":{\"@id\":\"https:\/\/www.africa-press.net\/togo\/politique\/togo-des-anciens-responsables-de-lanc-flea-touches-par-le-deces-de-patrick-lawson#primaryimage\"},\"thumbnailUrl\":\"https:\/\/static.africa-press.net\/togo\/sites\/58\/2022\/10\/postQueueImg_8-6359aa4753fc9.jpg\",\"datePublished\":\"2022-10-26T21:37:45+00:00\",\"dateModified\":\"2022-10-26T21:45:01+00:00\",\"author\":{\"@id\":\"https:\/\/www.africa-press.net\/togo\/#\/schema\/person\/2b1cf3cd81a31e3cd26889ca66d677f1\"},\"description\":\"1er Vice-pre\u0301sident de l\u2019Alliance nationale pour le changement (ANC), combattant pour l\u2019ave\u0300nement de l\u2019Etat de droit ...\",\"breadcrumb\":{\"@id\":\"https:\/\/www.africa-press.net\/togo\/politique\/togo-des-anciens-responsables-de-lanc-flea-touches-par-le-deces-de-patrick-lawson#breadcrumb\"},\"inLanguage\":\"fr-FR\",\"potentialAction\":[{\"@type\":\"ReadAction\",\"target\":[\"https:\/\/www.africa-press.net\/togo\/politique\/togo-des-anciens-responsables-de-lanc-flea-touches-par-le-deces-de-patrick-lawson\"]}]},{\"@type\":\"ImageObject\",\"inLanguage\":\"fr-FR\",\"@id\":\"https:\/\/www.africa-press.net\/togo\/politique\/togo-des-anciens-responsables-de-lanc-flea-touches-par-le-deces-de-patrick-lawson#primaryimage\",\"url\":\"https:\/\/static.africa-press.net\/togo\/sites\/58\/2022\/10\/postQueueImg_8-6359aa4753fc9.jpg\",\"contentUrl\":\"https:\/\/static.africa-press.net\/togo\/sites\/58\/2022\/10\/postQueueImg_8-6359aa4753fc9.jpg\",\"width\":1280,\"height\":822,\"caption\":\"Togo-Des anciens responsables de l\u2019ANC-FLEA touch\u00e9s par le d\u00e9c\u00e8s de Patrick Lawson\"},{\"@type\":\"BreadcrumbList\",\"@id\":\"https:\/\/www.africa-press.net\/togo\/politique\/togo-des-anciens-responsables-de-lanc-flea-touches-par-le-deces-de-patrick-lawson#breadcrumb\",\"itemListElement\":[{\"@type\":\"ListItem\",\"position\":1,\"name\":\"Accueil\",\"item\":\"https:\/\/www.africa-press.net\/togo\/\"},{\"@type\":\"ListItem\",\"position\":2,\"name\":\"Togo-Des anciens responsables de l\u2019ANC-FLEA touch\u00e9s par le d\u00e9c\u00e8s de Patrick Lawson\"}]},{\"@type\":\"WebSite\",\"@id\":\"https:\/\/www.africa-press.net\/togo\/#website\",\"url\":\"https:\/\/www.africa-press.net\/togo\/\",\"name\":\"Togo\",\"description\":\"Just another Africa News Agency Sites site\",\"potentialAction\":[{\"@type\":\"SearchAction\",\"target\":{\"@type\":\"EntryPoint\",\"urlTemplate\":\"https:\/\/www.africa-press.net\/togo\/?s={search_term_string}\"},\"query-input\":{\"@type\":\"PropertyValueSpecification\",\"valueRequired\":true,\"valueName\":\"search_term_string\"}}],\"inLanguage\":\"fr-FR\"},{\"@type\":\"Person\",\"@id\":\"https:\/\/www.africa-press.net\/togo\/#\/schema\/person\/2b1cf3cd81a31e3cd26889ca66d677f1\",\"name\":\"cfeditorfr\"}]}<\/script>\n<!-- \/ Yoast SEO Premium plugin. -->","yoast_head_json":{"title":"Togo-Des anciens responsables de l\u2019ANC-FLEA touch\u00e9s par le d\u00e9c\u00e8s de Patrick Lawson - Togo","description":"1er Vice-pre\u0301sident de l\u2019Alliance nationale pour le changement (ANC), combattant pour l\u2019ave\u0300nement de l\u2019Etat de droit ...","robots":{"index":"index","follow":"follow","max-snippet":"max-snippet:-1","max-image-preview":"max-image-preview:large","max-video-preview":"max-video-preview:-1"},"canonical":"https:\/\/www.africa-press.net\/togo\/politique\/togo-des-anciens-responsables-de-lanc-flea-touches-par-le-deces-de-patrick-lawson","og_locale":"fr_FR","og_type":"article","og_title":"Togo-Des anciens responsables de l\u2019ANC-FLEA touch\u00e9s par le d\u00e9c\u00e8s de Patrick Lawson","og_description":"1er Vice-pre\u0301sident de l\u2019Alliance nationale pour le changement (ANC), combattant pour l\u2019ave\u0300nement de l\u2019Etat de droit ...","og_url":"https:\/\/www.africa-press.net\/togo\/politique\/togo-des-anciens-responsables-de-lanc-flea-touches-par-le-deces-de-patrick-lawson","og_site_name":"Togo","article_published_time":"2022-10-26T21:37:45+00:00","article_modified_time":"2022-10-26T21:45:01+00:00","og_image":[{"width":1280,"height":822,"url":"https:\/\/static.africa-press.net\/togo\/sites\/58\/2022\/10\/postQueueImg_8-6359aa4753fc9.jpg","type":"image\/jpeg"}],"author":"cfeditorfr","twitter_card":"summary_large_image","twitter_misc":{"\u00c9crit par":"cfeditorfr","Dur\u00e9e de lecture estim\u00e9e":"2 minutes"},"schema":{"@context":"https:\/\/schema.org","@graph":[{"@type":"Article","@id":"https:\/\/www.africa-press.net\/togo\/politique\/togo-des-anciens-responsables-de-lanc-flea-touches-par-le-deces-de-patrick-lawson#article","isPartOf":{"@id":"https:\/\/www.africa-press.net\/togo\/politique\/togo-des-anciens-responsables-de-lanc-flea-touches-par-le-deces-de-patrick-lawson"},"author":{"name":"cfeditorfr","@id":"https:\/\/www.africa-press.net\/togo\/#\/schema\/person\/2b1cf3cd81a31e3cd26889ca66d677f1"},"headline":"Togo-Des anciens responsables de l\u2019ANC-FLEA touch\u00e9s par le d\u00e9c\u00e8s de Patrick Lawson","datePublished":"2022-10-26T21:37:45+00:00","dateModified":"2022-10-26T21:45:01+00:00","mainEntityOfPage":{"@id":"https:\/\/www.africa-press.net\/togo\/politique\/togo-des-anciens-responsables-de-lanc-flea-touches-par-le-deces-de-patrick-lawson"},"wordCount":270,"commentCount":0,"image":{"@id":"https:\/\/www.africa-press.net\/togo\/politique\/togo-des-anciens-responsables-de-lanc-flea-touches-par-le-deces-de-patrick-lawson#primaryimage"},"thumbnailUrl":"https:\/\/static.africa-press.net\/togo\/sites\/58\/2022\/10\/postQueueImg_8-6359aa4753fc9.jpg","keywords":["Africa Press","Africa Press-Togo","Togo"],"articleSection":["Politique","Toutes les actualit\u00e9s"],"inLanguage":"fr-FR","potentialAction":[{"@type":"CommentAction","name":"Comment","target":["https:\/\/www.africa-press.net\/togo\/politique\/togo-des-anciens-responsables-de-lanc-flea-touches-par-le-deces-de-patrick-lawson#respond"]}]},{"@type":"WebPage","@id":"https:\/\/www.africa-press.net\/togo\/politique\/togo-des-anciens-responsables-de-lanc-flea-touches-par-le-deces-de-patrick-lawson","url":"https:\/\/www.africa-press.net\/togo\/politique\/togo-des-anciens-responsables-de-lanc-flea-touches-par-le-deces-de-patrick-lawson","name":"Togo-Des anciens responsables de l\u2019ANC-FLEA touch\u00e9s par le d\u00e9c\u00e8s de Patrick Lawson - Togo","isPartOf":{"@id":"https:\/\/www.africa-press.net\/togo\/#website"},"primaryImageOfPage":{"@id":"https:\/\/www.africa-press.net\/togo\/politique\/togo-des-anciens-responsables-de-lanc-flea-touches-par-le-deces-de-patrick-lawson#primaryimage"},"image":{"@id":"https:\/\/www.africa-press.net\/togo\/politique\/togo-des-anciens-responsables-de-lanc-flea-touches-par-le-deces-de-patrick-lawson#primaryimage"},"thumbnailUrl":"https:\/\/static.africa-press.net\/togo\/sites\/58\/2022\/10\/postQueueImg_8-6359aa4753fc9.jpg","datePublished":"2022-10-26T21:37:45+00:00","dateModified":"2022-10-26T21:45:01+00:00","author":{"@id":"https:\/\/www.africa-press.net\/togo\/#\/schema\/person\/2b1cf3cd81a31e3cd26889ca66d677f1"},"description":"1er Vice-pre\u0301sident de l\u2019Alliance nationale pour le changement (ANC), combattant pour l\u2019ave\u0300nement de l\u2019Etat de droit ...","breadcrumb":{"@id":"https:\/\/www.africa-press.net\/togo\/politique\/togo-des-anciens-responsables-de-lanc-flea-touches-par-le-deces-de-patrick-lawson#breadcrumb"},"inLanguage":"fr-FR","potentialAction":[{"@type":"ReadAction","target":["https:\/\/www.africa-press.net\/togo\/politique\/togo-des-anciens-responsables-de-lanc-flea-touches-par-le-deces-de-patrick-lawson"]}]},{"@type":"ImageObject","inLanguage":"fr-FR","@id":"https:\/\/www.africa-press.net\/togo\/politique\/togo-des-anciens-responsables-de-lanc-flea-touches-par-le-deces-de-patrick-lawson#primaryimage","url":"https:\/\/static.africa-press.net\/togo\/sites\/58\/2022\/10\/postQueueImg_8-6359aa4753fc9.jpg","contentUrl":"https:\/\/static.africa-press.net\/togo\/sites\/58\/2022\/10\/postQueueImg_8-6359aa4753fc9.jpg","width":1280,"height":822,"caption":"Togo-Des anciens responsables de l\u2019ANC-FLEA touch\u00e9s par le d\u00e9c\u00e8s de Patrick Lawson"},{"@type":"BreadcrumbList","@id":"https:\/\/www.africa-press.net\/togo\/politique\/togo-des-anciens-responsables-de-lanc-flea-touches-par-le-deces-de-patrick-lawson#breadcrumb","itemListElement":[{"@type":"ListItem","position":1,"name":"Accueil","item":"https:\/\/www.africa-press.net\/togo\/"},{"@type":"ListItem","position":2,"name":"Togo-Des anciens responsables de l\u2019ANC-FLEA touch\u00e9s par le d\u00e9c\u00e8s de Patrick Lawson"}]},{"@type":"WebSite","@id":"https:\/\/www.africa-press.net\/togo\/#website","url":"https:\/\/www.africa-press.net\/togo\/","name":"Togo","description":"Just another Africa News Agency Sites site","potentialAction":[{"@type":"SearchAction","target":{"@type":"EntryPoint","urlTemplate":"https:\/\/www.africa-press.net\/togo\/?s={search_term_string}"},"query-input":{"@type":"PropertyValueSpecification","valueRequired":true,"valueName":"search_term_string"}}],"inLanguage":"fr-FR"},{"@type":"Person","@id":"https:\/\/www.africa-press.net\/togo\/#\/schema\/person\/2b1cf3cd81a31e3cd26889ca66d677f1","name":"cfeditorfr"}]}},"_links":{"self":[{"href":"https:\/\/www.africa-press.net\/togo\/wp-json\/wp\/v2\/posts\/12946","targetHints":{"allow":["GET"]}}],"collection":[{"href":"https:\/\/www.africa-press.net\/togo\/wp-json\/wp\/v2\/posts"}],"about":[{"href":"https:\/\/www.africa-press.net\/togo\/wp-json\/wp\/v2\/types\/post"}],"author":[{"embeddable":true,"href":"https:\/\/www.africa-press.net\/togo\/wp-json\/wp\/v2\/users\/82"}],"replies":[{"embeddable":true,"href":"https:\/\/www.africa-press.net\/togo\/wp-json\/wp\/v2\/comments?post=12946"}],"version-history":[{"count":0,"href":"https:\/\/www.africa-press.net\/togo\/wp-json\/wp\/v2\/posts\/12946\/revisions"}],"wp:featuredmedia":[{"embeddable":true,"href":"https:\/\/www.africa-press.net\/togo\/wp-json\/wp\/v2\/media\/12945"}],"wp:attachment":[{"href":"https:\/\/www.africa-press.net\/togo\/wp-json\/wp\/v2\/media?parent=12946"}],"wp:term":[{"taxonomy":"category","embeddable":true,"href":"https:\/\/www.africa-press.net\/togo\/wp-json\/wp\/v2\/categories?post=12946"},{"taxonomy":"post_tag","embeddable":true,"href":"https:\/\/www.africa-press.net\/togo\/wp-json\/wp\/v2\/tags?post=12946"}],"curies":[{"name":"wp","href":"https:\/\/api.w.org\/{rel}","templated":true}]}}