{"id":12964,"date":"2022-10-26T21:38:49","date_gmt":"2022-10-26T21:38:49","guid":{"rendered":"https:\/\/www.africa-press.net\/togo\/politique\/delocalisation-du-marche-dattikpodji-les-grossistes-de-legumes-ont-jusqua-juin-2023"},"modified":"2022-10-26T21:47:49","modified_gmt":"2022-10-26T21:47:49","slug":"delocalisation-du-marche-dattikpodji-les-grossistes-de-legumes-ont-jusqua-juin-2023","status":"publish","type":"post","link":"https:\/\/www.africa-press.net\/togo\/economie\/delocalisation-du-marche-dattikpodji-les-grossistes-de-legumes-ont-jusqua-juin-2023","title":{"rendered":"D\u00e9localisation du march\u00e9 d\u2019Attikpodji-Les grossistes de l\u00e9gumes ont jusqu\u2019\u00e0 juin 2023"},"content":{"rendered":"<p><span style=\"color: #ff6600\"><strong>Africa-Press &#8211; Togo. <\/strong><\/span><b>Les grossistes de le\u0301gumes du marche\u0301 d\u2019Attikpodji ont obtenu un de\u0301lai de quelques mois allant jusqu\u2019a\u0300 l\u2019anne\u0301e prochaine pour se reloger sur le nouveau site installe\u0301 a\u0300 Be\u0300 Klikame\u0301.<\/b><\/p>\n<p>Alors que le nouveau marche\u0301 ame\u0301nage\u0301 a\u0300 Be\u0300 Klikame\u0301 est pre\u0302t, la de\u0301localisation des grossistes de le\u0301gumes du marche\u0301 d\u2019Attikpodji vers ce nouveau cadre a e\u0301te\u0301 prolonge\u0301e jusqu\u2019a\u0300 la mi-2023.<\/p>\n<p>\u00ab Suite a\u0300 des discussions, un de\u0301lai supple\u0301mentaire a e\u0301te\u0301 accorde\u0301 a\u0300 certains de ces acteurs e\u0301conomiques. Ainsi, la relocalisation des grossistes de le\u0301gumes du marche\u0301 d\u2019Attikpodji sur le nouveau site, a e\u0301te\u0301 repousse\u0301e en juin 2023 \u00bb, renseigne le site Togo First.<\/p>\n<p>En effet, la de\u0301localisation des marche\u0301s d\u2019Attikpodji et d\u2019Abattoir est une de\u0301cision des autorite\u0301s togolaise mise en application par la direction de l\u2019E\u0301tablissement public autonome pour l\u2019exploitation des marche\u0301s (EPAM). L\u2019objectif c\u2019est de de\u0301sencombrer la route nationale N\u00b02 (Lome\u0301-Ane\u0301ho) souvent occupe\u0301e par les commerc\u0327ants, au niveau du grand marche\u0301 de Lome\u0301.<\/p>\n<p><strong>Pour plus d&rsquo;informations et d&rsquo;analyses sur la <a href=\"https:\/\/www.africa-press.net\/togo\">Togo<\/a>, suivez <a href=\"https:\/\/www.africa-press.net\/\">Africa-Press<\/a><\/strong><\/p>\n","protected":false},"excerpt":{"rendered":"<p>Africa-Press &#8211; Togo. Les grossistes de le\u0301gumes du marche\u0301 d\u2019Attikpodji ont obtenu un de\u0301lai de quelques mois allant jusqu\u2019a\u0300 l\u2019anne\u0301e prochaine pour se reloger sur le nouveau site installe\u0301 a\u0300 Be\u0300 Klikame\u0301. Alors que le nouveau marche\u0301 ame\u0301nage\u0301 a\u0300 Be\u0300 Klikame\u0301 est pre\u0302t, la de\u0301localisation des grossistes de le\u0301gumes du marche\u0301 d\u2019Attikpodji vers ce nouveau [&hellip;]<\/p>\n","protected":false},"author":82,"featured_media":12963,"comment_status":"open","ping_status":"closed","sticky":false,"template":"","format":"standard","meta":{"footnotes":""},"categories":[3,10],"tags":[36,49,50],"class_list":["post-12964","post","type-post","status-publish","format-standard","has-post-thumbnail","hentry","category-economie","category-toutes-les-actualites","tag-africa-press","tag-africa-press-togo","tag-togo"],"yoast_head":"<!-- This site is optimized with the Yoast SEO Premium plugin v26.1 (Yoast SEO v27.0) - https:\/\/yoast.com\/product\/yoast-seo-premium-wordpress\/ -->\n<title>D\u00e9localisation du march\u00e9 d\u2019Attikpodji-Les grossistes de l\u00e9gumes ont jusqu\u2019\u00e0 juin 2023 - Togo<\/title>\n<meta name=\"description\" content=\"Les grossistes de le\u0301gumes du marche\u0301 d\u2019Attikpodji ont obtenu un de\u0301lai de quelques mois allant jusqu\u2019a\u0300 l\u2019anne\u0301e pro ...\" \/>\n<meta name=\"robots\" content=\"index, follow, max-snippet:-1, max-image-preview:large, max-video-preview:-1\" \/>\n<link rel=\"canonical\" href=\"https:\/\/www.africa-press.net\/togo\/economie\/delocalisation-du-marche-dattikpodji-les-grossistes-de-legumes-ont-jusqua-juin-2023\" \/>\n<meta property=\"og:locale\" content=\"fr_FR\" \/>\n<meta property=\"og:type\" content=\"article\" \/>\n<meta property=\"og:title\" content=\"D\u00e9localisation du march\u00e9 d\u2019Attikpodji-Les grossistes de l\u00e9gumes ont jusqu\u2019\u00e0 juin 2023\" \/>\n<meta property=\"og:description\" content=\"Les grossistes de le\u0301gumes du marche\u0301 d\u2019Attikpodji ont obtenu un de\u0301lai de quelques mois allant jusqu\u2019a\u0300 l\u2019anne\u0301e pro ...\" \/>\n<meta property=\"og:url\" content=\"https:\/\/www.africa-press.net\/togo\/economie\/delocalisation-du-marche-dattikpodji-les-grossistes-de-legumes-ont-jusqua-juin-2023\" \/>\n<meta property=\"og:site_name\" content=\"Togo\" \/>\n<meta property=\"article:published_time\" content=\"2022-10-26T21:38:49+00:00\" \/>\n<meta property=\"article:modified_time\" content=\"2022-10-26T21:47:49+00:00\" \/>\n<meta property=\"og:image\" content=\"https:\/\/static.africa-press.net\/togo\/sites\/58\/2022\/10\/postQueueImg_14-6359aaecd6f46.jpg\" \/>\n\t<meta property=\"og:image:width\" content=\"1280\" \/>\n\t<meta property=\"og:image:height\" content=\"800\" \/>\n\t<meta property=\"og:image:type\" content=\"image\/jpeg\" \/>\n<meta name=\"author\" content=\"cfeditorfr\" \/>\n<meta name=\"twitter:card\" content=\"summary_large_image\" \/>\n<meta name=\"twitter:label1\" content=\"\u00c9crit par\" \/>\n\t<meta name=\"twitter:data1\" content=\"cfeditorfr\" \/>\n\t<meta name=\"twitter:label2\" content=\"Dur\u00e9e de lecture estim\u00e9e\" \/>\n\t<meta name=\"twitter:data2\" content=\"1 minute\" \/>\n<script type=\"application\/ld+json\" class=\"yoast-schema-graph\">{\"@context\":\"https:\/\/schema.org\",\"@graph\":[{\"@type\":\"Article\",\"@id\":\"https:\/\/www.africa-press.net\/togo\/economie\/delocalisation-du-marche-dattikpodji-les-grossistes-de-legumes-ont-jusqua-juin-2023#article\",\"isPartOf\":{\"@id\":\"https:\/\/www.africa-press.net\/togo\/economie\/delocalisation-du-marche-dattikpodji-les-grossistes-de-legumes-ont-jusqua-juin-2023\"},\"author\":{\"name\":\"cfeditorfr\",\"@id\":\"https:\/\/www.africa-press.net\/togo\/#\/schema\/person\/2b1cf3cd81a31e3cd26889ca66d677f1\"},\"headline\":\"D\u00e9localisation du march\u00e9 d\u2019Attikpodji-Les grossistes de l\u00e9gumes ont jusqu\u2019\u00e0 juin 2023\",\"datePublished\":\"2022-10-26T21:38:49+00:00\",\"dateModified\":\"2022-10-26T21:47:49+00:00\",\"mainEntityOfPage\":{\"@id\":\"https:\/\/www.africa-press.net\/togo\/economie\/delocalisation-du-marche-dattikpodji-les-grossistes-de-legumes-ont-jusqua-juin-2023\"},\"wordCount\":217,\"commentCount\":0,\"image\":{\"@id\":\"https:\/\/www.africa-press.net\/togo\/economie\/delocalisation-du-marche-dattikpodji-les-grossistes-de-legumes-ont-jusqua-juin-2023#primaryimage\"},\"thumbnailUrl\":\"https:\/\/static.africa-press.net\/togo\/sites\/58\/2022\/10\/postQueueImg_14-6359aaecd6f46.jpg\",\"keywords\":[\"Africa Press\",\"Africa Press-Togo\",\"Togo\"],\"articleSection\":[\"\u00c9conomie\",\"Toutes les actualit\u00e9s\"],\"inLanguage\":\"fr-FR\",\"potentialAction\":[{\"@type\":\"CommentAction\",\"name\":\"Comment\",\"target\":[\"https:\/\/www.africa-press.net\/togo\/economie\/delocalisation-du-marche-dattikpodji-les-grossistes-de-legumes-ont-jusqua-juin-2023#respond\"]}]},{\"@type\":\"WebPage\",\"@id\":\"https:\/\/www.africa-press.net\/togo\/economie\/delocalisation-du-marche-dattikpodji-les-grossistes-de-legumes-ont-jusqua-juin-2023\",\"url\":\"https:\/\/www.africa-press.net\/togo\/economie\/delocalisation-du-marche-dattikpodji-les-grossistes-de-legumes-ont-jusqua-juin-2023\",\"name\":\"D\u00e9localisation du march\u00e9 d\u2019Attikpodji-Les grossistes de l\u00e9gumes ont jusqu\u2019\u00e0 juin 2023 - Togo\",\"isPartOf\":{\"@id\":\"https:\/\/www.africa-press.net\/togo\/#website\"},\"primaryImageOfPage\":{\"@id\":\"https:\/\/www.africa-press.net\/togo\/economie\/delocalisation-du-marche-dattikpodji-les-grossistes-de-legumes-ont-jusqua-juin-2023#primaryimage\"},\"image\":{\"@id\":\"https:\/\/www.africa-press.net\/togo\/economie\/delocalisation-du-marche-dattikpodji-les-grossistes-de-legumes-ont-jusqua-juin-2023#primaryimage\"},\"thumbnailUrl\":\"https:\/\/static.africa-press.net\/togo\/sites\/58\/2022\/10\/postQueueImg_14-6359aaecd6f46.jpg\",\"datePublished\":\"2022-10-26T21:38:49+00:00\",\"dateModified\":\"2022-10-26T21:47:49+00:00\",\"author\":{\"@id\":\"https:\/\/www.africa-press.net\/togo\/#\/schema\/person\/2b1cf3cd81a31e3cd26889ca66d677f1\"},\"description\":\"Les grossistes de le\u0301gumes du marche\u0301 d\u2019Attikpodji ont obtenu un de\u0301lai de quelques mois allant jusqu\u2019a\u0300 l\u2019anne\u0301e pro ...\",\"breadcrumb\":{\"@id\":\"https:\/\/www.africa-press.net\/togo\/economie\/delocalisation-du-marche-dattikpodji-les-grossistes-de-legumes-ont-jusqua-juin-2023#breadcrumb\"},\"inLanguage\":\"fr-FR\",\"potentialAction\":[{\"@type\":\"ReadAction\",\"target\":[\"https:\/\/www.africa-press.net\/togo\/economie\/delocalisation-du-marche-dattikpodji-les-grossistes-de-legumes-ont-jusqua-juin-2023\"]}]},{\"@type\":\"ImageObject\",\"inLanguage\":\"fr-FR\",\"@id\":\"https:\/\/www.africa-press.net\/togo\/economie\/delocalisation-du-marche-dattikpodji-les-grossistes-de-legumes-ont-jusqua-juin-2023#primaryimage\",\"url\":\"https:\/\/static.africa-press.net\/togo\/sites\/58\/2022\/10\/postQueueImg_14-6359aaecd6f46.jpg\",\"contentUrl\":\"https:\/\/static.africa-press.net\/togo\/sites\/58\/2022\/10\/postQueueImg_14-6359aaecd6f46.jpg\",\"width\":1280,\"height\":800,\"caption\":\"D\u00e9localisation du march\u00e9 d\u2019Attikpodji-Les grossistes de l\u00e9gumes ont jusqu\u2019\u00e0 juin 2023\"},{\"@type\":\"BreadcrumbList\",\"@id\":\"https:\/\/www.africa-press.net\/togo\/economie\/delocalisation-du-marche-dattikpodji-les-grossistes-de-legumes-ont-jusqua-juin-2023#breadcrumb\",\"itemListElement\":[{\"@type\":\"ListItem\",\"position\":1,\"name\":\"Accueil\",\"item\":\"https:\/\/www.africa-press.net\/togo\/\"},{\"@type\":\"ListItem\",\"position\":2,\"name\":\"D\u00e9localisation du march\u00e9 d\u2019Attikpodji-Les grossistes de l\u00e9gumes ont jusqu\u2019\u00e0 juin 2023\"}]},{\"@type\":\"WebSite\",\"@id\":\"https:\/\/www.africa-press.net\/togo\/#website\",\"url\":\"https:\/\/www.africa-press.net\/togo\/\",\"name\":\"Togo\",\"description\":\"Just another Africa News Agency Sites site\",\"potentialAction\":[{\"@type\":\"SearchAction\",\"target\":{\"@type\":\"EntryPoint\",\"urlTemplate\":\"https:\/\/www.africa-press.net\/togo\/?s={search_term_string}\"},\"query-input\":{\"@type\":\"PropertyValueSpecification\",\"valueRequired\":true,\"valueName\":\"search_term_string\"}}],\"inLanguage\":\"fr-FR\"},{\"@type\":\"Person\",\"@id\":\"https:\/\/www.africa-press.net\/togo\/#\/schema\/person\/2b1cf3cd81a31e3cd26889ca66d677f1\",\"name\":\"cfeditorfr\"}]}<\/script>\n<!-- \/ Yoast SEO Premium plugin. -->","yoast_head_json":{"title":"D\u00e9localisation du march\u00e9 d\u2019Attikpodji-Les grossistes de l\u00e9gumes ont jusqu\u2019\u00e0 juin 2023 - Togo","description":"Les grossistes de le\u0301gumes du marche\u0301 d\u2019Attikpodji ont obtenu un de\u0301lai de quelques mois allant jusqu\u2019a\u0300 l\u2019anne\u0301e pro ...","robots":{"index":"index","follow":"follow","max-snippet":"max-snippet:-1","max-image-preview":"max-image-preview:large","max-video-preview":"max-video-preview:-1"},"canonical":"https:\/\/www.africa-press.net\/togo\/economie\/delocalisation-du-marche-dattikpodji-les-grossistes-de-legumes-ont-jusqua-juin-2023","og_locale":"fr_FR","og_type":"article","og_title":"D\u00e9localisation du march\u00e9 d\u2019Attikpodji-Les grossistes de l\u00e9gumes ont jusqu\u2019\u00e0 juin 2023","og_description":"Les grossistes de le\u0301gumes du marche\u0301 d\u2019Attikpodji ont obtenu un de\u0301lai de quelques mois allant jusqu\u2019a\u0300 l\u2019anne\u0301e pro ...","og_url":"https:\/\/www.africa-press.net\/togo\/economie\/delocalisation-du-marche-dattikpodji-les-grossistes-de-legumes-ont-jusqua-juin-2023","og_site_name":"Togo","article_published_time":"2022-10-26T21:38:49+00:00","article_modified_time":"2022-10-26T21:47:49+00:00","og_image":[{"width":1280,"height":800,"url":"https:\/\/static.africa-press.net\/togo\/sites\/58\/2022\/10\/postQueueImg_14-6359aaecd6f46.jpg","type":"image\/jpeg"}],"author":"cfeditorfr","twitter_card":"summary_large_image","twitter_misc":{"\u00c9crit par":"cfeditorfr","Dur\u00e9e de lecture estim\u00e9e":"1 minute"},"schema":{"@context":"https:\/\/schema.org","@graph":[{"@type":"Article","@id":"https:\/\/www.africa-press.net\/togo\/economie\/delocalisation-du-marche-dattikpodji-les-grossistes-de-legumes-ont-jusqua-juin-2023#article","isPartOf":{"@id":"https:\/\/www.africa-press.net\/togo\/economie\/delocalisation-du-marche-dattikpodji-les-grossistes-de-legumes-ont-jusqua-juin-2023"},"author":{"name":"cfeditorfr","@id":"https:\/\/www.africa-press.net\/togo\/#\/schema\/person\/2b1cf3cd81a31e3cd26889ca66d677f1"},"headline":"D\u00e9localisation du march\u00e9 d\u2019Attikpodji-Les grossistes de l\u00e9gumes ont jusqu\u2019\u00e0 juin 2023","datePublished":"2022-10-26T21:38:49+00:00","dateModified":"2022-10-26T21:47:49+00:00","mainEntityOfPage":{"@id":"https:\/\/www.africa-press.net\/togo\/economie\/delocalisation-du-marche-dattikpodji-les-grossistes-de-legumes-ont-jusqua-juin-2023"},"wordCount":217,"commentCount":0,"image":{"@id":"https:\/\/www.africa-press.net\/togo\/economie\/delocalisation-du-marche-dattikpodji-les-grossistes-de-legumes-ont-jusqua-juin-2023#primaryimage"},"thumbnailUrl":"https:\/\/static.africa-press.net\/togo\/sites\/58\/2022\/10\/postQueueImg_14-6359aaecd6f46.jpg","keywords":["Africa Press","Africa Press-Togo","Togo"],"articleSection":["\u00c9conomie","Toutes les actualit\u00e9s"],"inLanguage":"fr-FR","potentialAction":[{"@type":"CommentAction","name":"Comment","target":["https:\/\/www.africa-press.net\/togo\/economie\/delocalisation-du-marche-dattikpodji-les-grossistes-de-legumes-ont-jusqua-juin-2023#respond"]}]},{"@type":"WebPage","@id":"https:\/\/www.africa-press.net\/togo\/economie\/delocalisation-du-marche-dattikpodji-les-grossistes-de-legumes-ont-jusqua-juin-2023","url":"https:\/\/www.africa-press.net\/togo\/economie\/delocalisation-du-marche-dattikpodji-les-grossistes-de-legumes-ont-jusqua-juin-2023","name":"D\u00e9localisation du march\u00e9 d\u2019Attikpodji-Les grossistes de l\u00e9gumes ont jusqu\u2019\u00e0 juin 2023 - Togo","isPartOf":{"@id":"https:\/\/www.africa-press.net\/togo\/#website"},"primaryImageOfPage":{"@id":"https:\/\/www.africa-press.net\/togo\/economie\/delocalisation-du-marche-dattikpodji-les-grossistes-de-legumes-ont-jusqua-juin-2023#primaryimage"},"image":{"@id":"https:\/\/www.africa-press.net\/togo\/economie\/delocalisation-du-marche-dattikpodji-les-grossistes-de-legumes-ont-jusqua-juin-2023#primaryimage"},"thumbnailUrl":"https:\/\/static.africa-press.net\/togo\/sites\/58\/2022\/10\/postQueueImg_14-6359aaecd6f46.jpg","datePublished":"2022-10-26T21:38:49+00:00","dateModified":"2022-10-26T21:47:49+00:00","author":{"@id":"https:\/\/www.africa-press.net\/togo\/#\/schema\/person\/2b1cf3cd81a31e3cd26889ca66d677f1"},"description":"Les grossistes de le\u0301gumes du marche\u0301 d\u2019Attikpodji ont obtenu un de\u0301lai de quelques mois allant jusqu\u2019a\u0300 l\u2019anne\u0301e pro ...","breadcrumb":{"@id":"https:\/\/www.africa-press.net\/togo\/economie\/delocalisation-du-marche-dattikpodji-les-grossistes-de-legumes-ont-jusqua-juin-2023#breadcrumb"},"inLanguage":"fr-FR","potentialAction":[{"@type":"ReadAction","target":["https:\/\/www.africa-press.net\/togo\/economie\/delocalisation-du-marche-dattikpodji-les-grossistes-de-legumes-ont-jusqua-juin-2023"]}]},{"@type":"ImageObject","inLanguage":"fr-FR","@id":"https:\/\/www.africa-press.net\/togo\/economie\/delocalisation-du-marche-dattikpodji-les-grossistes-de-legumes-ont-jusqua-juin-2023#primaryimage","url":"https:\/\/static.africa-press.net\/togo\/sites\/58\/2022\/10\/postQueueImg_14-6359aaecd6f46.jpg","contentUrl":"https:\/\/static.africa-press.net\/togo\/sites\/58\/2022\/10\/postQueueImg_14-6359aaecd6f46.jpg","width":1280,"height":800,"caption":"D\u00e9localisation du march\u00e9 d\u2019Attikpodji-Les grossistes de l\u00e9gumes ont jusqu\u2019\u00e0 juin 2023"},{"@type":"BreadcrumbList","@id":"https:\/\/www.africa-press.net\/togo\/economie\/delocalisation-du-marche-dattikpodji-les-grossistes-de-legumes-ont-jusqua-juin-2023#breadcrumb","itemListElement":[{"@type":"ListItem","position":1,"name":"Accueil","item":"https:\/\/www.africa-press.net\/togo\/"},{"@type":"ListItem","position":2,"name":"D\u00e9localisation du march\u00e9 d\u2019Attikpodji-Les grossistes de l\u00e9gumes ont jusqu\u2019\u00e0 juin 2023"}]},{"@type":"WebSite","@id":"https:\/\/www.africa-press.net\/togo\/#website","url":"https:\/\/www.africa-press.net\/togo\/","name":"Togo","description":"Just another Africa News Agency Sites site","potentialAction":[{"@type":"SearchAction","target":{"@type":"EntryPoint","urlTemplate":"https:\/\/www.africa-press.net\/togo\/?s={search_term_string}"},"query-input":{"@type":"PropertyValueSpecification","valueRequired":true,"valueName":"search_term_string"}}],"inLanguage":"fr-FR"},{"@type":"Person","@id":"https:\/\/www.africa-press.net\/togo\/#\/schema\/person\/2b1cf3cd81a31e3cd26889ca66d677f1","name":"cfeditorfr"}]}},"_links":{"self":[{"href":"https:\/\/www.africa-press.net\/togo\/wp-json\/wp\/v2\/posts\/12964","targetHints":{"allow":["GET"]}}],"collection":[{"href":"https:\/\/www.africa-press.net\/togo\/wp-json\/wp\/v2\/posts"}],"about":[{"href":"https:\/\/www.africa-press.net\/togo\/wp-json\/wp\/v2\/types\/post"}],"author":[{"embeddable":true,"href":"https:\/\/www.africa-press.net\/togo\/wp-json\/wp\/v2\/users\/82"}],"replies":[{"embeddable":true,"href":"https:\/\/www.africa-press.net\/togo\/wp-json\/wp\/v2\/comments?post=12964"}],"version-history":[{"count":0,"href":"https:\/\/www.africa-press.net\/togo\/wp-json\/wp\/v2\/posts\/12964\/revisions"}],"wp:featuredmedia":[{"embeddable":true,"href":"https:\/\/www.africa-press.net\/togo\/wp-json\/wp\/v2\/media\/12963"}],"wp:attachment":[{"href":"https:\/\/www.africa-press.net\/togo\/wp-json\/wp\/v2\/media?parent=12964"}],"wp:term":[{"taxonomy":"category","embeddable":true,"href":"https:\/\/www.africa-press.net\/togo\/wp-json\/wp\/v2\/categories?post=12964"},{"taxonomy":"post_tag","embeddable":true,"href":"https:\/\/www.africa-press.net\/togo\/wp-json\/wp\/v2\/tags?post=12964"}],"curies":[{"name":"wp","href":"https:\/\/api.w.org\/{rel}","templated":true}]}}