{"id":12994,"date":"2022-10-27T17:48:42","date_gmt":"2022-10-27T17:48:42","guid":{"rendered":"https:\/\/www.africa-press.net\/togo\/politique\/togo-dr-christian-spieker-on-en-a-marre-du-systeme-politique-a-la-francaise"},"modified":"2022-10-27T18:00:11","modified_gmt":"2022-10-27T18:00:11","slug":"togo-dr-christian-spieker-on-en-a-marre-du-systeme-politique-a-la-francaise","status":"publish","type":"post","link":"https:\/\/www.africa-press.net\/togo\/politique\/togo-dr-christian-spieker-on-en-a-marre-du-systeme-politique-a-la-francaise","title":{"rendered":"Togo-Dr Christian Spieker : \u201cOn en a marre du syst\u00e8me politique \u00e0 la fran\u00e7aise\u201d"},"content":{"rendered":"<p><span style=\"color: #ff6600\"><strong>Africa-Press &#8211; Togo. <\/strong><\/span><b>Toute personne qui aspire a\u0300 la proximite\u0301 du peuple dans l \u0301exercice du pouvoir, a\u0300 sa simplicite\u0301 et a\u0300 la de\u0301mocratie, doit avoir la pre\u0301fe\u0301rence du re\u0301gime parlementaire (Premier ministre ou Chancelier selon les pays) au re\u0301gime semi-pre\u0301sidentiel (Exe\u0301cutif a\u0300 deux te\u0302tes: Pre\u0301sident et Premier ministre) qui est le no\u0302tre au Togo, he\u0301rite\u0301 du syste\u0300me colonial franc\u0327ais.<\/b><\/p>\n<p>Regardez comment c \u0301est beau quand on voit le nouveau Premier ministre britannique s \u0301exprimer a\u0300 Londres avec simplicite\u0301 au milieu des de\u0301pute\u0301s et lui-me\u0302me assis a\u0300 co\u0302te\u0301 d \u0301eux! Quel Pre\u0301sident de la Re\u0301publique en Afrique et me\u0302me en France, viendra-t-il s \u0301asseoir ou faire cela au milieu des de\u0301pute\u0301s dans une Assemble\u0301e? Pourtant le Premier ministre dans le syste\u0300me parlementaire est l \u0301homme politiquement le plus fort dans le pays comme on le voit en Grande Bretagne ou le Chancelier en Allemagne. Il faut qu \u0301on re\u0301fle\u0301chisse se\u0301rieusement au changement de syste\u0300me politique pour notre pays. C \u0301est aussi la simplicite\u0301 du re\u0301gime parlementaire qui me fascine.<\/p>\n<p>Le re\u0301gime parlementaire a tous ses atouts qui vont dans l \u0301inte\u0301re\u0302t de ce pays et de son peuple. Pensons a\u0300 l \u0301humilite\u0301 et a\u0300 la proximite\u0301 du peuple quand on exerce le pouvoir. Le Togo doit changer. On en a marre du syste\u0300me politique a\u0300 la franc\u0327aise qui ne nous fait pas avancer au Togo. Le syste\u0300me e\u0301ducatif he\u0301rite\u0301 du colon franc\u0327ais ne fait que produire aussi des cho\u0302meurs dans notre pays car il n\u2019est pas adapte\u0301 au monde de l\u2019entreprise. Le syste\u0300me e\u0301ducatif doit impliquer les entreprises dans le syste\u0300me de la formation des jeunes comme en Allemagne. Les jeunes sont devenus tous des conducteurs de taxis motos. Pourtant la plupart sont de\u0301tenteurs de Diplo\u0302me de Licence au moins. Quel ga\u0302chis pour notre socie\u0301te\u0301!<\/p>\n<p>Le personnage (Premier ministre dans le re\u0301gime parlementaire) est proche des repre\u0301sentants du peuple qui sont les de\u0301pute\u0301s. Il est toujours a\u0300 l \u0301Assemble\u0301e nationale et s \u0301assied au milieu d \u0301eux, a\u0300 co\u0302te\u0301 de ses partisans. Il est souvent interpelle\u0301 par les de\u0301pute\u0301s des autres bords politiques. Economiquement c \u0301est aussi un autre avantage pour ce re\u0301gime parlementaire car au lieu de faire des e\u0301lections pre\u0301sidentielles a\u0300 part, et qui cou\u0302tent tre\u0300s che\u0300res, on organise une seule e\u0301lection qui est le\u0301gislative. Son avantage aussi est que celui qui dirige le pays n \u0301est pas e\u0301lu directement comme dans le re\u0301gime pre\u0301sidentiel ou semi-pre\u0301sidentiel. Seules les e\u0301lections le\u0301gislatives suffisent pour de\u0301signer les de\u0301pute\u0301s et le parti qui a le plus grand nombre de de\u0301pute\u0301s a\u0300 ces e\u0301lections le\u0301gislatives, voit son chef devenir Premier ministre ou par le biais de la coalition. Me\u0302me au sein de la coalition de deux ou trois partis, c \u0301est toujours le chef du parti qui a le plus grand nombre de de\u0301pute\u0301s qui devient Premier ministre comme il en est tout re\u0301cemment aussi en Italie. Je n \u0301apprends rien a\u0300 personne. Tout le monde le sait. Agissons-nous maintenant pour aller de l \u0301avant.<\/p>\n<p>Inutile de revenir ici sur les me\u0301canismes de son fonctionnement. Il suffit seulement de voir ce qui se passe dans tous les re\u0301gimes qui ont ce syste\u0300me parlementaire en Europe. Au sein de l \u0301Union Europe\u0301enne, plusieurs pays ont ce syste\u0300me. Il n \u0301y a que quelques pays dont la France qui ont le syste\u0300me semi-pre\u0301sidentiel ou semi-parlementaire en Europe, pour ne pas dire la France seule.<\/p>\n<p>Ce que je pre\u0301conise, je le dis dans l \u0301inte\u0301re\u0302t de notre pays, de son de\u0301veloppement et son rayonnement de\u0301mocratique dans la sous-re\u0301gion. Cela nous permettra de tourner la page de ce re\u0301gime actuel qui a tant cause\u0301 du tort a\u0300 notre pays pendant des de\u0301cennies.<\/p>\n<p>Je re\u0302ve pour ce pays mais l \u0301ambition d \u0301une seule personne ne suifft pas pour changer un pays et le faire rayonner. Il faut de l \u0301Unite\u0301 et de la bonne volonte\u0301 de tous. Malheureusement, le Togo manque de tout cela aujourd \u0301hui et ce manque d \u0301ambition collective pour le pays rend la ta\u0302che difficile pour atteindre cet objectif. Ayons de la bonne volonte\u0301 et de l \u0301ambition pour ce pays. Dites-moi : qu \u0301est ce que la Grande Bretagne ou l \u0301Allemagne qui pratiquent le syste\u0300me parlementaire ou encore d \u0301autres pays qui le pratiquent en Europe peuvent envier du syste\u0300me politique franc\u0327ais et de sa de\u0301mocratie? La France est-elle plus de\u0301mocratique que l \u0301Allemagne ou la Grande Bretagne? Est-elle plus riche que l \u0301Allemagne ou la Grande Bretagne qui pratiquent ce syste\u0300me parlementaire? Re\u0301ffle\u0301chissons bien pour l \u0301avenir de notre pays.<\/p>\n<p>Pourquoi ne voulons-nous pas faire e\u0301voluer le Togo? Aimons-nous vraiment ce pays? C \u0301est triste, avec cette culture de stagnation que nous avons et nous empe\u0302che de faire e\u0301voluer politiquement et e\u0301conomiquement notre pays. Quel peuple sommes-nous sans ambition pour la grandeur de notre pays mais seulement pour des ambitions d \u0301inte\u0301re\u0302ts personnels? Retenons tous ceci : On respecte une personne, non pas a\u0300 cause de ce qu \u0301elle a ou posse\u0300de mais a\u0300 cause ce qu \u0301elle est. On ne peut pas avoir peur d \u0301un Togolais ou le respecter a\u0300 l \u0301e\u0301tranger a\u0300 cause de sa richesse au Togo mais on peut avoir peur de lui et lui donner du respect a\u0300 cause de son passeport togolais qu \u0301il de\u0301tient en tant que citoyen togolais si le Togo rayonne a\u0300 l \u0301e\u0301tranger. C \u0301est le respect d \u0301un pays qu \u0301on donne a\u0300 ses citoyens. La valeur d \u0301un pays est une chose importante. C\u0327a donne de la valeur aussi a\u0300 la citoyennete\u0301. Si nous voulons qu \u0301on nous respecte a\u0300 l \u0301e\u0301tranger en tant que Togolais, pensons d \u0301abord a\u0300 donner de la valeur a\u0300 notre pays. Faisons rayonner notre pays. C\u0327a partira de la\u0300.<\/p>\n<p>La richesse personnelle ne vaut rien a\u0300 l \u0301e\u0301tranger, par contre, la valeur de la citoyennete\u0301 vient du rayonnement d\u2019un pays.<\/p>\n<p>Le Togolais de l\u2019inte\u0301rieur fait trop d \u0301erreur de jugement et de perception en pensant que sa richesse personnelle amasse\u0301e au Togo lui donne plus de la valeur. Ta valeur c \u0301est ton pays. Donc, pense a\u0300 ton pays pluto\u0302t qu \u0301a\u0300 ta propre richesse qui ne vaut rien a\u0300 l \u0301e\u0301tranger. Avec ta richesse au Togo, quelle valeur c\u0327a te donne en Europe, aux E\u0301tats-Unis, en Asie, etc..? Personne dans ces pays ne sait si tu es riche ou pas au Togo. Mais le rayonnement de ton pays, le Togo a\u0300 l \u0301e\u0301tranger, te donnera de la valeur si tu pre\u0301sentes ton passeport togolais.<\/p>\n<p>Donc, pense au rayonnement de ton pays, le Togo, pluto\u0302t qu \u0301a\u0300 ta petite personne, citoyen togolais.<\/p>\n<p>Cherche a\u0300 faire valoir ton pays dans le monde et ceci doit passer par ton ambition pour le pays et non par l \u0301accumulation de ta richesse personnelle qui ne te donne aucune valeur quand tu sors du Togo. En un mot : il faut poursuivre l \u0301E\u0302TRE et non l \u0301AVOIR. Tel doit e\u0302tre ton objectif, citoyen togolais.<\/p>\n<p>Moi, je respecte les gens a\u0300 cause de ce qu \u0301ils sont et non a\u0300 cause de ce qu \u0301ils ont. On peut m \u0301impresionner par ce que l \u0301on est ( identite\u0301, personnalite\u0301, inte\u0301grite\u0301, honne\u0302tete\u0301, since\u0301rite\u0301 ) mais jamais par ce que l \u0301on a (argent, mate\u0301riel, voiture, maison) car je ne suis pas mate\u0301rialiste mais ide\u0301aliste.<\/p>\n<p>Dr. Christian Spieker<\/p>\n<p><strong>Pour plus d&rsquo;informations et d&rsquo;analyses sur la <a href=\"https:\/\/www.africa-press.net\/togo\">Togo<\/a>, suivez <a href=\"https:\/\/www.africa-press.net\/\">Africa-Press<\/a><\/strong><\/p>\n","protected":false},"excerpt":{"rendered":"<p>Africa-Press &#8211; Togo. Toute personne qui aspire a\u0300 la proximite\u0301 du peuple dans l \u0301exercice du pouvoir, a\u0300 sa simplicite\u0301 et a\u0300 la de\u0301mocratie, doit avoir la pre\u0301fe\u0301rence du re\u0301gime parlementaire (Premier ministre ou Chancelier selon les pays) au re\u0301gime semi-pre\u0301sidentiel (Exe\u0301cutif a\u0300 deux te\u0302tes: Pre\u0301sident et Premier ministre) qui est le no\u0302tre au Togo, [&hellip;]<\/p>\n","protected":false},"author":82,"featured_media":12993,"comment_status":"open","ping_status":"closed","sticky":false,"template":"","format":"standard","meta":{"footnotes":""},"categories":[2,10],"tags":[36,49,50],"class_list":["post-12994","post","type-post","status-publish","format-standard","has-post-thumbnail","hentry","category-politique","category-toutes-les-actualites","tag-africa-press","tag-africa-press-togo","tag-togo"],"yoast_head":"<!-- This site is optimized with the Yoast SEO Premium plugin v26.1 (Yoast SEO v27.0) - https:\/\/yoast.com\/product\/yoast-seo-premium-wordpress\/ -->\n<title>Togo-Dr Christian Spieker : \u201cOn en a marre du syst\u00e8me politique \u00e0 la fran\u00e7aise\u201d - Togo<\/title>\n<meta name=\"description\" content=\"Toute personne qui aspire a\u0300 la proximite\u0301 du peuple dans l \u0301exercice du pouvoir, a\u0300 sa simplicite\u0301 et a\u0300 la de\u0301mocra ...\" \/>\n<meta name=\"robots\" content=\"index, follow, max-snippet:-1, max-image-preview:large, max-video-preview:-1\" \/>\n<link rel=\"canonical\" href=\"https:\/\/www.africa-press.net\/togo\/politique\/togo-dr-christian-spieker-on-en-a-marre-du-systeme-politique-a-la-francaise\" \/>\n<meta property=\"og:locale\" content=\"fr_FR\" \/>\n<meta property=\"og:type\" content=\"article\" \/>\n<meta property=\"og:title\" content=\"Togo-Dr Christian Spieker : \u201cOn en a marre du syst\u00e8me politique \u00e0 la fran\u00e7aise\u201d\" \/>\n<meta property=\"og:description\" content=\"Toute personne qui aspire a\u0300 la proximite\u0301 du peuple dans l \u0301exercice du pouvoir, a\u0300 sa simplicite\u0301 et a\u0300 la de\u0301mocra ...\" \/>\n<meta property=\"og:url\" content=\"https:\/\/www.africa-press.net\/togo\/politique\/togo-dr-christian-spieker-on-en-a-marre-du-systeme-politique-a-la-francaise\" \/>\n<meta property=\"og:site_name\" content=\"Togo\" \/>\n<meta property=\"article:published_time\" content=\"2022-10-27T17:48:42+00:00\" \/>\n<meta property=\"article:modified_time\" content=\"2022-10-27T18:00:11+00:00\" \/>\n<meta property=\"og:image\" content=\"https:\/\/static.africa-press.net\/togo\/sites\/58\/2022\/10\/postQueueImg_6-635ac70c28e1a.jpg\" \/>\n\t<meta property=\"og:image:width\" content=\"1280\" \/>\n\t<meta property=\"og:image:height\" content=\"800\" \/>\n\t<meta property=\"og:image:type\" content=\"image\/jpeg\" \/>\n<meta name=\"author\" content=\"cfeditorfr\" \/>\n<meta name=\"twitter:card\" content=\"summary_large_image\" \/>\n<meta name=\"twitter:label1\" content=\"\u00c9crit par\" \/>\n\t<meta name=\"twitter:data1\" content=\"cfeditorfr\" \/>\n\t<meta name=\"twitter:label2\" content=\"Dur\u00e9e de lecture estim\u00e9e\" \/>\n\t<meta name=\"twitter:data2\" content=\"7 minutes\" \/>\n<script type=\"application\/ld+json\" class=\"yoast-schema-graph\">{\"@context\":\"https:\/\/schema.org\",\"@graph\":[{\"@type\":\"Article\",\"@id\":\"https:\/\/www.africa-press.net\/togo\/politique\/togo-dr-christian-spieker-on-en-a-marre-du-systeme-politique-a-la-francaise#article\",\"isPartOf\":{\"@id\":\"https:\/\/www.africa-press.net\/togo\/politique\/togo-dr-christian-spieker-on-en-a-marre-du-systeme-politique-a-la-francaise\"},\"author\":{\"name\":\"cfeditorfr\",\"@id\":\"https:\/\/www.africa-press.net\/togo\/#\/schema\/person\/2b1cf3cd81a31e3cd26889ca66d677f1\"},\"headline\":\"Togo-Dr Christian Spieker : \u201cOn en a marre du syst\u00e8me politique \u00e0 la fran\u00e7aise\u201d\",\"datePublished\":\"2022-10-27T17:48:42+00:00\",\"dateModified\":\"2022-10-27T18:00:11+00:00\",\"mainEntityOfPage\":{\"@id\":\"https:\/\/www.africa-press.net\/togo\/politique\/togo-dr-christian-spieker-on-en-a-marre-du-systeme-politique-a-la-francaise\"},\"wordCount\":1372,\"commentCount\":0,\"image\":{\"@id\":\"https:\/\/www.africa-press.net\/togo\/politique\/togo-dr-christian-spieker-on-en-a-marre-du-systeme-politique-a-la-francaise#primaryimage\"},\"thumbnailUrl\":\"https:\/\/static.africa-press.net\/togo\/sites\/58\/2022\/10\/postQueueImg_6-635ac70c28e1a.jpg\",\"keywords\":[\"Africa Press\",\"Africa Press-Togo\",\"Togo\"],\"articleSection\":[\"Politique\",\"Toutes les actualit\u00e9s\"],\"inLanguage\":\"fr-FR\",\"potentialAction\":[{\"@type\":\"CommentAction\",\"name\":\"Comment\",\"target\":[\"https:\/\/www.africa-press.net\/togo\/politique\/togo-dr-christian-spieker-on-en-a-marre-du-systeme-politique-a-la-francaise#respond\"]}]},{\"@type\":\"WebPage\",\"@id\":\"https:\/\/www.africa-press.net\/togo\/politique\/togo-dr-christian-spieker-on-en-a-marre-du-systeme-politique-a-la-francaise\",\"url\":\"https:\/\/www.africa-press.net\/togo\/politique\/togo-dr-christian-spieker-on-en-a-marre-du-systeme-politique-a-la-francaise\",\"name\":\"Togo-Dr Christian Spieker : \u201cOn en a marre du syst\u00e8me politique \u00e0 la fran\u00e7aise\u201d - Togo\",\"isPartOf\":{\"@id\":\"https:\/\/www.africa-press.net\/togo\/#website\"},\"primaryImageOfPage\":{\"@id\":\"https:\/\/www.africa-press.net\/togo\/politique\/togo-dr-christian-spieker-on-en-a-marre-du-systeme-politique-a-la-francaise#primaryimage\"},\"image\":{\"@id\":\"https:\/\/www.africa-press.net\/togo\/politique\/togo-dr-christian-spieker-on-en-a-marre-du-systeme-politique-a-la-francaise#primaryimage\"},\"thumbnailUrl\":\"https:\/\/static.africa-press.net\/togo\/sites\/58\/2022\/10\/postQueueImg_6-635ac70c28e1a.jpg\",\"datePublished\":\"2022-10-27T17:48:42+00:00\",\"dateModified\":\"2022-10-27T18:00:11+00:00\",\"author\":{\"@id\":\"https:\/\/www.africa-press.net\/togo\/#\/schema\/person\/2b1cf3cd81a31e3cd26889ca66d677f1\"},\"description\":\"Toute personne qui aspire a\u0300 la proximite\u0301 du peuple dans l \u0301exercice du pouvoir, a\u0300 sa simplicite\u0301 et a\u0300 la de\u0301mocra ...\",\"breadcrumb\":{\"@id\":\"https:\/\/www.africa-press.net\/togo\/politique\/togo-dr-christian-spieker-on-en-a-marre-du-systeme-politique-a-la-francaise#breadcrumb\"},\"inLanguage\":\"fr-FR\",\"potentialAction\":[{\"@type\":\"ReadAction\",\"target\":[\"https:\/\/www.africa-press.net\/togo\/politique\/togo-dr-christian-spieker-on-en-a-marre-du-systeme-politique-a-la-francaise\"]}]},{\"@type\":\"ImageObject\",\"inLanguage\":\"fr-FR\",\"@id\":\"https:\/\/www.africa-press.net\/togo\/politique\/togo-dr-christian-spieker-on-en-a-marre-du-systeme-politique-a-la-francaise#primaryimage\",\"url\":\"https:\/\/static.africa-press.net\/togo\/sites\/58\/2022\/10\/postQueueImg_6-635ac70c28e1a.jpg\",\"contentUrl\":\"https:\/\/static.africa-press.net\/togo\/sites\/58\/2022\/10\/postQueueImg_6-635ac70c28e1a.jpg\",\"width\":1280,\"height\":800,\"caption\":\"Togo-Dr Christian Spieker : \u201cOn en a marre du syst\u00e8me politique \u00e0 la fran\u00e7aise\u201d\"},{\"@type\":\"BreadcrumbList\",\"@id\":\"https:\/\/www.africa-press.net\/togo\/politique\/togo-dr-christian-spieker-on-en-a-marre-du-systeme-politique-a-la-francaise#breadcrumb\",\"itemListElement\":[{\"@type\":\"ListItem\",\"position\":1,\"name\":\"Accueil\",\"item\":\"https:\/\/www.africa-press.net\/togo\/\"},{\"@type\":\"ListItem\",\"position\":2,\"name\":\"Togo-Dr Christian Spieker : \u201cOn en a marre du syst\u00e8me politique \u00e0 la fran\u00e7aise\u201d\"}]},{\"@type\":\"WebSite\",\"@id\":\"https:\/\/www.africa-press.net\/togo\/#website\",\"url\":\"https:\/\/www.africa-press.net\/togo\/\",\"name\":\"Togo\",\"description\":\"Just another Africa News Agency Sites site\",\"potentialAction\":[{\"@type\":\"SearchAction\",\"target\":{\"@type\":\"EntryPoint\",\"urlTemplate\":\"https:\/\/www.africa-press.net\/togo\/?s={search_term_string}\"},\"query-input\":{\"@type\":\"PropertyValueSpecification\",\"valueRequired\":true,\"valueName\":\"search_term_string\"}}],\"inLanguage\":\"fr-FR\"},{\"@type\":\"Person\",\"@id\":\"https:\/\/www.africa-press.net\/togo\/#\/schema\/person\/2b1cf3cd81a31e3cd26889ca66d677f1\",\"name\":\"cfeditorfr\"}]}<\/script>\n<!-- \/ Yoast SEO Premium plugin. -->","yoast_head_json":{"title":"Togo-Dr Christian Spieker : \u201cOn en a marre du syst\u00e8me politique \u00e0 la fran\u00e7aise\u201d - Togo","description":"Toute personne qui aspire a\u0300 la proximite\u0301 du peuple dans l \u0301exercice du pouvoir, a\u0300 sa simplicite\u0301 et a\u0300 la de\u0301mocra ...","robots":{"index":"index","follow":"follow","max-snippet":"max-snippet:-1","max-image-preview":"max-image-preview:large","max-video-preview":"max-video-preview:-1"},"canonical":"https:\/\/www.africa-press.net\/togo\/politique\/togo-dr-christian-spieker-on-en-a-marre-du-systeme-politique-a-la-francaise","og_locale":"fr_FR","og_type":"article","og_title":"Togo-Dr Christian Spieker : \u201cOn en a marre du syst\u00e8me politique \u00e0 la fran\u00e7aise\u201d","og_description":"Toute personne qui aspire a\u0300 la proximite\u0301 du peuple dans l \u0301exercice du pouvoir, a\u0300 sa simplicite\u0301 et a\u0300 la de\u0301mocra ...","og_url":"https:\/\/www.africa-press.net\/togo\/politique\/togo-dr-christian-spieker-on-en-a-marre-du-systeme-politique-a-la-francaise","og_site_name":"Togo","article_published_time":"2022-10-27T17:48:42+00:00","article_modified_time":"2022-10-27T18:00:11+00:00","og_image":[{"width":1280,"height":800,"url":"https:\/\/static.africa-press.net\/togo\/sites\/58\/2022\/10\/postQueueImg_6-635ac70c28e1a.jpg","type":"image\/jpeg"}],"author":"cfeditorfr","twitter_card":"summary_large_image","twitter_misc":{"\u00c9crit par":"cfeditorfr","Dur\u00e9e de lecture estim\u00e9e":"7 minutes"},"schema":{"@context":"https:\/\/schema.org","@graph":[{"@type":"Article","@id":"https:\/\/www.africa-press.net\/togo\/politique\/togo-dr-christian-spieker-on-en-a-marre-du-systeme-politique-a-la-francaise#article","isPartOf":{"@id":"https:\/\/www.africa-press.net\/togo\/politique\/togo-dr-christian-spieker-on-en-a-marre-du-systeme-politique-a-la-francaise"},"author":{"name":"cfeditorfr","@id":"https:\/\/www.africa-press.net\/togo\/#\/schema\/person\/2b1cf3cd81a31e3cd26889ca66d677f1"},"headline":"Togo-Dr Christian Spieker : \u201cOn en a marre du syst\u00e8me politique \u00e0 la fran\u00e7aise\u201d","datePublished":"2022-10-27T17:48:42+00:00","dateModified":"2022-10-27T18:00:11+00:00","mainEntityOfPage":{"@id":"https:\/\/www.africa-press.net\/togo\/politique\/togo-dr-christian-spieker-on-en-a-marre-du-systeme-politique-a-la-francaise"},"wordCount":1372,"commentCount":0,"image":{"@id":"https:\/\/www.africa-press.net\/togo\/politique\/togo-dr-christian-spieker-on-en-a-marre-du-systeme-politique-a-la-francaise#primaryimage"},"thumbnailUrl":"https:\/\/static.africa-press.net\/togo\/sites\/58\/2022\/10\/postQueueImg_6-635ac70c28e1a.jpg","keywords":["Africa Press","Africa Press-Togo","Togo"],"articleSection":["Politique","Toutes les actualit\u00e9s"],"inLanguage":"fr-FR","potentialAction":[{"@type":"CommentAction","name":"Comment","target":["https:\/\/www.africa-press.net\/togo\/politique\/togo-dr-christian-spieker-on-en-a-marre-du-systeme-politique-a-la-francaise#respond"]}]},{"@type":"WebPage","@id":"https:\/\/www.africa-press.net\/togo\/politique\/togo-dr-christian-spieker-on-en-a-marre-du-systeme-politique-a-la-francaise","url":"https:\/\/www.africa-press.net\/togo\/politique\/togo-dr-christian-spieker-on-en-a-marre-du-systeme-politique-a-la-francaise","name":"Togo-Dr Christian Spieker : \u201cOn en a marre du syst\u00e8me politique \u00e0 la fran\u00e7aise\u201d - Togo","isPartOf":{"@id":"https:\/\/www.africa-press.net\/togo\/#website"},"primaryImageOfPage":{"@id":"https:\/\/www.africa-press.net\/togo\/politique\/togo-dr-christian-spieker-on-en-a-marre-du-systeme-politique-a-la-francaise#primaryimage"},"image":{"@id":"https:\/\/www.africa-press.net\/togo\/politique\/togo-dr-christian-spieker-on-en-a-marre-du-systeme-politique-a-la-francaise#primaryimage"},"thumbnailUrl":"https:\/\/static.africa-press.net\/togo\/sites\/58\/2022\/10\/postQueueImg_6-635ac70c28e1a.jpg","datePublished":"2022-10-27T17:48:42+00:00","dateModified":"2022-10-27T18:00:11+00:00","author":{"@id":"https:\/\/www.africa-press.net\/togo\/#\/schema\/person\/2b1cf3cd81a31e3cd26889ca66d677f1"},"description":"Toute personne qui aspire a\u0300 la proximite\u0301 du peuple dans l \u0301exercice du pouvoir, a\u0300 sa simplicite\u0301 et a\u0300 la de\u0301mocra ...","breadcrumb":{"@id":"https:\/\/www.africa-press.net\/togo\/politique\/togo-dr-christian-spieker-on-en-a-marre-du-systeme-politique-a-la-francaise#breadcrumb"},"inLanguage":"fr-FR","potentialAction":[{"@type":"ReadAction","target":["https:\/\/www.africa-press.net\/togo\/politique\/togo-dr-christian-spieker-on-en-a-marre-du-systeme-politique-a-la-francaise"]}]},{"@type":"ImageObject","inLanguage":"fr-FR","@id":"https:\/\/www.africa-press.net\/togo\/politique\/togo-dr-christian-spieker-on-en-a-marre-du-systeme-politique-a-la-francaise#primaryimage","url":"https:\/\/static.africa-press.net\/togo\/sites\/58\/2022\/10\/postQueueImg_6-635ac70c28e1a.jpg","contentUrl":"https:\/\/static.africa-press.net\/togo\/sites\/58\/2022\/10\/postQueueImg_6-635ac70c28e1a.jpg","width":1280,"height":800,"caption":"Togo-Dr Christian Spieker : \u201cOn en a marre du syst\u00e8me politique \u00e0 la fran\u00e7aise\u201d"},{"@type":"BreadcrumbList","@id":"https:\/\/www.africa-press.net\/togo\/politique\/togo-dr-christian-spieker-on-en-a-marre-du-systeme-politique-a-la-francaise#breadcrumb","itemListElement":[{"@type":"ListItem","position":1,"name":"Accueil","item":"https:\/\/www.africa-press.net\/togo\/"},{"@type":"ListItem","position":2,"name":"Togo-Dr Christian Spieker : \u201cOn en a marre du syst\u00e8me politique \u00e0 la fran\u00e7aise\u201d"}]},{"@type":"WebSite","@id":"https:\/\/www.africa-press.net\/togo\/#website","url":"https:\/\/www.africa-press.net\/togo\/","name":"Togo","description":"Just another Africa News Agency Sites site","potentialAction":[{"@type":"SearchAction","target":{"@type":"EntryPoint","urlTemplate":"https:\/\/www.africa-press.net\/togo\/?s={search_term_string}"},"query-input":{"@type":"PropertyValueSpecification","valueRequired":true,"valueName":"search_term_string"}}],"inLanguage":"fr-FR"},{"@type":"Person","@id":"https:\/\/www.africa-press.net\/togo\/#\/schema\/person\/2b1cf3cd81a31e3cd26889ca66d677f1","name":"cfeditorfr"}]}},"_links":{"self":[{"href":"https:\/\/www.africa-press.net\/togo\/wp-json\/wp\/v2\/posts\/12994","targetHints":{"allow":["GET"]}}],"collection":[{"href":"https:\/\/www.africa-press.net\/togo\/wp-json\/wp\/v2\/posts"}],"about":[{"href":"https:\/\/www.africa-press.net\/togo\/wp-json\/wp\/v2\/types\/post"}],"author":[{"embeddable":true,"href":"https:\/\/www.africa-press.net\/togo\/wp-json\/wp\/v2\/users\/82"}],"replies":[{"embeddable":true,"href":"https:\/\/www.africa-press.net\/togo\/wp-json\/wp\/v2\/comments?post=12994"}],"version-history":[{"count":0,"href":"https:\/\/www.africa-press.net\/togo\/wp-json\/wp\/v2\/posts\/12994\/revisions"}],"wp:featuredmedia":[{"embeddable":true,"href":"https:\/\/www.africa-press.net\/togo\/wp-json\/wp\/v2\/media\/12993"}],"wp:attachment":[{"href":"https:\/\/www.africa-press.net\/togo\/wp-json\/wp\/v2\/media?parent=12994"}],"wp:term":[{"taxonomy":"category","embeddable":true,"href":"https:\/\/www.africa-press.net\/togo\/wp-json\/wp\/v2\/categories?post=12994"},{"taxonomy":"post_tag","embeddable":true,"href":"https:\/\/www.africa-press.net\/togo\/wp-json\/wp\/v2\/tags?post=12994"}],"curies":[{"name":"wp","href":"https:\/\/api.w.org\/{rel}","templated":true}]}}