{"id":12999,"date":"2022-10-27T17:49:09","date_gmt":"2022-10-27T17:49:09","guid":{"rendered":"https:\/\/www.africa-press.net\/togo\/politique\/togo-pasteur-edoh-komi-a-bamako-pour-proner-lunite-nationale"},"modified":"2022-10-27T18:01:11","modified_gmt":"2022-10-27T18:01:11","slug":"togo-pasteur-edoh-komi-a-bamako-pour-proner-lunite-nationale","status":"publish","type":"post","link":"https:\/\/www.africa-press.net\/togo\/toutes-les-actualites\/togo-pasteur-edoh-komi-a-bamako-pour-proner-lunite-nationale","title":{"rendered":"Togo-Pasteur Edoh Komi \u00e0 Bamako pour pr\u00f4ner l\u2019unit\u00e9 nationale"},"content":{"rendered":"<p><span style=\"color: #ff6600\"><strong>Africa-Press &#8211; Togo. <\/strong><\/span><b>Le premier responsable du Mouvement Martin Luther King (MMLK) se\u0301journe en terre malienne depuis quelques heures. Le Pasteur Edoh Komi se trouve dans ce pays pour semer le message de la cohe\u0301sion nationale.<\/b><\/p>\n<p>C\u2019est sur le re\u0301seau social Facebook qu\u2019il annonce son arrive\u0301e a\u0300 Bamako, capitale du Mali ce mercredi 26 octobre 2022. Objectif de sa visite, \u201cexhorter le peuple Malien a\u0300 l\u2019unite\u0301 sacre\u0301e autour des autorite\u0301s de la Transition afin d\u2019achever ce qu\u2019elles ont commence\u0301 pour la de\u0301livrance de l\u2019Afrique francophone a\u0300 travers le Mali\u201d.<\/p>\n<p>On voit la\u0300 que le Pasteur Edoh Komi fait partie des fervents soutiens du Colonel Assimi Goi\u0308ta et ses hommes, les nouveaux hommes forts de Bamako.<\/p>\n<p>\u201cCar si les fils et les filles du Mali sont divise\u0301s, l\u2019ennemi va profiter pour les diviser. Ce n\u2019est pas facile, mais la recherche de l\u2019inte\u0301re\u0302t du Mali dans la diversite\u0301 d\u2019opinions n\u2019est pas encore un obstacle mais un atout. Oui, vous pouvez et nous les peuples fre\u0300res, sommes re\u0301solument engage\u0301s a\u0300 la me\u0302me cause\u201d, insiste-t-il dans son posting.<\/p>\n<p><strong>Pour plus d&rsquo;informations et d&rsquo;analyses sur la <a href=\"https:\/\/www.africa-press.net\/togo\">Togo<\/a>, suivez <a href=\"https:\/\/www.africa-press.net\/\">Africa-Press<\/a><\/strong><\/p>\n","protected":false},"excerpt":{"rendered":"<p>Africa-Press &#8211; Togo. Le premier responsable du Mouvement Martin Luther King (MMLK) se\u0301journe en terre malienne depuis quelques heures. Le Pasteur Edoh Komi se trouve dans ce pays pour semer le message de la cohe\u0301sion nationale. C\u2019est sur le re\u0301seau social Facebook qu\u2019il annonce son arrive\u0301e a\u0300 Bamako, capitale du Mali ce mercredi 26 octobre [&hellip;]<\/p>\n","protected":false},"author":82,"featured_media":12997,"comment_status":"open","ping_status":"closed","sticky":false,"template":"","format":"standard","meta":{"footnotes":""},"categories":[21,10],"tags":[36,49,50],"class_list":["post-12999","post","type-post","status-publish","format-standard","has-post-thumbnail","hentry","category-communaute","category-toutes-les-actualites","tag-africa-press","tag-africa-press-togo","tag-togo"],"yoast_head":"<!-- This site is optimized with the Yoast SEO Premium plugin v26.1 (Yoast SEO v27.0) - https:\/\/yoast.com\/product\/yoast-seo-premium-wordpress\/ -->\n<title>Togo-Pasteur Edoh Komi \u00e0 Bamako pour pr\u00f4ner l\u2019unit\u00e9 nationale - Togo<\/title>\n<meta name=\"description\" content=\"Le premier responsable du Mouvement Martin Luther King (MMLK) se\u0301journe en terre malienne depuis quelques heures. Le ...\" \/>\n<meta name=\"robots\" content=\"index, follow, max-snippet:-1, max-image-preview:large, max-video-preview:-1\" \/>\n<link rel=\"canonical\" href=\"https:\/\/www.africa-press.net\/togo\/toutes-les-actualites\/togo-pasteur-edoh-komi-a-bamako-pour-proner-lunite-nationale\" \/>\n<meta property=\"og:locale\" content=\"fr_FR\" \/>\n<meta property=\"og:type\" content=\"article\" \/>\n<meta property=\"og:title\" content=\"Togo-Pasteur Edoh Komi \u00e0 Bamako pour pr\u00f4ner l\u2019unit\u00e9 nationale\" \/>\n<meta property=\"og:description\" content=\"Le premier responsable du Mouvement Martin Luther King (MMLK) se\u0301journe en terre malienne depuis quelques heures. Le ...\" \/>\n<meta property=\"og:url\" content=\"https:\/\/www.africa-press.net\/togo\/toutes-les-actualites\/togo-pasteur-edoh-komi-a-bamako-pour-proner-lunite-nationale\" \/>\n<meta property=\"og:site_name\" content=\"Togo\" \/>\n<meta property=\"article:published_time\" content=\"2022-10-27T17:49:09+00:00\" \/>\n<meta property=\"article:modified_time\" content=\"2022-10-27T18:01:11+00:00\" \/>\n<meta property=\"og:image\" content=\"https:\/\/static.africa-press.net\/togo\/sites\/58\/2022\/10\/postQueueImg_7-635ac747b10a6.jpg\" \/>\n\t<meta property=\"og:image:width\" content=\"1280\" \/>\n\t<meta property=\"og:image:height\" content=\"800\" \/>\n\t<meta property=\"og:image:type\" content=\"image\/jpeg\" \/>\n<meta name=\"author\" content=\"cfeditorfr\" \/>\n<meta name=\"twitter:card\" content=\"summary_large_image\" \/>\n<meta name=\"twitter:label1\" content=\"\u00c9crit par\" \/>\n\t<meta name=\"twitter:data1\" content=\"cfeditorfr\" \/>\n\t<meta name=\"twitter:label2\" content=\"Dur\u00e9e de lecture estim\u00e9e\" \/>\n\t<meta name=\"twitter:data2\" content=\"1 minute\" \/>\n<script type=\"application\/ld+json\" class=\"yoast-schema-graph\">{\"@context\":\"https:\/\/schema.org\",\"@graph\":[{\"@type\":\"Article\",\"@id\":\"https:\/\/www.africa-press.net\/togo\/toutes-les-actualites\/togo-pasteur-edoh-komi-a-bamako-pour-proner-lunite-nationale#article\",\"isPartOf\":{\"@id\":\"https:\/\/www.africa-press.net\/togo\/toutes-les-actualites\/togo-pasteur-edoh-komi-a-bamako-pour-proner-lunite-nationale\"},\"author\":{\"name\":\"cfeditorfr\",\"@id\":\"https:\/\/www.africa-press.net\/togo\/#\/schema\/person\/2b1cf3cd81a31e3cd26889ca66d677f1\"},\"headline\":\"Togo-Pasteur Edoh Komi \u00e0 Bamako pour pr\u00f4ner l\u2019unit\u00e9 nationale\",\"datePublished\":\"2022-10-27T17:49:09+00:00\",\"dateModified\":\"2022-10-27T18:01:11+00:00\",\"mainEntityOfPage\":{\"@id\":\"https:\/\/www.africa-press.net\/togo\/toutes-les-actualites\/togo-pasteur-edoh-komi-a-bamako-pour-proner-lunite-nationale\"},\"wordCount\":220,\"commentCount\":0,\"image\":{\"@id\":\"https:\/\/www.africa-press.net\/togo\/toutes-les-actualites\/togo-pasteur-edoh-komi-a-bamako-pour-proner-lunite-nationale#primaryimage\"},\"thumbnailUrl\":\"https:\/\/static.africa-press.net\/togo\/sites\/58\/2022\/10\/postQueueImg_7-635ac747b10a6.jpg\",\"keywords\":[\"Africa Press\",\"Africa Press-Togo\",\"Togo\"],\"articleSection\":[\"Communaut\u00e9\",\"Toutes les actualit\u00e9s\"],\"inLanguage\":\"fr-FR\",\"potentialAction\":[{\"@type\":\"CommentAction\",\"name\":\"Comment\",\"target\":[\"https:\/\/www.africa-press.net\/togo\/toutes-les-actualites\/togo-pasteur-edoh-komi-a-bamako-pour-proner-lunite-nationale#respond\"]}]},{\"@type\":\"WebPage\",\"@id\":\"https:\/\/www.africa-press.net\/togo\/toutes-les-actualites\/togo-pasteur-edoh-komi-a-bamako-pour-proner-lunite-nationale\",\"url\":\"https:\/\/www.africa-press.net\/togo\/toutes-les-actualites\/togo-pasteur-edoh-komi-a-bamako-pour-proner-lunite-nationale\",\"name\":\"Togo-Pasteur Edoh Komi \u00e0 Bamako pour pr\u00f4ner l\u2019unit\u00e9 nationale - Togo\",\"isPartOf\":{\"@id\":\"https:\/\/www.africa-press.net\/togo\/#website\"},\"primaryImageOfPage\":{\"@id\":\"https:\/\/www.africa-press.net\/togo\/toutes-les-actualites\/togo-pasteur-edoh-komi-a-bamako-pour-proner-lunite-nationale#primaryimage\"},\"image\":{\"@id\":\"https:\/\/www.africa-press.net\/togo\/toutes-les-actualites\/togo-pasteur-edoh-komi-a-bamako-pour-proner-lunite-nationale#primaryimage\"},\"thumbnailUrl\":\"https:\/\/static.africa-press.net\/togo\/sites\/58\/2022\/10\/postQueueImg_7-635ac747b10a6.jpg\",\"datePublished\":\"2022-10-27T17:49:09+00:00\",\"dateModified\":\"2022-10-27T18:01:11+00:00\",\"author\":{\"@id\":\"https:\/\/www.africa-press.net\/togo\/#\/schema\/person\/2b1cf3cd81a31e3cd26889ca66d677f1\"},\"description\":\"Le premier responsable du Mouvement Martin Luther King (MMLK) se\u0301journe en terre malienne depuis quelques heures. Le ...\",\"breadcrumb\":{\"@id\":\"https:\/\/www.africa-press.net\/togo\/toutes-les-actualites\/togo-pasteur-edoh-komi-a-bamako-pour-proner-lunite-nationale#breadcrumb\"},\"inLanguage\":\"fr-FR\",\"potentialAction\":[{\"@type\":\"ReadAction\",\"target\":[\"https:\/\/www.africa-press.net\/togo\/toutes-les-actualites\/togo-pasteur-edoh-komi-a-bamako-pour-proner-lunite-nationale\"]}]},{\"@type\":\"ImageObject\",\"inLanguage\":\"fr-FR\",\"@id\":\"https:\/\/www.africa-press.net\/togo\/toutes-les-actualites\/togo-pasteur-edoh-komi-a-bamako-pour-proner-lunite-nationale#primaryimage\",\"url\":\"https:\/\/static.africa-press.net\/togo\/sites\/58\/2022\/10\/postQueueImg_7-635ac747b10a6.jpg\",\"contentUrl\":\"https:\/\/static.africa-press.net\/togo\/sites\/58\/2022\/10\/postQueueImg_7-635ac747b10a6.jpg\",\"width\":1280,\"height\":800,\"caption\":\"Togo-Pasteur Edoh Komi \u00e0 Bamako pour pr\u00f4ner l\u2019unit\u00e9 nationale\"},{\"@type\":\"BreadcrumbList\",\"@id\":\"https:\/\/www.africa-press.net\/togo\/toutes-les-actualites\/togo-pasteur-edoh-komi-a-bamako-pour-proner-lunite-nationale#breadcrumb\",\"itemListElement\":[{\"@type\":\"ListItem\",\"position\":1,\"name\":\"Accueil\",\"item\":\"https:\/\/www.africa-press.net\/togo\/\"},{\"@type\":\"ListItem\",\"position\":2,\"name\":\"Togo-Pasteur Edoh Komi \u00e0 Bamako pour pr\u00f4ner l\u2019unit\u00e9 nationale\"}]},{\"@type\":\"WebSite\",\"@id\":\"https:\/\/www.africa-press.net\/togo\/#website\",\"url\":\"https:\/\/www.africa-press.net\/togo\/\",\"name\":\"Togo\",\"description\":\"Just another Africa News Agency Sites site\",\"potentialAction\":[{\"@type\":\"SearchAction\",\"target\":{\"@type\":\"EntryPoint\",\"urlTemplate\":\"https:\/\/www.africa-press.net\/togo\/?s={search_term_string}\"},\"query-input\":{\"@type\":\"PropertyValueSpecification\",\"valueRequired\":true,\"valueName\":\"search_term_string\"}}],\"inLanguage\":\"fr-FR\"},{\"@type\":\"Person\",\"@id\":\"https:\/\/www.africa-press.net\/togo\/#\/schema\/person\/2b1cf3cd81a31e3cd26889ca66d677f1\",\"name\":\"cfeditorfr\"}]}<\/script>\n<!-- \/ Yoast SEO Premium plugin. -->","yoast_head_json":{"title":"Togo-Pasteur Edoh Komi \u00e0 Bamako pour pr\u00f4ner l\u2019unit\u00e9 nationale - Togo","description":"Le premier responsable du Mouvement Martin Luther King (MMLK) se\u0301journe en terre malienne depuis quelques heures. Le ...","robots":{"index":"index","follow":"follow","max-snippet":"max-snippet:-1","max-image-preview":"max-image-preview:large","max-video-preview":"max-video-preview:-1"},"canonical":"https:\/\/www.africa-press.net\/togo\/toutes-les-actualites\/togo-pasteur-edoh-komi-a-bamako-pour-proner-lunite-nationale","og_locale":"fr_FR","og_type":"article","og_title":"Togo-Pasteur Edoh Komi \u00e0 Bamako pour pr\u00f4ner l\u2019unit\u00e9 nationale","og_description":"Le premier responsable du Mouvement Martin Luther King (MMLK) se\u0301journe en terre malienne depuis quelques heures. Le ...","og_url":"https:\/\/www.africa-press.net\/togo\/toutes-les-actualites\/togo-pasteur-edoh-komi-a-bamako-pour-proner-lunite-nationale","og_site_name":"Togo","article_published_time":"2022-10-27T17:49:09+00:00","article_modified_time":"2022-10-27T18:01:11+00:00","og_image":[{"width":1280,"height":800,"url":"https:\/\/static.africa-press.net\/togo\/sites\/58\/2022\/10\/postQueueImg_7-635ac747b10a6.jpg","type":"image\/jpeg"}],"author":"cfeditorfr","twitter_card":"summary_large_image","twitter_misc":{"\u00c9crit par":"cfeditorfr","Dur\u00e9e de lecture estim\u00e9e":"1 minute"},"schema":{"@context":"https:\/\/schema.org","@graph":[{"@type":"Article","@id":"https:\/\/www.africa-press.net\/togo\/toutes-les-actualites\/togo-pasteur-edoh-komi-a-bamako-pour-proner-lunite-nationale#article","isPartOf":{"@id":"https:\/\/www.africa-press.net\/togo\/toutes-les-actualites\/togo-pasteur-edoh-komi-a-bamako-pour-proner-lunite-nationale"},"author":{"name":"cfeditorfr","@id":"https:\/\/www.africa-press.net\/togo\/#\/schema\/person\/2b1cf3cd81a31e3cd26889ca66d677f1"},"headline":"Togo-Pasteur Edoh Komi \u00e0 Bamako pour pr\u00f4ner l\u2019unit\u00e9 nationale","datePublished":"2022-10-27T17:49:09+00:00","dateModified":"2022-10-27T18:01:11+00:00","mainEntityOfPage":{"@id":"https:\/\/www.africa-press.net\/togo\/toutes-les-actualites\/togo-pasteur-edoh-komi-a-bamako-pour-proner-lunite-nationale"},"wordCount":220,"commentCount":0,"image":{"@id":"https:\/\/www.africa-press.net\/togo\/toutes-les-actualites\/togo-pasteur-edoh-komi-a-bamako-pour-proner-lunite-nationale#primaryimage"},"thumbnailUrl":"https:\/\/static.africa-press.net\/togo\/sites\/58\/2022\/10\/postQueueImg_7-635ac747b10a6.jpg","keywords":["Africa Press","Africa Press-Togo","Togo"],"articleSection":["Communaut\u00e9","Toutes les actualit\u00e9s"],"inLanguage":"fr-FR","potentialAction":[{"@type":"CommentAction","name":"Comment","target":["https:\/\/www.africa-press.net\/togo\/toutes-les-actualites\/togo-pasteur-edoh-komi-a-bamako-pour-proner-lunite-nationale#respond"]}]},{"@type":"WebPage","@id":"https:\/\/www.africa-press.net\/togo\/toutes-les-actualites\/togo-pasteur-edoh-komi-a-bamako-pour-proner-lunite-nationale","url":"https:\/\/www.africa-press.net\/togo\/toutes-les-actualites\/togo-pasteur-edoh-komi-a-bamako-pour-proner-lunite-nationale","name":"Togo-Pasteur Edoh Komi \u00e0 Bamako pour pr\u00f4ner l\u2019unit\u00e9 nationale - Togo","isPartOf":{"@id":"https:\/\/www.africa-press.net\/togo\/#website"},"primaryImageOfPage":{"@id":"https:\/\/www.africa-press.net\/togo\/toutes-les-actualites\/togo-pasteur-edoh-komi-a-bamako-pour-proner-lunite-nationale#primaryimage"},"image":{"@id":"https:\/\/www.africa-press.net\/togo\/toutes-les-actualites\/togo-pasteur-edoh-komi-a-bamako-pour-proner-lunite-nationale#primaryimage"},"thumbnailUrl":"https:\/\/static.africa-press.net\/togo\/sites\/58\/2022\/10\/postQueueImg_7-635ac747b10a6.jpg","datePublished":"2022-10-27T17:49:09+00:00","dateModified":"2022-10-27T18:01:11+00:00","author":{"@id":"https:\/\/www.africa-press.net\/togo\/#\/schema\/person\/2b1cf3cd81a31e3cd26889ca66d677f1"},"description":"Le premier responsable du Mouvement Martin Luther King (MMLK) se\u0301journe en terre malienne depuis quelques heures. Le ...","breadcrumb":{"@id":"https:\/\/www.africa-press.net\/togo\/toutes-les-actualites\/togo-pasteur-edoh-komi-a-bamako-pour-proner-lunite-nationale#breadcrumb"},"inLanguage":"fr-FR","potentialAction":[{"@type":"ReadAction","target":["https:\/\/www.africa-press.net\/togo\/toutes-les-actualites\/togo-pasteur-edoh-komi-a-bamako-pour-proner-lunite-nationale"]}]},{"@type":"ImageObject","inLanguage":"fr-FR","@id":"https:\/\/www.africa-press.net\/togo\/toutes-les-actualites\/togo-pasteur-edoh-komi-a-bamako-pour-proner-lunite-nationale#primaryimage","url":"https:\/\/static.africa-press.net\/togo\/sites\/58\/2022\/10\/postQueueImg_7-635ac747b10a6.jpg","contentUrl":"https:\/\/static.africa-press.net\/togo\/sites\/58\/2022\/10\/postQueueImg_7-635ac747b10a6.jpg","width":1280,"height":800,"caption":"Togo-Pasteur Edoh Komi \u00e0 Bamako pour pr\u00f4ner l\u2019unit\u00e9 nationale"},{"@type":"BreadcrumbList","@id":"https:\/\/www.africa-press.net\/togo\/toutes-les-actualites\/togo-pasteur-edoh-komi-a-bamako-pour-proner-lunite-nationale#breadcrumb","itemListElement":[{"@type":"ListItem","position":1,"name":"Accueil","item":"https:\/\/www.africa-press.net\/togo\/"},{"@type":"ListItem","position":2,"name":"Togo-Pasteur Edoh Komi \u00e0 Bamako pour pr\u00f4ner l\u2019unit\u00e9 nationale"}]},{"@type":"WebSite","@id":"https:\/\/www.africa-press.net\/togo\/#website","url":"https:\/\/www.africa-press.net\/togo\/","name":"Togo","description":"Just another Africa News Agency Sites site","potentialAction":[{"@type":"SearchAction","target":{"@type":"EntryPoint","urlTemplate":"https:\/\/www.africa-press.net\/togo\/?s={search_term_string}"},"query-input":{"@type":"PropertyValueSpecification","valueRequired":true,"valueName":"search_term_string"}}],"inLanguage":"fr-FR"},{"@type":"Person","@id":"https:\/\/www.africa-press.net\/togo\/#\/schema\/person\/2b1cf3cd81a31e3cd26889ca66d677f1","name":"cfeditorfr"}]}},"_links":{"self":[{"href":"https:\/\/www.africa-press.net\/togo\/wp-json\/wp\/v2\/posts\/12999","targetHints":{"allow":["GET"]}}],"collection":[{"href":"https:\/\/www.africa-press.net\/togo\/wp-json\/wp\/v2\/posts"}],"about":[{"href":"https:\/\/www.africa-press.net\/togo\/wp-json\/wp\/v2\/types\/post"}],"author":[{"embeddable":true,"href":"https:\/\/www.africa-press.net\/togo\/wp-json\/wp\/v2\/users\/82"}],"replies":[{"embeddable":true,"href":"https:\/\/www.africa-press.net\/togo\/wp-json\/wp\/v2\/comments?post=12999"}],"version-history":[{"count":0,"href":"https:\/\/www.africa-press.net\/togo\/wp-json\/wp\/v2\/posts\/12999\/revisions"}],"wp:featuredmedia":[{"embeddable":true,"href":"https:\/\/www.africa-press.net\/togo\/wp-json\/wp\/v2\/media\/12997"}],"wp:attachment":[{"href":"https:\/\/www.africa-press.net\/togo\/wp-json\/wp\/v2\/media?parent=12999"}],"wp:term":[{"taxonomy":"category","embeddable":true,"href":"https:\/\/www.africa-press.net\/togo\/wp-json\/wp\/v2\/categories?post=12999"},{"taxonomy":"post_tag","embeddable":true,"href":"https:\/\/www.africa-press.net\/togo\/wp-json\/wp\/v2\/tags?post=12999"}],"curies":[{"name":"wp","href":"https:\/\/api.w.org\/{rel}","templated":true}]}}