{"id":13003,"date":"2022-10-27T17:49:17","date_gmt":"2022-10-27T17:49:17","guid":{"rendered":"https:\/\/www.africa-press.net\/togo\/politique\/togo-deces-de-patrick-lawson-la-cpp-attristee"},"modified":"2022-10-27T18:01:39","modified_gmt":"2022-10-27T18:01:39","slug":"togo-deces-de-patrick-lawson-la-cpp-attristee","status":"publish","type":"post","link":"https:\/\/www.africa-press.net\/togo\/politique\/togo-deces-de-patrick-lawson-la-cpp-attristee","title":{"rendered":"Togo-D\u00e9c\u00e8s de Patrick Lawson : La CPP attrist\u00e9e"},"content":{"rendered":"<p><span style=\"color: #ff6600\"><strong>Africa-Press &#8211; Togo. <\/strong><\/span><b>La disparition du 1er vice-pre\u0301sident de l\u2019Alliance nationale pour le changement (ANC), Patrick Lawson est une perte pour Adrien Beleki Akouete, leader de la la Convergence patriotique panafricaine (CPP).<\/b><\/p>\n<p>\u00ab C\u2019est avec une grande tristesse que le Bureau Exe\u0301cutif de la CPP (Convergence patriotique panafricaine) et moi-me\u0302me avons appris la disparition de Patrick P. Lawson-Banku, 1er Vice-pre\u0301sident \u00bb, e\u0301crit la CPP.<\/p>\n<p>Adrien Beleki a perdu \u00ab un ami, un fre\u0300re, un compagnon de lutte dont l\u2019empathie reste grave\u0301e dans [leurs] me\u0301moires \u00bb.<\/p>\n<p>Dans un message de condole\u0301ances en date du mardi 25 octobre 2022, l\u2019acteur politique rejoint ses colle\u0300gues opposants en adressant sa \u00ab profonde compassion et plus since\u0300res condole\u0301ances \u00bb a\u0300 l\u2019ANC et souhaite que Dieu l\u2019Eternel l\u2019accepte dans son royaume ce\u0301leste.<\/p>\n<p>Rappelons qu\u2019un livre de condole\u0301ances est ouvert au sie\u0300ge de l\u2019ANC a\u0300 Lome\u0301, les jours ouvrables de 10h a\u0300 17h.<\/p>\n<p><strong>Pour plus d&rsquo;informations et d&rsquo;analyses sur la <a href=\"https:\/\/www.africa-press.net\/togo\">Togo<\/a>, suivez <a href=\"https:\/\/www.africa-press.net\/\">Africa-Press<\/a><\/strong><\/p>\n","protected":false},"excerpt":{"rendered":"<p>Africa-Press &#8211; Togo. La disparition du 1er vice-pre\u0301sident de l\u2019Alliance nationale pour le changement (ANC), Patrick Lawson est une perte pour Adrien Beleki Akouete, leader de la la Convergence patriotique panafricaine (CPP). \u00ab C\u2019est avec une grande tristesse que le Bureau Exe\u0301cutif de la CPP (Convergence patriotique panafricaine) et moi-me\u0302me avons appris la disparition de [&hellip;]<\/p>\n","protected":false},"author":82,"featured_media":13002,"comment_status":"open","ping_status":"closed","sticky":false,"template":"","format":"standard","meta":{"footnotes":""},"categories":[2,10],"tags":[36,49,50],"class_list":["post-13003","post","type-post","status-publish","format-standard","has-post-thumbnail","hentry","category-politique","category-toutes-les-actualites","tag-africa-press","tag-africa-press-togo","tag-togo"],"yoast_head":"<!-- This site is optimized with the Yoast SEO Premium plugin v26.1 (Yoast SEO v27.0) - https:\/\/yoast.com\/product\/yoast-seo-premium-wordpress\/ -->\n<title>Togo-D\u00e9c\u00e8s de Patrick Lawson : La CPP attrist\u00e9e - Togo<\/title>\n<meta name=\"description\" content=\"La disparition du 1er vice-pre\u0301sident de l\u2019Alliance nationale pour le changement (ANC), Patrick Lawson est une perte ...\" \/>\n<meta name=\"robots\" content=\"index, follow, max-snippet:-1, max-image-preview:large, max-video-preview:-1\" \/>\n<link rel=\"canonical\" href=\"https:\/\/www.africa-press.net\/togo\/politique\/togo-deces-de-patrick-lawson-la-cpp-attristee\" \/>\n<meta property=\"og:locale\" content=\"fr_FR\" \/>\n<meta property=\"og:type\" content=\"article\" \/>\n<meta property=\"og:title\" content=\"Togo-D\u00e9c\u00e8s de Patrick Lawson : La CPP attrist\u00e9e\" \/>\n<meta property=\"og:description\" content=\"La disparition du 1er vice-pre\u0301sident de l\u2019Alliance nationale pour le changement (ANC), Patrick Lawson est une perte ...\" \/>\n<meta property=\"og:url\" content=\"https:\/\/www.africa-press.net\/togo\/politique\/togo-deces-de-patrick-lawson-la-cpp-attristee\" \/>\n<meta property=\"og:site_name\" content=\"Togo\" \/>\n<meta property=\"article:published_time\" content=\"2022-10-27T17:49:17+00:00\" \/>\n<meta property=\"article:modified_time\" content=\"2022-10-27T18:01:39+00:00\" \/>\n<meta property=\"og:image\" content=\"https:\/\/static.africa-press.net\/togo\/sites\/58\/2022\/10\/postQueueImg_8-635ac76b2d925.jpg\" \/>\n\t<meta property=\"og:image:width\" content=\"1280\" \/>\n\t<meta property=\"og:image:height\" content=\"822\" \/>\n\t<meta property=\"og:image:type\" content=\"image\/jpeg\" \/>\n<meta name=\"author\" content=\"cfeditorfr\" \/>\n<meta name=\"twitter:card\" content=\"summary_large_image\" \/>\n<meta name=\"twitter:label1\" content=\"\u00c9crit par\" \/>\n\t<meta name=\"twitter:data1\" content=\"cfeditorfr\" \/>\n\t<meta name=\"twitter:label2\" content=\"Dur\u00e9e de lecture estim\u00e9e\" \/>\n\t<meta name=\"twitter:data2\" content=\"1 minute\" \/>\n<script type=\"application\/ld+json\" class=\"yoast-schema-graph\">{\"@context\":\"https:\/\/schema.org\",\"@graph\":[{\"@type\":\"Article\",\"@id\":\"https:\/\/www.africa-press.net\/togo\/politique\/togo-deces-de-patrick-lawson-la-cpp-attristee#article\",\"isPartOf\":{\"@id\":\"https:\/\/www.africa-press.net\/togo\/politique\/togo-deces-de-patrick-lawson-la-cpp-attristee\"},\"author\":{\"name\":\"cfeditorfr\",\"@id\":\"https:\/\/www.africa-press.net\/togo\/#\/schema\/person\/2b1cf3cd81a31e3cd26889ca66d677f1\"},\"headline\":\"Togo-D\u00e9c\u00e8s de Patrick Lawson : La CPP attrist\u00e9e\",\"datePublished\":\"2022-10-27T17:49:17+00:00\",\"dateModified\":\"2022-10-27T18:01:39+00:00\",\"mainEntityOfPage\":{\"@id\":\"https:\/\/www.africa-press.net\/togo\/politique\/togo-deces-de-patrick-lawson-la-cpp-attristee\"},\"wordCount\":184,\"commentCount\":0,\"image\":{\"@id\":\"https:\/\/www.africa-press.net\/togo\/politique\/togo-deces-de-patrick-lawson-la-cpp-attristee#primaryimage\"},\"thumbnailUrl\":\"https:\/\/static.africa-press.net\/togo\/sites\/58\/2022\/10\/postQueueImg_8-635ac76b2d925.jpg\",\"keywords\":[\"Africa Press\",\"Africa Press-Togo\",\"Togo\"],\"articleSection\":[\"Politique\",\"Toutes les actualit\u00e9s\"],\"inLanguage\":\"fr-FR\",\"potentialAction\":[{\"@type\":\"CommentAction\",\"name\":\"Comment\",\"target\":[\"https:\/\/www.africa-press.net\/togo\/politique\/togo-deces-de-patrick-lawson-la-cpp-attristee#respond\"]}]},{\"@type\":\"WebPage\",\"@id\":\"https:\/\/www.africa-press.net\/togo\/politique\/togo-deces-de-patrick-lawson-la-cpp-attristee\",\"url\":\"https:\/\/www.africa-press.net\/togo\/politique\/togo-deces-de-patrick-lawson-la-cpp-attristee\",\"name\":\"Togo-D\u00e9c\u00e8s de Patrick Lawson : La CPP attrist\u00e9e - Togo\",\"isPartOf\":{\"@id\":\"https:\/\/www.africa-press.net\/togo\/#website\"},\"primaryImageOfPage\":{\"@id\":\"https:\/\/www.africa-press.net\/togo\/politique\/togo-deces-de-patrick-lawson-la-cpp-attristee#primaryimage\"},\"image\":{\"@id\":\"https:\/\/www.africa-press.net\/togo\/politique\/togo-deces-de-patrick-lawson-la-cpp-attristee#primaryimage\"},\"thumbnailUrl\":\"https:\/\/static.africa-press.net\/togo\/sites\/58\/2022\/10\/postQueueImg_8-635ac76b2d925.jpg\",\"datePublished\":\"2022-10-27T17:49:17+00:00\",\"dateModified\":\"2022-10-27T18:01:39+00:00\",\"author\":{\"@id\":\"https:\/\/www.africa-press.net\/togo\/#\/schema\/person\/2b1cf3cd81a31e3cd26889ca66d677f1\"},\"description\":\"La disparition du 1er vice-pre\u0301sident de l\u2019Alliance nationale pour le changement (ANC), Patrick Lawson est une perte ...\",\"breadcrumb\":{\"@id\":\"https:\/\/www.africa-press.net\/togo\/politique\/togo-deces-de-patrick-lawson-la-cpp-attristee#breadcrumb\"},\"inLanguage\":\"fr-FR\",\"potentialAction\":[{\"@type\":\"ReadAction\",\"target\":[\"https:\/\/www.africa-press.net\/togo\/politique\/togo-deces-de-patrick-lawson-la-cpp-attristee\"]}]},{\"@type\":\"ImageObject\",\"inLanguage\":\"fr-FR\",\"@id\":\"https:\/\/www.africa-press.net\/togo\/politique\/togo-deces-de-patrick-lawson-la-cpp-attristee#primaryimage\",\"url\":\"https:\/\/static.africa-press.net\/togo\/sites\/58\/2022\/10\/postQueueImg_8-635ac76b2d925.jpg\",\"contentUrl\":\"https:\/\/static.africa-press.net\/togo\/sites\/58\/2022\/10\/postQueueImg_8-635ac76b2d925.jpg\",\"width\":1280,\"height\":822,\"caption\":\"Togo-D\u00e9c\u00e8s de Patrick Lawson : La CPP attrist\u00e9e\"},{\"@type\":\"BreadcrumbList\",\"@id\":\"https:\/\/www.africa-press.net\/togo\/politique\/togo-deces-de-patrick-lawson-la-cpp-attristee#breadcrumb\",\"itemListElement\":[{\"@type\":\"ListItem\",\"position\":1,\"name\":\"Accueil\",\"item\":\"https:\/\/www.africa-press.net\/togo\/\"},{\"@type\":\"ListItem\",\"position\":2,\"name\":\"Togo-D\u00e9c\u00e8s de Patrick Lawson : La CPP attrist\u00e9e\"}]},{\"@type\":\"WebSite\",\"@id\":\"https:\/\/www.africa-press.net\/togo\/#website\",\"url\":\"https:\/\/www.africa-press.net\/togo\/\",\"name\":\"Togo\",\"description\":\"Just another Africa News Agency Sites site\",\"potentialAction\":[{\"@type\":\"SearchAction\",\"target\":{\"@type\":\"EntryPoint\",\"urlTemplate\":\"https:\/\/www.africa-press.net\/togo\/?s={search_term_string}\"},\"query-input\":{\"@type\":\"PropertyValueSpecification\",\"valueRequired\":true,\"valueName\":\"search_term_string\"}}],\"inLanguage\":\"fr-FR\"},{\"@type\":\"Person\",\"@id\":\"https:\/\/www.africa-press.net\/togo\/#\/schema\/person\/2b1cf3cd81a31e3cd26889ca66d677f1\",\"name\":\"cfeditorfr\"}]}<\/script>\n<!-- \/ Yoast SEO Premium plugin. -->","yoast_head_json":{"title":"Togo-D\u00e9c\u00e8s de Patrick Lawson : La CPP attrist\u00e9e - Togo","description":"La disparition du 1er vice-pre\u0301sident de l\u2019Alliance nationale pour le changement (ANC), Patrick Lawson est une perte ...","robots":{"index":"index","follow":"follow","max-snippet":"max-snippet:-1","max-image-preview":"max-image-preview:large","max-video-preview":"max-video-preview:-1"},"canonical":"https:\/\/www.africa-press.net\/togo\/politique\/togo-deces-de-patrick-lawson-la-cpp-attristee","og_locale":"fr_FR","og_type":"article","og_title":"Togo-D\u00e9c\u00e8s de Patrick Lawson : La CPP attrist\u00e9e","og_description":"La disparition du 1er vice-pre\u0301sident de l\u2019Alliance nationale pour le changement (ANC), Patrick Lawson est une perte ...","og_url":"https:\/\/www.africa-press.net\/togo\/politique\/togo-deces-de-patrick-lawson-la-cpp-attristee","og_site_name":"Togo","article_published_time":"2022-10-27T17:49:17+00:00","article_modified_time":"2022-10-27T18:01:39+00:00","og_image":[{"width":1280,"height":822,"url":"https:\/\/static.africa-press.net\/togo\/sites\/58\/2022\/10\/postQueueImg_8-635ac76b2d925.jpg","type":"image\/jpeg"}],"author":"cfeditorfr","twitter_card":"summary_large_image","twitter_misc":{"\u00c9crit par":"cfeditorfr","Dur\u00e9e de lecture estim\u00e9e":"1 minute"},"schema":{"@context":"https:\/\/schema.org","@graph":[{"@type":"Article","@id":"https:\/\/www.africa-press.net\/togo\/politique\/togo-deces-de-patrick-lawson-la-cpp-attristee#article","isPartOf":{"@id":"https:\/\/www.africa-press.net\/togo\/politique\/togo-deces-de-patrick-lawson-la-cpp-attristee"},"author":{"name":"cfeditorfr","@id":"https:\/\/www.africa-press.net\/togo\/#\/schema\/person\/2b1cf3cd81a31e3cd26889ca66d677f1"},"headline":"Togo-D\u00e9c\u00e8s de Patrick Lawson : La CPP attrist\u00e9e","datePublished":"2022-10-27T17:49:17+00:00","dateModified":"2022-10-27T18:01:39+00:00","mainEntityOfPage":{"@id":"https:\/\/www.africa-press.net\/togo\/politique\/togo-deces-de-patrick-lawson-la-cpp-attristee"},"wordCount":184,"commentCount":0,"image":{"@id":"https:\/\/www.africa-press.net\/togo\/politique\/togo-deces-de-patrick-lawson-la-cpp-attristee#primaryimage"},"thumbnailUrl":"https:\/\/static.africa-press.net\/togo\/sites\/58\/2022\/10\/postQueueImg_8-635ac76b2d925.jpg","keywords":["Africa Press","Africa Press-Togo","Togo"],"articleSection":["Politique","Toutes les actualit\u00e9s"],"inLanguage":"fr-FR","potentialAction":[{"@type":"CommentAction","name":"Comment","target":["https:\/\/www.africa-press.net\/togo\/politique\/togo-deces-de-patrick-lawson-la-cpp-attristee#respond"]}]},{"@type":"WebPage","@id":"https:\/\/www.africa-press.net\/togo\/politique\/togo-deces-de-patrick-lawson-la-cpp-attristee","url":"https:\/\/www.africa-press.net\/togo\/politique\/togo-deces-de-patrick-lawson-la-cpp-attristee","name":"Togo-D\u00e9c\u00e8s de Patrick Lawson : La CPP attrist\u00e9e - Togo","isPartOf":{"@id":"https:\/\/www.africa-press.net\/togo\/#website"},"primaryImageOfPage":{"@id":"https:\/\/www.africa-press.net\/togo\/politique\/togo-deces-de-patrick-lawson-la-cpp-attristee#primaryimage"},"image":{"@id":"https:\/\/www.africa-press.net\/togo\/politique\/togo-deces-de-patrick-lawson-la-cpp-attristee#primaryimage"},"thumbnailUrl":"https:\/\/static.africa-press.net\/togo\/sites\/58\/2022\/10\/postQueueImg_8-635ac76b2d925.jpg","datePublished":"2022-10-27T17:49:17+00:00","dateModified":"2022-10-27T18:01:39+00:00","author":{"@id":"https:\/\/www.africa-press.net\/togo\/#\/schema\/person\/2b1cf3cd81a31e3cd26889ca66d677f1"},"description":"La disparition du 1er vice-pre\u0301sident de l\u2019Alliance nationale pour le changement (ANC), Patrick Lawson est une perte ...","breadcrumb":{"@id":"https:\/\/www.africa-press.net\/togo\/politique\/togo-deces-de-patrick-lawson-la-cpp-attristee#breadcrumb"},"inLanguage":"fr-FR","potentialAction":[{"@type":"ReadAction","target":["https:\/\/www.africa-press.net\/togo\/politique\/togo-deces-de-patrick-lawson-la-cpp-attristee"]}]},{"@type":"ImageObject","inLanguage":"fr-FR","@id":"https:\/\/www.africa-press.net\/togo\/politique\/togo-deces-de-patrick-lawson-la-cpp-attristee#primaryimage","url":"https:\/\/static.africa-press.net\/togo\/sites\/58\/2022\/10\/postQueueImg_8-635ac76b2d925.jpg","contentUrl":"https:\/\/static.africa-press.net\/togo\/sites\/58\/2022\/10\/postQueueImg_8-635ac76b2d925.jpg","width":1280,"height":822,"caption":"Togo-D\u00e9c\u00e8s de Patrick Lawson : La CPP attrist\u00e9e"},{"@type":"BreadcrumbList","@id":"https:\/\/www.africa-press.net\/togo\/politique\/togo-deces-de-patrick-lawson-la-cpp-attristee#breadcrumb","itemListElement":[{"@type":"ListItem","position":1,"name":"Accueil","item":"https:\/\/www.africa-press.net\/togo\/"},{"@type":"ListItem","position":2,"name":"Togo-D\u00e9c\u00e8s de Patrick Lawson : La CPP attrist\u00e9e"}]},{"@type":"WebSite","@id":"https:\/\/www.africa-press.net\/togo\/#website","url":"https:\/\/www.africa-press.net\/togo\/","name":"Togo","description":"Just another Africa News Agency Sites site","potentialAction":[{"@type":"SearchAction","target":{"@type":"EntryPoint","urlTemplate":"https:\/\/www.africa-press.net\/togo\/?s={search_term_string}"},"query-input":{"@type":"PropertyValueSpecification","valueRequired":true,"valueName":"search_term_string"}}],"inLanguage":"fr-FR"},{"@type":"Person","@id":"https:\/\/www.africa-press.net\/togo\/#\/schema\/person\/2b1cf3cd81a31e3cd26889ca66d677f1","name":"cfeditorfr"}]}},"_links":{"self":[{"href":"https:\/\/www.africa-press.net\/togo\/wp-json\/wp\/v2\/posts\/13003","targetHints":{"allow":["GET"]}}],"collection":[{"href":"https:\/\/www.africa-press.net\/togo\/wp-json\/wp\/v2\/posts"}],"about":[{"href":"https:\/\/www.africa-press.net\/togo\/wp-json\/wp\/v2\/types\/post"}],"author":[{"embeddable":true,"href":"https:\/\/www.africa-press.net\/togo\/wp-json\/wp\/v2\/users\/82"}],"replies":[{"embeddable":true,"href":"https:\/\/www.africa-press.net\/togo\/wp-json\/wp\/v2\/comments?post=13003"}],"version-history":[{"count":0,"href":"https:\/\/www.africa-press.net\/togo\/wp-json\/wp\/v2\/posts\/13003\/revisions"}],"wp:featuredmedia":[{"embeddable":true,"href":"https:\/\/www.africa-press.net\/togo\/wp-json\/wp\/v2\/media\/13002"}],"wp:attachment":[{"href":"https:\/\/www.africa-press.net\/togo\/wp-json\/wp\/v2\/media?parent=13003"}],"wp:term":[{"taxonomy":"category","embeddable":true,"href":"https:\/\/www.africa-press.net\/togo\/wp-json\/wp\/v2\/categories?post=13003"},{"taxonomy":"post_tag","embeddable":true,"href":"https:\/\/www.africa-press.net\/togo\/wp-json\/wp\/v2\/tags?post=13003"}],"curies":[{"name":"wp","href":"https:\/\/api.w.org\/{rel}","templated":true}]}}