{"id":13006,"date":"2022-10-27T17:49:35","date_gmt":"2022-10-27T17:49:35","guid":{"rendered":"https:\/\/www.africa-press.net\/togo\/politique\/sante-au-togo-des-cas-doreillons-signales-dans-le-nord"},"modified":"2022-10-27T18:02:14","modified_gmt":"2022-10-27T18:02:14","slug":"sante-au-togo-des-cas-doreillons-signales-dans-le-nord","status":"publish","type":"post","link":"https:\/\/www.africa-press.net\/togo\/toutes-les-actualites\/sante-au-togo-des-cas-doreillons-signales-dans-le-nord","title":{"rendered":"Sant\u00e9 au Togo-Des cas d\u2019oreillons signal\u00e9s dans le nord"},"content":{"rendered":"<p><span style=\"color: #ff6600\"><strong>Africa-Press &#8211; Togo. <\/strong><\/span><b>Le ministre de la sante\u0301, Moustafa Mijiyawa, alerte sur des cas d\u2019oreillons de\u0301tecte\u0301s dans le district de l\u2019Oti, re\u0301gion des Savanes, dans la partie Nord du Togo.<\/b><\/p>\n<p>La maladie est observe\u0301e \u00ab chez des enfants d\u2019a\u0302ge scolaire \u00bb, alerte le ministe\u0300re de la Sante\u0301, de l\u2019Hygie\u0300ne publique et de l\u2019Acce\u0300s universel aux soins. A la date du mardi 25 octobre 2022, jour de publication du communique\u0301, l\u2019autorite\u0301 publique dit n\u2019avoir enregistre\u0301 aucun de\u0301ce\u0300s.<\/p>\n<p>Les oreillons, renseigne le communique\u0301, sont une maladie habituellement be\u0301nigne avec d\u2019e\u0301ventuelles complications en cas d\u2019immunite\u0301 faible. La maladie est cause\u0301e par un virus \u00ab qui se transmet par des gouttelettes de salive e\u0301mises par la personne infecte\u0301e \u00bb, lit-on.<\/p>\n<p>\u00ab La maladie se manifeste par un gonflement qui apparait en avant d\u2019une ou des deux oreilles, avec des difficulte\u0301s a\u0300 ma\u0302cher et a\u0300 avaler, une fie\u0300vre mode\u0301re\u0301e, et des maux de te\u0302te. D\u2019autres signes peuvent apparai\u0302tre en lien avec des complications \u00bb, souligne la note signe\u0301 de Moustafa Mijiyawa, ministre de la Sante\u0301.<\/p>\n<p>L\u2019adoption des mesures d\u2019hygie\u0300ne telles que le lavage re\u0301gulier des mains a\u0300 l\u2019eau et au savon, ou avec du gel hydroalcoolique, couvrir la bouche et le nez avec le mouchoir ou avec le creux du coude au moment de tousser ou d\u2019e\u0301ternuer, entre autres gestes, peuvent pre\u0301venir de la maladie, explique la note.<\/p>\n<p><strong>Pour plus d&rsquo;informations et d&rsquo;analyses sur la <a href=\"https:\/\/www.africa-press.net\/togo\">Togo<\/a>, suivez <a href=\"https:\/\/www.africa-press.net\/\">Africa-Press<\/a><\/strong><\/p>\n","protected":false},"excerpt":{"rendered":"<p>Africa-Press &#8211; Togo. Le ministre de la sante\u0301, Moustafa Mijiyawa, alerte sur des cas d\u2019oreillons de\u0301tecte\u0301s dans le district de l\u2019Oti, re\u0301gion des Savanes, dans la partie Nord du Togo. La maladie est observe\u0301e \u00ab chez des enfants d\u2019a\u0302ge scolaire \u00bb, alerte le ministe\u0300re de la Sante\u0301, de l\u2019Hygie\u0300ne publique et de l\u2019Acce\u0300s universel aux [&hellip;]<\/p>\n","protected":false},"author":82,"featured_media":13005,"comment_status":"open","ping_status":"closed","sticky":false,"template":"","format":"standard","meta":{"footnotes":""},"categories":[21,10],"tags":[36,49,50],"class_list":["post-13006","post","type-post","status-publish","format-standard","has-post-thumbnail","hentry","category-communaute","category-toutes-les-actualites","tag-africa-press","tag-africa-press-togo","tag-togo"],"yoast_head":"<!-- This site is optimized with the Yoast SEO Premium plugin v26.1 (Yoast SEO v27.0) - https:\/\/yoast.com\/product\/yoast-seo-premium-wordpress\/ -->\n<title>Sant\u00e9 au Togo-Des cas d\u2019oreillons signal\u00e9s dans le nord - Togo<\/title>\n<meta name=\"description\" content=\"Le ministre de la sante\u0301, Moustafa Mijiyawa, alerte sur des cas d\u2019oreillons de\u0301tecte\u0301s dans le district de l\u2019Oti, re\u0301 ...\" \/>\n<meta name=\"robots\" content=\"index, follow, max-snippet:-1, max-image-preview:large, max-video-preview:-1\" \/>\n<link rel=\"canonical\" href=\"https:\/\/www.africa-press.net\/togo\/toutes-les-actualites\/sante-au-togo-des-cas-doreillons-signales-dans-le-nord\" \/>\n<meta property=\"og:locale\" content=\"fr_FR\" \/>\n<meta property=\"og:type\" content=\"article\" \/>\n<meta property=\"og:title\" content=\"Sant\u00e9 au Togo-Des cas d\u2019oreillons signal\u00e9s dans le nord\" \/>\n<meta property=\"og:description\" content=\"Le ministre de la sante\u0301, Moustafa Mijiyawa, alerte sur des cas d\u2019oreillons de\u0301tecte\u0301s dans le district de l\u2019Oti, re\u0301 ...\" \/>\n<meta property=\"og:url\" content=\"https:\/\/www.africa-press.net\/togo\/toutes-les-actualites\/sante-au-togo-des-cas-doreillons-signales-dans-le-nord\" \/>\n<meta property=\"og:site_name\" content=\"Togo\" \/>\n<meta property=\"article:published_time\" content=\"2022-10-27T17:49:35+00:00\" \/>\n<meta property=\"article:modified_time\" content=\"2022-10-27T18:02:14+00:00\" \/>\n<meta property=\"og:image\" content=\"https:\/\/static.africa-press.net\/togo\/sites\/58\/2022\/10\/postQueueImg_9-635ac788c22e6.jpg\" \/>\n\t<meta property=\"og:image:width\" content=\"1280\" \/>\n\t<meta property=\"og:image:height\" content=\"800\" \/>\n\t<meta property=\"og:image:type\" content=\"image\/jpeg\" \/>\n<meta name=\"author\" content=\"cfeditorfr\" \/>\n<meta name=\"twitter:card\" content=\"summary_large_image\" \/>\n<meta name=\"twitter:label1\" content=\"\u00c9crit par\" \/>\n\t<meta name=\"twitter:data1\" content=\"cfeditorfr\" \/>\n\t<meta name=\"twitter:label2\" content=\"Dur\u00e9e de lecture estim\u00e9e\" \/>\n\t<meta name=\"twitter:data2\" content=\"2 minutes\" \/>\n<script type=\"application\/ld+json\" class=\"yoast-schema-graph\">{\"@context\":\"https:\/\/schema.org\",\"@graph\":[{\"@type\":\"Article\",\"@id\":\"https:\/\/www.africa-press.net\/togo\/toutes-les-actualites\/sante-au-togo-des-cas-doreillons-signales-dans-le-nord#article\",\"isPartOf\":{\"@id\":\"https:\/\/www.africa-press.net\/togo\/toutes-les-actualites\/sante-au-togo-des-cas-doreillons-signales-dans-le-nord\"},\"author\":{\"name\":\"cfeditorfr\",\"@id\":\"https:\/\/www.africa-press.net\/togo\/#\/schema\/person\/2b1cf3cd81a31e3cd26889ca66d677f1\"},\"headline\":\"Sant\u00e9 au Togo-Des cas d\u2019oreillons signal\u00e9s dans le nord\",\"datePublished\":\"2022-10-27T17:49:35+00:00\",\"dateModified\":\"2022-10-27T18:02:14+00:00\",\"mainEntityOfPage\":{\"@id\":\"https:\/\/www.africa-press.net\/togo\/toutes-les-actualites\/sante-au-togo-des-cas-doreillons-signales-dans-le-nord\"},\"wordCount\":279,\"commentCount\":0,\"image\":{\"@id\":\"https:\/\/www.africa-press.net\/togo\/toutes-les-actualites\/sante-au-togo-des-cas-doreillons-signales-dans-le-nord#primaryimage\"},\"thumbnailUrl\":\"https:\/\/static.africa-press.net\/togo\/sites\/58\/2022\/10\/postQueueImg_9-635ac788c22e6.jpg\",\"keywords\":[\"Africa Press\",\"Africa Press-Togo\",\"Togo\"],\"articleSection\":[\"Communaut\u00e9\",\"Toutes les actualit\u00e9s\"],\"inLanguage\":\"fr-FR\",\"potentialAction\":[{\"@type\":\"CommentAction\",\"name\":\"Comment\",\"target\":[\"https:\/\/www.africa-press.net\/togo\/toutes-les-actualites\/sante-au-togo-des-cas-doreillons-signales-dans-le-nord#respond\"]}]},{\"@type\":\"WebPage\",\"@id\":\"https:\/\/www.africa-press.net\/togo\/toutes-les-actualites\/sante-au-togo-des-cas-doreillons-signales-dans-le-nord\",\"url\":\"https:\/\/www.africa-press.net\/togo\/toutes-les-actualites\/sante-au-togo-des-cas-doreillons-signales-dans-le-nord\",\"name\":\"Sant\u00e9 au Togo-Des cas d\u2019oreillons signal\u00e9s dans le nord - Togo\",\"isPartOf\":{\"@id\":\"https:\/\/www.africa-press.net\/togo\/#website\"},\"primaryImageOfPage\":{\"@id\":\"https:\/\/www.africa-press.net\/togo\/toutes-les-actualites\/sante-au-togo-des-cas-doreillons-signales-dans-le-nord#primaryimage\"},\"image\":{\"@id\":\"https:\/\/www.africa-press.net\/togo\/toutes-les-actualites\/sante-au-togo-des-cas-doreillons-signales-dans-le-nord#primaryimage\"},\"thumbnailUrl\":\"https:\/\/static.africa-press.net\/togo\/sites\/58\/2022\/10\/postQueueImg_9-635ac788c22e6.jpg\",\"datePublished\":\"2022-10-27T17:49:35+00:00\",\"dateModified\":\"2022-10-27T18:02:14+00:00\",\"author\":{\"@id\":\"https:\/\/www.africa-press.net\/togo\/#\/schema\/person\/2b1cf3cd81a31e3cd26889ca66d677f1\"},\"description\":\"Le ministre de la sante\u0301, Moustafa Mijiyawa, alerte sur des cas d\u2019oreillons de\u0301tecte\u0301s dans le district de l\u2019Oti, re\u0301 ...\",\"breadcrumb\":{\"@id\":\"https:\/\/www.africa-press.net\/togo\/toutes-les-actualites\/sante-au-togo-des-cas-doreillons-signales-dans-le-nord#breadcrumb\"},\"inLanguage\":\"fr-FR\",\"potentialAction\":[{\"@type\":\"ReadAction\",\"target\":[\"https:\/\/www.africa-press.net\/togo\/toutes-les-actualites\/sante-au-togo-des-cas-doreillons-signales-dans-le-nord\"]}]},{\"@type\":\"ImageObject\",\"inLanguage\":\"fr-FR\",\"@id\":\"https:\/\/www.africa-press.net\/togo\/toutes-les-actualites\/sante-au-togo-des-cas-doreillons-signales-dans-le-nord#primaryimage\",\"url\":\"https:\/\/static.africa-press.net\/togo\/sites\/58\/2022\/10\/postQueueImg_9-635ac788c22e6.jpg\",\"contentUrl\":\"https:\/\/static.africa-press.net\/togo\/sites\/58\/2022\/10\/postQueueImg_9-635ac788c22e6.jpg\",\"width\":1280,\"height\":800,\"caption\":\"Sant\u00e9 au Togo-Des cas d\u2019oreillons signal\u00e9s dans le nord\"},{\"@type\":\"BreadcrumbList\",\"@id\":\"https:\/\/www.africa-press.net\/togo\/toutes-les-actualites\/sante-au-togo-des-cas-doreillons-signales-dans-le-nord#breadcrumb\",\"itemListElement\":[{\"@type\":\"ListItem\",\"position\":1,\"name\":\"Accueil\",\"item\":\"https:\/\/www.africa-press.net\/togo\/\"},{\"@type\":\"ListItem\",\"position\":2,\"name\":\"Sant\u00e9 au Togo-Des cas d\u2019oreillons signal\u00e9s dans le nord\"}]},{\"@type\":\"WebSite\",\"@id\":\"https:\/\/www.africa-press.net\/togo\/#website\",\"url\":\"https:\/\/www.africa-press.net\/togo\/\",\"name\":\"Togo\",\"description\":\"Just another Africa News Agency Sites site\",\"potentialAction\":[{\"@type\":\"SearchAction\",\"target\":{\"@type\":\"EntryPoint\",\"urlTemplate\":\"https:\/\/www.africa-press.net\/togo\/?s={search_term_string}\"},\"query-input\":{\"@type\":\"PropertyValueSpecification\",\"valueRequired\":true,\"valueName\":\"search_term_string\"}}],\"inLanguage\":\"fr-FR\"},{\"@type\":\"Person\",\"@id\":\"https:\/\/www.africa-press.net\/togo\/#\/schema\/person\/2b1cf3cd81a31e3cd26889ca66d677f1\",\"name\":\"cfeditorfr\"}]}<\/script>\n<!-- \/ Yoast SEO Premium plugin. -->","yoast_head_json":{"title":"Sant\u00e9 au Togo-Des cas d\u2019oreillons signal\u00e9s dans le nord - Togo","description":"Le ministre de la sante\u0301, Moustafa Mijiyawa, alerte sur des cas d\u2019oreillons de\u0301tecte\u0301s dans le district de l\u2019Oti, re\u0301 ...","robots":{"index":"index","follow":"follow","max-snippet":"max-snippet:-1","max-image-preview":"max-image-preview:large","max-video-preview":"max-video-preview:-1"},"canonical":"https:\/\/www.africa-press.net\/togo\/toutes-les-actualites\/sante-au-togo-des-cas-doreillons-signales-dans-le-nord","og_locale":"fr_FR","og_type":"article","og_title":"Sant\u00e9 au Togo-Des cas d\u2019oreillons signal\u00e9s dans le nord","og_description":"Le ministre de la sante\u0301, Moustafa Mijiyawa, alerte sur des cas d\u2019oreillons de\u0301tecte\u0301s dans le district de l\u2019Oti, re\u0301 ...","og_url":"https:\/\/www.africa-press.net\/togo\/toutes-les-actualites\/sante-au-togo-des-cas-doreillons-signales-dans-le-nord","og_site_name":"Togo","article_published_time":"2022-10-27T17:49:35+00:00","article_modified_time":"2022-10-27T18:02:14+00:00","og_image":[{"width":1280,"height":800,"url":"https:\/\/static.africa-press.net\/togo\/sites\/58\/2022\/10\/postQueueImg_9-635ac788c22e6.jpg","type":"image\/jpeg"}],"author":"cfeditorfr","twitter_card":"summary_large_image","twitter_misc":{"\u00c9crit par":"cfeditorfr","Dur\u00e9e de lecture estim\u00e9e":"2 minutes"},"schema":{"@context":"https:\/\/schema.org","@graph":[{"@type":"Article","@id":"https:\/\/www.africa-press.net\/togo\/toutes-les-actualites\/sante-au-togo-des-cas-doreillons-signales-dans-le-nord#article","isPartOf":{"@id":"https:\/\/www.africa-press.net\/togo\/toutes-les-actualites\/sante-au-togo-des-cas-doreillons-signales-dans-le-nord"},"author":{"name":"cfeditorfr","@id":"https:\/\/www.africa-press.net\/togo\/#\/schema\/person\/2b1cf3cd81a31e3cd26889ca66d677f1"},"headline":"Sant\u00e9 au Togo-Des cas d\u2019oreillons signal\u00e9s dans le nord","datePublished":"2022-10-27T17:49:35+00:00","dateModified":"2022-10-27T18:02:14+00:00","mainEntityOfPage":{"@id":"https:\/\/www.africa-press.net\/togo\/toutes-les-actualites\/sante-au-togo-des-cas-doreillons-signales-dans-le-nord"},"wordCount":279,"commentCount":0,"image":{"@id":"https:\/\/www.africa-press.net\/togo\/toutes-les-actualites\/sante-au-togo-des-cas-doreillons-signales-dans-le-nord#primaryimage"},"thumbnailUrl":"https:\/\/static.africa-press.net\/togo\/sites\/58\/2022\/10\/postQueueImg_9-635ac788c22e6.jpg","keywords":["Africa Press","Africa Press-Togo","Togo"],"articleSection":["Communaut\u00e9","Toutes les actualit\u00e9s"],"inLanguage":"fr-FR","potentialAction":[{"@type":"CommentAction","name":"Comment","target":["https:\/\/www.africa-press.net\/togo\/toutes-les-actualites\/sante-au-togo-des-cas-doreillons-signales-dans-le-nord#respond"]}]},{"@type":"WebPage","@id":"https:\/\/www.africa-press.net\/togo\/toutes-les-actualites\/sante-au-togo-des-cas-doreillons-signales-dans-le-nord","url":"https:\/\/www.africa-press.net\/togo\/toutes-les-actualites\/sante-au-togo-des-cas-doreillons-signales-dans-le-nord","name":"Sant\u00e9 au Togo-Des cas d\u2019oreillons signal\u00e9s dans le nord - Togo","isPartOf":{"@id":"https:\/\/www.africa-press.net\/togo\/#website"},"primaryImageOfPage":{"@id":"https:\/\/www.africa-press.net\/togo\/toutes-les-actualites\/sante-au-togo-des-cas-doreillons-signales-dans-le-nord#primaryimage"},"image":{"@id":"https:\/\/www.africa-press.net\/togo\/toutes-les-actualites\/sante-au-togo-des-cas-doreillons-signales-dans-le-nord#primaryimage"},"thumbnailUrl":"https:\/\/static.africa-press.net\/togo\/sites\/58\/2022\/10\/postQueueImg_9-635ac788c22e6.jpg","datePublished":"2022-10-27T17:49:35+00:00","dateModified":"2022-10-27T18:02:14+00:00","author":{"@id":"https:\/\/www.africa-press.net\/togo\/#\/schema\/person\/2b1cf3cd81a31e3cd26889ca66d677f1"},"description":"Le ministre de la sante\u0301, Moustafa Mijiyawa, alerte sur des cas d\u2019oreillons de\u0301tecte\u0301s dans le district de l\u2019Oti, re\u0301 ...","breadcrumb":{"@id":"https:\/\/www.africa-press.net\/togo\/toutes-les-actualites\/sante-au-togo-des-cas-doreillons-signales-dans-le-nord#breadcrumb"},"inLanguage":"fr-FR","potentialAction":[{"@type":"ReadAction","target":["https:\/\/www.africa-press.net\/togo\/toutes-les-actualites\/sante-au-togo-des-cas-doreillons-signales-dans-le-nord"]}]},{"@type":"ImageObject","inLanguage":"fr-FR","@id":"https:\/\/www.africa-press.net\/togo\/toutes-les-actualites\/sante-au-togo-des-cas-doreillons-signales-dans-le-nord#primaryimage","url":"https:\/\/static.africa-press.net\/togo\/sites\/58\/2022\/10\/postQueueImg_9-635ac788c22e6.jpg","contentUrl":"https:\/\/static.africa-press.net\/togo\/sites\/58\/2022\/10\/postQueueImg_9-635ac788c22e6.jpg","width":1280,"height":800,"caption":"Sant\u00e9 au Togo-Des cas d\u2019oreillons signal\u00e9s dans le nord"},{"@type":"BreadcrumbList","@id":"https:\/\/www.africa-press.net\/togo\/toutes-les-actualites\/sante-au-togo-des-cas-doreillons-signales-dans-le-nord#breadcrumb","itemListElement":[{"@type":"ListItem","position":1,"name":"Accueil","item":"https:\/\/www.africa-press.net\/togo\/"},{"@type":"ListItem","position":2,"name":"Sant\u00e9 au Togo-Des cas d\u2019oreillons signal\u00e9s dans le nord"}]},{"@type":"WebSite","@id":"https:\/\/www.africa-press.net\/togo\/#website","url":"https:\/\/www.africa-press.net\/togo\/","name":"Togo","description":"Just another Africa News Agency Sites site","potentialAction":[{"@type":"SearchAction","target":{"@type":"EntryPoint","urlTemplate":"https:\/\/www.africa-press.net\/togo\/?s={search_term_string}"},"query-input":{"@type":"PropertyValueSpecification","valueRequired":true,"valueName":"search_term_string"}}],"inLanguage":"fr-FR"},{"@type":"Person","@id":"https:\/\/www.africa-press.net\/togo\/#\/schema\/person\/2b1cf3cd81a31e3cd26889ca66d677f1","name":"cfeditorfr"}]}},"_links":{"self":[{"href":"https:\/\/www.africa-press.net\/togo\/wp-json\/wp\/v2\/posts\/13006","targetHints":{"allow":["GET"]}}],"collection":[{"href":"https:\/\/www.africa-press.net\/togo\/wp-json\/wp\/v2\/posts"}],"about":[{"href":"https:\/\/www.africa-press.net\/togo\/wp-json\/wp\/v2\/types\/post"}],"author":[{"embeddable":true,"href":"https:\/\/www.africa-press.net\/togo\/wp-json\/wp\/v2\/users\/82"}],"replies":[{"embeddable":true,"href":"https:\/\/www.africa-press.net\/togo\/wp-json\/wp\/v2\/comments?post=13006"}],"version-history":[{"count":0,"href":"https:\/\/www.africa-press.net\/togo\/wp-json\/wp\/v2\/posts\/13006\/revisions"}],"wp:featuredmedia":[{"embeddable":true,"href":"https:\/\/www.africa-press.net\/togo\/wp-json\/wp\/v2\/media\/13005"}],"wp:attachment":[{"href":"https:\/\/www.africa-press.net\/togo\/wp-json\/wp\/v2\/media?parent=13006"}],"wp:term":[{"taxonomy":"category","embeddable":true,"href":"https:\/\/www.africa-press.net\/togo\/wp-json\/wp\/v2\/categories?post=13006"},{"taxonomy":"post_tag","embeddable":true,"href":"https:\/\/www.africa-press.net\/togo\/wp-json\/wp\/v2\/tags?post=13006"}],"curies":[{"name":"wp","href":"https:\/\/api.w.org\/{rel}","templated":true}]}}