{"id":13021,"date":"2022-10-27T17:50:48","date_gmt":"2022-10-27T17:50:48","guid":{"rendered":"https:\/\/www.africa-press.net\/togo\/politique\/elim-can-u23-la-delegation-togolaise-est-a-johannesburg"},"modified":"2022-10-27T18:05:20","modified_gmt":"2022-10-27T18:05:20","slug":"elim-can-u23-la-delegation-togolaise-est-a-johannesburg","status":"publish","type":"post","link":"https:\/\/www.africa-press.net\/togo\/sports\/elim-can-u23-la-delegation-togolaise-est-a-johannesburg","title":{"rendered":"\u00c9lim CAN U23-La d\u00e9l\u00e9gation togolaise est \u00e0 Johannesburg"},"content":{"rendered":"<p><span style=\"color: #ff6600\"><strong>Africa-Press &#8211; Togo. <\/strong><\/span><b>Partis de Lome\u0301 mercredi apre\u0300s-midi, le coach Afizou Traore\u0301 et ses poulains sont arrive\u0301s a\u0300 Johannesburg en Afrique du Sud ce jeudi.<\/b><\/p>\n<p>Les E\u0301perviers espoirs sont arrive\u0301s en terre sud-africaine a\u0300 l\u2019aube ce jeudi 27 octobre 2022, renseigne le site officiel de la Fe\u0301de\u0301ration togolaise de football (FTF).<\/p>\n<p>Le dimanche 30 octobre, la se\u0301lection U23 du Togo affrontent son homologue de l\u2019Afrique du Sud. En match retour du 2e tour des e\u0301liminatoires de la CAN de leur cate\u0301gorie.<\/p>\n<p>Le 23 octobre au stade de Ke\u0301gue\u0301 lors du match aller, les deux e\u0301quipes ont fait un match nul 2-2.<\/p>\n<p><strong>Pour plus d&rsquo;informations et d&rsquo;analyses sur la <a href=\"https:\/\/www.africa-press.net\/togo\">Togo<\/a>, suivez <a href=\"https:\/\/www.africa-press.net\/\">Africa-Press<\/a><\/strong><\/p>\n","protected":false},"excerpt":{"rendered":"<p>Africa-Press &#8211; Togo. Partis de Lome\u0301 mercredi apre\u0300s-midi, le coach Afizou Traore\u0301 et ses poulains sont arrive\u0301s a\u0300 Johannesburg en Afrique du Sud ce jeudi. Les E\u0301perviers espoirs sont arrive\u0301s en terre sud-africaine a\u0300 l\u2019aube ce jeudi 27 octobre 2022, renseigne le site officiel de la Fe\u0301de\u0301ration togolaise de football (FTF). Le dimanche 30 octobre, [&hellip;]<\/p>\n","protected":false},"author":82,"featured_media":13020,"comment_status":"open","ping_status":"closed","sticky":false,"template":"","format":"standard","meta":{"footnotes":""},"categories":[6,10],"tags":[36,49,50],"class_list":["post-13021","post","type-post","status-publish","format-standard","has-post-thumbnail","hentry","category-sports","category-toutes-les-actualites","tag-africa-press","tag-africa-press-togo","tag-togo"],"yoast_head":"<!-- This site is optimized with the Yoast SEO Premium plugin v26.1 (Yoast SEO v27.0) - https:\/\/yoast.com\/product\/yoast-seo-premium-wordpress\/ -->\n<title>\u00c9lim CAN U23-La d\u00e9l\u00e9gation togolaise est \u00e0 Johannesburg - Togo<\/title>\n<meta name=\"description\" content=\"Partis de Lome\u0301 mercredi apre\u0300s-midi, le coach Afizou Traore\u0301 et ses poulains sont arrive\u0301s a\u0300 Johannesburg en Afriqu ...\" \/>\n<meta name=\"robots\" content=\"index, follow, max-snippet:-1, max-image-preview:large, max-video-preview:-1\" \/>\n<link rel=\"canonical\" href=\"https:\/\/www.africa-press.net\/togo\/sports\/elim-can-u23-la-delegation-togolaise-est-a-johannesburg\" \/>\n<meta property=\"og:locale\" content=\"fr_FR\" \/>\n<meta property=\"og:type\" content=\"article\" \/>\n<meta property=\"og:title\" content=\"\u00c9lim CAN U23-La d\u00e9l\u00e9gation togolaise est \u00e0 Johannesburg\" \/>\n<meta property=\"og:description\" content=\"Partis de Lome\u0301 mercredi apre\u0300s-midi, le coach Afizou Traore\u0301 et ses poulains sont arrive\u0301s a\u0300 Johannesburg en Afriqu ...\" \/>\n<meta property=\"og:url\" content=\"https:\/\/www.africa-press.net\/togo\/sports\/elim-can-u23-la-delegation-togolaise-est-a-johannesburg\" \/>\n<meta property=\"og:site_name\" content=\"Togo\" \/>\n<meta property=\"article:published_time\" content=\"2022-10-27T17:50:48+00:00\" \/>\n<meta property=\"article:modified_time\" content=\"2022-10-27T18:05:20+00:00\" \/>\n<meta property=\"og:image\" content=\"https:\/\/static.africa-press.net\/togo\/sites\/58\/2022\/10\/postQueueImg_14-635ac8418fbdf.jpg\" \/>\n\t<meta property=\"og:image:width\" content=\"1280\" \/>\n\t<meta property=\"og:image:height\" content=\"800\" \/>\n\t<meta property=\"og:image:type\" content=\"image\/jpeg\" \/>\n<meta name=\"author\" content=\"cfeditorfr\" \/>\n<meta name=\"twitter:card\" content=\"summary_large_image\" \/>\n<meta name=\"twitter:label1\" content=\"\u00c9crit par\" \/>\n\t<meta name=\"twitter:data1\" content=\"cfeditorfr\" \/>\n\t<meta name=\"twitter:label2\" content=\"Dur\u00e9e de lecture estim\u00e9e\" \/>\n\t<meta name=\"twitter:data2\" content=\"1 minute\" \/>\n<script type=\"application\/ld+json\" class=\"yoast-schema-graph\">{\"@context\":\"https:\/\/schema.org\",\"@graph\":[{\"@type\":\"Article\",\"@id\":\"https:\/\/www.africa-press.net\/togo\/sports\/elim-can-u23-la-delegation-togolaise-est-a-johannesburg#article\",\"isPartOf\":{\"@id\":\"https:\/\/www.africa-press.net\/togo\/sports\/elim-can-u23-la-delegation-togolaise-est-a-johannesburg\"},\"author\":{\"name\":\"cfeditorfr\",\"@id\":\"https:\/\/www.africa-press.net\/togo\/#\/schema\/person\/2b1cf3cd81a31e3cd26889ca66d677f1\"},\"headline\":\"\u00c9lim CAN U23-La d\u00e9l\u00e9gation togolaise est \u00e0 Johannesburg\",\"datePublished\":\"2022-10-27T17:50:48+00:00\",\"dateModified\":\"2022-10-27T18:05:20+00:00\",\"mainEntityOfPage\":{\"@id\":\"https:\/\/www.africa-press.net\/togo\/sports\/elim-can-u23-la-delegation-togolaise-est-a-johannesburg\"},\"wordCount\":132,\"commentCount\":0,\"image\":{\"@id\":\"https:\/\/www.africa-press.net\/togo\/sports\/elim-can-u23-la-delegation-togolaise-est-a-johannesburg#primaryimage\"},\"thumbnailUrl\":\"https:\/\/static.africa-press.net\/togo\/sites\/58\/2022\/10\/postQueueImg_14-635ac8418fbdf.jpg\",\"keywords\":[\"Africa Press\",\"Africa Press-Togo\",\"Togo\"],\"articleSection\":[\"Sports\",\"Toutes les actualit\u00e9s\"],\"inLanguage\":\"fr-FR\",\"potentialAction\":[{\"@type\":\"CommentAction\",\"name\":\"Comment\",\"target\":[\"https:\/\/www.africa-press.net\/togo\/sports\/elim-can-u23-la-delegation-togolaise-est-a-johannesburg#respond\"]}]},{\"@type\":\"WebPage\",\"@id\":\"https:\/\/www.africa-press.net\/togo\/sports\/elim-can-u23-la-delegation-togolaise-est-a-johannesburg\",\"url\":\"https:\/\/www.africa-press.net\/togo\/sports\/elim-can-u23-la-delegation-togolaise-est-a-johannesburg\",\"name\":\"\u00c9lim CAN U23-La d\u00e9l\u00e9gation togolaise est \u00e0 Johannesburg - Togo\",\"isPartOf\":{\"@id\":\"https:\/\/www.africa-press.net\/togo\/#website\"},\"primaryImageOfPage\":{\"@id\":\"https:\/\/www.africa-press.net\/togo\/sports\/elim-can-u23-la-delegation-togolaise-est-a-johannesburg#primaryimage\"},\"image\":{\"@id\":\"https:\/\/www.africa-press.net\/togo\/sports\/elim-can-u23-la-delegation-togolaise-est-a-johannesburg#primaryimage\"},\"thumbnailUrl\":\"https:\/\/static.africa-press.net\/togo\/sites\/58\/2022\/10\/postQueueImg_14-635ac8418fbdf.jpg\",\"datePublished\":\"2022-10-27T17:50:48+00:00\",\"dateModified\":\"2022-10-27T18:05:20+00:00\",\"author\":{\"@id\":\"https:\/\/www.africa-press.net\/togo\/#\/schema\/person\/2b1cf3cd81a31e3cd26889ca66d677f1\"},\"description\":\"Partis de Lome\u0301 mercredi apre\u0300s-midi, le coach Afizou Traore\u0301 et ses poulains sont arrive\u0301s a\u0300 Johannesburg en Afriqu ...\",\"breadcrumb\":{\"@id\":\"https:\/\/www.africa-press.net\/togo\/sports\/elim-can-u23-la-delegation-togolaise-est-a-johannesburg#breadcrumb\"},\"inLanguage\":\"fr-FR\",\"potentialAction\":[{\"@type\":\"ReadAction\",\"target\":[\"https:\/\/www.africa-press.net\/togo\/sports\/elim-can-u23-la-delegation-togolaise-est-a-johannesburg\"]}]},{\"@type\":\"ImageObject\",\"inLanguage\":\"fr-FR\",\"@id\":\"https:\/\/www.africa-press.net\/togo\/sports\/elim-can-u23-la-delegation-togolaise-est-a-johannesburg#primaryimage\",\"url\":\"https:\/\/static.africa-press.net\/togo\/sites\/58\/2022\/10\/postQueueImg_14-635ac8418fbdf.jpg\",\"contentUrl\":\"https:\/\/static.africa-press.net\/togo\/sites\/58\/2022\/10\/postQueueImg_14-635ac8418fbdf.jpg\",\"width\":1280,\"height\":800,\"caption\":\"\u00c9lim CAN U23-La d\u00e9l\u00e9gation togolaise est \u00e0 Johannesburg\"},{\"@type\":\"BreadcrumbList\",\"@id\":\"https:\/\/www.africa-press.net\/togo\/sports\/elim-can-u23-la-delegation-togolaise-est-a-johannesburg#breadcrumb\",\"itemListElement\":[{\"@type\":\"ListItem\",\"position\":1,\"name\":\"Accueil\",\"item\":\"https:\/\/www.africa-press.net\/togo\/\"},{\"@type\":\"ListItem\",\"position\":2,\"name\":\"\u00c9lim CAN U23-La d\u00e9l\u00e9gation togolaise est \u00e0 Johannesburg\"}]},{\"@type\":\"WebSite\",\"@id\":\"https:\/\/www.africa-press.net\/togo\/#website\",\"url\":\"https:\/\/www.africa-press.net\/togo\/\",\"name\":\"Togo\",\"description\":\"Just another Africa News Agency Sites site\",\"potentialAction\":[{\"@type\":\"SearchAction\",\"target\":{\"@type\":\"EntryPoint\",\"urlTemplate\":\"https:\/\/www.africa-press.net\/togo\/?s={search_term_string}\"},\"query-input\":{\"@type\":\"PropertyValueSpecification\",\"valueRequired\":true,\"valueName\":\"search_term_string\"}}],\"inLanguage\":\"fr-FR\"},{\"@type\":\"Person\",\"@id\":\"https:\/\/www.africa-press.net\/togo\/#\/schema\/person\/2b1cf3cd81a31e3cd26889ca66d677f1\",\"name\":\"cfeditorfr\"}]}<\/script>\n<!-- \/ Yoast SEO Premium plugin. -->","yoast_head_json":{"title":"\u00c9lim CAN U23-La d\u00e9l\u00e9gation togolaise est \u00e0 Johannesburg - Togo","description":"Partis de Lome\u0301 mercredi apre\u0300s-midi, le coach Afizou Traore\u0301 et ses poulains sont arrive\u0301s a\u0300 Johannesburg en Afriqu ...","robots":{"index":"index","follow":"follow","max-snippet":"max-snippet:-1","max-image-preview":"max-image-preview:large","max-video-preview":"max-video-preview:-1"},"canonical":"https:\/\/www.africa-press.net\/togo\/sports\/elim-can-u23-la-delegation-togolaise-est-a-johannesburg","og_locale":"fr_FR","og_type":"article","og_title":"\u00c9lim CAN U23-La d\u00e9l\u00e9gation togolaise est \u00e0 Johannesburg","og_description":"Partis de Lome\u0301 mercredi apre\u0300s-midi, le coach Afizou Traore\u0301 et ses poulains sont arrive\u0301s a\u0300 Johannesburg en Afriqu ...","og_url":"https:\/\/www.africa-press.net\/togo\/sports\/elim-can-u23-la-delegation-togolaise-est-a-johannesburg","og_site_name":"Togo","article_published_time":"2022-10-27T17:50:48+00:00","article_modified_time":"2022-10-27T18:05:20+00:00","og_image":[{"width":1280,"height":800,"url":"https:\/\/static.africa-press.net\/togo\/sites\/58\/2022\/10\/postQueueImg_14-635ac8418fbdf.jpg","type":"image\/jpeg"}],"author":"cfeditorfr","twitter_card":"summary_large_image","twitter_misc":{"\u00c9crit par":"cfeditorfr","Dur\u00e9e de lecture estim\u00e9e":"1 minute"},"schema":{"@context":"https:\/\/schema.org","@graph":[{"@type":"Article","@id":"https:\/\/www.africa-press.net\/togo\/sports\/elim-can-u23-la-delegation-togolaise-est-a-johannesburg#article","isPartOf":{"@id":"https:\/\/www.africa-press.net\/togo\/sports\/elim-can-u23-la-delegation-togolaise-est-a-johannesburg"},"author":{"name":"cfeditorfr","@id":"https:\/\/www.africa-press.net\/togo\/#\/schema\/person\/2b1cf3cd81a31e3cd26889ca66d677f1"},"headline":"\u00c9lim CAN U23-La d\u00e9l\u00e9gation togolaise est \u00e0 Johannesburg","datePublished":"2022-10-27T17:50:48+00:00","dateModified":"2022-10-27T18:05:20+00:00","mainEntityOfPage":{"@id":"https:\/\/www.africa-press.net\/togo\/sports\/elim-can-u23-la-delegation-togolaise-est-a-johannesburg"},"wordCount":132,"commentCount":0,"image":{"@id":"https:\/\/www.africa-press.net\/togo\/sports\/elim-can-u23-la-delegation-togolaise-est-a-johannesburg#primaryimage"},"thumbnailUrl":"https:\/\/static.africa-press.net\/togo\/sites\/58\/2022\/10\/postQueueImg_14-635ac8418fbdf.jpg","keywords":["Africa Press","Africa Press-Togo","Togo"],"articleSection":["Sports","Toutes les actualit\u00e9s"],"inLanguage":"fr-FR","potentialAction":[{"@type":"CommentAction","name":"Comment","target":["https:\/\/www.africa-press.net\/togo\/sports\/elim-can-u23-la-delegation-togolaise-est-a-johannesburg#respond"]}]},{"@type":"WebPage","@id":"https:\/\/www.africa-press.net\/togo\/sports\/elim-can-u23-la-delegation-togolaise-est-a-johannesburg","url":"https:\/\/www.africa-press.net\/togo\/sports\/elim-can-u23-la-delegation-togolaise-est-a-johannesburg","name":"\u00c9lim CAN U23-La d\u00e9l\u00e9gation togolaise est \u00e0 Johannesburg - Togo","isPartOf":{"@id":"https:\/\/www.africa-press.net\/togo\/#website"},"primaryImageOfPage":{"@id":"https:\/\/www.africa-press.net\/togo\/sports\/elim-can-u23-la-delegation-togolaise-est-a-johannesburg#primaryimage"},"image":{"@id":"https:\/\/www.africa-press.net\/togo\/sports\/elim-can-u23-la-delegation-togolaise-est-a-johannesburg#primaryimage"},"thumbnailUrl":"https:\/\/static.africa-press.net\/togo\/sites\/58\/2022\/10\/postQueueImg_14-635ac8418fbdf.jpg","datePublished":"2022-10-27T17:50:48+00:00","dateModified":"2022-10-27T18:05:20+00:00","author":{"@id":"https:\/\/www.africa-press.net\/togo\/#\/schema\/person\/2b1cf3cd81a31e3cd26889ca66d677f1"},"description":"Partis de Lome\u0301 mercredi apre\u0300s-midi, le coach Afizou Traore\u0301 et ses poulains sont arrive\u0301s a\u0300 Johannesburg en Afriqu ...","breadcrumb":{"@id":"https:\/\/www.africa-press.net\/togo\/sports\/elim-can-u23-la-delegation-togolaise-est-a-johannesburg#breadcrumb"},"inLanguage":"fr-FR","potentialAction":[{"@type":"ReadAction","target":["https:\/\/www.africa-press.net\/togo\/sports\/elim-can-u23-la-delegation-togolaise-est-a-johannesburg"]}]},{"@type":"ImageObject","inLanguage":"fr-FR","@id":"https:\/\/www.africa-press.net\/togo\/sports\/elim-can-u23-la-delegation-togolaise-est-a-johannesburg#primaryimage","url":"https:\/\/static.africa-press.net\/togo\/sites\/58\/2022\/10\/postQueueImg_14-635ac8418fbdf.jpg","contentUrl":"https:\/\/static.africa-press.net\/togo\/sites\/58\/2022\/10\/postQueueImg_14-635ac8418fbdf.jpg","width":1280,"height":800,"caption":"\u00c9lim CAN U23-La d\u00e9l\u00e9gation togolaise est \u00e0 Johannesburg"},{"@type":"BreadcrumbList","@id":"https:\/\/www.africa-press.net\/togo\/sports\/elim-can-u23-la-delegation-togolaise-est-a-johannesburg#breadcrumb","itemListElement":[{"@type":"ListItem","position":1,"name":"Accueil","item":"https:\/\/www.africa-press.net\/togo\/"},{"@type":"ListItem","position":2,"name":"\u00c9lim CAN U23-La d\u00e9l\u00e9gation togolaise est \u00e0 Johannesburg"}]},{"@type":"WebSite","@id":"https:\/\/www.africa-press.net\/togo\/#website","url":"https:\/\/www.africa-press.net\/togo\/","name":"Togo","description":"Just another Africa News Agency Sites site","potentialAction":[{"@type":"SearchAction","target":{"@type":"EntryPoint","urlTemplate":"https:\/\/www.africa-press.net\/togo\/?s={search_term_string}"},"query-input":{"@type":"PropertyValueSpecification","valueRequired":true,"valueName":"search_term_string"}}],"inLanguage":"fr-FR"},{"@type":"Person","@id":"https:\/\/www.africa-press.net\/togo\/#\/schema\/person\/2b1cf3cd81a31e3cd26889ca66d677f1","name":"cfeditorfr"}]}},"_links":{"self":[{"href":"https:\/\/www.africa-press.net\/togo\/wp-json\/wp\/v2\/posts\/13021","targetHints":{"allow":["GET"]}}],"collection":[{"href":"https:\/\/www.africa-press.net\/togo\/wp-json\/wp\/v2\/posts"}],"about":[{"href":"https:\/\/www.africa-press.net\/togo\/wp-json\/wp\/v2\/types\/post"}],"author":[{"embeddable":true,"href":"https:\/\/www.africa-press.net\/togo\/wp-json\/wp\/v2\/users\/82"}],"replies":[{"embeddable":true,"href":"https:\/\/www.africa-press.net\/togo\/wp-json\/wp\/v2\/comments?post=13021"}],"version-history":[{"count":0,"href":"https:\/\/www.africa-press.net\/togo\/wp-json\/wp\/v2\/posts\/13021\/revisions"}],"wp:featuredmedia":[{"embeddable":true,"href":"https:\/\/www.africa-press.net\/togo\/wp-json\/wp\/v2\/media\/13020"}],"wp:attachment":[{"href":"https:\/\/www.africa-press.net\/togo\/wp-json\/wp\/v2\/media?parent=13021"}],"wp:term":[{"taxonomy":"category","embeddable":true,"href":"https:\/\/www.africa-press.net\/togo\/wp-json\/wp\/v2\/categories?post=13021"},{"taxonomy":"post_tag","embeddable":true,"href":"https:\/\/www.africa-press.net\/togo\/wp-json\/wp\/v2\/tags?post=13021"}],"curies":[{"name":"wp","href":"https:\/\/api.w.org\/{rel}","templated":true}]}}