{"id":13044,"date":"2022-10-28T17:31:44","date_gmt":"2022-10-28T17:31:44","guid":{"rendered":"https:\/\/www.africa-press.net\/togo\/politique\/togo-les-grandes-decisions-du-conseil-des-ministres-du-27-octobre-2022"},"modified":"2022-10-28T17:38:57","modified_gmt":"2022-10-28T17:38:57","slug":"togo-les-grandes-decisions-du-conseil-des-ministres-du-27-octobre-2022","status":"publish","type":"post","link":"https:\/\/www.africa-press.net\/togo\/politique\/togo-les-grandes-decisions-du-conseil-des-ministres-du-27-octobre-2022","title":{"rendered":"Togo-Les grandes d\u00e9cisions du Conseil des ministres du 27 octobre 2022"},"content":{"rendered":"<p><span style=\"color: #ff6600\"><strong>Africa-Press &#8211; Togo. <\/strong><\/span><b>Le chef de l\u2019E\u0301tat, Faure Essozimna Gnassingbe\u0301 a pre\u0301side\u0301 ce 27 octobre 2022 le Conseil des ministres. Au cours des travaux, le Conseil a examine\u0301 en premie\u0300re lecture, un avant-projet de loi portant re\u0301gime juridique applicable aux entreprises publiques en Re\u0301publique togolaise. Le Conseil a e\u0301galement examine\u0301 et adopte\u0301 en deuxie\u0300me lecture le projet de de\u0301cret portant cadre ge\u0301ne\u0301ral d\u2019organisation de l\u2019assurance qualite\u0301 dans les e\u0301tablissements d\u2019enseignement supe\u0301rieur, centres ou organismes de recherche et d\u2019innovation. Trois communications ont meuble\u0301 les travaux. La premie\u0300re porte sur le de\u0301roulement de l\u2019anne\u0301e universitaire 2021-2022 et les perspectives pour celle de 2022-2023. La deuxie\u0300me communication est relative au projet de strate\u0301gie d\u2019optimisation des pratiques des agents de sante\u0301 communautaire (ASC) et relais communautaires (RC) dans notre pays et la troisie\u0300me a\u0300 l\u2019assistance apporte\u0301e aux victimes des attaques terroristes dans la re\u0301gion des Savanes.<\/b><br \/>\n<b>COMMUNIQUE\u0301 DU CONSEIL DES MINISTRES<\/b><\/p>\n<p>Lome\u0301, jeudi 27 octobre 2022<\/p>\n<p>1. Le conseil des ministres s\u2019est re\u0301uni ce jeudi 27 octobre 2022 sous la pre\u0301sidence de Son Excellence Monsieur Faure Essozimna GNASSINGBE, Pre\u0301sident de la Re\u0301publique.<\/p>\n<p>2. Le conseil a examine\u0301 un (01) avant-projet de loi, un (01) projet de de\u0301cret et e\u0301coute\u0301 trois (03) communications.<\/p>\n<p><b>I. Au titre de l\u2019avant-projet de loi,<\/b><\/p>\n<p>3. Le conseil a examine\u0301 en premie\u0300re lecture l\u2019avant-projet de loi portant re\u0301gime juridique applicable aux entreprises publiques en Re\u0301publique togolaise.<\/p>\n<p>4. L\u2019examen de ce texte re\u0301pond a\u0300 la ne\u0301cessite\u0301 de modifier les dispositions de la loi de 1990 compte tenu de l\u2019e\u0301volution de l\u2019environnement juridique national, communautaire et international.<\/p>\n<p>5. Re\u0301pondant au besoin de transformation et de restructuration des entreprises publiques, l\u2019adoption de ce texte concourt a\u0300 la mise en \u0153uvre de l\u2019axe 3 de la feuille Gouvernement de route gouvernementale 2020-2025, et participe a\u0300 la concre\u0301tisation de la vision du gouvernement de renforcer ses structures.<\/p>\n<p>6. L\u2019e\u0301tude de ce texte sera poursuivie lors d\u2019un prochain conseil des ministres.<\/p>\n<p><b>II. Au titre du projet de de\u0301cret,<\/b><\/p>\n<p>7. Le conseil a examine\u0301 et adopte\u0301 en deuxie\u0300me lecture le projet de de\u0301cret portant cadre ge\u0301ne\u0301ral d\u2019organisation de l\u2019assurance qualite\u0301 dans les e\u0301tablissements d\u2019enseignement supe\u0301rieur, centres ou organismes de recherche et d\u2019innovation.<\/p>\n<p>8. Ce texte e\u0301largit le champ de l\u2019assurance qualite\u0301 aux e\u0301tablissements et centres ou organismes de recherche et rend plus visible l\u2019orientation globale du syste\u0300me d\u2019assurance qualite\u0301 dans l\u2019enseignement supe\u0301rieur et la recherche.<\/p>\n<p>9. Son adoption permettra a\u0300 ces institutions de recherche de disposer d\u2019un syste\u0300me e\u0301quilibre\u0301, fonctionnel et performant qui inte\u0300gre des proce\u0301dures aptes a\u0300 soutenir des changements internes dans le sens de la consolidation de l\u2019assurance qualite\u0301, d\u2019une part, et de l\u2019ame\u0301lioration continue de la qualite\u0301 de l\u2019enseignement et de la recherche, d\u2019autre part.<\/p>\n<p><b>III. Au titre des communications,<\/b><\/p>\n<p>10. Le conseil a e\u0301coute\u0301 une premie\u0300re communication sur le de\u0301roulement de l\u2019anne\u0301e universitaire 2021-2022 et les perspectives pour celle de 2022-2023 ; pre\u0301sente\u0301e par le ministre de l\u2019enseignement supe\u0301rieur et de la recherche.<\/p>\n<p>11. L\u2019anne\u0301e universitaire 2021-2022 qui s\u2019ache\u0300ve, a e\u0301te\u0301 marque\u0301e par la mise en \u0153uvre d\u2019actions qui rele\u0300vent des programmes du plan strate\u0301gique, dans le but d\u2019ame\u0301liorer substantiellement les performances universitaires. Pour cette anne\u0301e, les deux universite\u0301s publiques de Lome\u0301 et de la Kara comptent respectivement 74.472 et 21.979 e\u0301tudiants. On note 36% de filles parmi ces e\u0301tudiants refle\u0301tant ainsi les re\u0301sultats des actions mene\u0301es en amont pour la scolarisation de la jeune fille.<\/p>\n<p>12. Par ailleurs, dans le but de poursuivre l\u2019ame\u0301lioration du syste\u0300me universitaire, les re\u0301formes sont engage\u0301es dans le cadre de la mise en \u0153uvre du plan strate\u0301gique 2021-2025 des universite\u0301s publiques et le de\u0301veloppement de leurs infrastructures dans la perspective d\u2019ame\u0301liorer l\u2019accueil des e\u0301tudiants.<\/p>\n<p>13. Le conseil a ensuite e\u0301coute\u0301 une communication relative au projet de strate\u0301gie d\u2019optimisation des pratiques des agents de sante\u0301 communautaire (ASC) et relais communautaires (RC) au Togo ; pre\u0301sente\u0301e par le ministre de\u0301le\u0301gue\u0301 charge\u0301 de l\u2019acce\u0300s universel aux soins.<\/p>\n<p>14. Conforme\u0301ment a\u0300 sa feuille de route 2020-2025, le gouvernement s\u2019est fixe\u0301 pour objectif de garantir la couverture sanitaire universelle a\u0300 travers le renforcement de l\u2019acce\u0300s aux services sociaux de base pour tous et l\u2019ame\u0301lioration de la qualite\u0301 du syste\u0300me de sante\u0301.<\/p>\n<p>15. En effet, il est pre\u0301vu d\u2019atteindre un taux de 90% de villages disposant d\u2019un agent de sante\u0301 communautaire forme\u0301 sur les soins inte\u0301gre\u0301s.<\/p>\n<p>16. Cette communication a permis de montrer la ne\u0301cessite\u0301 de mettre en place une strate\u0301gie d\u2019optimisation des pratiques des agents de sante\u0301 communautaire (ASC) et relais communautaires (RC) au Togo afin d\u2019atteindre les objectifs fixe\u0301s. Cette strate\u0301gie permettra notamment d\u2019augmenter le nombre de femmes mobilise\u0301es par cette activite\u0301 pour le porter a\u0300 40% des ASC\/RC.<\/p>\n<p>17. Le conseil a enfin e\u0301coute\u0301 une communication relative a\u0300 l\u2019assistance apporte\u0301e aux victimes des attaques terroristes dans la re\u0301gion des savanes ; pre\u0301sente\u0301e par le ministre de la se\u0301curite\u0301 et de la protection civile.<\/p>\n<p>18. Suite a\u0300 la de\u0301gradation de situation se\u0301curitaire lie\u0301e aux attaques des groupes arme\u0301s terroristes, notre pays a enregistre\u0301 plusieurs de\u0301place\u0301s dont des populations de pays voisin qui se sont re\u0301fugie\u0301s en territoire togolais.<\/p>\n<p>19. Au total, 789 me\u0301nages repre\u0301sentant 4175 personnes de\u0301place\u0301es ont e\u0301te\u0301 recense\u0301s par les services compe\u0301tents.<\/p>\n<p>20. Des appuis en vivre et en non vivre ont e\u0301te\u0301 apporte\u0301s a\u0300 682 me\u0301nages, les 107 me\u0301nages restants ayant quitte\u0301 les sites de regroupement au moment de l\u2019ope\u0301ration.<\/p>\n<p>21. Lors de la seconde phase de l\u2019ope\u0301ration de soutien, 237 me\u0301nages qui e\u0301taient toujours sur le site ont encore be\u0301ne\u0301ficie\u0301 de vivres.<\/p>\n<p>22. Par ailleurs, des e\u0301quipes techniques compose\u0301es de psychologues et d\u2019agents sociaux ont e\u0301te\u0301 de\u0301ploye\u0301es sur le terrain pour assurer une prise en charge psychologique aux victimes.<\/p>\n<p>23. Enfin, des dispositions ont e\u0301te\u0301 prises pour la scolarisation des e\u0301le\u0300ves de\u0301place\u0301s dans les e\u0301coles des pre\u0301fectures d\u2019accueil. Afin de renforcer les infrastructures de ces e\u0301coles, des salles de classes sont en construction par les services de\u0301die\u0301s. De manie\u0300re spe\u0301cifique, neuf enfants orphelins (5 filles et 4 garc\u0327ons) ont e\u0301te\u0301 inscrits dans des e\u0301tablissements d\u2019excellence, conforme\u0301ment aux tre\u0300s hautes instructions de Son Excellence Monsieur le Pre\u0301sident de la Re\u0301publique.<\/p>\n<p>24. Le conseil a saisi cette opportunite\u0301 pour saluer la re\u0301silience de nos compatriotes faces aux menaces terroristes et pour re\u0301ite\u0301rer son engagement, sous le leadership du Chef de l\u2019E\u0301tat, a\u0300 assurer une prise en charge effective de ces personnes de\u0301place\u0301es. IV. Au titre des divers,<\/p>\n<p>25. Le ministre du tourisme et de la culture a rendu compte au conseil de la tenue a\u0300 Lome\u0301 du 04 au 06 novembre 2022 du Salon international du textile africain. Cet e\u0301ve\u0300nement, qui re\u0301unit une quarantaine de pays, s\u2019inscrit dans la droite ligne de la vision du Chef de l\u2019E\u0301tat de promouvoir la transformation locale des matie\u0300res premie\u0300res, notamment agricoles.<\/p>\n<p>26. Le conseil a salue\u0301 la tenue de cet e\u0301ve\u0301nement et encourage\u0301 l\u2019ensemble des acteurs a\u0300 se mobiliser pour sa re\u0301ussite.<\/p>\n<p>27. Le conseil a ensuite e\u0301te\u0301 sensibilise\u0301 par madame le ministre des sports et des loisirs sur la tenue de la deuxie\u0300me e\u0301dition de la journe\u0301e nationale du sport. En effet, suite a\u0300 la re\u0301ussite de la premie\u0300re e\u0301dition, la deuxie\u0300me e\u0301dition de la journe\u0301e nationale du sport se tiendra ce samedi 29 octobre 2022.<\/p>\n<p>28. Le conseil a salue\u0301 l\u2019engagement des togolais dans le cadre de cette activite\u0301 de promotion du sport, du vivre ensemble et de la cohe\u0301sion et a encourage\u0301 toute la population togolaise a\u0300 poursuivre son e\u0301lan en se mobilisant massivement pour cette deuxie\u0300me e\u0301dition, ceci dans le respect des consignes se\u0301curitaires et administratives.<\/p>\n<p><strong>Pour plus d&rsquo;informations et d&rsquo;analyses sur la <a href=\"https:\/\/www.africa-press.net\/togo\">Togo<\/a>, suivez <a href=\"https:\/\/www.africa-press.net\/\">Africa-Press<\/a><\/strong><\/p>\n","protected":false},"excerpt":{"rendered":"<p>Africa-Press &#8211; Togo. Le chef de l\u2019E\u0301tat, Faure Essozimna Gnassingbe\u0301 a pre\u0301side\u0301 ce 27 octobre 2022 le Conseil des ministres. Au cours des travaux, le Conseil a examine\u0301 en premie\u0300re lecture, un avant-projet de loi portant re\u0301gime juridique applicable aux entreprises publiques en Re\u0301publique togolaise. Le Conseil a e\u0301galement examine\u0301 et adopte\u0301 en deuxie\u0300me lecture [&hellip;]<\/p>\n","protected":false},"author":82,"featured_media":13043,"comment_status":"open","ping_status":"closed","sticky":false,"template":"","format":"standard","meta":{"footnotes":""},"categories":[2,10],"tags":[36,49,50],"class_list":["post-13044","post","type-post","status-publish","format-standard","has-post-thumbnail","hentry","category-politique","category-toutes-les-actualites","tag-africa-press","tag-africa-press-togo","tag-togo"],"yoast_head":"<!-- This site is optimized with the Yoast SEO Premium plugin v26.1 (Yoast SEO v27.0) - https:\/\/yoast.com\/product\/yoast-seo-premium-wordpress\/ -->\n<title>Togo-Les grandes d\u00e9cisions du Conseil des ministres du 27 octobre 2022 - Togo<\/title>\n<meta name=\"description\" content=\"Le chef de l\u2019E\u0301tat, Faure Essozimna Gnassingbe\u0301 a pre\u0301side\u0301 ce 27 octobre 2022 le Conseil des ministres. Au cours des ...\" \/>\n<meta name=\"robots\" content=\"index, follow, max-snippet:-1, max-image-preview:large, max-video-preview:-1\" \/>\n<link rel=\"canonical\" href=\"https:\/\/www.africa-press.net\/togo\/politique\/togo-les-grandes-decisions-du-conseil-des-ministres-du-27-octobre-2022\" \/>\n<meta property=\"og:locale\" content=\"fr_FR\" \/>\n<meta property=\"og:type\" content=\"article\" \/>\n<meta property=\"og:title\" content=\"Togo-Les grandes d\u00e9cisions du Conseil des ministres du 27 octobre 2022\" \/>\n<meta property=\"og:description\" content=\"Le chef de l\u2019E\u0301tat, Faure Essozimna Gnassingbe\u0301 a pre\u0301side\u0301 ce 27 octobre 2022 le Conseil des ministres. Au cours des ...\" \/>\n<meta property=\"og:url\" content=\"https:\/\/www.africa-press.net\/togo\/politique\/togo-les-grandes-decisions-du-conseil-des-ministres-du-27-octobre-2022\" \/>\n<meta property=\"og:site_name\" content=\"Togo\" \/>\n<meta property=\"article:published_time\" content=\"2022-10-28T17:31:44+00:00\" \/>\n<meta property=\"article:modified_time\" content=\"2022-10-28T17:38:57+00:00\" \/>\n<meta property=\"og:image\" content=\"https:\/\/static.africa-press.net\/togo\/sites\/58\/2022\/10\/postQueueImg_1-635c137badfe1.jpg\" \/>\n\t<meta property=\"og:image:width\" content=\"800\" \/>\n\t<meta property=\"og:image:height\" content=\"500\" \/>\n\t<meta property=\"og:image:type\" content=\"image\/jpeg\" \/>\n<meta name=\"author\" content=\"cfeditorfr\" \/>\n<meta name=\"twitter:card\" content=\"summary_large_image\" \/>\n<meta name=\"twitter:label1\" content=\"\u00c9crit par\" \/>\n\t<meta name=\"twitter:data1\" content=\"cfeditorfr\" \/>\n\t<meta name=\"twitter:label2\" content=\"Dur\u00e9e de lecture estim\u00e9e\" \/>\n\t<meta name=\"twitter:data2\" content=\"7 minutes\" \/>\n<script type=\"application\/ld+json\" class=\"yoast-schema-graph\">{\"@context\":\"https:\/\/schema.org\",\"@graph\":[{\"@type\":\"Article\",\"@id\":\"https:\/\/www.africa-press.net\/togo\/politique\/togo-les-grandes-decisions-du-conseil-des-ministres-du-27-octobre-2022#article\",\"isPartOf\":{\"@id\":\"https:\/\/www.africa-press.net\/togo\/politique\/togo-les-grandes-decisions-du-conseil-des-ministres-du-27-octobre-2022\"},\"author\":{\"name\":\"cfeditorfr\",\"@id\":\"https:\/\/www.africa-press.net\/togo\/#\/schema\/person\/2b1cf3cd81a31e3cd26889ca66d677f1\"},\"headline\":\"Togo-Les grandes d\u00e9cisions du Conseil des ministres du 27 octobre 2022\",\"datePublished\":\"2022-10-28T17:31:44+00:00\",\"dateModified\":\"2022-10-28T17:38:57+00:00\",\"mainEntityOfPage\":{\"@id\":\"https:\/\/www.africa-press.net\/togo\/politique\/togo-les-grandes-decisions-du-conseil-des-ministres-du-27-octobre-2022\"},\"wordCount\":1439,\"commentCount\":0,\"image\":{\"@id\":\"https:\/\/www.africa-press.net\/togo\/politique\/togo-les-grandes-decisions-du-conseil-des-ministres-du-27-octobre-2022#primaryimage\"},\"thumbnailUrl\":\"https:\/\/static.africa-press.net\/togo\/sites\/58\/2022\/10\/postQueueImg_1-635c137badfe1.jpg\",\"keywords\":[\"Africa Press\",\"Africa Press-Togo\",\"Togo\"],\"articleSection\":[\"Politique\",\"Toutes les actualit\u00e9s\"],\"inLanguage\":\"fr-FR\",\"potentialAction\":[{\"@type\":\"CommentAction\",\"name\":\"Comment\",\"target\":[\"https:\/\/www.africa-press.net\/togo\/politique\/togo-les-grandes-decisions-du-conseil-des-ministres-du-27-octobre-2022#respond\"]}]},{\"@type\":\"WebPage\",\"@id\":\"https:\/\/www.africa-press.net\/togo\/politique\/togo-les-grandes-decisions-du-conseil-des-ministres-du-27-octobre-2022\",\"url\":\"https:\/\/www.africa-press.net\/togo\/politique\/togo-les-grandes-decisions-du-conseil-des-ministres-du-27-octobre-2022\",\"name\":\"Togo-Les grandes d\u00e9cisions du Conseil des ministres du 27 octobre 2022 - Togo\",\"isPartOf\":{\"@id\":\"https:\/\/www.africa-press.net\/togo\/#website\"},\"primaryImageOfPage\":{\"@id\":\"https:\/\/www.africa-press.net\/togo\/politique\/togo-les-grandes-decisions-du-conseil-des-ministres-du-27-octobre-2022#primaryimage\"},\"image\":{\"@id\":\"https:\/\/www.africa-press.net\/togo\/politique\/togo-les-grandes-decisions-du-conseil-des-ministres-du-27-octobre-2022#primaryimage\"},\"thumbnailUrl\":\"https:\/\/static.africa-press.net\/togo\/sites\/58\/2022\/10\/postQueueImg_1-635c137badfe1.jpg\",\"datePublished\":\"2022-10-28T17:31:44+00:00\",\"dateModified\":\"2022-10-28T17:38:57+00:00\",\"author\":{\"@id\":\"https:\/\/www.africa-press.net\/togo\/#\/schema\/person\/2b1cf3cd81a31e3cd26889ca66d677f1\"},\"description\":\"Le chef de l\u2019E\u0301tat, Faure Essozimna Gnassingbe\u0301 a pre\u0301side\u0301 ce 27 octobre 2022 le Conseil des ministres. Au cours des ...\",\"breadcrumb\":{\"@id\":\"https:\/\/www.africa-press.net\/togo\/politique\/togo-les-grandes-decisions-du-conseil-des-ministres-du-27-octobre-2022#breadcrumb\"},\"inLanguage\":\"fr-FR\",\"potentialAction\":[{\"@type\":\"ReadAction\",\"target\":[\"https:\/\/www.africa-press.net\/togo\/politique\/togo-les-grandes-decisions-du-conseil-des-ministres-du-27-octobre-2022\"]}]},{\"@type\":\"ImageObject\",\"inLanguage\":\"fr-FR\",\"@id\":\"https:\/\/www.africa-press.net\/togo\/politique\/togo-les-grandes-decisions-du-conseil-des-ministres-du-27-octobre-2022#primaryimage\",\"url\":\"https:\/\/static.africa-press.net\/togo\/sites\/58\/2022\/10\/postQueueImg_1-635c137badfe1.jpg\",\"contentUrl\":\"https:\/\/static.africa-press.net\/togo\/sites\/58\/2022\/10\/postQueueImg_1-635c137badfe1.jpg\",\"width\":800,\"height\":500,\"caption\":\"Togo-Les grandes d\u00e9cisions du Conseil des ministres du 27 octobre 2022\"},{\"@type\":\"BreadcrumbList\",\"@id\":\"https:\/\/www.africa-press.net\/togo\/politique\/togo-les-grandes-decisions-du-conseil-des-ministres-du-27-octobre-2022#breadcrumb\",\"itemListElement\":[{\"@type\":\"ListItem\",\"position\":1,\"name\":\"Accueil\",\"item\":\"https:\/\/www.africa-press.net\/togo\/\"},{\"@type\":\"ListItem\",\"position\":2,\"name\":\"Togo-Les grandes d\u00e9cisions du Conseil des ministres du 27 octobre 2022\"}]},{\"@type\":\"WebSite\",\"@id\":\"https:\/\/www.africa-press.net\/togo\/#website\",\"url\":\"https:\/\/www.africa-press.net\/togo\/\",\"name\":\"Togo\",\"description\":\"Just another Africa News Agency Sites site\",\"potentialAction\":[{\"@type\":\"SearchAction\",\"target\":{\"@type\":\"EntryPoint\",\"urlTemplate\":\"https:\/\/www.africa-press.net\/togo\/?s={search_term_string}\"},\"query-input\":{\"@type\":\"PropertyValueSpecification\",\"valueRequired\":true,\"valueName\":\"search_term_string\"}}],\"inLanguage\":\"fr-FR\"},{\"@type\":\"Person\",\"@id\":\"https:\/\/www.africa-press.net\/togo\/#\/schema\/person\/2b1cf3cd81a31e3cd26889ca66d677f1\",\"name\":\"cfeditorfr\"}]}<\/script>\n<!-- \/ Yoast SEO Premium plugin. -->","yoast_head_json":{"title":"Togo-Les grandes d\u00e9cisions du Conseil des ministres du 27 octobre 2022 - Togo","description":"Le chef de l\u2019E\u0301tat, Faure Essozimna Gnassingbe\u0301 a pre\u0301side\u0301 ce 27 octobre 2022 le Conseil des ministres. Au cours des ...","robots":{"index":"index","follow":"follow","max-snippet":"max-snippet:-1","max-image-preview":"max-image-preview:large","max-video-preview":"max-video-preview:-1"},"canonical":"https:\/\/www.africa-press.net\/togo\/politique\/togo-les-grandes-decisions-du-conseil-des-ministres-du-27-octobre-2022","og_locale":"fr_FR","og_type":"article","og_title":"Togo-Les grandes d\u00e9cisions du Conseil des ministres du 27 octobre 2022","og_description":"Le chef de l\u2019E\u0301tat, Faure Essozimna Gnassingbe\u0301 a pre\u0301side\u0301 ce 27 octobre 2022 le Conseil des ministres. Au cours des ...","og_url":"https:\/\/www.africa-press.net\/togo\/politique\/togo-les-grandes-decisions-du-conseil-des-ministres-du-27-octobre-2022","og_site_name":"Togo","article_published_time":"2022-10-28T17:31:44+00:00","article_modified_time":"2022-10-28T17:38:57+00:00","og_image":[{"width":800,"height":500,"url":"https:\/\/static.africa-press.net\/togo\/sites\/58\/2022\/10\/postQueueImg_1-635c137badfe1.jpg","type":"image\/jpeg"}],"author":"cfeditorfr","twitter_card":"summary_large_image","twitter_misc":{"\u00c9crit par":"cfeditorfr","Dur\u00e9e de lecture estim\u00e9e":"7 minutes"},"schema":{"@context":"https:\/\/schema.org","@graph":[{"@type":"Article","@id":"https:\/\/www.africa-press.net\/togo\/politique\/togo-les-grandes-decisions-du-conseil-des-ministres-du-27-octobre-2022#article","isPartOf":{"@id":"https:\/\/www.africa-press.net\/togo\/politique\/togo-les-grandes-decisions-du-conseil-des-ministres-du-27-octobre-2022"},"author":{"name":"cfeditorfr","@id":"https:\/\/www.africa-press.net\/togo\/#\/schema\/person\/2b1cf3cd81a31e3cd26889ca66d677f1"},"headline":"Togo-Les grandes d\u00e9cisions du Conseil des ministres du 27 octobre 2022","datePublished":"2022-10-28T17:31:44+00:00","dateModified":"2022-10-28T17:38:57+00:00","mainEntityOfPage":{"@id":"https:\/\/www.africa-press.net\/togo\/politique\/togo-les-grandes-decisions-du-conseil-des-ministres-du-27-octobre-2022"},"wordCount":1439,"commentCount":0,"image":{"@id":"https:\/\/www.africa-press.net\/togo\/politique\/togo-les-grandes-decisions-du-conseil-des-ministres-du-27-octobre-2022#primaryimage"},"thumbnailUrl":"https:\/\/static.africa-press.net\/togo\/sites\/58\/2022\/10\/postQueueImg_1-635c137badfe1.jpg","keywords":["Africa Press","Africa Press-Togo","Togo"],"articleSection":["Politique","Toutes les actualit\u00e9s"],"inLanguage":"fr-FR","potentialAction":[{"@type":"CommentAction","name":"Comment","target":["https:\/\/www.africa-press.net\/togo\/politique\/togo-les-grandes-decisions-du-conseil-des-ministres-du-27-octobre-2022#respond"]}]},{"@type":"WebPage","@id":"https:\/\/www.africa-press.net\/togo\/politique\/togo-les-grandes-decisions-du-conseil-des-ministres-du-27-octobre-2022","url":"https:\/\/www.africa-press.net\/togo\/politique\/togo-les-grandes-decisions-du-conseil-des-ministres-du-27-octobre-2022","name":"Togo-Les grandes d\u00e9cisions du Conseil des ministres du 27 octobre 2022 - Togo","isPartOf":{"@id":"https:\/\/www.africa-press.net\/togo\/#website"},"primaryImageOfPage":{"@id":"https:\/\/www.africa-press.net\/togo\/politique\/togo-les-grandes-decisions-du-conseil-des-ministres-du-27-octobre-2022#primaryimage"},"image":{"@id":"https:\/\/www.africa-press.net\/togo\/politique\/togo-les-grandes-decisions-du-conseil-des-ministres-du-27-octobre-2022#primaryimage"},"thumbnailUrl":"https:\/\/static.africa-press.net\/togo\/sites\/58\/2022\/10\/postQueueImg_1-635c137badfe1.jpg","datePublished":"2022-10-28T17:31:44+00:00","dateModified":"2022-10-28T17:38:57+00:00","author":{"@id":"https:\/\/www.africa-press.net\/togo\/#\/schema\/person\/2b1cf3cd81a31e3cd26889ca66d677f1"},"description":"Le chef de l\u2019E\u0301tat, Faure Essozimna Gnassingbe\u0301 a pre\u0301side\u0301 ce 27 octobre 2022 le Conseil des ministres. Au cours des ...","breadcrumb":{"@id":"https:\/\/www.africa-press.net\/togo\/politique\/togo-les-grandes-decisions-du-conseil-des-ministres-du-27-octobre-2022#breadcrumb"},"inLanguage":"fr-FR","potentialAction":[{"@type":"ReadAction","target":["https:\/\/www.africa-press.net\/togo\/politique\/togo-les-grandes-decisions-du-conseil-des-ministres-du-27-octobre-2022"]}]},{"@type":"ImageObject","inLanguage":"fr-FR","@id":"https:\/\/www.africa-press.net\/togo\/politique\/togo-les-grandes-decisions-du-conseil-des-ministres-du-27-octobre-2022#primaryimage","url":"https:\/\/static.africa-press.net\/togo\/sites\/58\/2022\/10\/postQueueImg_1-635c137badfe1.jpg","contentUrl":"https:\/\/static.africa-press.net\/togo\/sites\/58\/2022\/10\/postQueueImg_1-635c137badfe1.jpg","width":800,"height":500,"caption":"Togo-Les grandes d\u00e9cisions du Conseil des ministres du 27 octobre 2022"},{"@type":"BreadcrumbList","@id":"https:\/\/www.africa-press.net\/togo\/politique\/togo-les-grandes-decisions-du-conseil-des-ministres-du-27-octobre-2022#breadcrumb","itemListElement":[{"@type":"ListItem","position":1,"name":"Accueil","item":"https:\/\/www.africa-press.net\/togo\/"},{"@type":"ListItem","position":2,"name":"Togo-Les grandes d\u00e9cisions du Conseil des ministres du 27 octobre 2022"}]},{"@type":"WebSite","@id":"https:\/\/www.africa-press.net\/togo\/#website","url":"https:\/\/www.africa-press.net\/togo\/","name":"Togo","description":"Just another Africa News Agency Sites site","potentialAction":[{"@type":"SearchAction","target":{"@type":"EntryPoint","urlTemplate":"https:\/\/www.africa-press.net\/togo\/?s={search_term_string}"},"query-input":{"@type":"PropertyValueSpecification","valueRequired":true,"valueName":"search_term_string"}}],"inLanguage":"fr-FR"},{"@type":"Person","@id":"https:\/\/www.africa-press.net\/togo\/#\/schema\/person\/2b1cf3cd81a31e3cd26889ca66d677f1","name":"cfeditorfr"}]}},"_links":{"self":[{"href":"https:\/\/www.africa-press.net\/togo\/wp-json\/wp\/v2\/posts\/13044","targetHints":{"allow":["GET"]}}],"collection":[{"href":"https:\/\/www.africa-press.net\/togo\/wp-json\/wp\/v2\/posts"}],"about":[{"href":"https:\/\/www.africa-press.net\/togo\/wp-json\/wp\/v2\/types\/post"}],"author":[{"embeddable":true,"href":"https:\/\/www.africa-press.net\/togo\/wp-json\/wp\/v2\/users\/82"}],"replies":[{"embeddable":true,"href":"https:\/\/www.africa-press.net\/togo\/wp-json\/wp\/v2\/comments?post=13044"}],"version-history":[{"count":0,"href":"https:\/\/www.africa-press.net\/togo\/wp-json\/wp\/v2\/posts\/13044\/revisions"}],"wp:featuredmedia":[{"embeddable":true,"href":"https:\/\/www.africa-press.net\/togo\/wp-json\/wp\/v2\/media\/13043"}],"wp:attachment":[{"href":"https:\/\/www.africa-press.net\/togo\/wp-json\/wp\/v2\/media?parent=13044"}],"wp:term":[{"taxonomy":"category","embeddable":true,"href":"https:\/\/www.africa-press.net\/togo\/wp-json\/wp\/v2\/categories?post=13044"},{"taxonomy":"post_tag","embeddable":true,"href":"https:\/\/www.africa-press.net\/togo\/wp-json\/wp\/v2\/tags?post=13044"}],"curies":[{"name":"wp","href":"https:\/\/api.w.org\/{rel}","templated":true}]}}