{"id":13048,"date":"2022-10-28T17:31:56","date_gmt":"2022-10-28T17:31:56","guid":{"rendered":"https:\/\/www.africa-press.net\/togo\/politique\/togo-la-dmk-rend-hommage-a-patrick-lawson"},"modified":"2022-10-28T17:39:25","modified_gmt":"2022-10-28T17:39:25","slug":"togo-la-dmk-rend-hommage-a-patrick-lawson","status":"publish","type":"post","link":"https:\/\/www.africa-press.net\/togo\/politique\/togo-la-dmk-rend-hommage-a-patrick-lawson","title":{"rendered":"Togo-La DMK rend hommage \u00e0 Patrick Lawson"},"content":{"rendered":"<p><span style=\"color: #ff6600\"><strong>Africa-Press &#8211; Togo. <\/strong><\/span><b>La Confe\u0301rence des Pre\u0301sidents de la Dynamique Monseigneur Kpodzro (DMK) rend hommage au 1er vice-pre\u0301sident de l\u2019ANC, Patrick Lawson, de\u0301ce\u0301de\u0301 dimanche dernier. Elle pre\u0301sente ses condole\u0301ances a\u0300 sa famille biologique et politique. <\/b><br \/>\n<b>HOMMAGE DE LA DYNAMIQUE MONSEIGNEUR KPODZRO (DMK)<\/b><\/p>\n<p>A FEU PATRICK LAWSON BANKU<\/p>\n<p>La Confe\u0301rence des Pre\u0301sidents de la DMK, re\u0301unie ce mercredi 26 octobre 2022, a e\u0301voque\u0301 avec grande tristesse le de\u0301ce\u0300s de Patrick Boe\u0300vi LAWSON BANKU, 1 vice pre\u0301sident de l\u2019Alliance Nationale pour le Changement (ANC), et tient a\u0300 rendre hommage au combattant de la de\u0301mocratie.<\/p>\n<p>Compagnon de lutte pour l\u2019instauration de la de\u0301mocratie sur la terre de nos ai\u0308eux, feu Patrick Boe\u0300vi LAWSON BANKU a fait preuve d\u2019une te\u0301nacite\u0301 exemplaire et d\u2019un esprit d\u2019ouverture transcendant les barrie\u0300res partisanes.<\/p>\n<p>Homme politique empreint de sagesse, humble, convivial, prompt a\u0300 combattre l\u2019injustice et a\u0300 prendre position en faveur de tout patriote et leader politique pour les arracher des griffes du re\u0301gime dictatorial, feu Patrick Boe\u0300vi LAWSON BANKU suscite respect et admiration.<\/p>\n<p>La Confe\u0301rence des Pre\u0301sidents rend e\u0301galement hommage au visionnaire, grand communicant et pe\u0301dagogue proche du peuple et accessible a\u0300 tous.<\/p>\n<p>Le peuple en lutte pour l\u2019alternance vient de perdre l\u2019un de ses grands hommes politiques.<\/p>\n<p>Qu\u2019il repose en paix !<\/p>\n<p>Condole\u0301ances a\u0300 sa famille biologique et a\u0300 sa famille politique, l\u2019ANC<\/p>\n<p><strong>Pour plus d&rsquo;informations et d&rsquo;analyses sur la <a href=\"https:\/\/www.africa-press.net\/togo\">Togo<\/a>, suivez <a href=\"https:\/\/www.africa-press.net\/\">Africa-Press<\/a><\/strong><\/p>\n","protected":false},"excerpt":{"rendered":"<p>Africa-Press &#8211; Togo. La Confe\u0301rence des Pre\u0301sidents de la Dynamique Monseigneur Kpodzro (DMK) rend hommage au 1er vice-pre\u0301sident de l\u2019ANC, Patrick Lawson, de\u0301ce\u0301de\u0301 dimanche dernier. Elle pre\u0301sente ses condole\u0301ances a\u0300 sa famille biologique et politique. HOMMAGE DE LA DYNAMIQUE MONSEIGNEUR KPODZRO (DMK) A FEU PATRICK LAWSON BANKU La Confe\u0301rence des Pre\u0301sidents de la DMK, re\u0301unie [&hellip;]<\/p>\n","protected":false},"author":82,"featured_media":13047,"comment_status":"open","ping_status":"closed","sticky":false,"template":"","format":"standard","meta":{"footnotes":""},"categories":[2,10],"tags":[36,49,50],"class_list":["post-13048","post","type-post","status-publish","format-standard","has-post-thumbnail","hentry","category-politique","category-toutes-les-actualites","tag-africa-press","tag-africa-press-togo","tag-togo"],"yoast_head":"<!-- This site is optimized with the Yoast SEO Premium plugin v26.1 (Yoast SEO v27.0) - https:\/\/yoast.com\/product\/yoast-seo-premium-wordpress\/ -->\n<title>Togo-La DMK rend hommage \u00e0 Patrick Lawson - Togo<\/title>\n<meta name=\"description\" content=\"La Confe\u0301rence des Pre\u0301sidents de la Dynamique Monseigneur Kpodzro (DMK) rend hommage au 1er vice-pre\u0301sident de l\u2019ANC ...\" \/>\n<meta name=\"robots\" content=\"index, follow, max-snippet:-1, max-image-preview:large, max-video-preview:-1\" \/>\n<link rel=\"canonical\" href=\"https:\/\/www.africa-press.net\/togo\/politique\/togo-la-dmk-rend-hommage-a-patrick-lawson\" \/>\n<meta property=\"og:locale\" content=\"fr_FR\" \/>\n<meta property=\"og:type\" content=\"article\" \/>\n<meta property=\"og:title\" content=\"Togo-La DMK rend hommage \u00e0 Patrick Lawson\" \/>\n<meta property=\"og:description\" content=\"La Confe\u0301rence des Pre\u0301sidents de la Dynamique Monseigneur Kpodzro (DMK) rend hommage au 1er vice-pre\u0301sident de l\u2019ANC ...\" \/>\n<meta property=\"og:url\" content=\"https:\/\/www.africa-press.net\/togo\/politique\/togo-la-dmk-rend-hommage-a-patrick-lawson\" \/>\n<meta property=\"og:site_name\" content=\"Togo\" \/>\n<meta property=\"article:published_time\" content=\"2022-10-28T17:31:56+00:00\" \/>\n<meta property=\"article:modified_time\" content=\"2022-10-28T17:39:25+00:00\" \/>\n<meta property=\"og:image\" content=\"https:\/\/static.africa-press.net\/togo\/sites\/58\/2022\/10\/postQueueImg_2-635c13b843e73.jpg\" \/>\n\t<meta property=\"og:image:width\" content=\"1280\" \/>\n\t<meta property=\"og:image:height\" content=\"800\" \/>\n\t<meta property=\"og:image:type\" content=\"image\/jpeg\" \/>\n<meta name=\"author\" content=\"cfeditorfr\" \/>\n<meta name=\"twitter:card\" content=\"summary_large_image\" \/>\n<meta name=\"twitter:label1\" content=\"\u00c9crit par\" \/>\n\t<meta name=\"twitter:data1\" content=\"cfeditorfr\" \/>\n\t<meta name=\"twitter:label2\" content=\"Dur\u00e9e de lecture estim\u00e9e\" \/>\n\t<meta name=\"twitter:data2\" content=\"2 minutes\" \/>\n<script type=\"application\/ld+json\" class=\"yoast-schema-graph\">{\"@context\":\"https:\/\/schema.org\",\"@graph\":[{\"@type\":\"Article\",\"@id\":\"https:\/\/www.africa-press.net\/togo\/politique\/togo-la-dmk-rend-hommage-a-patrick-lawson#article\",\"isPartOf\":{\"@id\":\"https:\/\/www.africa-press.net\/togo\/politique\/togo-la-dmk-rend-hommage-a-patrick-lawson\"},\"author\":{\"name\":\"cfeditorfr\",\"@id\":\"https:\/\/www.africa-press.net\/togo\/#\/schema\/person\/2b1cf3cd81a31e3cd26889ca66d677f1\"},\"headline\":\"Togo-La DMK rend hommage \u00e0 Patrick Lawson\",\"datePublished\":\"2022-10-28T17:31:56+00:00\",\"dateModified\":\"2022-10-28T17:39:25+00:00\",\"mainEntityOfPage\":{\"@id\":\"https:\/\/www.africa-press.net\/togo\/politique\/togo-la-dmk-rend-hommage-a-patrick-lawson\"},\"wordCount\":269,\"commentCount\":0,\"image\":{\"@id\":\"https:\/\/www.africa-press.net\/togo\/politique\/togo-la-dmk-rend-hommage-a-patrick-lawson#primaryimage\"},\"thumbnailUrl\":\"https:\/\/static.africa-press.net\/togo\/sites\/58\/2022\/10\/postQueueImg_2-635c13b843e73.jpg\",\"keywords\":[\"Africa Press\",\"Africa Press-Togo\",\"Togo\"],\"articleSection\":[\"Politique\",\"Toutes les actualit\u00e9s\"],\"inLanguage\":\"fr-FR\",\"potentialAction\":[{\"@type\":\"CommentAction\",\"name\":\"Comment\",\"target\":[\"https:\/\/www.africa-press.net\/togo\/politique\/togo-la-dmk-rend-hommage-a-patrick-lawson#respond\"]}]},{\"@type\":\"WebPage\",\"@id\":\"https:\/\/www.africa-press.net\/togo\/politique\/togo-la-dmk-rend-hommage-a-patrick-lawson\",\"url\":\"https:\/\/www.africa-press.net\/togo\/politique\/togo-la-dmk-rend-hommage-a-patrick-lawson\",\"name\":\"Togo-La DMK rend hommage \u00e0 Patrick Lawson - Togo\",\"isPartOf\":{\"@id\":\"https:\/\/www.africa-press.net\/togo\/#website\"},\"primaryImageOfPage\":{\"@id\":\"https:\/\/www.africa-press.net\/togo\/politique\/togo-la-dmk-rend-hommage-a-patrick-lawson#primaryimage\"},\"image\":{\"@id\":\"https:\/\/www.africa-press.net\/togo\/politique\/togo-la-dmk-rend-hommage-a-patrick-lawson#primaryimage\"},\"thumbnailUrl\":\"https:\/\/static.africa-press.net\/togo\/sites\/58\/2022\/10\/postQueueImg_2-635c13b843e73.jpg\",\"datePublished\":\"2022-10-28T17:31:56+00:00\",\"dateModified\":\"2022-10-28T17:39:25+00:00\",\"author\":{\"@id\":\"https:\/\/www.africa-press.net\/togo\/#\/schema\/person\/2b1cf3cd81a31e3cd26889ca66d677f1\"},\"description\":\"La Confe\u0301rence des Pre\u0301sidents de la Dynamique Monseigneur Kpodzro (DMK) rend hommage au 1er vice-pre\u0301sident de l\u2019ANC ...\",\"breadcrumb\":{\"@id\":\"https:\/\/www.africa-press.net\/togo\/politique\/togo-la-dmk-rend-hommage-a-patrick-lawson#breadcrumb\"},\"inLanguage\":\"fr-FR\",\"potentialAction\":[{\"@type\":\"ReadAction\",\"target\":[\"https:\/\/www.africa-press.net\/togo\/politique\/togo-la-dmk-rend-hommage-a-patrick-lawson\"]}]},{\"@type\":\"ImageObject\",\"inLanguage\":\"fr-FR\",\"@id\":\"https:\/\/www.africa-press.net\/togo\/politique\/togo-la-dmk-rend-hommage-a-patrick-lawson#primaryimage\",\"url\":\"https:\/\/static.africa-press.net\/togo\/sites\/58\/2022\/10\/postQueueImg_2-635c13b843e73.jpg\",\"contentUrl\":\"https:\/\/static.africa-press.net\/togo\/sites\/58\/2022\/10\/postQueueImg_2-635c13b843e73.jpg\",\"width\":1280,\"height\":800,\"caption\":\"Togo-La DMK rend hommage \u00e0 Patrick Lawson\"},{\"@type\":\"BreadcrumbList\",\"@id\":\"https:\/\/www.africa-press.net\/togo\/politique\/togo-la-dmk-rend-hommage-a-patrick-lawson#breadcrumb\",\"itemListElement\":[{\"@type\":\"ListItem\",\"position\":1,\"name\":\"Accueil\",\"item\":\"https:\/\/www.africa-press.net\/togo\/\"},{\"@type\":\"ListItem\",\"position\":2,\"name\":\"Togo-La DMK rend hommage \u00e0 Patrick Lawson\"}]},{\"@type\":\"WebSite\",\"@id\":\"https:\/\/www.africa-press.net\/togo\/#website\",\"url\":\"https:\/\/www.africa-press.net\/togo\/\",\"name\":\"Togo\",\"description\":\"Just another Africa News Agency Sites site\",\"potentialAction\":[{\"@type\":\"SearchAction\",\"target\":{\"@type\":\"EntryPoint\",\"urlTemplate\":\"https:\/\/www.africa-press.net\/togo\/?s={search_term_string}\"},\"query-input\":{\"@type\":\"PropertyValueSpecification\",\"valueRequired\":true,\"valueName\":\"search_term_string\"}}],\"inLanguage\":\"fr-FR\"},{\"@type\":\"Person\",\"@id\":\"https:\/\/www.africa-press.net\/togo\/#\/schema\/person\/2b1cf3cd81a31e3cd26889ca66d677f1\",\"name\":\"cfeditorfr\"}]}<\/script>\n<!-- \/ Yoast SEO Premium plugin. -->","yoast_head_json":{"title":"Togo-La DMK rend hommage \u00e0 Patrick Lawson - Togo","description":"La Confe\u0301rence des Pre\u0301sidents de la Dynamique Monseigneur Kpodzro (DMK) rend hommage au 1er vice-pre\u0301sident de l\u2019ANC ...","robots":{"index":"index","follow":"follow","max-snippet":"max-snippet:-1","max-image-preview":"max-image-preview:large","max-video-preview":"max-video-preview:-1"},"canonical":"https:\/\/www.africa-press.net\/togo\/politique\/togo-la-dmk-rend-hommage-a-patrick-lawson","og_locale":"fr_FR","og_type":"article","og_title":"Togo-La DMK rend hommage \u00e0 Patrick Lawson","og_description":"La Confe\u0301rence des Pre\u0301sidents de la Dynamique Monseigneur Kpodzro (DMK) rend hommage au 1er vice-pre\u0301sident de l\u2019ANC ...","og_url":"https:\/\/www.africa-press.net\/togo\/politique\/togo-la-dmk-rend-hommage-a-patrick-lawson","og_site_name":"Togo","article_published_time":"2022-10-28T17:31:56+00:00","article_modified_time":"2022-10-28T17:39:25+00:00","og_image":[{"width":1280,"height":800,"url":"https:\/\/static.africa-press.net\/togo\/sites\/58\/2022\/10\/postQueueImg_2-635c13b843e73.jpg","type":"image\/jpeg"}],"author":"cfeditorfr","twitter_card":"summary_large_image","twitter_misc":{"\u00c9crit par":"cfeditorfr","Dur\u00e9e de lecture estim\u00e9e":"2 minutes"},"schema":{"@context":"https:\/\/schema.org","@graph":[{"@type":"Article","@id":"https:\/\/www.africa-press.net\/togo\/politique\/togo-la-dmk-rend-hommage-a-patrick-lawson#article","isPartOf":{"@id":"https:\/\/www.africa-press.net\/togo\/politique\/togo-la-dmk-rend-hommage-a-patrick-lawson"},"author":{"name":"cfeditorfr","@id":"https:\/\/www.africa-press.net\/togo\/#\/schema\/person\/2b1cf3cd81a31e3cd26889ca66d677f1"},"headline":"Togo-La DMK rend hommage \u00e0 Patrick Lawson","datePublished":"2022-10-28T17:31:56+00:00","dateModified":"2022-10-28T17:39:25+00:00","mainEntityOfPage":{"@id":"https:\/\/www.africa-press.net\/togo\/politique\/togo-la-dmk-rend-hommage-a-patrick-lawson"},"wordCount":269,"commentCount":0,"image":{"@id":"https:\/\/www.africa-press.net\/togo\/politique\/togo-la-dmk-rend-hommage-a-patrick-lawson#primaryimage"},"thumbnailUrl":"https:\/\/static.africa-press.net\/togo\/sites\/58\/2022\/10\/postQueueImg_2-635c13b843e73.jpg","keywords":["Africa Press","Africa Press-Togo","Togo"],"articleSection":["Politique","Toutes les actualit\u00e9s"],"inLanguage":"fr-FR","potentialAction":[{"@type":"CommentAction","name":"Comment","target":["https:\/\/www.africa-press.net\/togo\/politique\/togo-la-dmk-rend-hommage-a-patrick-lawson#respond"]}]},{"@type":"WebPage","@id":"https:\/\/www.africa-press.net\/togo\/politique\/togo-la-dmk-rend-hommage-a-patrick-lawson","url":"https:\/\/www.africa-press.net\/togo\/politique\/togo-la-dmk-rend-hommage-a-patrick-lawson","name":"Togo-La DMK rend hommage \u00e0 Patrick Lawson - Togo","isPartOf":{"@id":"https:\/\/www.africa-press.net\/togo\/#website"},"primaryImageOfPage":{"@id":"https:\/\/www.africa-press.net\/togo\/politique\/togo-la-dmk-rend-hommage-a-patrick-lawson#primaryimage"},"image":{"@id":"https:\/\/www.africa-press.net\/togo\/politique\/togo-la-dmk-rend-hommage-a-patrick-lawson#primaryimage"},"thumbnailUrl":"https:\/\/static.africa-press.net\/togo\/sites\/58\/2022\/10\/postQueueImg_2-635c13b843e73.jpg","datePublished":"2022-10-28T17:31:56+00:00","dateModified":"2022-10-28T17:39:25+00:00","author":{"@id":"https:\/\/www.africa-press.net\/togo\/#\/schema\/person\/2b1cf3cd81a31e3cd26889ca66d677f1"},"description":"La Confe\u0301rence des Pre\u0301sidents de la Dynamique Monseigneur Kpodzro (DMK) rend hommage au 1er vice-pre\u0301sident de l\u2019ANC ...","breadcrumb":{"@id":"https:\/\/www.africa-press.net\/togo\/politique\/togo-la-dmk-rend-hommage-a-patrick-lawson#breadcrumb"},"inLanguage":"fr-FR","potentialAction":[{"@type":"ReadAction","target":["https:\/\/www.africa-press.net\/togo\/politique\/togo-la-dmk-rend-hommage-a-patrick-lawson"]}]},{"@type":"ImageObject","inLanguage":"fr-FR","@id":"https:\/\/www.africa-press.net\/togo\/politique\/togo-la-dmk-rend-hommage-a-patrick-lawson#primaryimage","url":"https:\/\/static.africa-press.net\/togo\/sites\/58\/2022\/10\/postQueueImg_2-635c13b843e73.jpg","contentUrl":"https:\/\/static.africa-press.net\/togo\/sites\/58\/2022\/10\/postQueueImg_2-635c13b843e73.jpg","width":1280,"height":800,"caption":"Togo-La DMK rend hommage \u00e0 Patrick Lawson"},{"@type":"BreadcrumbList","@id":"https:\/\/www.africa-press.net\/togo\/politique\/togo-la-dmk-rend-hommage-a-patrick-lawson#breadcrumb","itemListElement":[{"@type":"ListItem","position":1,"name":"Accueil","item":"https:\/\/www.africa-press.net\/togo\/"},{"@type":"ListItem","position":2,"name":"Togo-La DMK rend hommage \u00e0 Patrick Lawson"}]},{"@type":"WebSite","@id":"https:\/\/www.africa-press.net\/togo\/#website","url":"https:\/\/www.africa-press.net\/togo\/","name":"Togo","description":"Just another Africa News Agency Sites site","potentialAction":[{"@type":"SearchAction","target":{"@type":"EntryPoint","urlTemplate":"https:\/\/www.africa-press.net\/togo\/?s={search_term_string}"},"query-input":{"@type":"PropertyValueSpecification","valueRequired":true,"valueName":"search_term_string"}}],"inLanguage":"fr-FR"},{"@type":"Person","@id":"https:\/\/www.africa-press.net\/togo\/#\/schema\/person\/2b1cf3cd81a31e3cd26889ca66d677f1","name":"cfeditorfr"}]}},"_links":{"self":[{"href":"https:\/\/www.africa-press.net\/togo\/wp-json\/wp\/v2\/posts\/13048","targetHints":{"allow":["GET"]}}],"collection":[{"href":"https:\/\/www.africa-press.net\/togo\/wp-json\/wp\/v2\/posts"}],"about":[{"href":"https:\/\/www.africa-press.net\/togo\/wp-json\/wp\/v2\/types\/post"}],"author":[{"embeddable":true,"href":"https:\/\/www.africa-press.net\/togo\/wp-json\/wp\/v2\/users\/82"}],"replies":[{"embeddable":true,"href":"https:\/\/www.africa-press.net\/togo\/wp-json\/wp\/v2\/comments?post=13048"}],"version-history":[{"count":0,"href":"https:\/\/www.africa-press.net\/togo\/wp-json\/wp\/v2\/posts\/13048\/revisions"}],"wp:featuredmedia":[{"embeddable":true,"href":"https:\/\/www.africa-press.net\/togo\/wp-json\/wp\/v2\/media\/13047"}],"wp:attachment":[{"href":"https:\/\/www.africa-press.net\/togo\/wp-json\/wp\/v2\/media?parent=13048"}],"wp:term":[{"taxonomy":"category","embeddable":true,"href":"https:\/\/www.africa-press.net\/togo\/wp-json\/wp\/v2\/categories?post=13048"},{"taxonomy":"post_tag","embeddable":true,"href":"https:\/\/www.africa-press.net\/togo\/wp-json\/wp\/v2\/tags?post=13048"}],"curies":[{"name":"wp","href":"https:\/\/api.w.org\/{rel}","templated":true}]}}