{"id":13057,"date":"2022-10-28T17:32:39","date_gmt":"2022-10-28T17:32:39","guid":{"rendered":"https:\/\/www.africa-press.net\/togo\/politique\/elim-can-u23-echos-des-eperviers-espoirs-a-johannesburg"},"modified":"2022-10-28T17:40:52","modified_gmt":"2022-10-28T17:40:52","slug":"elim-can-u23-echos-des-eperviers-espoirs-a-johannesburg","status":"publish","type":"post","link":"https:\/\/www.africa-press.net\/togo\/sports\/elim-can-u23-echos-des-eperviers-espoirs-a-johannesburg","title":{"rendered":"Elim CAN U23 : Echos des Eperviers espoirs \u00e0 Johannesburg"},"content":{"rendered":"<p><span style=\"color: #ff6600\"><strong>Africa-Press &#8211; Togo. <\/strong><\/span><b>Arrive\u0301s en terre sud-africaine dans la matine\u0301e de ce jeudi 27 octobre 2022, dans le cadre du match retour du deuxie\u0300me tour qualificatif pour la CAN U23, les Eperviers espoirs se sont entrai\u0302ne\u0301s dans l\u2019apre\u0300s-midi.<\/b><\/p>\n<p>Cette se\u0301ance d\u2019entrai\u0302nement s\u2019est de\u0301roule\u0301e, quelques heures apre\u0300s leur arrive\u0301 a\u0300 Johannesburg, sur les installations de Wits Football Stadium.<\/p>\n<p>Selon le site internet de la Fe\u0301de\u0301ration togolaise de football (FTF), \u00ab Pour ce premier entrainement, Sama Halimou n\u2019e\u0301tait pas sur le terrain. Ce dernier a fait une rechute au niveau de sa cheville et a e\u0301te\u0301 laisse\u0301 au repos. Au menu pour les autres, de la re\u0301cupe\u0301ration et des exercices tactiques \u00bb.<\/p>\n<p>Les joueurs de Traore\u0301 Afizou vont leur deuxie\u0300me se\u0301ance d\u2019entrai\u0302nement sur les me\u0302mes installations de Wits Football Stadium de Johannesburg dans l\u2019apre\u0300s-midi de ce vendredi a\u0300 15h (heure locale).<\/p>\n<p>Le match Togo-Afrique du Sud, aura lieu le 30 octobre prochain a\u0300 Orlando Stadium a\u0300 15 h (heure locale) \/ 13 heures GMT.<\/p>\n<p>A l\u2019aller, au stade de Ke\u0301gue\u0301 de Lome\u0301, les deux se\u0301lections se sont quitte\u0301es sur le score nul de 2-2.<\/p>\n<p><strong>Pour plus d&rsquo;informations et d&rsquo;analyses sur la <a href=\"https:\/\/www.africa-press.net\/togo\">Togo<\/a>, suivez <a href=\"https:\/\/www.africa-press.net\/\">Africa-Press<\/a><\/strong><\/p>\n","protected":false},"excerpt":{"rendered":"<p>Africa-Press &#8211; Togo. Arrive\u0301s en terre sud-africaine dans la matine\u0301e de ce jeudi 27 octobre 2022, dans le cadre du match retour du deuxie\u0300me tour qualificatif pour la CAN U23, les Eperviers espoirs se sont entrai\u0302ne\u0301s dans l\u2019apre\u0300s-midi. Cette se\u0301ance d\u2019entrai\u0302nement s\u2019est de\u0301roule\u0301e, quelques heures apre\u0300s leur arrive\u0301 a\u0300 Johannesburg, sur les installations de Wits [&hellip;]<\/p>\n","protected":false},"author":82,"featured_media":13056,"comment_status":"open","ping_status":"closed","sticky":false,"template":"","format":"standard","meta":{"footnotes":""},"categories":[6,10],"tags":[36,49,50],"class_list":["post-13057","post","type-post","status-publish","format-standard","has-post-thumbnail","hentry","category-sports","category-toutes-les-actualites","tag-africa-press","tag-africa-press-togo","tag-togo"],"yoast_head":"<!-- This site is optimized with the Yoast SEO Premium plugin v26.1 (Yoast SEO v27.0) - https:\/\/yoast.com\/product\/yoast-seo-premium-wordpress\/ -->\n<title>Elim CAN U23 : Echos des Eperviers espoirs \u00e0 Johannesburg - Togo<\/title>\n<meta name=\"description\" content=\"Arrive\u0301s en terre sud-africaine dans la matine\u0301e de ce jeudi 27 octobre 2022, dans le cadre du match retour du deuxie ...\" \/>\n<meta name=\"robots\" content=\"index, follow, max-snippet:-1, max-image-preview:large, max-video-preview:-1\" \/>\n<link rel=\"canonical\" href=\"https:\/\/www.africa-press.net\/togo\/sports\/elim-can-u23-echos-des-eperviers-espoirs-a-johannesburg\" \/>\n<meta property=\"og:locale\" content=\"fr_FR\" \/>\n<meta property=\"og:type\" content=\"article\" \/>\n<meta property=\"og:title\" content=\"Elim CAN U23 : Echos des Eperviers espoirs \u00e0 Johannesburg\" \/>\n<meta property=\"og:description\" content=\"Arrive\u0301s en terre sud-africaine dans la matine\u0301e de ce jeudi 27 octobre 2022, dans le cadre du match retour du deuxie ...\" \/>\n<meta property=\"og:url\" content=\"https:\/\/www.africa-press.net\/togo\/sports\/elim-can-u23-echos-des-eperviers-espoirs-a-johannesburg\" \/>\n<meta property=\"og:site_name\" content=\"Togo\" \/>\n<meta property=\"article:published_time\" content=\"2022-10-28T17:32:39+00:00\" \/>\n<meta property=\"article:modified_time\" content=\"2022-10-28T17:40:52+00:00\" \/>\n<meta property=\"og:image\" content=\"https:\/\/static.africa-press.net\/togo\/sites\/58\/2022\/10\/postQueueImg_5-635c140db47e9.jpg\" \/>\n\t<meta property=\"og:image:width\" content=\"1280\" \/>\n\t<meta property=\"og:image:height\" content=\"800\" \/>\n\t<meta property=\"og:image:type\" content=\"image\/jpeg\" \/>\n<meta name=\"author\" content=\"cfeditorfr\" \/>\n<meta name=\"twitter:card\" content=\"summary_large_image\" \/>\n<meta name=\"twitter:label1\" content=\"\u00c9crit par\" \/>\n\t<meta name=\"twitter:data1\" content=\"cfeditorfr\" \/>\n\t<meta name=\"twitter:label2\" content=\"Dur\u00e9e de lecture estim\u00e9e\" \/>\n\t<meta name=\"twitter:data2\" content=\"1 minute\" \/>\n<script type=\"application\/ld+json\" class=\"yoast-schema-graph\">{\"@context\":\"https:\/\/schema.org\",\"@graph\":[{\"@type\":\"Article\",\"@id\":\"https:\/\/www.africa-press.net\/togo\/sports\/elim-can-u23-echos-des-eperviers-espoirs-a-johannesburg#article\",\"isPartOf\":{\"@id\":\"https:\/\/www.africa-press.net\/togo\/sports\/elim-can-u23-echos-des-eperviers-espoirs-a-johannesburg\"},\"author\":{\"name\":\"cfeditorfr\",\"@id\":\"https:\/\/www.africa-press.net\/togo\/#\/schema\/person\/2b1cf3cd81a31e3cd26889ca66d677f1\"},\"headline\":\"Elim CAN U23 : Echos des Eperviers espoirs \u00e0 Johannesburg\",\"datePublished\":\"2022-10-28T17:32:39+00:00\",\"dateModified\":\"2022-10-28T17:40:52+00:00\",\"mainEntityOfPage\":{\"@id\":\"https:\/\/www.africa-press.net\/togo\/sports\/elim-can-u23-echos-des-eperviers-espoirs-a-johannesburg\"},\"wordCount\":226,\"commentCount\":0,\"image\":{\"@id\":\"https:\/\/www.africa-press.net\/togo\/sports\/elim-can-u23-echos-des-eperviers-espoirs-a-johannesburg#primaryimage\"},\"thumbnailUrl\":\"https:\/\/static.africa-press.net\/togo\/sites\/58\/2022\/10\/postQueueImg_5-635c140db47e9.jpg\",\"keywords\":[\"Africa Press\",\"Africa Press-Togo\",\"Togo\"],\"articleSection\":[\"Sports\",\"Toutes les actualit\u00e9s\"],\"inLanguage\":\"fr-FR\",\"potentialAction\":[{\"@type\":\"CommentAction\",\"name\":\"Comment\",\"target\":[\"https:\/\/www.africa-press.net\/togo\/sports\/elim-can-u23-echos-des-eperviers-espoirs-a-johannesburg#respond\"]}]},{\"@type\":\"WebPage\",\"@id\":\"https:\/\/www.africa-press.net\/togo\/sports\/elim-can-u23-echos-des-eperviers-espoirs-a-johannesburg\",\"url\":\"https:\/\/www.africa-press.net\/togo\/sports\/elim-can-u23-echos-des-eperviers-espoirs-a-johannesburg\",\"name\":\"Elim CAN U23 : Echos des Eperviers espoirs \u00e0 Johannesburg - Togo\",\"isPartOf\":{\"@id\":\"https:\/\/www.africa-press.net\/togo\/#website\"},\"primaryImageOfPage\":{\"@id\":\"https:\/\/www.africa-press.net\/togo\/sports\/elim-can-u23-echos-des-eperviers-espoirs-a-johannesburg#primaryimage\"},\"image\":{\"@id\":\"https:\/\/www.africa-press.net\/togo\/sports\/elim-can-u23-echos-des-eperviers-espoirs-a-johannesburg#primaryimage\"},\"thumbnailUrl\":\"https:\/\/static.africa-press.net\/togo\/sites\/58\/2022\/10\/postQueueImg_5-635c140db47e9.jpg\",\"datePublished\":\"2022-10-28T17:32:39+00:00\",\"dateModified\":\"2022-10-28T17:40:52+00:00\",\"author\":{\"@id\":\"https:\/\/www.africa-press.net\/togo\/#\/schema\/person\/2b1cf3cd81a31e3cd26889ca66d677f1\"},\"description\":\"Arrive\u0301s en terre sud-africaine dans la matine\u0301e de ce jeudi 27 octobre 2022, dans le cadre du match retour du deuxie ...\",\"breadcrumb\":{\"@id\":\"https:\/\/www.africa-press.net\/togo\/sports\/elim-can-u23-echos-des-eperviers-espoirs-a-johannesburg#breadcrumb\"},\"inLanguage\":\"fr-FR\",\"potentialAction\":[{\"@type\":\"ReadAction\",\"target\":[\"https:\/\/www.africa-press.net\/togo\/sports\/elim-can-u23-echos-des-eperviers-espoirs-a-johannesburg\"]}]},{\"@type\":\"ImageObject\",\"inLanguage\":\"fr-FR\",\"@id\":\"https:\/\/www.africa-press.net\/togo\/sports\/elim-can-u23-echos-des-eperviers-espoirs-a-johannesburg#primaryimage\",\"url\":\"https:\/\/static.africa-press.net\/togo\/sites\/58\/2022\/10\/postQueueImg_5-635c140db47e9.jpg\",\"contentUrl\":\"https:\/\/static.africa-press.net\/togo\/sites\/58\/2022\/10\/postQueueImg_5-635c140db47e9.jpg\",\"width\":1280,\"height\":800,\"caption\":\"Elim CAN U23 : Echos des Eperviers espoirs \u00e0 Johannesburg\"},{\"@type\":\"BreadcrumbList\",\"@id\":\"https:\/\/www.africa-press.net\/togo\/sports\/elim-can-u23-echos-des-eperviers-espoirs-a-johannesburg#breadcrumb\",\"itemListElement\":[{\"@type\":\"ListItem\",\"position\":1,\"name\":\"Accueil\",\"item\":\"https:\/\/www.africa-press.net\/togo\/\"},{\"@type\":\"ListItem\",\"position\":2,\"name\":\"Elim CAN U23 : Echos des Eperviers espoirs \u00e0 Johannesburg\"}]},{\"@type\":\"WebSite\",\"@id\":\"https:\/\/www.africa-press.net\/togo\/#website\",\"url\":\"https:\/\/www.africa-press.net\/togo\/\",\"name\":\"Togo\",\"description\":\"Just another Africa News Agency Sites site\",\"potentialAction\":[{\"@type\":\"SearchAction\",\"target\":{\"@type\":\"EntryPoint\",\"urlTemplate\":\"https:\/\/www.africa-press.net\/togo\/?s={search_term_string}\"},\"query-input\":{\"@type\":\"PropertyValueSpecification\",\"valueRequired\":true,\"valueName\":\"search_term_string\"}}],\"inLanguage\":\"fr-FR\"},{\"@type\":\"Person\",\"@id\":\"https:\/\/www.africa-press.net\/togo\/#\/schema\/person\/2b1cf3cd81a31e3cd26889ca66d677f1\",\"name\":\"cfeditorfr\"}]}<\/script>\n<!-- \/ Yoast SEO Premium plugin. -->","yoast_head_json":{"title":"Elim CAN U23 : Echos des Eperviers espoirs \u00e0 Johannesburg - Togo","description":"Arrive\u0301s en terre sud-africaine dans la matine\u0301e de ce jeudi 27 octobre 2022, dans le cadre du match retour du deuxie ...","robots":{"index":"index","follow":"follow","max-snippet":"max-snippet:-1","max-image-preview":"max-image-preview:large","max-video-preview":"max-video-preview:-1"},"canonical":"https:\/\/www.africa-press.net\/togo\/sports\/elim-can-u23-echos-des-eperviers-espoirs-a-johannesburg","og_locale":"fr_FR","og_type":"article","og_title":"Elim CAN U23 : Echos des Eperviers espoirs \u00e0 Johannesburg","og_description":"Arrive\u0301s en terre sud-africaine dans la matine\u0301e de ce jeudi 27 octobre 2022, dans le cadre du match retour du deuxie ...","og_url":"https:\/\/www.africa-press.net\/togo\/sports\/elim-can-u23-echos-des-eperviers-espoirs-a-johannesburg","og_site_name":"Togo","article_published_time":"2022-10-28T17:32:39+00:00","article_modified_time":"2022-10-28T17:40:52+00:00","og_image":[{"width":1280,"height":800,"url":"https:\/\/static.africa-press.net\/togo\/sites\/58\/2022\/10\/postQueueImg_5-635c140db47e9.jpg","type":"image\/jpeg"}],"author":"cfeditorfr","twitter_card":"summary_large_image","twitter_misc":{"\u00c9crit par":"cfeditorfr","Dur\u00e9e de lecture estim\u00e9e":"1 minute"},"schema":{"@context":"https:\/\/schema.org","@graph":[{"@type":"Article","@id":"https:\/\/www.africa-press.net\/togo\/sports\/elim-can-u23-echos-des-eperviers-espoirs-a-johannesburg#article","isPartOf":{"@id":"https:\/\/www.africa-press.net\/togo\/sports\/elim-can-u23-echos-des-eperviers-espoirs-a-johannesburg"},"author":{"name":"cfeditorfr","@id":"https:\/\/www.africa-press.net\/togo\/#\/schema\/person\/2b1cf3cd81a31e3cd26889ca66d677f1"},"headline":"Elim CAN U23 : Echos des Eperviers espoirs \u00e0 Johannesburg","datePublished":"2022-10-28T17:32:39+00:00","dateModified":"2022-10-28T17:40:52+00:00","mainEntityOfPage":{"@id":"https:\/\/www.africa-press.net\/togo\/sports\/elim-can-u23-echos-des-eperviers-espoirs-a-johannesburg"},"wordCount":226,"commentCount":0,"image":{"@id":"https:\/\/www.africa-press.net\/togo\/sports\/elim-can-u23-echos-des-eperviers-espoirs-a-johannesburg#primaryimage"},"thumbnailUrl":"https:\/\/static.africa-press.net\/togo\/sites\/58\/2022\/10\/postQueueImg_5-635c140db47e9.jpg","keywords":["Africa Press","Africa Press-Togo","Togo"],"articleSection":["Sports","Toutes les actualit\u00e9s"],"inLanguage":"fr-FR","potentialAction":[{"@type":"CommentAction","name":"Comment","target":["https:\/\/www.africa-press.net\/togo\/sports\/elim-can-u23-echos-des-eperviers-espoirs-a-johannesburg#respond"]}]},{"@type":"WebPage","@id":"https:\/\/www.africa-press.net\/togo\/sports\/elim-can-u23-echos-des-eperviers-espoirs-a-johannesburg","url":"https:\/\/www.africa-press.net\/togo\/sports\/elim-can-u23-echos-des-eperviers-espoirs-a-johannesburg","name":"Elim CAN U23 : Echos des Eperviers espoirs \u00e0 Johannesburg - Togo","isPartOf":{"@id":"https:\/\/www.africa-press.net\/togo\/#website"},"primaryImageOfPage":{"@id":"https:\/\/www.africa-press.net\/togo\/sports\/elim-can-u23-echos-des-eperviers-espoirs-a-johannesburg#primaryimage"},"image":{"@id":"https:\/\/www.africa-press.net\/togo\/sports\/elim-can-u23-echos-des-eperviers-espoirs-a-johannesburg#primaryimage"},"thumbnailUrl":"https:\/\/static.africa-press.net\/togo\/sites\/58\/2022\/10\/postQueueImg_5-635c140db47e9.jpg","datePublished":"2022-10-28T17:32:39+00:00","dateModified":"2022-10-28T17:40:52+00:00","author":{"@id":"https:\/\/www.africa-press.net\/togo\/#\/schema\/person\/2b1cf3cd81a31e3cd26889ca66d677f1"},"description":"Arrive\u0301s en terre sud-africaine dans la matine\u0301e de ce jeudi 27 octobre 2022, dans le cadre du match retour du deuxie ...","breadcrumb":{"@id":"https:\/\/www.africa-press.net\/togo\/sports\/elim-can-u23-echos-des-eperviers-espoirs-a-johannesburg#breadcrumb"},"inLanguage":"fr-FR","potentialAction":[{"@type":"ReadAction","target":["https:\/\/www.africa-press.net\/togo\/sports\/elim-can-u23-echos-des-eperviers-espoirs-a-johannesburg"]}]},{"@type":"ImageObject","inLanguage":"fr-FR","@id":"https:\/\/www.africa-press.net\/togo\/sports\/elim-can-u23-echos-des-eperviers-espoirs-a-johannesburg#primaryimage","url":"https:\/\/static.africa-press.net\/togo\/sites\/58\/2022\/10\/postQueueImg_5-635c140db47e9.jpg","contentUrl":"https:\/\/static.africa-press.net\/togo\/sites\/58\/2022\/10\/postQueueImg_5-635c140db47e9.jpg","width":1280,"height":800,"caption":"Elim CAN U23 : Echos des Eperviers espoirs \u00e0 Johannesburg"},{"@type":"BreadcrumbList","@id":"https:\/\/www.africa-press.net\/togo\/sports\/elim-can-u23-echos-des-eperviers-espoirs-a-johannesburg#breadcrumb","itemListElement":[{"@type":"ListItem","position":1,"name":"Accueil","item":"https:\/\/www.africa-press.net\/togo\/"},{"@type":"ListItem","position":2,"name":"Elim CAN U23 : Echos des Eperviers espoirs \u00e0 Johannesburg"}]},{"@type":"WebSite","@id":"https:\/\/www.africa-press.net\/togo\/#website","url":"https:\/\/www.africa-press.net\/togo\/","name":"Togo","description":"Just another Africa News Agency Sites site","potentialAction":[{"@type":"SearchAction","target":{"@type":"EntryPoint","urlTemplate":"https:\/\/www.africa-press.net\/togo\/?s={search_term_string}"},"query-input":{"@type":"PropertyValueSpecification","valueRequired":true,"valueName":"search_term_string"}}],"inLanguage":"fr-FR"},{"@type":"Person","@id":"https:\/\/www.africa-press.net\/togo\/#\/schema\/person\/2b1cf3cd81a31e3cd26889ca66d677f1","name":"cfeditorfr"}]}},"_links":{"self":[{"href":"https:\/\/www.africa-press.net\/togo\/wp-json\/wp\/v2\/posts\/13057","targetHints":{"allow":["GET"]}}],"collection":[{"href":"https:\/\/www.africa-press.net\/togo\/wp-json\/wp\/v2\/posts"}],"about":[{"href":"https:\/\/www.africa-press.net\/togo\/wp-json\/wp\/v2\/types\/post"}],"author":[{"embeddable":true,"href":"https:\/\/www.africa-press.net\/togo\/wp-json\/wp\/v2\/users\/82"}],"replies":[{"embeddable":true,"href":"https:\/\/www.africa-press.net\/togo\/wp-json\/wp\/v2\/comments?post=13057"}],"version-history":[{"count":0,"href":"https:\/\/www.africa-press.net\/togo\/wp-json\/wp\/v2\/posts\/13057\/revisions"}],"wp:featuredmedia":[{"embeddable":true,"href":"https:\/\/www.africa-press.net\/togo\/wp-json\/wp\/v2\/media\/13056"}],"wp:attachment":[{"href":"https:\/\/www.africa-press.net\/togo\/wp-json\/wp\/v2\/media?parent=13057"}],"wp:term":[{"taxonomy":"category","embeddable":true,"href":"https:\/\/www.africa-press.net\/togo\/wp-json\/wp\/v2\/categories?post=13057"},{"taxonomy":"post_tag","embeddable":true,"href":"https:\/\/www.africa-press.net\/togo\/wp-json\/wp\/v2\/tags?post=13057"}],"curies":[{"name":"wp","href":"https:\/\/api.w.org\/{rel}","templated":true}]}}