{"id":13060,"date":"2022-10-28T17:32:54","date_gmt":"2022-10-28T17:32:54","guid":{"rendered":"https:\/\/www.africa-press.net\/togo\/politique\/elim-can-u23-a-johannesburg-les-eperviers-recoivent-un-soutien-de-taille"},"modified":"2022-10-28T17:41:25","modified_gmt":"2022-10-28T17:41:25","slug":"elim-can-u23-a-johannesburg-les-eperviers-recoivent-un-soutien-de-taille","status":"publish","type":"post","link":"https:\/\/www.africa-press.net\/togo\/sports\/elim-can-u23-a-johannesburg-les-eperviers-recoivent-un-soutien-de-taille","title":{"rendered":"\u00c9lim CAN U23-A Johannesburg, les \u00c9perviers re\u00e7oivent un soutien de taille"},"content":{"rendered":"<p><span style=\"color: #ff6600\"><strong>Africa-Press &#8211; Togo. <\/strong><\/span><b>Arrive\u0301e jeudi matin a\u0300 Johannesburg, la se\u0301lection U23 du Togo a rec\u0327u la visite du Chef de Mission, Charge\u0301 d\u2019Affaires a.i. a\u0300 l\u2019Ambassade du Togo en Afrique du Sud.<\/b><\/p>\n<p>Le Chef de Mission, Charge\u0301 d\u2019Affaires a.i. a\u0300 l\u2019Ambassade du Togo en Afrique du Sud, John D. Fintakpa Lamega s\u2019est rendu jeudi a\u0300 Wits Football Stadium. Le diplomate y a apporte\u0301 son soutien aux E\u0301perviers espoirs qui affrontent dimanche les U23 Sud-Africains.<\/p>\n<p>J&rsquo;ai assiste\u0301 a\u0300 la se\u0301ance d&rsquo;entrai\u0302nement de l&rsquo;e\u0301quipe nationale de football U-23 qui se\u0301journe a\u0300 Johannesburg en vue d&rsquo;y disputer le match retour contre l&rsquo;e\u0301quipe sud-africaine, le 30 octobre a\u0300 15h, 13h GMT, au titre des e\u0301liminatoires de la CAN U-23. Bonne chance a\u0300 nos Ambassadeurs! pic.twitter.com\/GjgPEZaAJV<\/p>\n<p>Ce match retour du 2e tour des e\u0301liminatoires de la CAN U23 a lieu le dimanche 30 octobre 2022 a\u0300 Orlando Stadium, sous le coup de 13 TU.<\/p>\n<p><strong>Pour plus d&rsquo;informations et d&rsquo;analyses sur la <a href=\"https:\/\/www.africa-press.net\/togo\">Togo<\/a>, suivez <a href=\"https:\/\/www.africa-press.net\/\">Africa-Press<\/a><\/strong><\/p>\n","protected":false},"excerpt":{"rendered":"<p>Africa-Press &#8211; Togo. Arrive\u0301e jeudi matin a\u0300 Johannesburg, la se\u0301lection U23 du Togo a rec\u0327u la visite du Chef de Mission, Charge\u0301 d\u2019Affaires a.i. a\u0300 l\u2019Ambassade du Togo en Afrique du Sud. Le Chef de Mission, Charge\u0301 d\u2019Affaires a.i. a\u0300 l\u2019Ambassade du Togo en Afrique du Sud, John D. Fintakpa Lamega s\u2019est rendu jeudi a\u0300 [&hellip;]<\/p>\n","protected":false},"author":82,"featured_media":13059,"comment_status":"open","ping_status":"closed","sticky":false,"template":"","format":"standard","meta":{"footnotes":""},"categories":[6,10],"tags":[36,49,50],"class_list":["post-13060","post","type-post","status-publish","format-standard","has-post-thumbnail","hentry","category-sports","category-toutes-les-actualites","tag-africa-press","tag-africa-press-togo","tag-togo"],"yoast_head":"<!-- This site is optimized with the Yoast SEO Premium plugin v26.1 (Yoast SEO v27.0) - https:\/\/yoast.com\/product\/yoast-seo-premium-wordpress\/ -->\n<title>\u00c9lim CAN U23-A Johannesburg, les \u00c9perviers re\u00e7oivent un soutien de taille - Togo<\/title>\n<meta name=\"description\" content=\"Arrive\u0301e jeudi matin a\u0300 Johannesburg, la se\u0301lection U23 du Togo a rec\u0327u la visite du Chef de Mission, Charge\u0301 d\u2019Affai ...\" \/>\n<meta name=\"robots\" content=\"index, follow, max-snippet:-1, max-image-preview:large, max-video-preview:-1\" \/>\n<link rel=\"canonical\" href=\"https:\/\/www.africa-press.net\/togo\/sports\/elim-can-u23-a-johannesburg-les-eperviers-recoivent-un-soutien-de-taille\" \/>\n<meta property=\"og:locale\" content=\"fr_FR\" \/>\n<meta property=\"og:type\" content=\"article\" \/>\n<meta property=\"og:title\" content=\"\u00c9lim CAN U23-A Johannesburg, les \u00c9perviers re\u00e7oivent un soutien de taille\" \/>\n<meta property=\"og:description\" content=\"Arrive\u0301e jeudi matin a\u0300 Johannesburg, la se\u0301lection U23 du Togo a rec\u0327u la visite du Chef de Mission, Charge\u0301 d\u2019Affai ...\" \/>\n<meta property=\"og:url\" content=\"https:\/\/www.africa-press.net\/togo\/sports\/elim-can-u23-a-johannesburg-les-eperviers-recoivent-un-soutien-de-taille\" \/>\n<meta property=\"og:site_name\" content=\"Togo\" \/>\n<meta property=\"article:published_time\" content=\"2022-10-28T17:32:54+00:00\" \/>\n<meta property=\"article:modified_time\" content=\"2022-10-28T17:41:25+00:00\" \/>\n<meta property=\"og:image\" content=\"https:\/\/static.africa-press.net\/togo\/sites\/58\/2022\/10\/postQueueImg_6-635c142ab6ee9.jpg\" \/>\n\t<meta property=\"og:image:width\" content=\"1280\" \/>\n\t<meta property=\"og:image:height\" content=\"800\" \/>\n\t<meta property=\"og:image:type\" content=\"image\/jpeg\" \/>\n<meta name=\"author\" content=\"cfeditorfr\" \/>\n<meta name=\"twitter:card\" content=\"summary_large_image\" \/>\n<meta name=\"twitter:label1\" content=\"\u00c9crit par\" \/>\n\t<meta name=\"twitter:data1\" content=\"cfeditorfr\" \/>\n\t<meta name=\"twitter:label2\" content=\"Dur\u00e9e de lecture estim\u00e9e\" \/>\n\t<meta name=\"twitter:data2\" content=\"1 minute\" \/>\n<script type=\"application\/ld+json\" class=\"yoast-schema-graph\">{\"@context\":\"https:\/\/schema.org\",\"@graph\":[{\"@type\":\"Article\",\"@id\":\"https:\/\/www.africa-press.net\/togo\/sports\/elim-can-u23-a-johannesburg-les-eperviers-recoivent-un-soutien-de-taille#article\",\"isPartOf\":{\"@id\":\"https:\/\/www.africa-press.net\/togo\/sports\/elim-can-u23-a-johannesburg-les-eperviers-recoivent-un-soutien-de-taille\"},\"author\":{\"name\":\"cfeditorfr\",\"@id\":\"https:\/\/www.africa-press.net\/togo\/#\/schema\/person\/2b1cf3cd81a31e3cd26889ca66d677f1\"},\"headline\":\"\u00c9lim CAN U23-A Johannesburg, les \u00c9perviers re\u00e7oivent un soutien de taille\",\"datePublished\":\"2022-10-28T17:32:54+00:00\",\"dateModified\":\"2022-10-28T17:41:25+00:00\",\"mainEntityOfPage\":{\"@id\":\"https:\/\/www.africa-press.net\/togo\/sports\/elim-can-u23-a-johannesburg-les-eperviers-recoivent-un-soutien-de-taille\"},\"wordCount\":196,\"commentCount\":0,\"image\":{\"@id\":\"https:\/\/www.africa-press.net\/togo\/sports\/elim-can-u23-a-johannesburg-les-eperviers-recoivent-un-soutien-de-taille#primaryimage\"},\"thumbnailUrl\":\"https:\/\/static.africa-press.net\/togo\/sites\/58\/2022\/10\/postQueueImg_6-635c142ab6ee9.jpg\",\"keywords\":[\"Africa Press\",\"Africa Press-Togo\",\"Togo\"],\"articleSection\":[\"Sports\",\"Toutes les actualit\u00e9s\"],\"inLanguage\":\"fr-FR\",\"potentialAction\":[{\"@type\":\"CommentAction\",\"name\":\"Comment\",\"target\":[\"https:\/\/www.africa-press.net\/togo\/sports\/elim-can-u23-a-johannesburg-les-eperviers-recoivent-un-soutien-de-taille#respond\"]}]},{\"@type\":\"WebPage\",\"@id\":\"https:\/\/www.africa-press.net\/togo\/sports\/elim-can-u23-a-johannesburg-les-eperviers-recoivent-un-soutien-de-taille\",\"url\":\"https:\/\/www.africa-press.net\/togo\/sports\/elim-can-u23-a-johannesburg-les-eperviers-recoivent-un-soutien-de-taille\",\"name\":\"\u00c9lim CAN U23-A Johannesburg, les \u00c9perviers re\u00e7oivent un soutien de taille - Togo\",\"isPartOf\":{\"@id\":\"https:\/\/www.africa-press.net\/togo\/#website\"},\"primaryImageOfPage\":{\"@id\":\"https:\/\/www.africa-press.net\/togo\/sports\/elim-can-u23-a-johannesburg-les-eperviers-recoivent-un-soutien-de-taille#primaryimage\"},\"image\":{\"@id\":\"https:\/\/www.africa-press.net\/togo\/sports\/elim-can-u23-a-johannesburg-les-eperviers-recoivent-un-soutien-de-taille#primaryimage\"},\"thumbnailUrl\":\"https:\/\/static.africa-press.net\/togo\/sites\/58\/2022\/10\/postQueueImg_6-635c142ab6ee9.jpg\",\"datePublished\":\"2022-10-28T17:32:54+00:00\",\"dateModified\":\"2022-10-28T17:41:25+00:00\",\"author\":{\"@id\":\"https:\/\/www.africa-press.net\/togo\/#\/schema\/person\/2b1cf3cd81a31e3cd26889ca66d677f1\"},\"description\":\"Arrive\u0301e jeudi matin a\u0300 Johannesburg, la se\u0301lection U23 du Togo a rec\u0327u la visite du Chef de Mission, Charge\u0301 d\u2019Affai ...\",\"breadcrumb\":{\"@id\":\"https:\/\/www.africa-press.net\/togo\/sports\/elim-can-u23-a-johannesburg-les-eperviers-recoivent-un-soutien-de-taille#breadcrumb\"},\"inLanguage\":\"fr-FR\",\"potentialAction\":[{\"@type\":\"ReadAction\",\"target\":[\"https:\/\/www.africa-press.net\/togo\/sports\/elim-can-u23-a-johannesburg-les-eperviers-recoivent-un-soutien-de-taille\"]}]},{\"@type\":\"ImageObject\",\"inLanguage\":\"fr-FR\",\"@id\":\"https:\/\/www.africa-press.net\/togo\/sports\/elim-can-u23-a-johannesburg-les-eperviers-recoivent-un-soutien-de-taille#primaryimage\",\"url\":\"https:\/\/static.africa-press.net\/togo\/sites\/58\/2022\/10\/postQueueImg_6-635c142ab6ee9.jpg\",\"contentUrl\":\"https:\/\/static.africa-press.net\/togo\/sites\/58\/2022\/10\/postQueueImg_6-635c142ab6ee9.jpg\",\"width\":1280,\"height\":800,\"caption\":\"\u00c9lim CAN U23-A Johannesburg, les \u00c9perviers re\u00e7oivent un soutien de taille\"},{\"@type\":\"BreadcrumbList\",\"@id\":\"https:\/\/www.africa-press.net\/togo\/sports\/elim-can-u23-a-johannesburg-les-eperviers-recoivent-un-soutien-de-taille#breadcrumb\",\"itemListElement\":[{\"@type\":\"ListItem\",\"position\":1,\"name\":\"Accueil\",\"item\":\"https:\/\/www.africa-press.net\/togo\/\"},{\"@type\":\"ListItem\",\"position\":2,\"name\":\"\u00c9lim CAN U23-A Johannesburg, les \u00c9perviers re\u00e7oivent un soutien de taille\"}]},{\"@type\":\"WebSite\",\"@id\":\"https:\/\/www.africa-press.net\/togo\/#website\",\"url\":\"https:\/\/www.africa-press.net\/togo\/\",\"name\":\"Togo\",\"description\":\"Just another Africa News Agency Sites site\",\"potentialAction\":[{\"@type\":\"SearchAction\",\"target\":{\"@type\":\"EntryPoint\",\"urlTemplate\":\"https:\/\/www.africa-press.net\/togo\/?s={search_term_string}\"},\"query-input\":{\"@type\":\"PropertyValueSpecification\",\"valueRequired\":true,\"valueName\":\"search_term_string\"}}],\"inLanguage\":\"fr-FR\"},{\"@type\":\"Person\",\"@id\":\"https:\/\/www.africa-press.net\/togo\/#\/schema\/person\/2b1cf3cd81a31e3cd26889ca66d677f1\",\"name\":\"cfeditorfr\"}]}<\/script>\n<!-- \/ Yoast SEO Premium plugin. -->","yoast_head_json":{"title":"\u00c9lim CAN U23-A Johannesburg, les \u00c9perviers re\u00e7oivent un soutien de taille - Togo","description":"Arrive\u0301e jeudi matin a\u0300 Johannesburg, la se\u0301lection U23 du Togo a rec\u0327u la visite du Chef de Mission, Charge\u0301 d\u2019Affai ...","robots":{"index":"index","follow":"follow","max-snippet":"max-snippet:-1","max-image-preview":"max-image-preview:large","max-video-preview":"max-video-preview:-1"},"canonical":"https:\/\/www.africa-press.net\/togo\/sports\/elim-can-u23-a-johannesburg-les-eperviers-recoivent-un-soutien-de-taille","og_locale":"fr_FR","og_type":"article","og_title":"\u00c9lim CAN U23-A Johannesburg, les \u00c9perviers re\u00e7oivent un soutien de taille","og_description":"Arrive\u0301e jeudi matin a\u0300 Johannesburg, la se\u0301lection U23 du Togo a rec\u0327u la visite du Chef de Mission, Charge\u0301 d\u2019Affai ...","og_url":"https:\/\/www.africa-press.net\/togo\/sports\/elim-can-u23-a-johannesburg-les-eperviers-recoivent-un-soutien-de-taille","og_site_name":"Togo","article_published_time":"2022-10-28T17:32:54+00:00","article_modified_time":"2022-10-28T17:41:25+00:00","og_image":[{"width":1280,"height":800,"url":"https:\/\/static.africa-press.net\/togo\/sites\/58\/2022\/10\/postQueueImg_6-635c142ab6ee9.jpg","type":"image\/jpeg"}],"author":"cfeditorfr","twitter_card":"summary_large_image","twitter_misc":{"\u00c9crit par":"cfeditorfr","Dur\u00e9e de lecture estim\u00e9e":"1 minute"},"schema":{"@context":"https:\/\/schema.org","@graph":[{"@type":"Article","@id":"https:\/\/www.africa-press.net\/togo\/sports\/elim-can-u23-a-johannesburg-les-eperviers-recoivent-un-soutien-de-taille#article","isPartOf":{"@id":"https:\/\/www.africa-press.net\/togo\/sports\/elim-can-u23-a-johannesburg-les-eperviers-recoivent-un-soutien-de-taille"},"author":{"name":"cfeditorfr","@id":"https:\/\/www.africa-press.net\/togo\/#\/schema\/person\/2b1cf3cd81a31e3cd26889ca66d677f1"},"headline":"\u00c9lim CAN U23-A Johannesburg, les \u00c9perviers re\u00e7oivent un soutien de taille","datePublished":"2022-10-28T17:32:54+00:00","dateModified":"2022-10-28T17:41:25+00:00","mainEntityOfPage":{"@id":"https:\/\/www.africa-press.net\/togo\/sports\/elim-can-u23-a-johannesburg-les-eperviers-recoivent-un-soutien-de-taille"},"wordCount":196,"commentCount":0,"image":{"@id":"https:\/\/www.africa-press.net\/togo\/sports\/elim-can-u23-a-johannesburg-les-eperviers-recoivent-un-soutien-de-taille#primaryimage"},"thumbnailUrl":"https:\/\/static.africa-press.net\/togo\/sites\/58\/2022\/10\/postQueueImg_6-635c142ab6ee9.jpg","keywords":["Africa Press","Africa Press-Togo","Togo"],"articleSection":["Sports","Toutes les actualit\u00e9s"],"inLanguage":"fr-FR","potentialAction":[{"@type":"CommentAction","name":"Comment","target":["https:\/\/www.africa-press.net\/togo\/sports\/elim-can-u23-a-johannesburg-les-eperviers-recoivent-un-soutien-de-taille#respond"]}]},{"@type":"WebPage","@id":"https:\/\/www.africa-press.net\/togo\/sports\/elim-can-u23-a-johannesburg-les-eperviers-recoivent-un-soutien-de-taille","url":"https:\/\/www.africa-press.net\/togo\/sports\/elim-can-u23-a-johannesburg-les-eperviers-recoivent-un-soutien-de-taille","name":"\u00c9lim CAN U23-A Johannesburg, les \u00c9perviers re\u00e7oivent un soutien de taille - Togo","isPartOf":{"@id":"https:\/\/www.africa-press.net\/togo\/#website"},"primaryImageOfPage":{"@id":"https:\/\/www.africa-press.net\/togo\/sports\/elim-can-u23-a-johannesburg-les-eperviers-recoivent-un-soutien-de-taille#primaryimage"},"image":{"@id":"https:\/\/www.africa-press.net\/togo\/sports\/elim-can-u23-a-johannesburg-les-eperviers-recoivent-un-soutien-de-taille#primaryimage"},"thumbnailUrl":"https:\/\/static.africa-press.net\/togo\/sites\/58\/2022\/10\/postQueueImg_6-635c142ab6ee9.jpg","datePublished":"2022-10-28T17:32:54+00:00","dateModified":"2022-10-28T17:41:25+00:00","author":{"@id":"https:\/\/www.africa-press.net\/togo\/#\/schema\/person\/2b1cf3cd81a31e3cd26889ca66d677f1"},"description":"Arrive\u0301e jeudi matin a\u0300 Johannesburg, la se\u0301lection U23 du Togo a rec\u0327u la visite du Chef de Mission, Charge\u0301 d\u2019Affai ...","breadcrumb":{"@id":"https:\/\/www.africa-press.net\/togo\/sports\/elim-can-u23-a-johannesburg-les-eperviers-recoivent-un-soutien-de-taille#breadcrumb"},"inLanguage":"fr-FR","potentialAction":[{"@type":"ReadAction","target":["https:\/\/www.africa-press.net\/togo\/sports\/elim-can-u23-a-johannesburg-les-eperviers-recoivent-un-soutien-de-taille"]}]},{"@type":"ImageObject","inLanguage":"fr-FR","@id":"https:\/\/www.africa-press.net\/togo\/sports\/elim-can-u23-a-johannesburg-les-eperviers-recoivent-un-soutien-de-taille#primaryimage","url":"https:\/\/static.africa-press.net\/togo\/sites\/58\/2022\/10\/postQueueImg_6-635c142ab6ee9.jpg","contentUrl":"https:\/\/static.africa-press.net\/togo\/sites\/58\/2022\/10\/postQueueImg_6-635c142ab6ee9.jpg","width":1280,"height":800,"caption":"\u00c9lim CAN U23-A Johannesburg, les \u00c9perviers re\u00e7oivent un soutien de taille"},{"@type":"BreadcrumbList","@id":"https:\/\/www.africa-press.net\/togo\/sports\/elim-can-u23-a-johannesburg-les-eperviers-recoivent-un-soutien-de-taille#breadcrumb","itemListElement":[{"@type":"ListItem","position":1,"name":"Accueil","item":"https:\/\/www.africa-press.net\/togo\/"},{"@type":"ListItem","position":2,"name":"\u00c9lim CAN U23-A Johannesburg, les \u00c9perviers re\u00e7oivent un soutien de taille"}]},{"@type":"WebSite","@id":"https:\/\/www.africa-press.net\/togo\/#website","url":"https:\/\/www.africa-press.net\/togo\/","name":"Togo","description":"Just another Africa News Agency Sites site","potentialAction":[{"@type":"SearchAction","target":{"@type":"EntryPoint","urlTemplate":"https:\/\/www.africa-press.net\/togo\/?s={search_term_string}"},"query-input":{"@type":"PropertyValueSpecification","valueRequired":true,"valueName":"search_term_string"}}],"inLanguage":"fr-FR"},{"@type":"Person","@id":"https:\/\/www.africa-press.net\/togo\/#\/schema\/person\/2b1cf3cd81a31e3cd26889ca66d677f1","name":"cfeditorfr"}]}},"_links":{"self":[{"href":"https:\/\/www.africa-press.net\/togo\/wp-json\/wp\/v2\/posts\/13060","targetHints":{"allow":["GET"]}}],"collection":[{"href":"https:\/\/www.africa-press.net\/togo\/wp-json\/wp\/v2\/posts"}],"about":[{"href":"https:\/\/www.africa-press.net\/togo\/wp-json\/wp\/v2\/types\/post"}],"author":[{"embeddable":true,"href":"https:\/\/www.africa-press.net\/togo\/wp-json\/wp\/v2\/users\/82"}],"replies":[{"embeddable":true,"href":"https:\/\/www.africa-press.net\/togo\/wp-json\/wp\/v2\/comments?post=13060"}],"version-history":[{"count":0,"href":"https:\/\/www.africa-press.net\/togo\/wp-json\/wp\/v2\/posts\/13060\/revisions"}],"wp:featuredmedia":[{"embeddable":true,"href":"https:\/\/www.africa-press.net\/togo\/wp-json\/wp\/v2\/media\/13059"}],"wp:attachment":[{"href":"https:\/\/www.africa-press.net\/togo\/wp-json\/wp\/v2\/media?parent=13060"}],"wp:term":[{"taxonomy":"category","embeddable":true,"href":"https:\/\/www.africa-press.net\/togo\/wp-json\/wp\/v2\/categories?post=13060"},{"taxonomy":"post_tag","embeddable":true,"href":"https:\/\/www.africa-press.net\/togo\/wp-json\/wp\/v2\/tags?post=13060"}],"curies":[{"name":"wp","href":"https:\/\/api.w.org\/{rel}","templated":true}]}}