{"id":13083,"date":"2022-10-29T18:02:34","date_gmt":"2022-10-29T18:02:34","guid":{"rendered":"https:\/\/www.africa-press.net\/togo\/politique\/niger-des-voix-reclament-la-manifestation-de-la-verite-sur-les-evenements-tragiques-survenus-a-tamou"},"modified":"2022-10-29T18:02:34","modified_gmt":"2022-10-29T18:02:34","slug":"niger-des-voix-reclament-la-manifestation-de-la-verite-sur-les-evenements-tragiques-survenus-a-tamou","status":"publish","type":"post","link":"https:\/\/www.africa-press.net\/togo\/toutes-les-actualites\/niger-des-voix-reclament-la-manifestation-de-la-verite-sur-les-evenements-tragiques-survenus-a-tamou","title":{"rendered":"Niger-Des voix r\u00e9clament la manifestation de la v\u00e9rit\u00e9 sur les \u00e9v\u00e8nements tragiques survenus \u00e0 Tamou"},"content":{"rendered":"<p><span style=\"color: #ff6600\"><strong>Africa-Press &#8211; Togo. <\/strong><\/span><b>L\u2019opposition politique nige\u0301rienne ainsi que la socie\u0301te\u0301 civile re\u0301clament au gouvernement une enque\u0302te inde\u0301pendante sur la mort de plusieurs personnes, des blesse\u0301s par balles, entre autres de\u0301ga\u0302ts, survenus la semaine dernie\u0300re a\u0300 Tamou, re\u0301gion de Tillabe\u0301ri a\u0300 l\u2019ouest du pays.<\/b><\/p>\n<p>Une attaque terroriste le 22 octobre 2022, du poste de contro\u0302le mixte eaux et fore\u0302ts et polie de Tamou et le lundi 24 octobre 2022 sur le deuxie\u0300me poste de police, ainsi que le ratissage de la zone a\u0300 cou\u0302te\u0301 la vie a\u0300 09 personnes dont 02 policiers, fait 24 blesse\u0301s. Les assaillants ont emporte\u0301 du mate\u0301riel militaire durant l\u2019attaque, selon un communique\u0301 le 26 octobre du ministe\u0300re de la De\u0301fense.<\/p>\n<p>Pendant que d\u2019autres sources e\u0301voquent des chiffres un peu plus lourds avec plusieurs personnes toujours introuvables.<\/p>\n<p>Dans un communique\u0301 rendu public ce vendredi 28 octobre 2022, l\u2019opposition guine\u0301enne exige des autorite\u0301s de Niamey une enque\u0302te inde\u0301pendante sur ces e\u0301ve\u0300nements qu\u2019elle appelle une \u00ab he\u0301catombe \u00bb. Afin que les \u00ab responsabilite\u0301s politiques soient clairement situe\u0301es et se\u0301ve\u0300rement punies \u00bb, insiste la note relaye\u0301e par l\u2019Agence nige\u0301rienne de presse (ANP).<\/p>\n<p>Me\u0302me son de cloche e\u0301galement du co\u0302te\u0301 de l\u2019association de la socie\u0301te\u0301 civile Tournons la page, dont le coordinateur national, Mai\u0308koul Zodi, s\u2019est confie\u0301 a\u0300 RFI. Mai\u0308koul Zodi parle des blesse\u0301s par bru\u0302lures, d\u2019autres par balles a\u0300 l\u2019ho\u0302pital.<\/p>\n<p><strong>Pour plus d&rsquo;informations et d&rsquo;analyses sur la <a href=\"https:\/\/www.africa-press.net\/togo\">Togo<\/a>, suivez <a href=\"https:\/\/www.africa-press.net\/\">Africa-Press<\/a><\/strong><\/p>\n","protected":false},"excerpt":{"rendered":"<p>Africa-Press &#8211; Togo. L\u2019opposition politique nige\u0301rienne ainsi que la socie\u0301te\u0301 civile re\u0301clament au gouvernement une enque\u0302te inde\u0301pendante sur la mort de plusieurs personnes, des blesse\u0301s par balles, entre autres de\u0301ga\u0302ts, survenus la semaine dernie\u0300re a\u0300 Tamou, re\u0301gion de Tillabe\u0301ri a\u0300 l\u2019ouest du pays. Une attaque terroriste le 22 octobre 2022, du poste de contro\u0302le mixte [&hellip;]<\/p>\n","protected":false},"author":82,"featured_media":13082,"comment_status":"open","ping_status":"closed","sticky":false,"template":"","format":"standard","meta":{"footnotes":""},"categories":[21,10],"tags":[36,49,50],"class_list":["post-13083","post","type-post","status-publish","format-standard","has-post-thumbnail","hentry","category-communaute","category-toutes-les-actualites","tag-africa-press","tag-africa-press-togo","tag-togo"],"yoast_head":"<!-- This site is optimized with the Yoast SEO Premium plugin v26.1 (Yoast SEO v27.0) - https:\/\/yoast.com\/product\/yoast-seo-premium-wordpress\/ -->\n<title>Niger-Des voix r\u00e9clament la manifestation de la v\u00e9rit\u00e9 sur les \u00e9v\u00e8nements tragiques survenus \u00e0 Tamou - Togo<\/title>\n<meta name=\"robots\" content=\"index, follow, max-snippet:-1, max-image-preview:large, max-video-preview:-1\" \/>\n<link rel=\"canonical\" href=\"https:\/\/www.africa-press.net\/togo\/politique\/niger-des-voix-reclament-la-manifestation-de-la-verite-sur-les-evenements-tragiques-survenus-a-tamou\" \/>\n<meta property=\"og:locale\" content=\"fr_FR\" \/>\n<meta property=\"og:type\" content=\"article\" \/>\n<meta property=\"og:title\" content=\"Niger-Des voix r\u00e9clament la manifestation de la v\u00e9rit\u00e9 sur les \u00e9v\u00e8nements tragiques survenus \u00e0 Tamou\" \/>\n<meta property=\"og:description\" content=\"Africa-Press &#8211; Togo. L\u2019opposition politique nige\u0301rienne ainsi que la socie\u0301te\u0301 civile re\u0301clament au gouvernement une enque\u0302te inde\u0301pendante sur la mort de plusieurs personnes, des blesse\u0301s par balles, entre autres de\u0301ga\u0302ts, survenus la semaine dernie\u0300re a\u0300 Tamou, re\u0301gion de Tillabe\u0301ri a\u0300 l\u2019ouest du pays. Une attaque terroriste le 22 octobre 2022, du poste de contro\u0302le mixte [&hellip;]\" \/>\n<meta property=\"og:url\" content=\"https:\/\/www.africa-press.net\/togo\/politique\/niger-des-voix-reclament-la-manifestation-de-la-verite-sur-les-evenements-tragiques-survenus-a-tamou\" \/>\n<meta property=\"og:site_name\" content=\"Togo\" \/>\n<meta property=\"article:published_time\" content=\"2022-10-29T18:02:34+00:00\" \/>\n<meta name=\"author\" content=\"cfeditorfr\" \/>\n<meta name=\"twitter:card\" content=\"summary_large_image\" \/>\n<meta name=\"twitter:label1\" content=\"\u00c9crit par\" \/>\n\t<meta name=\"twitter:data1\" content=\"cfeditorfr\" \/>\n\t<meta name=\"twitter:label2\" content=\"Dur\u00e9e de lecture estim\u00e9e\" \/>\n\t<meta name=\"twitter:data2\" content=\"1 minute\" \/>\n<script type=\"application\/ld+json\" class=\"yoast-schema-graph\">{\"@context\":\"https:\/\/schema.org\",\"@graph\":[{\"@type\":\"Article\",\"@id\":\"https:\/\/www.africa-press.net\/togo\/politique\/niger-des-voix-reclament-la-manifestation-de-la-verite-sur-les-evenements-tragiques-survenus-a-tamou#article\",\"isPartOf\":{\"@id\":\"https:\/\/www.africa-press.net\/togo\/politique\/niger-des-voix-reclament-la-manifestation-de-la-verite-sur-les-evenements-tragiques-survenus-a-tamou\"},\"author\":{\"name\":\"cfeditorfr\",\"@id\":\"https:\/\/www.africa-press.net\/togo\/#\/schema\/person\/2b1cf3cd81a31e3cd26889ca66d677f1\"},\"headline\":\"Niger-Des voix r\u00e9clament la manifestation de la v\u00e9rit\u00e9 sur les \u00e9v\u00e8nements tragiques survenus \u00e0 Tamou\",\"datePublished\":\"2022-10-29T18:02:34+00:00\",\"mainEntityOfPage\":{\"@id\":\"https:\/\/www.africa-press.net\/togo\/politique\/niger-des-voix-reclament-la-manifestation-de-la-verite-sur-les-evenements-tragiques-survenus-a-tamou\"},\"wordCount\":288,\"commentCount\":0,\"image\":{\"@id\":\"https:\/\/www.africa-press.net\/togo\/politique\/niger-des-voix-reclament-la-manifestation-de-la-verite-sur-les-evenements-tragiques-survenus-a-tamou#primaryimage\"},\"thumbnailUrl\":\"https:\/\/static.africa-press.net\/togo\/sites\/58\/2022\/10\/postQueueImg_2-635d6c12888fb.jpg\",\"keywords\":[\"Africa Press\",\"Africa Press-Togo\",\"Togo\"],\"articleSection\":[\"Communaut\u00e9\",\"Toutes les actualit\u00e9s\"],\"inLanguage\":\"fr-FR\",\"potentialAction\":[{\"@type\":\"CommentAction\",\"name\":\"Comment\",\"target\":[\"https:\/\/www.africa-press.net\/togo\/politique\/niger-des-voix-reclament-la-manifestation-de-la-verite-sur-les-evenements-tragiques-survenus-a-tamou#respond\"]}]},{\"@type\":\"WebPage\",\"@id\":\"https:\/\/www.africa-press.net\/togo\/politique\/niger-des-voix-reclament-la-manifestation-de-la-verite-sur-les-evenements-tragiques-survenus-a-tamou\",\"url\":\"https:\/\/www.africa-press.net\/togo\/politique\/niger-des-voix-reclament-la-manifestation-de-la-verite-sur-les-evenements-tragiques-survenus-a-tamou\",\"name\":\"Niger-Des voix r\u00e9clament la manifestation de la v\u00e9rit\u00e9 sur les \u00e9v\u00e8nements tragiques survenus \u00e0 Tamou - Togo\",\"isPartOf\":{\"@id\":\"https:\/\/www.africa-press.net\/togo\/#website\"},\"primaryImageOfPage\":{\"@id\":\"https:\/\/www.africa-press.net\/togo\/politique\/niger-des-voix-reclament-la-manifestation-de-la-verite-sur-les-evenements-tragiques-survenus-a-tamou#primaryimage\"},\"image\":{\"@id\":\"https:\/\/www.africa-press.net\/togo\/politique\/niger-des-voix-reclament-la-manifestation-de-la-verite-sur-les-evenements-tragiques-survenus-a-tamou#primaryimage\"},\"thumbnailUrl\":\"https:\/\/static.africa-press.net\/togo\/sites\/58\/2022\/10\/postQueueImg_2-635d6c12888fb.jpg\",\"datePublished\":\"2022-10-29T18:02:34+00:00\",\"author\":{\"@id\":\"https:\/\/www.africa-press.net\/togo\/#\/schema\/person\/2b1cf3cd81a31e3cd26889ca66d677f1\"},\"breadcrumb\":{\"@id\":\"https:\/\/www.africa-press.net\/togo\/politique\/niger-des-voix-reclament-la-manifestation-de-la-verite-sur-les-evenements-tragiques-survenus-a-tamou#breadcrumb\"},\"inLanguage\":\"fr-FR\",\"potentialAction\":[{\"@type\":\"ReadAction\",\"target\":[\"https:\/\/www.africa-press.net\/togo\/politique\/niger-des-voix-reclament-la-manifestation-de-la-verite-sur-les-evenements-tragiques-survenus-a-tamou\"]}]},{\"@type\":\"ImageObject\",\"inLanguage\":\"fr-FR\",\"@id\":\"https:\/\/www.africa-press.net\/togo\/politique\/niger-des-voix-reclament-la-manifestation-de-la-verite-sur-les-evenements-tragiques-survenus-a-tamou#primaryimage\",\"url\":\"https:\/\/static.africa-press.net\/togo\/sites\/58\/2022\/10\/postQueueImg_2-635d6c12888fb.jpg\",\"contentUrl\":\"https:\/\/static.africa-press.net\/togo\/sites\/58\/2022\/10\/postQueueImg_2-635d6c12888fb.jpg\",\"width\":1280,\"height\":800,\"caption\":\"Niger-Des voix r\u00e9clament la manifestation de la v\u00e9rit\u00e9 sur les \u00e9v\u00e8nements tragiques survenus \u00e0 Tamou\"},{\"@type\":\"BreadcrumbList\",\"@id\":\"https:\/\/www.africa-press.net\/togo\/politique\/niger-des-voix-reclament-la-manifestation-de-la-verite-sur-les-evenements-tragiques-survenus-a-tamou#breadcrumb\",\"itemListElement\":[{\"@type\":\"ListItem\",\"position\":1,\"name\":\"Accueil\",\"item\":\"https:\/\/www.africa-press.net\/togo\/\"},{\"@type\":\"ListItem\",\"position\":2,\"name\":\"Niger-Des voix r\u00e9clament la manifestation de la v\u00e9rit\u00e9 sur les \u00e9v\u00e8nements tragiques survenus \u00e0 Tamou\"}]},{\"@type\":\"WebSite\",\"@id\":\"https:\/\/www.africa-press.net\/togo\/#website\",\"url\":\"https:\/\/www.africa-press.net\/togo\/\",\"name\":\"Togo\",\"description\":\"Just another Africa News Agency Sites site\",\"potentialAction\":[{\"@type\":\"SearchAction\",\"target\":{\"@type\":\"EntryPoint\",\"urlTemplate\":\"https:\/\/www.africa-press.net\/togo\/?s={search_term_string}\"},\"query-input\":{\"@type\":\"PropertyValueSpecification\",\"valueRequired\":true,\"valueName\":\"search_term_string\"}}],\"inLanguage\":\"fr-FR\"},{\"@type\":\"Person\",\"@id\":\"https:\/\/www.africa-press.net\/togo\/#\/schema\/person\/2b1cf3cd81a31e3cd26889ca66d677f1\",\"name\":\"cfeditorfr\"}]}<\/script>\n<!-- \/ Yoast SEO Premium plugin. -->","yoast_head_json":{"title":"Niger-Des voix r\u00e9clament la manifestation de la v\u00e9rit\u00e9 sur les \u00e9v\u00e8nements tragiques survenus \u00e0 Tamou - Togo","robots":{"index":"index","follow":"follow","max-snippet":"max-snippet:-1","max-image-preview":"max-image-preview:large","max-video-preview":"max-video-preview:-1"},"canonical":"https:\/\/www.africa-press.net\/togo\/politique\/niger-des-voix-reclament-la-manifestation-de-la-verite-sur-les-evenements-tragiques-survenus-a-tamou","og_locale":"fr_FR","og_type":"article","og_title":"Niger-Des voix r\u00e9clament la manifestation de la v\u00e9rit\u00e9 sur les \u00e9v\u00e8nements tragiques survenus \u00e0 Tamou","og_description":"Africa-Press &#8211; Togo. L\u2019opposition politique nige\u0301rienne ainsi que la socie\u0301te\u0301 civile re\u0301clament au gouvernement une enque\u0302te inde\u0301pendante sur la mort de plusieurs personnes, des blesse\u0301s par balles, entre autres de\u0301ga\u0302ts, survenus la semaine dernie\u0300re a\u0300 Tamou, re\u0301gion de Tillabe\u0301ri a\u0300 l\u2019ouest du pays. Une attaque terroriste le 22 octobre 2022, du poste de contro\u0302le mixte [&hellip;]","og_url":"https:\/\/www.africa-press.net\/togo\/politique\/niger-des-voix-reclament-la-manifestation-de-la-verite-sur-les-evenements-tragiques-survenus-a-tamou","og_site_name":"Togo","article_published_time":"2022-10-29T18:02:34+00:00","author":"cfeditorfr","twitter_card":"summary_large_image","twitter_misc":{"\u00c9crit par":"cfeditorfr","Dur\u00e9e de lecture estim\u00e9e":"1 minute"},"schema":{"@context":"https:\/\/schema.org","@graph":[{"@type":"Article","@id":"https:\/\/www.africa-press.net\/togo\/politique\/niger-des-voix-reclament-la-manifestation-de-la-verite-sur-les-evenements-tragiques-survenus-a-tamou#article","isPartOf":{"@id":"https:\/\/www.africa-press.net\/togo\/politique\/niger-des-voix-reclament-la-manifestation-de-la-verite-sur-les-evenements-tragiques-survenus-a-tamou"},"author":{"name":"cfeditorfr","@id":"https:\/\/www.africa-press.net\/togo\/#\/schema\/person\/2b1cf3cd81a31e3cd26889ca66d677f1"},"headline":"Niger-Des voix r\u00e9clament la manifestation de la v\u00e9rit\u00e9 sur les \u00e9v\u00e8nements tragiques survenus \u00e0 Tamou","datePublished":"2022-10-29T18:02:34+00:00","mainEntityOfPage":{"@id":"https:\/\/www.africa-press.net\/togo\/politique\/niger-des-voix-reclament-la-manifestation-de-la-verite-sur-les-evenements-tragiques-survenus-a-tamou"},"wordCount":288,"commentCount":0,"image":{"@id":"https:\/\/www.africa-press.net\/togo\/politique\/niger-des-voix-reclament-la-manifestation-de-la-verite-sur-les-evenements-tragiques-survenus-a-tamou#primaryimage"},"thumbnailUrl":"https:\/\/static.africa-press.net\/togo\/sites\/58\/2022\/10\/postQueueImg_2-635d6c12888fb.jpg","keywords":["Africa Press","Africa Press-Togo","Togo"],"articleSection":["Communaut\u00e9","Toutes les actualit\u00e9s"],"inLanguage":"fr-FR","potentialAction":[{"@type":"CommentAction","name":"Comment","target":["https:\/\/www.africa-press.net\/togo\/politique\/niger-des-voix-reclament-la-manifestation-de-la-verite-sur-les-evenements-tragiques-survenus-a-tamou#respond"]}]},{"@type":"WebPage","@id":"https:\/\/www.africa-press.net\/togo\/politique\/niger-des-voix-reclament-la-manifestation-de-la-verite-sur-les-evenements-tragiques-survenus-a-tamou","url":"https:\/\/www.africa-press.net\/togo\/politique\/niger-des-voix-reclament-la-manifestation-de-la-verite-sur-les-evenements-tragiques-survenus-a-tamou","name":"Niger-Des voix r\u00e9clament la manifestation de la v\u00e9rit\u00e9 sur les \u00e9v\u00e8nements tragiques survenus \u00e0 Tamou - Togo","isPartOf":{"@id":"https:\/\/www.africa-press.net\/togo\/#website"},"primaryImageOfPage":{"@id":"https:\/\/www.africa-press.net\/togo\/politique\/niger-des-voix-reclament-la-manifestation-de-la-verite-sur-les-evenements-tragiques-survenus-a-tamou#primaryimage"},"image":{"@id":"https:\/\/www.africa-press.net\/togo\/politique\/niger-des-voix-reclament-la-manifestation-de-la-verite-sur-les-evenements-tragiques-survenus-a-tamou#primaryimage"},"thumbnailUrl":"https:\/\/static.africa-press.net\/togo\/sites\/58\/2022\/10\/postQueueImg_2-635d6c12888fb.jpg","datePublished":"2022-10-29T18:02:34+00:00","author":{"@id":"https:\/\/www.africa-press.net\/togo\/#\/schema\/person\/2b1cf3cd81a31e3cd26889ca66d677f1"},"breadcrumb":{"@id":"https:\/\/www.africa-press.net\/togo\/politique\/niger-des-voix-reclament-la-manifestation-de-la-verite-sur-les-evenements-tragiques-survenus-a-tamou#breadcrumb"},"inLanguage":"fr-FR","potentialAction":[{"@type":"ReadAction","target":["https:\/\/www.africa-press.net\/togo\/politique\/niger-des-voix-reclament-la-manifestation-de-la-verite-sur-les-evenements-tragiques-survenus-a-tamou"]}]},{"@type":"ImageObject","inLanguage":"fr-FR","@id":"https:\/\/www.africa-press.net\/togo\/politique\/niger-des-voix-reclament-la-manifestation-de-la-verite-sur-les-evenements-tragiques-survenus-a-tamou#primaryimage","url":"https:\/\/static.africa-press.net\/togo\/sites\/58\/2022\/10\/postQueueImg_2-635d6c12888fb.jpg","contentUrl":"https:\/\/static.africa-press.net\/togo\/sites\/58\/2022\/10\/postQueueImg_2-635d6c12888fb.jpg","width":1280,"height":800,"caption":"Niger-Des voix r\u00e9clament la manifestation de la v\u00e9rit\u00e9 sur les \u00e9v\u00e8nements tragiques survenus \u00e0 Tamou"},{"@type":"BreadcrumbList","@id":"https:\/\/www.africa-press.net\/togo\/politique\/niger-des-voix-reclament-la-manifestation-de-la-verite-sur-les-evenements-tragiques-survenus-a-tamou#breadcrumb","itemListElement":[{"@type":"ListItem","position":1,"name":"Accueil","item":"https:\/\/www.africa-press.net\/togo\/"},{"@type":"ListItem","position":2,"name":"Niger-Des voix r\u00e9clament la manifestation de la v\u00e9rit\u00e9 sur les \u00e9v\u00e8nements tragiques survenus \u00e0 Tamou"}]},{"@type":"WebSite","@id":"https:\/\/www.africa-press.net\/togo\/#website","url":"https:\/\/www.africa-press.net\/togo\/","name":"Togo","description":"Just another Africa News Agency Sites site","potentialAction":[{"@type":"SearchAction","target":{"@type":"EntryPoint","urlTemplate":"https:\/\/www.africa-press.net\/togo\/?s={search_term_string}"},"query-input":{"@type":"PropertyValueSpecification","valueRequired":true,"valueName":"search_term_string"}}],"inLanguage":"fr-FR"},{"@type":"Person","@id":"https:\/\/www.africa-press.net\/togo\/#\/schema\/person\/2b1cf3cd81a31e3cd26889ca66d677f1","name":"cfeditorfr"}]}},"_links":{"self":[{"href":"https:\/\/www.africa-press.net\/togo\/wp-json\/wp\/v2\/posts\/13083","targetHints":{"allow":["GET"]}}],"collection":[{"href":"https:\/\/www.africa-press.net\/togo\/wp-json\/wp\/v2\/posts"}],"about":[{"href":"https:\/\/www.africa-press.net\/togo\/wp-json\/wp\/v2\/types\/post"}],"author":[{"embeddable":true,"href":"https:\/\/www.africa-press.net\/togo\/wp-json\/wp\/v2\/users\/82"}],"replies":[{"embeddable":true,"href":"https:\/\/www.africa-press.net\/togo\/wp-json\/wp\/v2\/comments?post=13083"}],"version-history":[{"count":0,"href":"https:\/\/www.africa-press.net\/togo\/wp-json\/wp\/v2\/posts\/13083\/revisions"}],"wp:featuredmedia":[{"embeddable":true,"href":"https:\/\/www.africa-press.net\/togo\/wp-json\/wp\/v2\/media\/13082"}],"wp:attachment":[{"href":"https:\/\/www.africa-press.net\/togo\/wp-json\/wp\/v2\/media?parent=13083"}],"wp:term":[{"taxonomy":"category","embeddable":true,"href":"https:\/\/www.africa-press.net\/togo\/wp-json\/wp\/v2\/categories?post=13083"},{"taxonomy":"post_tag","embeddable":true,"href":"https:\/\/www.africa-press.net\/togo\/wp-json\/wp\/v2\/tags?post=13083"}],"curies":[{"name":"wp","href":"https:\/\/api.w.org\/{rel}","templated":true}]}}