{"id":13087,"date":"2022-10-29T18:03:14","date_gmt":"2022-10-29T18:03:14","guid":{"rendered":"https:\/\/www.africa-press.net\/togo\/politique\/togo-un-commercant-de-ferrailles-enculeur-condamne-a-5-ans-de-reclusion"},"modified":"2022-10-29T18:03:14","modified_gmt":"2022-10-29T18:03:14","slug":"togo-un-commercant-de-ferrailles-enculeur-condamne-a-5-ans-de-reclusion","status":"publish","type":"post","link":"https:\/\/www.africa-press.net\/togo\/toutes-les-actualites\/togo-un-commercant-de-ferrailles-enculeur-condamne-a-5-ans-de-reclusion","title":{"rendered":"Togo-Un commer\u00e7ant de ferrailles enculeur condamn\u00e9 \u00e0 5 ans de r\u00e9clusion"},"content":{"rendered":"<p><span style=\"color: #ff6600\"><strong>Africa-Press &#8211; Togo. <\/strong><\/span><b>Abdel-Aziz, 29 ans, a e\u0301te\u0301 reconnu coupable de \u00ab pe\u0301dophilie \u00bb et d\u2019\u00ab outrages aux bonnes m\u0153urs \u00bb conforme\u0301ment aux articles 224 et 393 du nouveau code pe\u0301nal.<\/b><\/p>\n<p>Dans ce proce\u0300s, qui s\u2019est de\u0301roule\u0301 le 25 octobre 2022 lors d\u2019une audience des assises de la Cour d\u2019appel, le ministe\u0300re public dans son re\u0301quisitoire a demande\u0301 a\u0300 la Cour une condamnation de 5 ans de re\u0301clusion criminelle et d\u2019une amende de 25 millions FCFA.<\/p>\n<p>Finalement, \u00ab la Cour a condamne\u0301 Adel-Aziz a\u0300 5 ans de re\u0301clusion criminelle, sans aucune amende \u00bb, parce que be\u0301ne\u0301ficiant \u00ab des circonstances atte\u0301nuantes \u00bb, a rapporte\u0301 le site Togotopnews.<\/p>\n<p>De nationalite\u0301 nige\u0301rienne, le mis en cause commerc\u0327ant de ferrailles a, selon les informations, entretenu des relations sexuelles par voie anale avec un petit garc\u0327on, dont l\u2019acte de naissance pouvant prouver l\u2019a\u0302ge re\u0301el manquait dans le dossier d\u2019accusation.<\/p>\n<p>Les faits se sont produits a\u0300 Badou, dans la pre\u0301fecture de Wawa, re\u0301gion des plateaux, dans la nuit du 17 fe\u0301vrier 2020.<\/p>\n<p><strong>Pour plus d&rsquo;informations et d&rsquo;analyses sur la <a href=\"https:\/\/www.africa-press.net\/togo\">Togo<\/a>, suivez <a href=\"https:\/\/www.africa-press.net\/\">Africa-Press<\/a><\/strong><\/p>\n","protected":false},"excerpt":{"rendered":"<p>Africa-Press &#8211; Togo. Abdel-Aziz, 29 ans, a e\u0301te\u0301 reconnu coupable de \u00ab pe\u0301dophilie \u00bb et d\u2019\u00ab outrages aux bonnes m\u0153urs \u00bb conforme\u0301ment aux articles 224 et 393 du nouveau code pe\u0301nal. Dans ce proce\u0300s, qui s\u2019est de\u0301roule\u0301 le 25 octobre 2022 lors d\u2019une audience des assises de la Cour d\u2019appel, le ministe\u0300re public dans son [&hellip;]<\/p>\n","protected":false},"author":82,"featured_media":13086,"comment_status":"open","ping_status":"closed","sticky":false,"template":"","format":"standard","meta":{"footnotes":""},"categories":[21,10],"tags":[36,49,50],"class_list":["post-13087","post","type-post","status-publish","format-standard","has-post-thumbnail","hentry","category-communaute","category-toutes-les-actualites","tag-africa-press","tag-africa-press-togo","tag-togo"],"yoast_head":"<!-- This site is optimized with the Yoast SEO Premium plugin v26.1 (Yoast SEO v27.0) - https:\/\/yoast.com\/product\/yoast-seo-premium-wordpress\/ -->\n<title>Togo-Un commer\u00e7ant de ferrailles enculeur condamn\u00e9 \u00e0 5 ans de r\u00e9clusion - Togo<\/title>\n<meta name=\"robots\" content=\"index, follow, max-snippet:-1, max-image-preview:large, max-video-preview:-1\" \/>\n<link rel=\"canonical\" href=\"https:\/\/www.africa-press.net\/togo\/politique\/togo-un-commercant-de-ferrailles-enculeur-condamne-a-5-ans-de-reclusion\" \/>\n<meta property=\"og:locale\" content=\"fr_FR\" \/>\n<meta property=\"og:type\" content=\"article\" \/>\n<meta property=\"og:title\" content=\"Togo-Un commer\u00e7ant de ferrailles enculeur condamn\u00e9 \u00e0 5 ans de r\u00e9clusion\" \/>\n<meta property=\"og:description\" content=\"Africa-Press &#8211; Togo. Abdel-Aziz, 29 ans, a e\u0301te\u0301 reconnu coupable de \u00ab pe\u0301dophilie \u00bb et d\u2019\u00ab outrages aux bonnes m\u0153urs \u00bb conforme\u0301ment aux articles 224 et 393 du nouveau code pe\u0301nal. Dans ce proce\u0300s, qui s\u2019est de\u0301roule\u0301 le 25 octobre 2022 lors d\u2019une audience des assises de la Cour d\u2019appel, le ministe\u0300re public dans son [&hellip;]\" \/>\n<meta property=\"og:url\" content=\"https:\/\/www.africa-press.net\/togo\/politique\/togo-un-commercant-de-ferrailles-enculeur-condamne-a-5-ans-de-reclusion\" \/>\n<meta property=\"og:site_name\" content=\"Togo\" \/>\n<meta property=\"article:published_time\" content=\"2022-10-29T18:03:14+00:00\" \/>\n<meta name=\"author\" content=\"cfeditorfr\" \/>\n<meta name=\"twitter:card\" content=\"summary_large_image\" \/>\n<meta name=\"twitter:label1\" content=\"\u00c9crit par\" \/>\n\t<meta name=\"twitter:data1\" content=\"cfeditorfr\" \/>\n\t<meta name=\"twitter:label2\" content=\"Dur\u00e9e de lecture estim\u00e9e\" \/>\n\t<meta name=\"twitter:data2\" content=\"1 minute\" \/>\n<script type=\"application\/ld+json\" class=\"yoast-schema-graph\">{\"@context\":\"https:\/\/schema.org\",\"@graph\":[{\"@type\":\"Article\",\"@id\":\"https:\/\/www.africa-press.net\/togo\/politique\/togo-un-commercant-de-ferrailles-enculeur-condamne-a-5-ans-de-reclusion#article\",\"isPartOf\":{\"@id\":\"https:\/\/www.africa-press.net\/togo\/politique\/togo-un-commercant-de-ferrailles-enculeur-condamne-a-5-ans-de-reclusion\"},\"author\":{\"name\":\"cfeditorfr\",\"@id\":\"https:\/\/www.africa-press.net\/togo\/#\/schema\/person\/2b1cf3cd81a31e3cd26889ca66d677f1\"},\"headline\":\"Togo-Un commer\u00e7ant de ferrailles enculeur condamn\u00e9 \u00e0 5 ans de r\u00e9clusion\",\"datePublished\":\"2022-10-29T18:03:14+00:00\",\"mainEntityOfPage\":{\"@id\":\"https:\/\/www.africa-press.net\/togo\/politique\/togo-un-commercant-de-ferrailles-enculeur-condamne-a-5-ans-de-reclusion\"},\"wordCount\":201,\"commentCount\":0,\"image\":{\"@id\":\"https:\/\/www.africa-press.net\/togo\/politique\/togo-un-commercant-de-ferrailles-enculeur-condamne-a-5-ans-de-reclusion#primaryimage\"},\"thumbnailUrl\":\"https:\/\/static.africa-press.net\/togo\/sites\/58\/2022\/10\/postQueueImg_4-635d6ce397d89.jpg\",\"keywords\":[\"Africa Press\",\"Africa Press-Togo\",\"Togo\"],\"articleSection\":[\"Communaut\u00e9\",\"Toutes les actualit\u00e9s\"],\"inLanguage\":\"fr-FR\",\"potentialAction\":[{\"@type\":\"CommentAction\",\"name\":\"Comment\",\"target\":[\"https:\/\/www.africa-press.net\/togo\/politique\/togo-un-commercant-de-ferrailles-enculeur-condamne-a-5-ans-de-reclusion#respond\"]}]},{\"@type\":\"WebPage\",\"@id\":\"https:\/\/www.africa-press.net\/togo\/politique\/togo-un-commercant-de-ferrailles-enculeur-condamne-a-5-ans-de-reclusion\",\"url\":\"https:\/\/www.africa-press.net\/togo\/politique\/togo-un-commercant-de-ferrailles-enculeur-condamne-a-5-ans-de-reclusion\",\"name\":\"Togo-Un commer\u00e7ant de ferrailles enculeur condamn\u00e9 \u00e0 5 ans de r\u00e9clusion - Togo\",\"isPartOf\":{\"@id\":\"https:\/\/www.africa-press.net\/togo\/#website\"},\"primaryImageOfPage\":{\"@id\":\"https:\/\/www.africa-press.net\/togo\/politique\/togo-un-commercant-de-ferrailles-enculeur-condamne-a-5-ans-de-reclusion#primaryimage\"},\"image\":{\"@id\":\"https:\/\/www.africa-press.net\/togo\/politique\/togo-un-commercant-de-ferrailles-enculeur-condamne-a-5-ans-de-reclusion#primaryimage\"},\"thumbnailUrl\":\"https:\/\/static.africa-press.net\/togo\/sites\/58\/2022\/10\/postQueueImg_4-635d6ce397d89.jpg\",\"datePublished\":\"2022-10-29T18:03:14+00:00\",\"author\":{\"@id\":\"https:\/\/www.africa-press.net\/togo\/#\/schema\/person\/2b1cf3cd81a31e3cd26889ca66d677f1\"},\"breadcrumb\":{\"@id\":\"https:\/\/www.africa-press.net\/togo\/politique\/togo-un-commercant-de-ferrailles-enculeur-condamne-a-5-ans-de-reclusion#breadcrumb\"},\"inLanguage\":\"fr-FR\",\"potentialAction\":[{\"@type\":\"ReadAction\",\"target\":[\"https:\/\/www.africa-press.net\/togo\/politique\/togo-un-commercant-de-ferrailles-enculeur-condamne-a-5-ans-de-reclusion\"]}]},{\"@type\":\"ImageObject\",\"inLanguage\":\"fr-FR\",\"@id\":\"https:\/\/www.africa-press.net\/togo\/politique\/togo-un-commercant-de-ferrailles-enculeur-condamne-a-5-ans-de-reclusion#primaryimage\",\"url\":\"https:\/\/static.africa-press.net\/togo\/sites\/58\/2022\/10\/postQueueImg_4-635d6ce397d89.jpg\",\"contentUrl\":\"https:\/\/static.africa-press.net\/togo\/sites\/58\/2022\/10\/postQueueImg_4-635d6ce397d89.jpg\",\"width\":1280,\"height\":800,\"caption\":\"Togo-Un commer\u00e7ant de ferrailles enculeur condamn\u00e9 \u00e0 5 ans de r\u00e9clusion\"},{\"@type\":\"BreadcrumbList\",\"@id\":\"https:\/\/www.africa-press.net\/togo\/politique\/togo-un-commercant-de-ferrailles-enculeur-condamne-a-5-ans-de-reclusion#breadcrumb\",\"itemListElement\":[{\"@type\":\"ListItem\",\"position\":1,\"name\":\"Accueil\",\"item\":\"https:\/\/www.africa-press.net\/togo\/\"},{\"@type\":\"ListItem\",\"position\":2,\"name\":\"Togo-Un commer\u00e7ant de ferrailles enculeur condamn\u00e9 \u00e0 5 ans de r\u00e9clusion\"}]},{\"@type\":\"WebSite\",\"@id\":\"https:\/\/www.africa-press.net\/togo\/#website\",\"url\":\"https:\/\/www.africa-press.net\/togo\/\",\"name\":\"Togo\",\"description\":\"Just another Africa News Agency Sites site\",\"potentialAction\":[{\"@type\":\"SearchAction\",\"target\":{\"@type\":\"EntryPoint\",\"urlTemplate\":\"https:\/\/www.africa-press.net\/togo\/?s={search_term_string}\"},\"query-input\":{\"@type\":\"PropertyValueSpecification\",\"valueRequired\":true,\"valueName\":\"search_term_string\"}}],\"inLanguage\":\"fr-FR\"},{\"@type\":\"Person\",\"@id\":\"https:\/\/www.africa-press.net\/togo\/#\/schema\/person\/2b1cf3cd81a31e3cd26889ca66d677f1\",\"name\":\"cfeditorfr\"}]}<\/script>\n<!-- \/ Yoast SEO Premium plugin. -->","yoast_head_json":{"title":"Togo-Un commer\u00e7ant de ferrailles enculeur condamn\u00e9 \u00e0 5 ans de r\u00e9clusion - Togo","robots":{"index":"index","follow":"follow","max-snippet":"max-snippet:-1","max-image-preview":"max-image-preview:large","max-video-preview":"max-video-preview:-1"},"canonical":"https:\/\/www.africa-press.net\/togo\/politique\/togo-un-commercant-de-ferrailles-enculeur-condamne-a-5-ans-de-reclusion","og_locale":"fr_FR","og_type":"article","og_title":"Togo-Un commer\u00e7ant de ferrailles enculeur condamn\u00e9 \u00e0 5 ans de r\u00e9clusion","og_description":"Africa-Press &#8211; Togo. Abdel-Aziz, 29 ans, a e\u0301te\u0301 reconnu coupable de \u00ab pe\u0301dophilie \u00bb et d\u2019\u00ab outrages aux bonnes m\u0153urs \u00bb conforme\u0301ment aux articles 224 et 393 du nouveau code pe\u0301nal. Dans ce proce\u0300s, qui s\u2019est de\u0301roule\u0301 le 25 octobre 2022 lors d\u2019une audience des assises de la Cour d\u2019appel, le ministe\u0300re public dans son [&hellip;]","og_url":"https:\/\/www.africa-press.net\/togo\/politique\/togo-un-commercant-de-ferrailles-enculeur-condamne-a-5-ans-de-reclusion","og_site_name":"Togo","article_published_time":"2022-10-29T18:03:14+00:00","author":"cfeditorfr","twitter_card":"summary_large_image","twitter_misc":{"\u00c9crit par":"cfeditorfr","Dur\u00e9e de lecture estim\u00e9e":"1 minute"},"schema":{"@context":"https:\/\/schema.org","@graph":[{"@type":"Article","@id":"https:\/\/www.africa-press.net\/togo\/politique\/togo-un-commercant-de-ferrailles-enculeur-condamne-a-5-ans-de-reclusion#article","isPartOf":{"@id":"https:\/\/www.africa-press.net\/togo\/politique\/togo-un-commercant-de-ferrailles-enculeur-condamne-a-5-ans-de-reclusion"},"author":{"name":"cfeditorfr","@id":"https:\/\/www.africa-press.net\/togo\/#\/schema\/person\/2b1cf3cd81a31e3cd26889ca66d677f1"},"headline":"Togo-Un commer\u00e7ant de ferrailles enculeur condamn\u00e9 \u00e0 5 ans de r\u00e9clusion","datePublished":"2022-10-29T18:03:14+00:00","mainEntityOfPage":{"@id":"https:\/\/www.africa-press.net\/togo\/politique\/togo-un-commercant-de-ferrailles-enculeur-condamne-a-5-ans-de-reclusion"},"wordCount":201,"commentCount":0,"image":{"@id":"https:\/\/www.africa-press.net\/togo\/politique\/togo-un-commercant-de-ferrailles-enculeur-condamne-a-5-ans-de-reclusion#primaryimage"},"thumbnailUrl":"https:\/\/static.africa-press.net\/togo\/sites\/58\/2022\/10\/postQueueImg_4-635d6ce397d89.jpg","keywords":["Africa Press","Africa Press-Togo","Togo"],"articleSection":["Communaut\u00e9","Toutes les actualit\u00e9s"],"inLanguage":"fr-FR","potentialAction":[{"@type":"CommentAction","name":"Comment","target":["https:\/\/www.africa-press.net\/togo\/politique\/togo-un-commercant-de-ferrailles-enculeur-condamne-a-5-ans-de-reclusion#respond"]}]},{"@type":"WebPage","@id":"https:\/\/www.africa-press.net\/togo\/politique\/togo-un-commercant-de-ferrailles-enculeur-condamne-a-5-ans-de-reclusion","url":"https:\/\/www.africa-press.net\/togo\/politique\/togo-un-commercant-de-ferrailles-enculeur-condamne-a-5-ans-de-reclusion","name":"Togo-Un commer\u00e7ant de ferrailles enculeur condamn\u00e9 \u00e0 5 ans de r\u00e9clusion - Togo","isPartOf":{"@id":"https:\/\/www.africa-press.net\/togo\/#website"},"primaryImageOfPage":{"@id":"https:\/\/www.africa-press.net\/togo\/politique\/togo-un-commercant-de-ferrailles-enculeur-condamne-a-5-ans-de-reclusion#primaryimage"},"image":{"@id":"https:\/\/www.africa-press.net\/togo\/politique\/togo-un-commercant-de-ferrailles-enculeur-condamne-a-5-ans-de-reclusion#primaryimage"},"thumbnailUrl":"https:\/\/static.africa-press.net\/togo\/sites\/58\/2022\/10\/postQueueImg_4-635d6ce397d89.jpg","datePublished":"2022-10-29T18:03:14+00:00","author":{"@id":"https:\/\/www.africa-press.net\/togo\/#\/schema\/person\/2b1cf3cd81a31e3cd26889ca66d677f1"},"breadcrumb":{"@id":"https:\/\/www.africa-press.net\/togo\/politique\/togo-un-commercant-de-ferrailles-enculeur-condamne-a-5-ans-de-reclusion#breadcrumb"},"inLanguage":"fr-FR","potentialAction":[{"@type":"ReadAction","target":["https:\/\/www.africa-press.net\/togo\/politique\/togo-un-commercant-de-ferrailles-enculeur-condamne-a-5-ans-de-reclusion"]}]},{"@type":"ImageObject","inLanguage":"fr-FR","@id":"https:\/\/www.africa-press.net\/togo\/politique\/togo-un-commercant-de-ferrailles-enculeur-condamne-a-5-ans-de-reclusion#primaryimage","url":"https:\/\/static.africa-press.net\/togo\/sites\/58\/2022\/10\/postQueueImg_4-635d6ce397d89.jpg","contentUrl":"https:\/\/static.africa-press.net\/togo\/sites\/58\/2022\/10\/postQueueImg_4-635d6ce397d89.jpg","width":1280,"height":800,"caption":"Togo-Un commer\u00e7ant de ferrailles enculeur condamn\u00e9 \u00e0 5 ans de r\u00e9clusion"},{"@type":"BreadcrumbList","@id":"https:\/\/www.africa-press.net\/togo\/politique\/togo-un-commercant-de-ferrailles-enculeur-condamne-a-5-ans-de-reclusion#breadcrumb","itemListElement":[{"@type":"ListItem","position":1,"name":"Accueil","item":"https:\/\/www.africa-press.net\/togo\/"},{"@type":"ListItem","position":2,"name":"Togo-Un commer\u00e7ant de ferrailles enculeur condamn\u00e9 \u00e0 5 ans de r\u00e9clusion"}]},{"@type":"WebSite","@id":"https:\/\/www.africa-press.net\/togo\/#website","url":"https:\/\/www.africa-press.net\/togo\/","name":"Togo","description":"Just another Africa News Agency Sites site","potentialAction":[{"@type":"SearchAction","target":{"@type":"EntryPoint","urlTemplate":"https:\/\/www.africa-press.net\/togo\/?s={search_term_string}"},"query-input":{"@type":"PropertyValueSpecification","valueRequired":true,"valueName":"search_term_string"}}],"inLanguage":"fr-FR"},{"@type":"Person","@id":"https:\/\/www.africa-press.net\/togo\/#\/schema\/person\/2b1cf3cd81a31e3cd26889ca66d677f1","name":"cfeditorfr"}]}},"_links":{"self":[{"href":"https:\/\/www.africa-press.net\/togo\/wp-json\/wp\/v2\/posts\/13087","targetHints":{"allow":["GET"]}}],"collection":[{"href":"https:\/\/www.africa-press.net\/togo\/wp-json\/wp\/v2\/posts"}],"about":[{"href":"https:\/\/www.africa-press.net\/togo\/wp-json\/wp\/v2\/types\/post"}],"author":[{"embeddable":true,"href":"https:\/\/www.africa-press.net\/togo\/wp-json\/wp\/v2\/users\/82"}],"replies":[{"embeddable":true,"href":"https:\/\/www.africa-press.net\/togo\/wp-json\/wp\/v2\/comments?post=13087"}],"version-history":[{"count":0,"href":"https:\/\/www.africa-press.net\/togo\/wp-json\/wp\/v2\/posts\/13087\/revisions"}],"wp:featuredmedia":[{"embeddable":true,"href":"https:\/\/www.africa-press.net\/togo\/wp-json\/wp\/v2\/media\/13086"}],"wp:attachment":[{"href":"https:\/\/www.africa-press.net\/togo\/wp-json\/wp\/v2\/media?parent=13087"}],"wp:term":[{"taxonomy":"category","embeddable":true,"href":"https:\/\/www.africa-press.net\/togo\/wp-json\/wp\/v2\/categories?post=13087"},{"taxonomy":"post_tag","embeddable":true,"href":"https:\/\/www.africa-press.net\/togo\/wp-json\/wp\/v2\/tags?post=13087"}],"curies":[{"name":"wp","href":"https:\/\/api.w.org\/{rel}","templated":true}]}}