{"id":13188,"date":"2022-10-31T19:12:41","date_gmt":"2022-10-31T19:12:41","guid":{"rendered":"https:\/\/www.africa-press.net\/togo\/politique\/medias-et-climat-la-charte-participe-dune-attente-anne-sophie-novel"},"modified":"2022-10-31T19:12:41","modified_gmt":"2022-10-31T19:12:41","slug":"medias-et-climat-la-charte-participe-dune-attente-anne-sophie-novel","status":"publish","type":"post","link":"https:\/\/www.africa-press.net\/togo\/politique\/medias-et-climat-la-charte-participe-dune-attente-anne-sophie-novel","title":{"rendered":"M\u00e9dias et climat : \u00ab La charte participe d\u2019une attente \u00bb, Anne-Sophie Novel"},"content":{"rendered":"<p><span style=\"color: #ff6600\"><strong>Africa-Press &#8211; Togo. <\/strong><\/span><b>Face a\u0300 la crise e\u0301cologique qui touche la plane\u0300te, les associations ou encore des journalistes se mobilisent. Ils re\u0301clament un journalisme a\u0300 la hauteur de l\u2019urgence e\u0301cologique. C\u2019est a\u0300 travers une charte publie\u0301e le 14 septembre 2022 en France. Re\u0301dige\u0301 par un collectif de journaliste, signe\u0301 par plus de 100 me\u0301dias, plus d\u2019un millier de journalistes, en plus des organisations; le document initie\u0301 par le me\u0301dia inde\u0301pendant Vert.eco contient 13 recommandations.<\/b><\/p>\n<p>La journaliste franc\u0327aise Anne-Sophie Novel est l\u2019une des instigatrices de la fameuse charte. Elle est l\u2019invite\u0301e de Kossi Balao, le Directeur du Forum Pamela Howard de l\u2019ICFJ sur le Reportage des Crises Mondiales, le jeudi 20 octobre 2022, lors du webinaire 103 dudit forum axe\u0301 sur le the\u0300me \u00ab Comment pratiquer un journalisme a\u0300 la hauteur de l\u2019urgence e\u0301cologique ? \u00bb<\/p>\n<p>Interroge\u0301e sur les raisons de ce document et son importance, l\u2019enseignante du journalisme environnemental a\u0300 l\u2019E\u0301cole supe\u0301rieure de journalisme de Lille explique que \u00ab rien dans la profession n\u2019offrait de cadre pour mieux traiter ces questions d\u2019e\u0301cologie \u00bb.<\/p>\n<p>Avant d\u2019ajouter : \u00ab La charte est publie\u0301e en Franc\u0327ais. (&#8230;) On peut le lire biento\u0302t en Anglais, en Italien, en Espagnol, en Allemand \u00bb.<\/p>\n<p>Pour elle, cette charte \u00ab participe d\u2019une attente aussi bien au sein de la profession que dans des organisations professionnelles ou au sein du public. C\u2019est pluto\u0302t satisfaisant parce qu\u2019on participe d\u2019une certaine manie\u0300re a\u0300 l\u2019e\u0301volution peut-e\u0302tre a\u0300 une bascule de la profession me\u0302me si on est conscient qu\u2019il va falloir encore beaucoup de temps pour que c\u0327a e\u0301volue \u00bb.<\/p>\n<p><b>La situation est suffisamment pre\u0301occupante<\/b><\/p>\n<p>Alors le sujet est ne\u0301glige\u0301 ou quasiment absent des journaux, Anne-Sophie Novel rele\u0300ve que la situation est grave au point que les me\u0301dias doivent aborder davantage la pre\u0301occupation e\u0301cologique.<\/p>\n<p>\u00ab Aujourd\u2019hui les alertes des scientifiques, que ce soient les membres du Groupe d\u2019experts intergouvernemental sur l\u2019e\u0301volution du climat (Giec) et d\u2019autres instituts de recherche montrent dans un rapport a\u0300 l\u2019autre a\u0300 quel point nous sommes dans l\u2019urgence d\u2019agir. Que la fene\u0302tre de tir s\u2019est re\u0301duite alors que cela fait 50 ans que nous sommes au courant. Au-dela\u0300 de c\u0327a il y a une propagande qui a e\u0301te\u0301 organise\u0301e avec des industries fossiles qui ont achete\u0301 des chercheurs. Ils ont fait des campagnes de communication a\u0300 l\u2019inverse de ce qui devait e\u0302tre faire \u00bb, explique-t-elle.<\/p>\n<p>La journaliste franc\u0327aise qui enseigne e\u0301galement a\u0300 l\u2019Institut de Journalisme Bordeaux Aquitaine pre\u0301cise : \u00ab On a perdu un peu de temps \u00bb.<\/p>\n<p><b>Le ro\u0302le des me\u0301dias<\/b><\/p>\n<p>Interroge\u0301e sur le ro\u0302le des journaux face a\u0300 cette crise majeure, la journaliste spe\u0301cialise\u0301e en e\u0301cologie rele\u0300ve que le \u00ab devoir du journaliste c\u2019est d\u2019e\u0301clairer tout c\u0327a. Finalement ces proble\u0301matiques nous obligent. Ce n\u2019est pas juste une question ou une rubrique environnement. Les journalistes doivent traiter le climat, le vivant et la justice sociale de manie\u0300re transversale \u00bb.<\/p>\n<p>Anne-Sophie Novel ajoute que cela doit amener le journaliste a\u0300 requestionner l\u2019e\u0301conomie, la politique, la culture, le sport a\u0300 l\u2019aune de cette pre\u0301occupation.<\/p>\n<p>\u00ab Parce qu\u2019on doit transformer comple\u0300tement le mode\u0300le dans lequel on est surtout dans les pays occidentaux. J\u2019insiste parce que ces pays avec leur mode\u0300le de de\u0301veloppement ont ge\u0301ne\u0301re\u0301 le plus d\u2019impacts et de de\u0301ga\u0302ts en la matie\u0300re \u00bb, souligne la journaliste franc\u0327aise.<\/p>\n<p><b>Donner la parole aux vrais experts<\/b><\/p>\n<p>Si entretemps les me\u0301dias donnaient la parole aux climatosceptiques (des personnes qui nient la re\u0301alite\u0301 climatique) estimant que leurs paroles et celles des scientifiques valaient la me\u0302me chose, Anne-Sophie Novel explique que cette e\u0301poque est re\u0301volue.<\/p>\n<p>\u00ab Aujourd\u2019hui on a de\u0301passe\u0301 ce stade-la\u0300. Les scientifiques sont unanimes quasiment a\u0300 100%. Ce sont des faits de\u0301nonce\u0301s par le Giec. Et, la BBC l\u2019a si bien compris. Depuis 2015 ils ont cesse\u0301 de faire ce type de de\u0301bat en invitant des sceptiques. Maintenant la proble\u0301matique est de dire qui invite-t-on pour parler de quoi ? \u00bb, insiste l\u2019invite\u0301e de Kossi Balao.<\/p>\n<p>La professionnelle de me\u0301dia invite donc ses colle\u0300gues journalistes \u00ab de bien faire notre me\u0301tier, d\u2019aller sourcer les bonnes personnes. Mais surtout de trouver le temps pour travailler le fond des sujets. Parce que ces sujets sont complique\u0301s. En plus d\u2019avoir assez d\u2019e\u0301le\u0301ments de re\u0301ponses pour questionner convenablement, de\u0301busquer d\u2019e\u0301ventuels fake news, etc. \u00bb.<\/p>\n<p><b>La formation<\/b><\/p>\n<p>L\u2019urgence e\u0301cologique demeure un sujet complique\u0301. N\u2019en parle pas qui veut. Le journaliste doit avoir le background pour aborder la proble\u0301matique aise\u0301ment.<\/p>\n<p>\u00ab Mais ce n\u2019est pas facile. Il faut du temps pour se former. C\u2019est pourquoi dans la charte on fait apparai\u0302tre cette question de formation essentielle \u00bb, indique la journaliste inde\u0301pendante et autrice.<\/p>\n<p>Elle poursuit : \u00ab On a des e\u0301coles de journalisme qui depuis trois ans maintenant, commencent a\u0300 augmenter le volume de cours sur ces sujets pour les jeunes journalistes qui sont biento\u0302t diplo\u0302me\u0301s. On a des organismes de formation. Notamment de grandes re\u0301dactions nationales qui ont commence\u0301 a\u0300 se mettre sur ces sujets et a\u0300 former leurs personnels. A l\u2019e\u0301tranger il y a des re\u0301seaux qui se sont mis en place qui proposent de solutions dans le traitement de ces questions. L\u2019Oxford journalism center propose aussi de la formation et de l\u2019accompagnement. Ces opportunite\u0301s-la\u0300 se multiplient de plus en plus \u00bb.<\/p>\n<p><strong>Pour plus d&rsquo;informations et d&rsquo;analyses sur la <a href=\"https:\/\/www.africa-press.net\/togo\">Togo<\/a>, suivez <a href=\"https:\/\/www.africa-press.net\/\">Africa-Press<\/a><\/strong><\/p>\n","protected":false},"excerpt":{"rendered":"<p>Africa-Press &#8211; Togo. Face a\u0300 la crise e\u0301cologique qui touche la plane\u0300te, les associations ou encore des journalistes se mobilisent. Ils re\u0301clament un journalisme a\u0300 la hauteur de l\u2019urgence e\u0301cologique. C\u2019est a\u0300 travers une charte publie\u0301e le 14 septembre 2022 en France. Re\u0301dige\u0301 par un collectif de journaliste, signe\u0301 par plus de 100 me\u0301dias, plus [&hellip;]<\/p>\n","protected":false},"author":82,"featured_media":13187,"comment_status":"open","ping_status":"closed","sticky":false,"template":"","format":"standard","meta":{"footnotes":""},"categories":[2,10],"tags":[36,49,50],"class_list":["post-13188","post","type-post","status-publish","format-standard","has-post-thumbnail","hentry","category-politique","category-toutes-les-actualites","tag-africa-press","tag-africa-press-togo","tag-togo"],"yoast_head":"<!-- This site is optimized with the Yoast SEO Premium plugin v26.1 (Yoast SEO v27.0) - https:\/\/yoast.com\/product\/yoast-seo-premium-wordpress\/ -->\n<title>M\u00e9dias et climat : \u00ab La charte participe d\u2019une attente \u00bb, Anne-Sophie Novel - Togo<\/title>\n<meta name=\"robots\" content=\"index, follow, max-snippet:-1, max-image-preview:large, max-video-preview:-1\" \/>\n<link rel=\"canonical\" href=\"https:\/\/www.africa-press.net\/togo\/politique\/medias-et-climat-la-charte-participe-dune-attente-anne-sophie-novel\" \/>\n<meta property=\"og:locale\" content=\"fr_FR\" \/>\n<meta property=\"og:type\" content=\"article\" \/>\n<meta property=\"og:title\" content=\"M\u00e9dias et climat : \u00ab La charte participe d\u2019une attente \u00bb, Anne-Sophie Novel\" \/>\n<meta property=\"og:description\" content=\"Africa-Press &#8211; Togo. Face a\u0300 la crise e\u0301cologique qui touche la plane\u0300te, les associations ou encore des journalistes se mobilisent. Ils re\u0301clament un journalisme a\u0300 la hauteur de l\u2019urgence e\u0301cologique. C\u2019est a\u0300 travers une charte publie\u0301e le 14 septembre 2022 en France. Re\u0301dige\u0301 par un collectif de journaliste, signe\u0301 par plus de 100 me\u0301dias, plus [&hellip;]\" \/>\n<meta property=\"og:url\" content=\"https:\/\/www.africa-press.net\/togo\/politique\/medias-et-climat-la-charte-participe-dune-attente-anne-sophie-novel\" \/>\n<meta property=\"og:site_name\" content=\"Togo\" \/>\n<meta property=\"article:published_time\" content=\"2022-10-31T19:12:41+00:00\" \/>\n<meta name=\"author\" content=\"cfeditorfr\" \/>\n<meta name=\"twitter:card\" content=\"summary_large_image\" \/>\n<meta name=\"twitter:label1\" content=\"\u00c9crit par\" \/>\n\t<meta name=\"twitter:data1\" content=\"cfeditorfr\" \/>\n\t<meta name=\"twitter:label2\" content=\"Dur\u00e9e de lecture estim\u00e9e\" \/>\n\t<meta name=\"twitter:data2\" content=\"5 minutes\" \/>\n<script type=\"application\/ld+json\" class=\"yoast-schema-graph\">{\"@context\":\"https:\/\/schema.org\",\"@graph\":[{\"@type\":\"Article\",\"@id\":\"https:\/\/www.africa-press.net\/togo\/politique\/medias-et-climat-la-charte-participe-dune-attente-anne-sophie-novel#article\",\"isPartOf\":{\"@id\":\"https:\/\/www.africa-press.net\/togo\/politique\/medias-et-climat-la-charte-participe-dune-attente-anne-sophie-novel\"},\"author\":{\"name\":\"cfeditorfr\",\"@id\":\"https:\/\/www.africa-press.net\/togo\/#\/schema\/person\/2b1cf3cd81a31e3cd26889ca66d677f1\"},\"headline\":\"M\u00e9dias et climat : \u00ab La charte participe d\u2019une attente \u00bb, Anne-Sophie Novel\",\"datePublished\":\"2022-10-31T19:12:41+00:00\",\"mainEntityOfPage\":{\"@id\":\"https:\/\/www.africa-press.net\/togo\/politique\/medias-et-climat-la-charte-participe-dune-attente-anne-sophie-novel\"},\"wordCount\":990,\"commentCount\":0,\"image\":{\"@id\":\"https:\/\/www.africa-press.net\/togo\/politique\/medias-et-climat-la-charte-participe-dune-attente-anne-sophie-novel#primaryimage\"},\"thumbnailUrl\":\"https:\/\/static.africa-press.net\/togo\/sites\/58\/2022\/10\/postQueueImg_4-636021858d62a.jpg\",\"keywords\":[\"Africa Press\",\"Africa Press-Togo\",\"Togo\"],\"articleSection\":[\"Politique\",\"Toutes les actualit\u00e9s\"],\"inLanguage\":\"fr-FR\",\"potentialAction\":[{\"@type\":\"CommentAction\",\"name\":\"Comment\",\"target\":[\"https:\/\/www.africa-press.net\/togo\/politique\/medias-et-climat-la-charte-participe-dune-attente-anne-sophie-novel#respond\"]}]},{\"@type\":\"WebPage\",\"@id\":\"https:\/\/www.africa-press.net\/togo\/politique\/medias-et-climat-la-charte-participe-dune-attente-anne-sophie-novel\",\"url\":\"https:\/\/www.africa-press.net\/togo\/politique\/medias-et-climat-la-charte-participe-dune-attente-anne-sophie-novel\",\"name\":\"M\u00e9dias et climat : \u00ab La charte participe d\u2019une attente \u00bb, Anne-Sophie Novel - Togo\",\"isPartOf\":{\"@id\":\"https:\/\/www.africa-press.net\/togo\/#website\"},\"primaryImageOfPage\":{\"@id\":\"https:\/\/www.africa-press.net\/togo\/politique\/medias-et-climat-la-charte-participe-dune-attente-anne-sophie-novel#primaryimage\"},\"image\":{\"@id\":\"https:\/\/www.africa-press.net\/togo\/politique\/medias-et-climat-la-charte-participe-dune-attente-anne-sophie-novel#primaryimage\"},\"thumbnailUrl\":\"https:\/\/static.africa-press.net\/togo\/sites\/58\/2022\/10\/postQueueImg_4-636021858d62a.jpg\",\"datePublished\":\"2022-10-31T19:12:41+00:00\",\"author\":{\"@id\":\"https:\/\/www.africa-press.net\/togo\/#\/schema\/person\/2b1cf3cd81a31e3cd26889ca66d677f1\"},\"breadcrumb\":{\"@id\":\"https:\/\/www.africa-press.net\/togo\/politique\/medias-et-climat-la-charte-participe-dune-attente-anne-sophie-novel#breadcrumb\"},\"inLanguage\":\"fr-FR\",\"potentialAction\":[{\"@type\":\"ReadAction\",\"target\":[\"https:\/\/www.africa-press.net\/togo\/politique\/medias-et-climat-la-charte-participe-dune-attente-anne-sophie-novel\"]}]},{\"@type\":\"ImageObject\",\"inLanguage\":\"fr-FR\",\"@id\":\"https:\/\/www.africa-press.net\/togo\/politique\/medias-et-climat-la-charte-participe-dune-attente-anne-sophie-novel#primaryimage\",\"url\":\"https:\/\/static.africa-press.net\/togo\/sites\/58\/2022\/10\/postQueueImg_4-636021858d62a.jpg\",\"contentUrl\":\"https:\/\/static.africa-press.net\/togo\/sites\/58\/2022\/10\/postQueueImg_4-636021858d62a.jpg\",\"width\":1280,\"height\":800,\"caption\":\"M\u00e9dias et climat : \u00ab La charte participe d\u2019une attente \u00bb, Anne-Sophie Novel\"},{\"@type\":\"BreadcrumbList\",\"@id\":\"https:\/\/www.africa-press.net\/togo\/politique\/medias-et-climat-la-charte-participe-dune-attente-anne-sophie-novel#breadcrumb\",\"itemListElement\":[{\"@type\":\"ListItem\",\"position\":1,\"name\":\"Accueil\",\"item\":\"https:\/\/www.africa-press.net\/togo\/\"},{\"@type\":\"ListItem\",\"position\":2,\"name\":\"M\u00e9dias et climat : \u00ab La charte participe d\u2019une attente \u00bb, Anne-Sophie Novel\"}]},{\"@type\":\"WebSite\",\"@id\":\"https:\/\/www.africa-press.net\/togo\/#website\",\"url\":\"https:\/\/www.africa-press.net\/togo\/\",\"name\":\"Togo\",\"description\":\"Just another Africa News Agency Sites site\",\"potentialAction\":[{\"@type\":\"SearchAction\",\"target\":{\"@type\":\"EntryPoint\",\"urlTemplate\":\"https:\/\/www.africa-press.net\/togo\/?s={search_term_string}\"},\"query-input\":{\"@type\":\"PropertyValueSpecification\",\"valueRequired\":true,\"valueName\":\"search_term_string\"}}],\"inLanguage\":\"fr-FR\"},{\"@type\":\"Person\",\"@id\":\"https:\/\/www.africa-press.net\/togo\/#\/schema\/person\/2b1cf3cd81a31e3cd26889ca66d677f1\",\"name\":\"cfeditorfr\"}]}<\/script>\n<!-- \/ Yoast SEO Premium plugin. -->","yoast_head_json":{"title":"M\u00e9dias et climat : \u00ab La charte participe d\u2019une attente \u00bb, Anne-Sophie Novel - Togo","robots":{"index":"index","follow":"follow","max-snippet":"max-snippet:-1","max-image-preview":"max-image-preview:large","max-video-preview":"max-video-preview:-1"},"canonical":"https:\/\/www.africa-press.net\/togo\/politique\/medias-et-climat-la-charte-participe-dune-attente-anne-sophie-novel","og_locale":"fr_FR","og_type":"article","og_title":"M\u00e9dias et climat : \u00ab La charte participe d\u2019une attente \u00bb, Anne-Sophie Novel","og_description":"Africa-Press &#8211; Togo. Face a\u0300 la crise e\u0301cologique qui touche la plane\u0300te, les associations ou encore des journalistes se mobilisent. Ils re\u0301clament un journalisme a\u0300 la hauteur de l\u2019urgence e\u0301cologique. C\u2019est a\u0300 travers une charte publie\u0301e le 14 septembre 2022 en France. Re\u0301dige\u0301 par un collectif de journaliste, signe\u0301 par plus de 100 me\u0301dias, plus [&hellip;]","og_url":"https:\/\/www.africa-press.net\/togo\/politique\/medias-et-climat-la-charte-participe-dune-attente-anne-sophie-novel","og_site_name":"Togo","article_published_time":"2022-10-31T19:12:41+00:00","author":"cfeditorfr","twitter_card":"summary_large_image","twitter_misc":{"\u00c9crit par":"cfeditorfr","Dur\u00e9e de lecture estim\u00e9e":"5 minutes"},"schema":{"@context":"https:\/\/schema.org","@graph":[{"@type":"Article","@id":"https:\/\/www.africa-press.net\/togo\/politique\/medias-et-climat-la-charte-participe-dune-attente-anne-sophie-novel#article","isPartOf":{"@id":"https:\/\/www.africa-press.net\/togo\/politique\/medias-et-climat-la-charte-participe-dune-attente-anne-sophie-novel"},"author":{"name":"cfeditorfr","@id":"https:\/\/www.africa-press.net\/togo\/#\/schema\/person\/2b1cf3cd81a31e3cd26889ca66d677f1"},"headline":"M\u00e9dias et climat : \u00ab La charte participe d\u2019une attente \u00bb, Anne-Sophie Novel","datePublished":"2022-10-31T19:12:41+00:00","mainEntityOfPage":{"@id":"https:\/\/www.africa-press.net\/togo\/politique\/medias-et-climat-la-charte-participe-dune-attente-anne-sophie-novel"},"wordCount":990,"commentCount":0,"image":{"@id":"https:\/\/www.africa-press.net\/togo\/politique\/medias-et-climat-la-charte-participe-dune-attente-anne-sophie-novel#primaryimage"},"thumbnailUrl":"https:\/\/static.africa-press.net\/togo\/sites\/58\/2022\/10\/postQueueImg_4-636021858d62a.jpg","keywords":["Africa Press","Africa Press-Togo","Togo"],"articleSection":["Politique","Toutes les actualit\u00e9s"],"inLanguage":"fr-FR","potentialAction":[{"@type":"CommentAction","name":"Comment","target":["https:\/\/www.africa-press.net\/togo\/politique\/medias-et-climat-la-charte-participe-dune-attente-anne-sophie-novel#respond"]}]},{"@type":"WebPage","@id":"https:\/\/www.africa-press.net\/togo\/politique\/medias-et-climat-la-charte-participe-dune-attente-anne-sophie-novel","url":"https:\/\/www.africa-press.net\/togo\/politique\/medias-et-climat-la-charte-participe-dune-attente-anne-sophie-novel","name":"M\u00e9dias et climat : \u00ab La charte participe d\u2019une attente \u00bb, Anne-Sophie Novel - Togo","isPartOf":{"@id":"https:\/\/www.africa-press.net\/togo\/#website"},"primaryImageOfPage":{"@id":"https:\/\/www.africa-press.net\/togo\/politique\/medias-et-climat-la-charte-participe-dune-attente-anne-sophie-novel#primaryimage"},"image":{"@id":"https:\/\/www.africa-press.net\/togo\/politique\/medias-et-climat-la-charte-participe-dune-attente-anne-sophie-novel#primaryimage"},"thumbnailUrl":"https:\/\/static.africa-press.net\/togo\/sites\/58\/2022\/10\/postQueueImg_4-636021858d62a.jpg","datePublished":"2022-10-31T19:12:41+00:00","author":{"@id":"https:\/\/www.africa-press.net\/togo\/#\/schema\/person\/2b1cf3cd81a31e3cd26889ca66d677f1"},"breadcrumb":{"@id":"https:\/\/www.africa-press.net\/togo\/politique\/medias-et-climat-la-charte-participe-dune-attente-anne-sophie-novel#breadcrumb"},"inLanguage":"fr-FR","potentialAction":[{"@type":"ReadAction","target":["https:\/\/www.africa-press.net\/togo\/politique\/medias-et-climat-la-charte-participe-dune-attente-anne-sophie-novel"]}]},{"@type":"ImageObject","inLanguage":"fr-FR","@id":"https:\/\/www.africa-press.net\/togo\/politique\/medias-et-climat-la-charte-participe-dune-attente-anne-sophie-novel#primaryimage","url":"https:\/\/static.africa-press.net\/togo\/sites\/58\/2022\/10\/postQueueImg_4-636021858d62a.jpg","contentUrl":"https:\/\/static.africa-press.net\/togo\/sites\/58\/2022\/10\/postQueueImg_4-636021858d62a.jpg","width":1280,"height":800,"caption":"M\u00e9dias et climat : \u00ab La charte participe d\u2019une attente \u00bb, Anne-Sophie Novel"},{"@type":"BreadcrumbList","@id":"https:\/\/www.africa-press.net\/togo\/politique\/medias-et-climat-la-charte-participe-dune-attente-anne-sophie-novel#breadcrumb","itemListElement":[{"@type":"ListItem","position":1,"name":"Accueil","item":"https:\/\/www.africa-press.net\/togo\/"},{"@type":"ListItem","position":2,"name":"M\u00e9dias et climat : \u00ab La charte participe d\u2019une attente \u00bb, Anne-Sophie Novel"}]},{"@type":"WebSite","@id":"https:\/\/www.africa-press.net\/togo\/#website","url":"https:\/\/www.africa-press.net\/togo\/","name":"Togo","description":"Just another Africa News Agency Sites site","potentialAction":[{"@type":"SearchAction","target":{"@type":"EntryPoint","urlTemplate":"https:\/\/www.africa-press.net\/togo\/?s={search_term_string}"},"query-input":{"@type":"PropertyValueSpecification","valueRequired":true,"valueName":"search_term_string"}}],"inLanguage":"fr-FR"},{"@type":"Person","@id":"https:\/\/www.africa-press.net\/togo\/#\/schema\/person\/2b1cf3cd81a31e3cd26889ca66d677f1","name":"cfeditorfr"}]}},"_links":{"self":[{"href":"https:\/\/www.africa-press.net\/togo\/wp-json\/wp\/v2\/posts\/13188","targetHints":{"allow":["GET"]}}],"collection":[{"href":"https:\/\/www.africa-press.net\/togo\/wp-json\/wp\/v2\/posts"}],"about":[{"href":"https:\/\/www.africa-press.net\/togo\/wp-json\/wp\/v2\/types\/post"}],"author":[{"embeddable":true,"href":"https:\/\/www.africa-press.net\/togo\/wp-json\/wp\/v2\/users\/82"}],"replies":[{"embeddable":true,"href":"https:\/\/www.africa-press.net\/togo\/wp-json\/wp\/v2\/comments?post=13188"}],"version-history":[{"count":0,"href":"https:\/\/www.africa-press.net\/togo\/wp-json\/wp\/v2\/posts\/13188\/revisions"}],"wp:featuredmedia":[{"embeddable":true,"href":"https:\/\/www.africa-press.net\/togo\/wp-json\/wp\/v2\/media\/13187"}],"wp:attachment":[{"href":"https:\/\/www.africa-press.net\/togo\/wp-json\/wp\/v2\/media?parent=13188"}],"wp:term":[{"taxonomy":"category","embeddable":true,"href":"https:\/\/www.africa-press.net\/togo\/wp-json\/wp\/v2\/categories?post=13188"},{"taxonomy":"post_tag","embeddable":true,"href":"https:\/\/www.africa-press.net\/togo\/wp-json\/wp\/v2\/tags?post=13188"}],"curies":[{"name":"wp","href":"https:\/\/api.w.org\/{rel}","templated":true}]}}