{"id":13246,"date":"2022-11-01T17:02:00","date_gmt":"2022-11-01T17:02:00","guid":{"rendered":"https:\/\/www.africa-press.net\/togo\/politique\/togo-la-peur-dune-fin-de-regne-au-long-cours"},"modified":"2022-11-01T17:07:59","modified_gmt":"2022-11-01T17:07:59","slug":"togo-la-peur-dune-fin-de-regne-au-long-cours","status":"publish","type":"post","link":"https:\/\/www.africa-press.net\/togo\/politique\/togo-la-peur-dune-fin-de-regne-au-long-cours","title":{"rendered":"Togo- La peur d\u2019une fin de r\u00e8gne au long cours"},"content":{"rendered":"<p><span style=\"color: #ff6600\"><strong>Africa-Press &#8211; Togo. <\/strong><\/span><b>\u00ab Il y a dans le pouvoir sans bornes une sorte de vertige qui saisit le ge\u0301nie comme la sottise, et les perd e\u0301galement l\u2019un et l\u2019autre \u00bb (Mme de Stae\u0308l). Friand de voyages, Faure Gnassingbe\u0301 est malheureusement cloue\u0301 au sol depuis quelque temps sans qu\u2019on ne sache ve\u0301ritablement les raisons de ce se\u0301dentarisme pre\u0301sidentiel peu habituel. <\/b><\/p>\n<p>Le jeune pre\u0301sident, on le sait, a toujours e\u0301te\u0301 regardant sur son image et une reconnaissance a\u0300 l\u2019international. De ce fait, en e\u0301ternel globe-trotter, sa silhouette est aperc\u0327ue partout dans les confe\u0301rences et autres grands rendez-vous internationaux. Mais subitement, il est devenu casanier comme s\u2019il souffrirait d\u2019un terrible mal de l\u2019air.<\/p>\n<p>La semaine dernie\u0300re, Faure Gnassingbe\u0301 a brille\u0301 par son absence fort remarque\u0301e a\u0300 la 77e\u0300me Assemble\u0301e ge\u0301ne\u0301rale des Nations Unies a\u0300 New York ou\u0300 tout l\u2019ae\u0301ropage des chefs africains e\u0301tait pre\u0301sent et tro\u0302nait aux premie\u0300res loges aux co\u0302te\u0301s des de\u0301cideurs du monde. A ce rendez-vous de VIP et de grandes personnalite\u0301s du monde, le chef d\u2019Etat togolais, en que\u0302te de visibilite\u0301, normalement ne devrait manquer sous aucun pre\u0301texte.<\/p>\n<p>C\u2019est le moment privile\u0301gie\u0301 pour avoir, en marge de cet e\u0301ve\u0300nement, des entrevues avec ses pairs africains et rencontrer diverses personnalite\u0301s du monde politique et e\u0301conomique occidental. Surtout qu\u2019il cherche a\u0300 s\u2019imposer de\u0301sormais comme incontournable dans la re\u0301solution des crises au Sahel et sur le continent.<\/p>\n<p>Faure Gnassingbe\u0301 a e\u0301galement manque\u0301 ces dernie\u0300res semaines d\u2019autres rendez-vous importants ou\u0300 il s\u2019est fait repre\u0301senter soit par la pre\u0301sidente de l\u2019Assemble\u0301e nationale Yawa Djigbodi Tse\u0301gan, soit par son ministre des Affaires e\u0301trange\u0300res, Robert Dussey, deux peronnalite\u0301s du se\u0301rail qui prennent de\u0301sormais plaisir a\u0300 fendre les airs.<\/p>\n<p>Concernant la session de l\u2019Assemble\u0301e nationale de l\u2019ONU, dans certains milieux diplomatiques, on croit savoir que sa forte promixite\u0301 avec les nouvelles autorite\u0301s maliennes et son approbation de leurs exigences, seraient vues d\u2019un tre\u0300s mauvais \u0153il par plusieurs capitales africaines et occidentales.<\/p>\n<p>Il est utile de rappeler que depuis le de\u0301but du putsch au Mali, le chef de l\u2019Etat togolais s\u2019est de\u0301marque\u0301 en prenant fait et cause pour les jeunes officiers maliens. Un soutien affiche\u0301 qui a agace\u0301 le syndicat des chefs d\u2019Etats de la CEDEAO.<\/p>\n<p>Faure Gnassingbe\u0301 serait-il la\u0302che\u0301 par ses soutiens ? Ce serait trop dire, me\u0302me si le discours incisif de Robert Dussey a\u0300 la tribune des Nations Unies est re\u0301ve\u0301lateur que quelque chose s\u2019est brise\u0301e. Ge\u0301ne\u0301ralement, lors de ces grandes messes diplomatiques aux Nations Unies, le Togo adopte une posture de subordination. Mais cette fois, notre pays s\u2019est distingue\u0301 par sa liberte\u0301 de ton vis-a\u0300-vis de l\u2019occident. \u00ab L\u2019Afrique ne veut plus s\u2019aligner sur les grandes puissances quelles qu\u2019elles soient. L\u2019Afrique veut rester elle-me\u0302me \u00bb, a martele\u0301 Robert Dussey.<\/p>\n<p>Les dirigeants togolais n\u2019ayant pas e\u0301te\u0301 mandate\u0301s ou n\u2019e\u0301tant pas habilite\u0301s a\u0300 parler au nom des autres pays du continent, il faut lire derrie\u0300re cette envole\u0301e lyrique, une manie\u0300re pour notre pays de vouloir pro\u0302ner sa liberte\u0301 vis-a\u0300-vis des grandes puissances.<\/p>\n<p>Le Togo disposerait peut-e\u0302tre d\u2019une civilisation de\u0301mocratique forte et ancre\u0301e dans la conscience publique ou d\u2019une force diplomatique qui pe\u0300se dans l\u2019orientation du destin continental qu\u2019on comprendrait peut-e\u0302tre ce discours teinte\u0301 de panafricanisme. Mais pour l\u2019une des plus vieilles dictatures en Afrique, cette position est assez e\u0301tonnante. Certains pensent que le re\u0301gime togolais aurait en re\u0301alite\u0301 une peur bleue d\u2019une fin de re\u0300gne au long cours&#8230;<\/p>\n<p>Me\u0301dard AMETEPE<\/p>\n<p><strong>Pour plus d&rsquo;informations et d&rsquo;analyses sur la <a href=\"https:\/\/www.africa-press.net\/togo\">Togo<\/a>, suivez <a href=\"https:\/\/www.africa-press.net\/\">Africa-Press<\/a><\/strong><\/p>\n","protected":false},"excerpt":{"rendered":"<p>Africa-Press &#8211; Togo. \u00ab Il y a dans le pouvoir sans bornes une sorte de vertige qui saisit le ge\u0301nie comme la sottise, et les perd e\u0301galement l\u2019un et l\u2019autre \u00bb (Mme de Stae\u0308l). Friand de voyages, Faure Gnassingbe\u0301 est malheureusement cloue\u0301 au sol depuis quelque temps sans qu\u2019on ne sache ve\u0301ritablement les raisons de [&hellip;]<\/p>\n","protected":false},"author":82,"featured_media":13245,"comment_status":"open","ping_status":"closed","sticky":false,"template":"","format":"standard","meta":{"footnotes":""},"categories":[7,2,10],"tags":[36,49,50],"class_list":["post-13246","post","type-post","status-publish","format-standard","has-post-thumbnail","hentry","category-dossiers","category-politique","category-toutes-les-actualites","tag-africa-press","tag-africa-press-togo","tag-togo"],"yoast_head":"<!-- This site is optimized with the Yoast SEO Premium plugin v26.1 (Yoast SEO v27.0) - https:\/\/yoast.com\/product\/yoast-seo-premium-wordpress\/ -->\n<title>Togo- La peur d\u2019une fin de r\u00e8gne au long cours - Togo<\/title>\n<meta name=\"description\" content=\"\u00ab Il y a dans le pouvoir sans bornes une sorte de vertige qui saisit le ge\u0301nie comme la sottise, et les perd e\u0301galeme ...\" \/>\n<meta name=\"robots\" content=\"index, follow, max-snippet:-1, max-image-preview:large, max-video-preview:-1\" \/>\n<link rel=\"canonical\" href=\"https:\/\/www.africa-press.net\/togo\/politique\/togo-la-peur-dune-fin-de-regne-au-long-cours\" \/>\n<meta property=\"og:locale\" content=\"fr_FR\" \/>\n<meta property=\"og:type\" content=\"article\" \/>\n<meta property=\"og:title\" content=\"Togo- La peur d\u2019une fin de r\u00e8gne au long cours\" \/>\n<meta property=\"og:description\" content=\"\u00ab Il y a dans le pouvoir sans bornes une sorte de vertige qui saisit le ge\u0301nie comme la sottise, et les perd e\u0301galeme ...\" \/>\n<meta property=\"og:url\" content=\"https:\/\/www.africa-press.net\/togo\/politique\/togo-la-peur-dune-fin-de-regne-au-long-cours\" \/>\n<meta property=\"og:site_name\" content=\"Togo\" \/>\n<meta property=\"article:published_time\" content=\"2022-11-01T17:02:00+00:00\" \/>\n<meta property=\"article:modified_time\" content=\"2022-11-01T17:07:59+00:00\" \/>\n<meta property=\"og:image\" content=\"https:\/\/static.africa-press.net\/togo\/sites\/58\/2022\/11\/postQueueImg_4.jpg\" \/>\n\t<meta property=\"og:image:width\" content=\"1280\" \/>\n\t<meta property=\"og:image:height\" content=\"800\" \/>\n\t<meta property=\"og:image:type\" content=\"image\/jpeg\" \/>\n<meta name=\"author\" content=\"cfeditorfr\" \/>\n<meta name=\"twitter:card\" content=\"summary_large_image\" \/>\n<meta name=\"twitter:label1\" content=\"\u00c9crit par\" \/>\n\t<meta name=\"twitter:data1\" content=\"cfeditorfr\" \/>\n\t<meta name=\"twitter:label2\" content=\"Dur\u00e9e de lecture estim\u00e9e\" \/>\n\t<meta name=\"twitter:data2\" content=\"3 minutes\" \/>\n<script type=\"application\/ld+json\" class=\"yoast-schema-graph\">{\"@context\":\"https:\/\/schema.org\",\"@graph\":[{\"@type\":\"Article\",\"@id\":\"https:\/\/www.africa-press.net\/togo\/politique\/togo-la-peur-dune-fin-de-regne-au-long-cours#article\",\"isPartOf\":{\"@id\":\"https:\/\/www.africa-press.net\/togo\/politique\/togo-la-peur-dune-fin-de-regne-au-long-cours\"},\"author\":{\"name\":\"cfeditorfr\",\"@id\":\"https:\/\/www.africa-press.net\/togo\/#\/schema\/person\/2b1cf3cd81a31e3cd26889ca66d677f1\"},\"headline\":\"Togo- La peur d\u2019une fin de r\u00e8gne au long cours\",\"datePublished\":\"2022-11-01T17:02:00+00:00\",\"dateModified\":\"2022-11-01T17:07:59+00:00\",\"mainEntityOfPage\":{\"@id\":\"https:\/\/www.africa-press.net\/togo\/politique\/togo-la-peur-dune-fin-de-regne-au-long-cours\"},\"wordCount\":688,\"commentCount\":0,\"image\":{\"@id\":\"https:\/\/www.africa-press.net\/togo\/politique\/togo-la-peur-dune-fin-de-regne-au-long-cours#primaryimage\"},\"thumbnailUrl\":\"https:\/\/static.africa-press.net\/togo\/sites\/58\/2022\/11\/postQueueImg_4.jpg\",\"keywords\":[\"Africa Press\",\"Africa Press-Togo\",\"Togo\"],\"articleSection\":[\"Dossiers\",\"Politique\",\"Toutes les actualit\u00e9s\"],\"inLanguage\":\"fr-FR\",\"potentialAction\":[{\"@type\":\"CommentAction\",\"name\":\"Comment\",\"target\":[\"https:\/\/www.africa-press.net\/togo\/politique\/togo-la-peur-dune-fin-de-regne-au-long-cours#respond\"]}]},{\"@type\":\"WebPage\",\"@id\":\"https:\/\/www.africa-press.net\/togo\/politique\/togo-la-peur-dune-fin-de-regne-au-long-cours\",\"url\":\"https:\/\/www.africa-press.net\/togo\/politique\/togo-la-peur-dune-fin-de-regne-au-long-cours\",\"name\":\"Togo- La peur d\u2019une fin de r\u00e8gne au long cours - Togo\",\"isPartOf\":{\"@id\":\"https:\/\/www.africa-press.net\/togo\/#website\"},\"primaryImageOfPage\":{\"@id\":\"https:\/\/www.africa-press.net\/togo\/politique\/togo-la-peur-dune-fin-de-regne-au-long-cours#primaryimage\"},\"image\":{\"@id\":\"https:\/\/www.africa-press.net\/togo\/politique\/togo-la-peur-dune-fin-de-regne-au-long-cours#primaryimage\"},\"thumbnailUrl\":\"https:\/\/static.africa-press.net\/togo\/sites\/58\/2022\/11\/postQueueImg_4.jpg\",\"datePublished\":\"2022-11-01T17:02:00+00:00\",\"dateModified\":\"2022-11-01T17:07:59+00:00\",\"author\":{\"@id\":\"https:\/\/www.africa-press.net\/togo\/#\/schema\/person\/2b1cf3cd81a31e3cd26889ca66d677f1\"},\"description\":\"\u00ab Il y a dans le pouvoir sans bornes une sorte de vertige qui saisit le ge\u0301nie comme la sottise, et les perd e\u0301galeme ...\",\"breadcrumb\":{\"@id\":\"https:\/\/www.africa-press.net\/togo\/politique\/togo-la-peur-dune-fin-de-regne-au-long-cours#breadcrumb\"},\"inLanguage\":\"fr-FR\",\"potentialAction\":[{\"@type\":\"ReadAction\",\"target\":[\"https:\/\/www.africa-press.net\/togo\/politique\/togo-la-peur-dune-fin-de-regne-au-long-cours\"]}]},{\"@type\":\"ImageObject\",\"inLanguage\":\"fr-FR\",\"@id\":\"https:\/\/www.africa-press.net\/togo\/politique\/togo-la-peur-dune-fin-de-regne-au-long-cours#primaryimage\",\"url\":\"https:\/\/static.africa-press.net\/togo\/sites\/58\/2022\/11\/postQueueImg_4.jpg\",\"contentUrl\":\"https:\/\/static.africa-press.net\/togo\/sites\/58\/2022\/11\/postQueueImg_4.jpg\",\"width\":1280,\"height\":800,\"caption\":\"Togo- La peur d\u2019une fin de r\u00e8gne au long cours\"},{\"@type\":\"BreadcrumbList\",\"@id\":\"https:\/\/www.africa-press.net\/togo\/politique\/togo-la-peur-dune-fin-de-regne-au-long-cours#breadcrumb\",\"itemListElement\":[{\"@type\":\"ListItem\",\"position\":1,\"name\":\"Accueil\",\"item\":\"https:\/\/www.africa-press.net\/togo\/\"},{\"@type\":\"ListItem\",\"position\":2,\"name\":\"Togo- La peur d\u2019une fin de r\u00e8gne au long cours\"}]},{\"@type\":\"WebSite\",\"@id\":\"https:\/\/www.africa-press.net\/togo\/#website\",\"url\":\"https:\/\/www.africa-press.net\/togo\/\",\"name\":\"Togo\",\"description\":\"Just another Africa News Agency Sites site\",\"potentialAction\":[{\"@type\":\"SearchAction\",\"target\":{\"@type\":\"EntryPoint\",\"urlTemplate\":\"https:\/\/www.africa-press.net\/togo\/?s={search_term_string}\"},\"query-input\":{\"@type\":\"PropertyValueSpecification\",\"valueRequired\":true,\"valueName\":\"search_term_string\"}}],\"inLanguage\":\"fr-FR\"},{\"@type\":\"Person\",\"@id\":\"https:\/\/www.africa-press.net\/togo\/#\/schema\/person\/2b1cf3cd81a31e3cd26889ca66d677f1\",\"name\":\"cfeditorfr\"}]}<\/script>\n<!-- \/ Yoast SEO Premium plugin. -->","yoast_head_json":{"title":"Togo- La peur d\u2019une fin de r\u00e8gne au long cours - Togo","description":"\u00ab Il y a dans le pouvoir sans bornes une sorte de vertige qui saisit le ge\u0301nie comme la sottise, et les perd e\u0301galeme ...","robots":{"index":"index","follow":"follow","max-snippet":"max-snippet:-1","max-image-preview":"max-image-preview:large","max-video-preview":"max-video-preview:-1"},"canonical":"https:\/\/www.africa-press.net\/togo\/politique\/togo-la-peur-dune-fin-de-regne-au-long-cours","og_locale":"fr_FR","og_type":"article","og_title":"Togo- La peur d\u2019une fin de r\u00e8gne au long cours","og_description":"\u00ab Il y a dans le pouvoir sans bornes une sorte de vertige qui saisit le ge\u0301nie comme la sottise, et les perd e\u0301galeme ...","og_url":"https:\/\/www.africa-press.net\/togo\/politique\/togo-la-peur-dune-fin-de-regne-au-long-cours","og_site_name":"Togo","article_published_time":"2022-11-01T17:02:00+00:00","article_modified_time":"2022-11-01T17:07:59+00:00","og_image":[{"width":1280,"height":800,"url":"https:\/\/static.africa-press.net\/togo\/sites\/58\/2022\/11\/postQueueImg_4.jpg","type":"image\/jpeg"}],"author":"cfeditorfr","twitter_card":"summary_large_image","twitter_misc":{"\u00c9crit par":"cfeditorfr","Dur\u00e9e de lecture estim\u00e9e":"3 minutes"},"schema":{"@context":"https:\/\/schema.org","@graph":[{"@type":"Article","@id":"https:\/\/www.africa-press.net\/togo\/politique\/togo-la-peur-dune-fin-de-regne-au-long-cours#article","isPartOf":{"@id":"https:\/\/www.africa-press.net\/togo\/politique\/togo-la-peur-dune-fin-de-regne-au-long-cours"},"author":{"name":"cfeditorfr","@id":"https:\/\/www.africa-press.net\/togo\/#\/schema\/person\/2b1cf3cd81a31e3cd26889ca66d677f1"},"headline":"Togo- La peur d\u2019une fin de r\u00e8gne au long cours","datePublished":"2022-11-01T17:02:00+00:00","dateModified":"2022-11-01T17:07:59+00:00","mainEntityOfPage":{"@id":"https:\/\/www.africa-press.net\/togo\/politique\/togo-la-peur-dune-fin-de-regne-au-long-cours"},"wordCount":688,"commentCount":0,"image":{"@id":"https:\/\/www.africa-press.net\/togo\/politique\/togo-la-peur-dune-fin-de-regne-au-long-cours#primaryimage"},"thumbnailUrl":"https:\/\/static.africa-press.net\/togo\/sites\/58\/2022\/11\/postQueueImg_4.jpg","keywords":["Africa Press","Africa Press-Togo","Togo"],"articleSection":["Dossiers","Politique","Toutes les actualit\u00e9s"],"inLanguage":"fr-FR","potentialAction":[{"@type":"CommentAction","name":"Comment","target":["https:\/\/www.africa-press.net\/togo\/politique\/togo-la-peur-dune-fin-de-regne-au-long-cours#respond"]}]},{"@type":"WebPage","@id":"https:\/\/www.africa-press.net\/togo\/politique\/togo-la-peur-dune-fin-de-regne-au-long-cours","url":"https:\/\/www.africa-press.net\/togo\/politique\/togo-la-peur-dune-fin-de-regne-au-long-cours","name":"Togo- La peur d\u2019une fin de r\u00e8gne au long cours - Togo","isPartOf":{"@id":"https:\/\/www.africa-press.net\/togo\/#website"},"primaryImageOfPage":{"@id":"https:\/\/www.africa-press.net\/togo\/politique\/togo-la-peur-dune-fin-de-regne-au-long-cours#primaryimage"},"image":{"@id":"https:\/\/www.africa-press.net\/togo\/politique\/togo-la-peur-dune-fin-de-regne-au-long-cours#primaryimage"},"thumbnailUrl":"https:\/\/static.africa-press.net\/togo\/sites\/58\/2022\/11\/postQueueImg_4.jpg","datePublished":"2022-11-01T17:02:00+00:00","dateModified":"2022-11-01T17:07:59+00:00","author":{"@id":"https:\/\/www.africa-press.net\/togo\/#\/schema\/person\/2b1cf3cd81a31e3cd26889ca66d677f1"},"description":"\u00ab Il y a dans le pouvoir sans bornes une sorte de vertige qui saisit le ge\u0301nie comme la sottise, et les perd e\u0301galeme ...","breadcrumb":{"@id":"https:\/\/www.africa-press.net\/togo\/politique\/togo-la-peur-dune-fin-de-regne-au-long-cours#breadcrumb"},"inLanguage":"fr-FR","potentialAction":[{"@type":"ReadAction","target":["https:\/\/www.africa-press.net\/togo\/politique\/togo-la-peur-dune-fin-de-regne-au-long-cours"]}]},{"@type":"ImageObject","inLanguage":"fr-FR","@id":"https:\/\/www.africa-press.net\/togo\/politique\/togo-la-peur-dune-fin-de-regne-au-long-cours#primaryimage","url":"https:\/\/static.africa-press.net\/togo\/sites\/58\/2022\/11\/postQueueImg_4.jpg","contentUrl":"https:\/\/static.africa-press.net\/togo\/sites\/58\/2022\/11\/postQueueImg_4.jpg","width":1280,"height":800,"caption":"Togo- La peur d\u2019une fin de r\u00e8gne au long cours"},{"@type":"BreadcrumbList","@id":"https:\/\/www.africa-press.net\/togo\/politique\/togo-la-peur-dune-fin-de-regne-au-long-cours#breadcrumb","itemListElement":[{"@type":"ListItem","position":1,"name":"Accueil","item":"https:\/\/www.africa-press.net\/togo\/"},{"@type":"ListItem","position":2,"name":"Togo- La peur d\u2019une fin de r\u00e8gne au long cours"}]},{"@type":"WebSite","@id":"https:\/\/www.africa-press.net\/togo\/#website","url":"https:\/\/www.africa-press.net\/togo\/","name":"Togo","description":"Just another Africa News Agency Sites site","potentialAction":[{"@type":"SearchAction","target":{"@type":"EntryPoint","urlTemplate":"https:\/\/www.africa-press.net\/togo\/?s={search_term_string}"},"query-input":{"@type":"PropertyValueSpecification","valueRequired":true,"valueName":"search_term_string"}}],"inLanguage":"fr-FR"},{"@type":"Person","@id":"https:\/\/www.africa-press.net\/togo\/#\/schema\/person\/2b1cf3cd81a31e3cd26889ca66d677f1","name":"cfeditorfr"}]}},"_links":{"self":[{"href":"https:\/\/www.africa-press.net\/togo\/wp-json\/wp\/v2\/posts\/13246","targetHints":{"allow":["GET"]}}],"collection":[{"href":"https:\/\/www.africa-press.net\/togo\/wp-json\/wp\/v2\/posts"}],"about":[{"href":"https:\/\/www.africa-press.net\/togo\/wp-json\/wp\/v2\/types\/post"}],"author":[{"embeddable":true,"href":"https:\/\/www.africa-press.net\/togo\/wp-json\/wp\/v2\/users\/82"}],"replies":[{"embeddable":true,"href":"https:\/\/www.africa-press.net\/togo\/wp-json\/wp\/v2\/comments?post=13246"}],"version-history":[{"count":0,"href":"https:\/\/www.africa-press.net\/togo\/wp-json\/wp\/v2\/posts\/13246\/revisions"}],"wp:featuredmedia":[{"embeddable":true,"href":"https:\/\/www.africa-press.net\/togo\/wp-json\/wp\/v2\/media\/13245"}],"wp:attachment":[{"href":"https:\/\/www.africa-press.net\/togo\/wp-json\/wp\/v2\/media?parent=13246"}],"wp:term":[{"taxonomy":"category","embeddable":true,"href":"https:\/\/www.africa-press.net\/togo\/wp-json\/wp\/v2\/categories?post=13246"},{"taxonomy":"post_tag","embeddable":true,"href":"https:\/\/www.africa-press.net\/togo\/wp-json\/wp\/v2\/tags?post=13246"}],"curies":[{"name":"wp","href":"https:\/\/api.w.org\/{rel}","templated":true}]}}