{"id":13260,"date":"2022-11-02T19:11:59","date_gmt":"2022-11-02T19:11:59","guid":{"rendered":"https:\/\/www.africa-press.net\/togo\/politique\/togo-detention-arbitraire-de-3-militants-du-pnp-coditogo-hausse-le-ton-et-interpelle-le-procureur-general"},"modified":"2022-11-02T19:11:59","modified_gmt":"2022-11-02T19:11:59","slug":"togo-detention-arbitraire-de-3-militants-du-pnp-coditogo-hausse-le-ton-et-interpelle-le-procureur-general","status":"publish","type":"post","link":"https:\/\/www.africa-press.net\/togo\/toutes-les-actualites\/togo-detention-arbitraire-de-3-militants-du-pnp-coditogo-hausse-le-ton-et-interpelle-le-procureur-general","title":{"rendered":"Togo-D\u00e9tention arbitraire de 3 militants du PNP : CODITOGO hausse le ton et interpelle le procureur g\u00e9n\u00e9ral"},"content":{"rendered":"<p><span style=\"color: #ff6600\"><strong>Africa-Press &#8211; Togo. <\/strong><\/span>\u00ab<b>Une injustice commise quelque part est une menace pour la justice dans le monde entier. <\/b>\u00bb<b> <\/b>Martin Luther King<\/p>\n<p>\u00ab<b>Avec cet e\u0301nie\u0300me acte, le Procureur ge\u0301ne\u0301ral Blaise Essolisam POYODI prend activement sa part et marque, de manie\u0300re inde\u0301le\u0301bile, ses empreintes au nombre des magistrats qui font de la justice togolaise un cimetie\u0300re des droits de l\u2019homme et des liberte\u0301s fondamentales, un ve\u0301ritable frein a\u0300 l\u2019ave\u0300nement de l\u2019E\u0301tat de droit et de la de\u0301mocratie au Togo.<\/b>\u00bb<\/p>\n<p>Voila\u0300 un extrait du communique\u0301 de la Coalition de la diaspora togolaise pour l\u2019alternance et la de\u0301mocratie (CODITOGO), mettant le Procureur ge\u0301ne\u0301ral Blaise Essolisam Poyodi devant ses responsabilite\u0301s quant a\u0300 son refus de signer l \u0301ordre de mise en liberte\u0301 afin que les trois citoyens togolais puissent sortir de prison, comme les juges de la cour d \u0301appel en ont de\u0301cide\u0301. Rappelons qu \u0301il s \u0301agit de trois militants du Parti National Panafricain (PNP) kidnappe\u0301s le 27 janvier 2022: le tre\u0301sorier ge\u0301ne\u0301ral du parti, Se\u0301babe\u0301-Gueffe\u0301 Tchassanti Nouroudine, Boukari Abdoulrazak et de Alfa Ibrahim, un togolais de la diaspora allemande en se\u0301jour au pays. Le 31 aou\u0302t 2022 les juges de la cour d \u0301appel reconnaissent enfin le caracte\u0300re vide des dossiers des trois, et de\u0301cident de les libe\u0301rer d \u0301office, sans possibilite\u0301 de faire appel. C \u0301e\u0301tait sans compter avec l \u0301avis du procureur ge\u0301ne\u0301ral qui refuse, contre toute logique judiciaire, de les faire sortir de prison.<\/p>\n<p>Le 24 aou\u0302t 2022 l \u0301avocat des inculpe\u0301s adresse un courrier au ministre de la justice, garde des sceaux en lui rappelant que le nomme\u0301 Alfa Ibrahim de la diaspora allemande, souffre d \u0301un mal lie\u0301 au coeur qui ne\u0301cessiterait des soins spe\u0301ciaux qu \u0301il est impossible de lui prodiguer en milieu carce\u0301ral. Mais le ministre Pius Kokouvi AGBETOMEY et le procureur ge\u0301ne\u0301ral Blaise Essolisam POYODI sont demeure\u0301s insensibles a\u0300 cette de\u0301marche, rappelle le communique\u0301 de CODITOGO. Rappelons que ledit ministre de la justice fut saisi deux fois sur le cas spe\u0301cial du de\u0301tenu malade du coeur et sur la situation ge\u0301ne\u0301rale concernant le comportement incompre\u0301hensible du procureur ge\u0301ne\u0301ral quant a\u0300 la sortie de\u0301finitive de prison des trois de\u0301tenus. Et comme il n \u0301y avait pas toujours de re\u0301action du garde des sceaux, le ministre des droits de l \u0301homme fut saisi, ainsi que le me\u0301diateur de la Re\u0301publique. Si nous e\u0301tions dans un pays normal, dans le fonctionnement de la chai\u0302ne administrative, ce serait largement suffisant pour que le Chef du gouvernement et le Chef de l\u2019E\u0301tat soient au courant. Mais jusqu \u0301a\u0300 ce jour silence radio de la part de toutes les institutions saisies et du sommet de l \u0301e\u0301tat.<\/p>\n<p>\u00ab<b>Le Procureur ge\u0301ne\u0301ral Blaise Essolisam POYODI est reste\u0301 immuable sur sa position arbitraire et liberticide, caracte\u0301ristique d\u2019un ve\u0301ritable abus d\u2019autorite\u0301, ce malgre\u0301 toutes les de\u0301marches effectue\u0301es par le Conseil des inculpe\u0301s, notamment la saisine des missions diplomatiques et consulaires accre\u0301dite\u0301es au Togo, des institutions et organisations de de\u0301fense des droits de l\u2019homme, du Me\u0301diateur de la Re\u0301publique, des autorite\u0301s gouvernementales, a\u0300 savoir, le Garde des Sceaux, ministre de la justice et de son colle\u0300gue des droits de l\u2019homme, charge\u0301 des relations avec les institutions de la Re\u0301publique. Mais malgre\u0301 les multiples interventions de certaines de ces institutions et organisations aupre\u0300s du Procureur ge\u0301ne\u0301ral, ce dernier n\u2019a cru devoir la\u0302cher du lest et est reste\u0301 fige\u0301 sur sa position arbitraire et autoritaire, comme si le parquet ge\u0301ne\u0301ral pre\u0300s la Cour d\u2019Appel de Lome\u0301 e\u0301tait sa proprie\u0301te\u0301 prive\u0301e&#8230;<\/b>\u00bb<\/p>\n<p>Cet autre extrait du communique\u0301 de la diaspora togolaise re\u0301sume tout le drame lie\u0301 au comportement d \u0301un procureur ge\u0301ne\u0301ral agissant comme e\u0301tant en mission commande\u0301e, et qu \u0301il devrait se trouver des personnages obscurs autour du pouvoir de Faure Gnassingbe\u0301, ou Faure Gnassingbe\u0301 lui-me\u0302me, qui auraient inte\u0301re\u0302t a\u0300 ce que certaines cate\u0301gories de prisonniers politiques ne soient pas libe\u0301re\u0301es, malgre\u0301 le fait que leurs dossiers soient vides, et que certains d \u0301entre eux soient malades. CODITOGO n \u0301y va pas de main morte pour accuser le procureur ge\u0301ne\u0301ral d \u0301avoir, en agissant ainsi, ravale\u0301 son serment de magistrat en violation de l \u0301article 7 de la Loi organique N\u00b091-11 du 21 aou\u0302t 1996 fixant Statut des magistrats qui dispose que : \u00ab Tout magistrat, avant d\u2019entrer en fonction pre\u0302te serment en ces termes : \u00ab Je jure de bien et fide\u0300lement remplir mes fonctions, de les exercer en toute impartialite\u0301, &#8230; et de me conduire, en tout, comme un digne et loyal magistrat.\u00bb Au lieu d \u0301e\u0302tre fide\u0300le a\u0300 son serment, Blaise Essolisam POYODI proce\u0300de a\u0300 l \u0301instauration de l\u2019arbitraire pur, que prohibent les articles 13 et 15 de la Constitution togolaise du 14 octobre 1992, et les instruments internationaux de protection des droits de l\u2019homme que le Togo a signe\u0301s.<\/p>\n<p>Avec un tel comportement d \u0301un suppose\u0301 procureur ge\u0301ne\u0301ral qui n \u0301honore pas la profession de magistrat, comment peut-on encore faire confiance a\u0300 ceux qui ont pre\u0302te\u0301 serment pour prote\u0301ger la veuve et l \u0301orphelin? Comment peut-on encore se sentir en se\u0301curite\u0301 dans un pays ou\u0300 la justice est foule\u0301e au pied par justement ceux-la\u0300 qui sont grassement paye\u0301s pour en e\u0302tre les garde-fous? Nous savions que la justice togolaise, comme malheureusement beaucoup d \u0301autres pans de l \u0301administation, est caporalise\u0301e, corrompue et tribalise\u0301e a\u0300 outrance. Mais malgre\u0301 tout c\u0327a, avec une telle profession qui suppose respectabilite\u0301 et conside\u0301ration, ne faudrait-il pas un petit brin de professionnalisme et surtout de courage, monsieur le procureur ge\u0301ne\u0301ral? Ou bien, les conside\u0301rations ethniques l \u0301emporteraient-elles sur la se\u0301curite\u0301, la liberte\u0301 et la vie des autres?<\/p>\n<p><b>Samari Tchadjobo<\/b><br \/>\n<b>Allemagne<\/b><\/p>\n<p><strong>Pour plus d&rsquo;informations et d&rsquo;analyses sur la <a href=\"https:\/\/www.africa-press.net\/togo\">Togo<\/a>, suivez <a href=\"https:\/\/www.africa-press.net\/\">Africa-Press<\/a><\/strong><\/p>\n","protected":false},"excerpt":{"rendered":"<p>Africa-Press &#8211; Togo. \u00abUne injustice commise quelque part est une menace pour la justice dans le monde entier. \u00bb Martin Luther King \u00abAvec cet e\u0301nie\u0300me acte, le Procureur ge\u0301ne\u0301ral Blaise Essolisam POYODI prend activement sa part et marque, de manie\u0300re inde\u0301le\u0301bile, ses empreintes au nombre des magistrats qui font de la justice togolaise un cimetie\u0300re [&hellip;]<\/p>\n","protected":false},"author":82,"featured_media":13259,"comment_status":"open","ping_status":"closed","sticky":false,"template":"","format":"standard","meta":{"footnotes":""},"categories":[21,10],"tags":[36,49,50],"class_list":["post-13260","post","type-post","status-publish","format-standard","has-post-thumbnail","hentry","category-communaute","category-toutes-les-actualites","tag-africa-press","tag-africa-press-togo","tag-togo"],"yoast_head":"<!-- This site is optimized with the Yoast SEO Premium plugin v26.1 (Yoast SEO v27.0) - https:\/\/yoast.com\/product\/yoast-seo-premium-wordpress\/ -->\n<title>Togo-D\u00e9tention arbitraire de 3 militants du PNP : CODITOGO hausse le ton et interpelle le procureur g\u00e9n\u00e9ral - Togo<\/title>\n<meta name=\"robots\" content=\"index, follow, max-snippet:-1, max-image-preview:large, max-video-preview:-1\" \/>\n<link rel=\"canonical\" href=\"https:\/\/www.africa-press.net\/togo\/politique\/togo-detention-arbitraire-de-3-militants-du-pnp-coditogo-hausse-le-ton-et-interpelle-le-procureur-general\" \/>\n<meta property=\"og:locale\" content=\"fr_FR\" \/>\n<meta property=\"og:type\" content=\"article\" \/>\n<meta property=\"og:title\" content=\"Togo-D\u00e9tention arbitraire de 3 militants du PNP : CODITOGO hausse le ton et interpelle le procureur g\u00e9n\u00e9ral\" \/>\n<meta property=\"og:description\" content=\"Africa-Press &#8211; Togo. \u00abUne injustice commise quelque part est une menace pour la justice dans le monde entier. \u00bb Martin Luther King \u00abAvec cet e\u0301nie\u0300me acte, le Procureur ge\u0301ne\u0301ral Blaise Essolisam POYODI prend activement sa part et marque, de manie\u0300re inde\u0301le\u0301bile, ses empreintes au nombre des magistrats qui font de la justice togolaise un cimetie\u0300re [&hellip;]\" \/>\n<meta property=\"og:url\" content=\"https:\/\/www.africa-press.net\/togo\/politique\/togo-detention-arbitraire-de-3-militants-du-pnp-coditogo-hausse-le-ton-et-interpelle-le-procureur-general\" \/>\n<meta property=\"og:site_name\" content=\"Togo\" \/>\n<meta property=\"article:published_time\" content=\"2022-11-02T19:11:59+00:00\" \/>\n<meta name=\"author\" content=\"cfeditorfr\" \/>\n<meta name=\"twitter:card\" content=\"summary_large_image\" \/>\n<meta name=\"twitter:label1\" content=\"\u00c9crit par\" \/>\n\t<meta name=\"twitter:data1\" content=\"cfeditorfr\" \/>\n\t<meta name=\"twitter:label2\" content=\"Dur\u00e9e de lecture estim\u00e9e\" \/>\n\t<meta name=\"twitter:data2\" content=\"5 minutes\" \/>\n<script type=\"application\/ld+json\" class=\"yoast-schema-graph\">{\"@context\":\"https:\/\/schema.org\",\"@graph\":[{\"@type\":\"Article\",\"@id\":\"https:\/\/www.africa-press.net\/togo\/politique\/togo-detention-arbitraire-de-3-militants-du-pnp-coditogo-hausse-le-ton-et-interpelle-le-procureur-general#article\",\"isPartOf\":{\"@id\":\"https:\/\/www.africa-press.net\/togo\/politique\/togo-detention-arbitraire-de-3-militants-du-pnp-coditogo-hausse-le-ton-et-interpelle-le-procureur-general\"},\"author\":{\"name\":\"cfeditorfr\",\"@id\":\"https:\/\/www.africa-press.net\/togo\/#\/schema\/person\/2b1cf3cd81a31e3cd26889ca66d677f1\"},\"headline\":\"Togo-D\u00e9tention arbitraire de 3 militants du PNP : CODITOGO hausse le ton et interpelle le procureur g\u00e9n\u00e9ral\",\"datePublished\":\"2022-11-02T19:11:59+00:00\",\"mainEntityOfPage\":{\"@id\":\"https:\/\/www.africa-press.net\/togo\/politique\/togo-detention-arbitraire-de-3-militants-du-pnp-coditogo-hausse-le-ton-et-interpelle-le-procureur-general\"},\"wordCount\":1064,\"commentCount\":0,\"image\":{\"@id\":\"https:\/\/www.africa-press.net\/togo\/politique\/togo-detention-arbitraire-de-3-militants-du-pnp-coditogo-hausse-le-ton-et-interpelle-le-procureur-general#primaryimage\"},\"thumbnailUrl\":\"https:\/\/static.africa-press.net\/togo\/sites\/58\/2022\/11\/postQueueImg_2-6362c36a065de.jpg\",\"keywords\":[\"Africa Press\",\"Africa Press-Togo\",\"Togo\"],\"articleSection\":[\"Communaut\u00e9\",\"Toutes les actualit\u00e9s\"],\"inLanguage\":\"fr-FR\",\"potentialAction\":[{\"@type\":\"CommentAction\",\"name\":\"Comment\",\"target\":[\"https:\/\/www.africa-press.net\/togo\/politique\/togo-detention-arbitraire-de-3-militants-du-pnp-coditogo-hausse-le-ton-et-interpelle-le-procureur-general#respond\"]}]},{\"@type\":\"WebPage\",\"@id\":\"https:\/\/www.africa-press.net\/togo\/politique\/togo-detention-arbitraire-de-3-militants-du-pnp-coditogo-hausse-le-ton-et-interpelle-le-procureur-general\",\"url\":\"https:\/\/www.africa-press.net\/togo\/politique\/togo-detention-arbitraire-de-3-militants-du-pnp-coditogo-hausse-le-ton-et-interpelle-le-procureur-general\",\"name\":\"Togo-D\u00e9tention arbitraire de 3 militants du PNP : CODITOGO hausse le ton et interpelle le procureur g\u00e9n\u00e9ral - Togo\",\"isPartOf\":{\"@id\":\"https:\/\/www.africa-press.net\/togo\/#website\"},\"primaryImageOfPage\":{\"@id\":\"https:\/\/www.africa-press.net\/togo\/politique\/togo-detention-arbitraire-de-3-militants-du-pnp-coditogo-hausse-le-ton-et-interpelle-le-procureur-general#primaryimage\"},\"image\":{\"@id\":\"https:\/\/www.africa-press.net\/togo\/politique\/togo-detention-arbitraire-de-3-militants-du-pnp-coditogo-hausse-le-ton-et-interpelle-le-procureur-general#primaryimage\"},\"thumbnailUrl\":\"https:\/\/static.africa-press.net\/togo\/sites\/58\/2022\/11\/postQueueImg_2-6362c36a065de.jpg\",\"datePublished\":\"2022-11-02T19:11:59+00:00\",\"author\":{\"@id\":\"https:\/\/www.africa-press.net\/togo\/#\/schema\/person\/2b1cf3cd81a31e3cd26889ca66d677f1\"},\"breadcrumb\":{\"@id\":\"https:\/\/www.africa-press.net\/togo\/politique\/togo-detention-arbitraire-de-3-militants-du-pnp-coditogo-hausse-le-ton-et-interpelle-le-procureur-general#breadcrumb\"},\"inLanguage\":\"fr-FR\",\"potentialAction\":[{\"@type\":\"ReadAction\",\"target\":[\"https:\/\/www.africa-press.net\/togo\/politique\/togo-detention-arbitraire-de-3-militants-du-pnp-coditogo-hausse-le-ton-et-interpelle-le-procureur-general\"]}]},{\"@type\":\"ImageObject\",\"inLanguage\":\"fr-FR\",\"@id\":\"https:\/\/www.africa-press.net\/togo\/politique\/togo-detention-arbitraire-de-3-militants-du-pnp-coditogo-hausse-le-ton-et-interpelle-le-procureur-general#primaryimage\",\"url\":\"https:\/\/static.africa-press.net\/togo\/sites\/58\/2022\/11\/postQueueImg_2-6362c36a065de.jpg\",\"contentUrl\":\"https:\/\/static.africa-press.net\/togo\/sites\/58\/2022\/11\/postQueueImg_2-6362c36a065de.jpg\",\"width\":1280,\"height\":800,\"caption\":\"Togo-D\u00e9tention arbitraire de 3 militants du PNP : CODITOGO hausse le ton et interpelle le procureur g\u00e9n\u00e9ral\"},{\"@type\":\"BreadcrumbList\",\"@id\":\"https:\/\/www.africa-press.net\/togo\/politique\/togo-detention-arbitraire-de-3-militants-du-pnp-coditogo-hausse-le-ton-et-interpelle-le-procureur-general#breadcrumb\",\"itemListElement\":[{\"@type\":\"ListItem\",\"position\":1,\"name\":\"Accueil\",\"item\":\"https:\/\/www.africa-press.net\/togo\/\"},{\"@type\":\"ListItem\",\"position\":2,\"name\":\"Togo-D\u00e9tention arbitraire de 3 militants du PNP : CODITOGO hausse le ton et interpelle le procureur g\u00e9n\u00e9ral\"}]},{\"@type\":\"WebSite\",\"@id\":\"https:\/\/www.africa-press.net\/togo\/#website\",\"url\":\"https:\/\/www.africa-press.net\/togo\/\",\"name\":\"Togo\",\"description\":\"Just another Africa News Agency Sites site\",\"potentialAction\":[{\"@type\":\"SearchAction\",\"target\":{\"@type\":\"EntryPoint\",\"urlTemplate\":\"https:\/\/www.africa-press.net\/togo\/?s={search_term_string}\"},\"query-input\":{\"@type\":\"PropertyValueSpecification\",\"valueRequired\":true,\"valueName\":\"search_term_string\"}}],\"inLanguage\":\"fr-FR\"},{\"@type\":\"Person\",\"@id\":\"https:\/\/www.africa-press.net\/togo\/#\/schema\/person\/2b1cf3cd81a31e3cd26889ca66d677f1\",\"name\":\"cfeditorfr\"}]}<\/script>\n<!-- \/ Yoast SEO Premium plugin. -->","yoast_head_json":{"title":"Togo-D\u00e9tention arbitraire de 3 militants du PNP : CODITOGO hausse le ton et interpelle le procureur g\u00e9n\u00e9ral - Togo","robots":{"index":"index","follow":"follow","max-snippet":"max-snippet:-1","max-image-preview":"max-image-preview:large","max-video-preview":"max-video-preview:-1"},"canonical":"https:\/\/www.africa-press.net\/togo\/politique\/togo-detention-arbitraire-de-3-militants-du-pnp-coditogo-hausse-le-ton-et-interpelle-le-procureur-general","og_locale":"fr_FR","og_type":"article","og_title":"Togo-D\u00e9tention arbitraire de 3 militants du PNP : CODITOGO hausse le ton et interpelle le procureur g\u00e9n\u00e9ral","og_description":"Africa-Press &#8211; Togo. \u00abUne injustice commise quelque part est une menace pour la justice dans le monde entier. \u00bb Martin Luther King \u00abAvec cet e\u0301nie\u0300me acte, le Procureur ge\u0301ne\u0301ral Blaise Essolisam POYODI prend activement sa part et marque, de manie\u0300re inde\u0301le\u0301bile, ses empreintes au nombre des magistrats qui font de la justice togolaise un cimetie\u0300re [&hellip;]","og_url":"https:\/\/www.africa-press.net\/togo\/politique\/togo-detention-arbitraire-de-3-militants-du-pnp-coditogo-hausse-le-ton-et-interpelle-le-procureur-general","og_site_name":"Togo","article_published_time":"2022-11-02T19:11:59+00:00","author":"cfeditorfr","twitter_card":"summary_large_image","twitter_misc":{"\u00c9crit par":"cfeditorfr","Dur\u00e9e de lecture estim\u00e9e":"5 minutes"},"schema":{"@context":"https:\/\/schema.org","@graph":[{"@type":"Article","@id":"https:\/\/www.africa-press.net\/togo\/politique\/togo-detention-arbitraire-de-3-militants-du-pnp-coditogo-hausse-le-ton-et-interpelle-le-procureur-general#article","isPartOf":{"@id":"https:\/\/www.africa-press.net\/togo\/politique\/togo-detention-arbitraire-de-3-militants-du-pnp-coditogo-hausse-le-ton-et-interpelle-le-procureur-general"},"author":{"name":"cfeditorfr","@id":"https:\/\/www.africa-press.net\/togo\/#\/schema\/person\/2b1cf3cd81a31e3cd26889ca66d677f1"},"headline":"Togo-D\u00e9tention arbitraire de 3 militants du PNP : CODITOGO hausse le ton et interpelle le procureur g\u00e9n\u00e9ral","datePublished":"2022-11-02T19:11:59+00:00","mainEntityOfPage":{"@id":"https:\/\/www.africa-press.net\/togo\/politique\/togo-detention-arbitraire-de-3-militants-du-pnp-coditogo-hausse-le-ton-et-interpelle-le-procureur-general"},"wordCount":1064,"commentCount":0,"image":{"@id":"https:\/\/www.africa-press.net\/togo\/politique\/togo-detention-arbitraire-de-3-militants-du-pnp-coditogo-hausse-le-ton-et-interpelle-le-procureur-general#primaryimage"},"thumbnailUrl":"https:\/\/static.africa-press.net\/togo\/sites\/58\/2022\/11\/postQueueImg_2-6362c36a065de.jpg","keywords":["Africa Press","Africa Press-Togo","Togo"],"articleSection":["Communaut\u00e9","Toutes les actualit\u00e9s"],"inLanguage":"fr-FR","potentialAction":[{"@type":"CommentAction","name":"Comment","target":["https:\/\/www.africa-press.net\/togo\/politique\/togo-detention-arbitraire-de-3-militants-du-pnp-coditogo-hausse-le-ton-et-interpelle-le-procureur-general#respond"]}]},{"@type":"WebPage","@id":"https:\/\/www.africa-press.net\/togo\/politique\/togo-detention-arbitraire-de-3-militants-du-pnp-coditogo-hausse-le-ton-et-interpelle-le-procureur-general","url":"https:\/\/www.africa-press.net\/togo\/politique\/togo-detention-arbitraire-de-3-militants-du-pnp-coditogo-hausse-le-ton-et-interpelle-le-procureur-general","name":"Togo-D\u00e9tention arbitraire de 3 militants du PNP : CODITOGO hausse le ton et interpelle le procureur g\u00e9n\u00e9ral - Togo","isPartOf":{"@id":"https:\/\/www.africa-press.net\/togo\/#website"},"primaryImageOfPage":{"@id":"https:\/\/www.africa-press.net\/togo\/politique\/togo-detention-arbitraire-de-3-militants-du-pnp-coditogo-hausse-le-ton-et-interpelle-le-procureur-general#primaryimage"},"image":{"@id":"https:\/\/www.africa-press.net\/togo\/politique\/togo-detention-arbitraire-de-3-militants-du-pnp-coditogo-hausse-le-ton-et-interpelle-le-procureur-general#primaryimage"},"thumbnailUrl":"https:\/\/static.africa-press.net\/togo\/sites\/58\/2022\/11\/postQueueImg_2-6362c36a065de.jpg","datePublished":"2022-11-02T19:11:59+00:00","author":{"@id":"https:\/\/www.africa-press.net\/togo\/#\/schema\/person\/2b1cf3cd81a31e3cd26889ca66d677f1"},"breadcrumb":{"@id":"https:\/\/www.africa-press.net\/togo\/politique\/togo-detention-arbitraire-de-3-militants-du-pnp-coditogo-hausse-le-ton-et-interpelle-le-procureur-general#breadcrumb"},"inLanguage":"fr-FR","potentialAction":[{"@type":"ReadAction","target":["https:\/\/www.africa-press.net\/togo\/politique\/togo-detention-arbitraire-de-3-militants-du-pnp-coditogo-hausse-le-ton-et-interpelle-le-procureur-general"]}]},{"@type":"ImageObject","inLanguage":"fr-FR","@id":"https:\/\/www.africa-press.net\/togo\/politique\/togo-detention-arbitraire-de-3-militants-du-pnp-coditogo-hausse-le-ton-et-interpelle-le-procureur-general#primaryimage","url":"https:\/\/static.africa-press.net\/togo\/sites\/58\/2022\/11\/postQueueImg_2-6362c36a065de.jpg","contentUrl":"https:\/\/static.africa-press.net\/togo\/sites\/58\/2022\/11\/postQueueImg_2-6362c36a065de.jpg","width":1280,"height":800,"caption":"Togo-D\u00e9tention arbitraire de 3 militants du PNP : CODITOGO hausse le ton et interpelle le procureur g\u00e9n\u00e9ral"},{"@type":"BreadcrumbList","@id":"https:\/\/www.africa-press.net\/togo\/politique\/togo-detention-arbitraire-de-3-militants-du-pnp-coditogo-hausse-le-ton-et-interpelle-le-procureur-general#breadcrumb","itemListElement":[{"@type":"ListItem","position":1,"name":"Accueil","item":"https:\/\/www.africa-press.net\/togo\/"},{"@type":"ListItem","position":2,"name":"Togo-D\u00e9tention arbitraire de 3 militants du PNP : CODITOGO hausse le ton et interpelle le procureur g\u00e9n\u00e9ral"}]},{"@type":"WebSite","@id":"https:\/\/www.africa-press.net\/togo\/#website","url":"https:\/\/www.africa-press.net\/togo\/","name":"Togo","description":"Just another Africa News Agency Sites site","potentialAction":[{"@type":"SearchAction","target":{"@type":"EntryPoint","urlTemplate":"https:\/\/www.africa-press.net\/togo\/?s={search_term_string}"},"query-input":{"@type":"PropertyValueSpecification","valueRequired":true,"valueName":"search_term_string"}}],"inLanguage":"fr-FR"},{"@type":"Person","@id":"https:\/\/www.africa-press.net\/togo\/#\/schema\/person\/2b1cf3cd81a31e3cd26889ca66d677f1","name":"cfeditorfr"}]}},"_links":{"self":[{"href":"https:\/\/www.africa-press.net\/togo\/wp-json\/wp\/v2\/posts\/13260","targetHints":{"allow":["GET"]}}],"collection":[{"href":"https:\/\/www.africa-press.net\/togo\/wp-json\/wp\/v2\/posts"}],"about":[{"href":"https:\/\/www.africa-press.net\/togo\/wp-json\/wp\/v2\/types\/post"}],"author":[{"embeddable":true,"href":"https:\/\/www.africa-press.net\/togo\/wp-json\/wp\/v2\/users\/82"}],"replies":[{"embeddable":true,"href":"https:\/\/www.africa-press.net\/togo\/wp-json\/wp\/v2\/comments?post=13260"}],"version-history":[{"count":0,"href":"https:\/\/www.africa-press.net\/togo\/wp-json\/wp\/v2\/posts\/13260\/revisions"}],"wp:featuredmedia":[{"embeddable":true,"href":"https:\/\/www.africa-press.net\/togo\/wp-json\/wp\/v2\/media\/13259"}],"wp:attachment":[{"href":"https:\/\/www.africa-press.net\/togo\/wp-json\/wp\/v2\/media?parent=13260"}],"wp:term":[{"taxonomy":"category","embeddable":true,"href":"https:\/\/www.africa-press.net\/togo\/wp-json\/wp\/v2\/categories?post=13260"},{"taxonomy":"post_tag","embeddable":true,"href":"https:\/\/www.africa-press.net\/togo\/wp-json\/wp\/v2\/tags?post=13260"}],"curies":[{"name":"wp","href":"https:\/\/api.w.org\/{rel}","templated":true}]}}