{"id":13268,"date":"2022-11-02T19:13:19","date_gmt":"2022-11-02T19:13:19","guid":{"rendered":"https:\/\/www.africa-press.net\/togo\/politique\/togo-la-journee-du-13-janvier-2023-chomee-sur-lensemble-du-territoire"},"modified":"2022-11-02T19:13:19","modified_gmt":"2022-11-02T19:13:19","slug":"togo-la-journee-du-13-janvier-2023-chomee-sur-lensemble-du-territoire","status":"publish","type":"post","link":"https:\/\/www.africa-press.net\/togo\/dossiers\/togo-la-journee-du-13-janvier-2023-chomee-sur-lensemble-du-territoire","title":{"rendered":"Togo-La journ\u00e9e du 13 janvier 2023 ch\u00f4m\u00e9e sur l\u2019ensemble du territoire ?"},"content":{"rendered":"<p><span style=\"color: #ff6600\"><strong>Africa-Press &#8211; Togo. <\/strong><\/span><b>C\u2019est l\u2019un des souhaits exprime\u0301s par l\u2019e\u0301crivain togolais Godwin Te\u0301te\u0301 a\u0300 l\u2019occasion des 60 ans de l\u2019assassinat de Sylvanus Olympio, premier pre\u0301sident du Togo. <\/b><\/p>\n<p>13 janvier 1963 \u2013 13 janvier 2023. En effet, cette date marquera le 60e\u0300me anniversaire de l\u2019assassinat Sylvanus Olympio, journe\u0301e pour laquelle Gowin Te\u0301te\u0301 fait quelques suggestions.<\/p>\n<p>Pour lui, cet anniversaire devra e\u0302tre une inestimable occasion pour, dit-il, de \u201cREFONDER (!) un Collectif de combat politique base\u0301 sur une \u201fPlate-forme minimale\u201d accepte\u0301e, signe\u0301e, respectable et respecte\u0301e par toutes les parties prenantes\u201d.<\/p>\n<p>L\u2019acteur politique sugge\u0300re e\u0301galement que cette journe\u0301e du 13 janvier 2023 soit cho\u0302me\u0301e sur toute l\u2019e\u0301tendue du territoire togolais. Ceci, pour une re\u0301flexion relative a\u0300 la destine\u0301e de la Terre de nos Ai\u0308eux.<\/p>\n<p>Aussi pour la me\u0302me ocassion, le co-fondateur de l\u2019ANC souhaite que le drapeau du Togo soit mis en berne trois jours d\u2019affile\u0301e notamment les 13, 14 et 15 janvier 2023.<\/p>\n<p>Et pour finir, \u201cque le boulevard lome\u0301en dit du 13 janvier soit rebaptise\u0301 Boulevard Sylvanus Olympio\u201d car ce dernier estime que attribuer cette \u201cmaudite date\u201d a\u0300 la principale arte\u0300re de notre capitale s\u2019apparente fort a\u0300 une \u201cignominie\u201d.<\/p>\n<p><strong>Pour plus d&rsquo;informations et d&rsquo;analyses sur la <a href=\"https:\/\/www.africa-press.net\/togo\">Togo<\/a>, suivez <a href=\"https:\/\/www.africa-press.net\/\">Africa-Press<\/a><\/strong><\/p>\n","protected":false},"excerpt":{"rendered":"<p>Africa-Press &#8211; Togo. C\u2019est l\u2019un des souhaits exprime\u0301s par l\u2019e\u0301crivain togolais Godwin Te\u0301te\u0301 a\u0300 l\u2019occasion des 60 ans de l\u2019assassinat de Sylvanus Olympio, premier pre\u0301sident du Togo. 13 janvier 1963 \u2013 13 janvier 2023. En effet, cette date marquera le 60e\u0300me anniversaire de l\u2019assassinat Sylvanus Olympio, journe\u0301e pour laquelle Gowin Te\u0301te\u0301 fait quelques suggestions. Pour [&hellip;]<\/p>\n","protected":false},"author":82,"featured_media":13267,"comment_status":"open","ping_status":"closed","sticky":false,"template":"","format":"standard","meta":{"footnotes":""},"categories":[7,10],"tags":[36,49,50],"class_list":["post-13268","post","type-post","status-publish","format-standard","has-post-thumbnail","hentry","category-dossiers","category-toutes-les-actualites","tag-africa-press","tag-africa-press-togo","tag-togo"],"yoast_head":"<!-- This site is optimized with the Yoast SEO Premium plugin v26.1 (Yoast SEO v27.0) - https:\/\/yoast.com\/product\/yoast-seo-premium-wordpress\/ -->\n<title>Togo-La journ\u00e9e du 13 janvier 2023 ch\u00f4m\u00e9e sur l\u2019ensemble du territoire ? - Togo<\/title>\n<meta name=\"robots\" content=\"index, follow, max-snippet:-1, max-image-preview:large, max-video-preview:-1\" \/>\n<link rel=\"canonical\" href=\"https:\/\/www.africa-press.net\/togo\/politique\/togo-la-journee-du-13-janvier-2023-chomee-sur-lensemble-du-territoire\" \/>\n<meta property=\"og:locale\" content=\"fr_FR\" \/>\n<meta property=\"og:type\" content=\"article\" \/>\n<meta property=\"og:title\" content=\"Togo-La journ\u00e9e du 13 janvier 2023 ch\u00f4m\u00e9e sur l\u2019ensemble du territoire ?\" \/>\n<meta property=\"og:description\" content=\"Africa-Press &#8211; Togo. C\u2019est l\u2019un des souhaits exprime\u0301s par l\u2019e\u0301crivain togolais Godwin Te\u0301te\u0301 a\u0300 l\u2019occasion des 60 ans de l\u2019assassinat de Sylvanus Olympio, premier pre\u0301sident du Togo. 13 janvier 1963 \u2013 13 janvier 2023. En effet, cette date marquera le 60e\u0300me anniversaire de l\u2019assassinat Sylvanus Olympio, journe\u0301e pour laquelle Gowin Te\u0301te\u0301 fait quelques suggestions. Pour [&hellip;]\" \/>\n<meta property=\"og:url\" content=\"https:\/\/www.africa-press.net\/togo\/politique\/togo-la-journee-du-13-janvier-2023-chomee-sur-lensemble-du-territoire\" \/>\n<meta property=\"og:site_name\" content=\"Togo\" \/>\n<meta property=\"article:published_time\" content=\"2022-11-02T19:13:19+00:00\" \/>\n<meta name=\"author\" content=\"cfeditorfr\" \/>\n<meta name=\"twitter:card\" content=\"summary_large_image\" \/>\n<meta name=\"twitter:label1\" content=\"\u00c9crit par\" \/>\n\t<meta name=\"twitter:data1\" content=\"cfeditorfr\" \/>\n\t<meta name=\"twitter:label2\" content=\"Dur\u00e9e de lecture estim\u00e9e\" \/>\n\t<meta name=\"twitter:data2\" content=\"1 minute\" \/>\n<script type=\"application\/ld+json\" class=\"yoast-schema-graph\">{\"@context\":\"https:\/\/schema.org\",\"@graph\":[{\"@type\":\"Article\",\"@id\":\"https:\/\/www.africa-press.net\/togo\/politique\/togo-la-journee-du-13-janvier-2023-chomee-sur-lensemble-du-territoire#article\",\"isPartOf\":{\"@id\":\"https:\/\/www.africa-press.net\/togo\/politique\/togo-la-journee-du-13-janvier-2023-chomee-sur-lensemble-du-territoire\"},\"author\":{\"name\":\"cfeditorfr\",\"@id\":\"https:\/\/www.africa-press.net\/togo\/#\/schema\/person\/2b1cf3cd81a31e3cd26889ca66d677f1\"},\"headline\":\"Togo-La journ\u00e9e du 13 janvier 2023 ch\u00f4m\u00e9e sur l\u2019ensemble du territoire ?\",\"datePublished\":\"2022-11-02T19:13:19+00:00\",\"mainEntityOfPage\":{\"@id\":\"https:\/\/www.africa-press.net\/togo\/politique\/togo-la-journee-du-13-janvier-2023-chomee-sur-lensemble-du-territoire\"},\"wordCount\":234,\"commentCount\":0,\"image\":{\"@id\":\"https:\/\/www.africa-press.net\/togo\/politique\/togo-la-journee-du-13-janvier-2023-chomee-sur-lensemble-du-territoire#primaryimage\"},\"thumbnailUrl\":\"https:\/\/static.africa-press.net\/togo\/sites\/58\/2022\/11\/postQueueImg_6.jpg\",\"keywords\":[\"Africa Press\",\"Africa Press-Togo\",\"Togo\"],\"articleSection\":[\"Dossiers\",\"Toutes les actualit\u00e9s\"],\"inLanguage\":\"fr-FR\",\"potentialAction\":[{\"@type\":\"CommentAction\",\"name\":\"Comment\",\"target\":[\"https:\/\/www.africa-press.net\/togo\/politique\/togo-la-journee-du-13-janvier-2023-chomee-sur-lensemble-du-territoire#respond\"]}]},{\"@type\":\"WebPage\",\"@id\":\"https:\/\/www.africa-press.net\/togo\/politique\/togo-la-journee-du-13-janvier-2023-chomee-sur-lensemble-du-territoire\",\"url\":\"https:\/\/www.africa-press.net\/togo\/politique\/togo-la-journee-du-13-janvier-2023-chomee-sur-lensemble-du-territoire\",\"name\":\"Togo-La journ\u00e9e du 13 janvier 2023 ch\u00f4m\u00e9e sur l\u2019ensemble du territoire ? - Togo\",\"isPartOf\":{\"@id\":\"https:\/\/www.africa-press.net\/togo\/#website\"},\"primaryImageOfPage\":{\"@id\":\"https:\/\/www.africa-press.net\/togo\/politique\/togo-la-journee-du-13-janvier-2023-chomee-sur-lensemble-du-territoire#primaryimage\"},\"image\":{\"@id\":\"https:\/\/www.africa-press.net\/togo\/politique\/togo-la-journee-du-13-janvier-2023-chomee-sur-lensemble-du-territoire#primaryimage\"},\"thumbnailUrl\":\"https:\/\/static.africa-press.net\/togo\/sites\/58\/2022\/11\/postQueueImg_6.jpg\",\"datePublished\":\"2022-11-02T19:13:19+00:00\",\"author\":{\"@id\":\"https:\/\/www.africa-press.net\/togo\/#\/schema\/person\/2b1cf3cd81a31e3cd26889ca66d677f1\"},\"breadcrumb\":{\"@id\":\"https:\/\/www.africa-press.net\/togo\/politique\/togo-la-journee-du-13-janvier-2023-chomee-sur-lensemble-du-territoire#breadcrumb\"},\"inLanguage\":\"fr-FR\",\"potentialAction\":[{\"@type\":\"ReadAction\",\"target\":[\"https:\/\/www.africa-press.net\/togo\/politique\/togo-la-journee-du-13-janvier-2023-chomee-sur-lensemble-du-territoire\"]}]},{\"@type\":\"ImageObject\",\"inLanguage\":\"fr-FR\",\"@id\":\"https:\/\/www.africa-press.net\/togo\/politique\/togo-la-journee-du-13-janvier-2023-chomee-sur-lensemble-du-territoire#primaryimage\",\"url\":\"https:\/\/static.africa-press.net\/togo\/sites\/58\/2022\/11\/postQueueImg_6.jpg\",\"contentUrl\":\"https:\/\/static.africa-press.net\/togo\/sites\/58\/2022\/11\/postQueueImg_6.jpg\",\"width\":1280,\"height\":808,\"caption\":\"Togo-La journ\u00e9e du 13 janvier 2023 ch\u00f4m\u00e9e sur l\u2019ensemble du territoire ?\"},{\"@type\":\"BreadcrumbList\",\"@id\":\"https:\/\/www.africa-press.net\/togo\/politique\/togo-la-journee-du-13-janvier-2023-chomee-sur-lensemble-du-territoire#breadcrumb\",\"itemListElement\":[{\"@type\":\"ListItem\",\"position\":1,\"name\":\"Accueil\",\"item\":\"https:\/\/www.africa-press.net\/togo\/\"},{\"@type\":\"ListItem\",\"position\":2,\"name\":\"Togo-La journ\u00e9e du 13 janvier 2023 ch\u00f4m\u00e9e sur l\u2019ensemble du territoire ?\"}]},{\"@type\":\"WebSite\",\"@id\":\"https:\/\/www.africa-press.net\/togo\/#website\",\"url\":\"https:\/\/www.africa-press.net\/togo\/\",\"name\":\"Togo\",\"description\":\"Just another Africa News Agency Sites site\",\"potentialAction\":[{\"@type\":\"SearchAction\",\"target\":{\"@type\":\"EntryPoint\",\"urlTemplate\":\"https:\/\/www.africa-press.net\/togo\/?s={search_term_string}\"},\"query-input\":{\"@type\":\"PropertyValueSpecification\",\"valueRequired\":true,\"valueName\":\"search_term_string\"}}],\"inLanguage\":\"fr-FR\"},{\"@type\":\"Person\",\"@id\":\"https:\/\/www.africa-press.net\/togo\/#\/schema\/person\/2b1cf3cd81a31e3cd26889ca66d677f1\",\"name\":\"cfeditorfr\"}]}<\/script>\n<!-- \/ Yoast SEO Premium plugin. -->","yoast_head_json":{"title":"Togo-La journ\u00e9e du 13 janvier 2023 ch\u00f4m\u00e9e sur l\u2019ensemble du territoire ? - Togo","robots":{"index":"index","follow":"follow","max-snippet":"max-snippet:-1","max-image-preview":"max-image-preview:large","max-video-preview":"max-video-preview:-1"},"canonical":"https:\/\/www.africa-press.net\/togo\/politique\/togo-la-journee-du-13-janvier-2023-chomee-sur-lensemble-du-territoire","og_locale":"fr_FR","og_type":"article","og_title":"Togo-La journ\u00e9e du 13 janvier 2023 ch\u00f4m\u00e9e sur l\u2019ensemble du territoire ?","og_description":"Africa-Press &#8211; Togo. C\u2019est l\u2019un des souhaits exprime\u0301s par l\u2019e\u0301crivain togolais Godwin Te\u0301te\u0301 a\u0300 l\u2019occasion des 60 ans de l\u2019assassinat de Sylvanus Olympio, premier pre\u0301sident du Togo. 13 janvier 1963 \u2013 13 janvier 2023. En effet, cette date marquera le 60e\u0300me anniversaire de l\u2019assassinat Sylvanus Olympio, journe\u0301e pour laquelle Gowin Te\u0301te\u0301 fait quelques suggestions. Pour [&hellip;]","og_url":"https:\/\/www.africa-press.net\/togo\/politique\/togo-la-journee-du-13-janvier-2023-chomee-sur-lensemble-du-territoire","og_site_name":"Togo","article_published_time":"2022-11-02T19:13:19+00:00","author":"cfeditorfr","twitter_card":"summary_large_image","twitter_misc":{"\u00c9crit par":"cfeditorfr","Dur\u00e9e de lecture estim\u00e9e":"1 minute"},"schema":{"@context":"https:\/\/schema.org","@graph":[{"@type":"Article","@id":"https:\/\/www.africa-press.net\/togo\/politique\/togo-la-journee-du-13-janvier-2023-chomee-sur-lensemble-du-territoire#article","isPartOf":{"@id":"https:\/\/www.africa-press.net\/togo\/politique\/togo-la-journee-du-13-janvier-2023-chomee-sur-lensemble-du-territoire"},"author":{"name":"cfeditorfr","@id":"https:\/\/www.africa-press.net\/togo\/#\/schema\/person\/2b1cf3cd81a31e3cd26889ca66d677f1"},"headline":"Togo-La journ\u00e9e du 13 janvier 2023 ch\u00f4m\u00e9e sur l\u2019ensemble du territoire ?","datePublished":"2022-11-02T19:13:19+00:00","mainEntityOfPage":{"@id":"https:\/\/www.africa-press.net\/togo\/politique\/togo-la-journee-du-13-janvier-2023-chomee-sur-lensemble-du-territoire"},"wordCount":234,"commentCount":0,"image":{"@id":"https:\/\/www.africa-press.net\/togo\/politique\/togo-la-journee-du-13-janvier-2023-chomee-sur-lensemble-du-territoire#primaryimage"},"thumbnailUrl":"https:\/\/static.africa-press.net\/togo\/sites\/58\/2022\/11\/postQueueImg_6.jpg","keywords":["Africa Press","Africa Press-Togo","Togo"],"articleSection":["Dossiers","Toutes les actualit\u00e9s"],"inLanguage":"fr-FR","potentialAction":[{"@type":"CommentAction","name":"Comment","target":["https:\/\/www.africa-press.net\/togo\/politique\/togo-la-journee-du-13-janvier-2023-chomee-sur-lensemble-du-territoire#respond"]}]},{"@type":"WebPage","@id":"https:\/\/www.africa-press.net\/togo\/politique\/togo-la-journee-du-13-janvier-2023-chomee-sur-lensemble-du-territoire","url":"https:\/\/www.africa-press.net\/togo\/politique\/togo-la-journee-du-13-janvier-2023-chomee-sur-lensemble-du-territoire","name":"Togo-La journ\u00e9e du 13 janvier 2023 ch\u00f4m\u00e9e sur l\u2019ensemble du territoire ? - Togo","isPartOf":{"@id":"https:\/\/www.africa-press.net\/togo\/#website"},"primaryImageOfPage":{"@id":"https:\/\/www.africa-press.net\/togo\/politique\/togo-la-journee-du-13-janvier-2023-chomee-sur-lensemble-du-territoire#primaryimage"},"image":{"@id":"https:\/\/www.africa-press.net\/togo\/politique\/togo-la-journee-du-13-janvier-2023-chomee-sur-lensemble-du-territoire#primaryimage"},"thumbnailUrl":"https:\/\/static.africa-press.net\/togo\/sites\/58\/2022\/11\/postQueueImg_6.jpg","datePublished":"2022-11-02T19:13:19+00:00","author":{"@id":"https:\/\/www.africa-press.net\/togo\/#\/schema\/person\/2b1cf3cd81a31e3cd26889ca66d677f1"},"breadcrumb":{"@id":"https:\/\/www.africa-press.net\/togo\/politique\/togo-la-journee-du-13-janvier-2023-chomee-sur-lensemble-du-territoire#breadcrumb"},"inLanguage":"fr-FR","potentialAction":[{"@type":"ReadAction","target":["https:\/\/www.africa-press.net\/togo\/politique\/togo-la-journee-du-13-janvier-2023-chomee-sur-lensemble-du-territoire"]}]},{"@type":"ImageObject","inLanguage":"fr-FR","@id":"https:\/\/www.africa-press.net\/togo\/politique\/togo-la-journee-du-13-janvier-2023-chomee-sur-lensemble-du-territoire#primaryimage","url":"https:\/\/static.africa-press.net\/togo\/sites\/58\/2022\/11\/postQueueImg_6.jpg","contentUrl":"https:\/\/static.africa-press.net\/togo\/sites\/58\/2022\/11\/postQueueImg_6.jpg","width":1280,"height":808,"caption":"Togo-La journ\u00e9e du 13 janvier 2023 ch\u00f4m\u00e9e sur l\u2019ensemble du territoire ?"},{"@type":"BreadcrumbList","@id":"https:\/\/www.africa-press.net\/togo\/politique\/togo-la-journee-du-13-janvier-2023-chomee-sur-lensemble-du-territoire#breadcrumb","itemListElement":[{"@type":"ListItem","position":1,"name":"Accueil","item":"https:\/\/www.africa-press.net\/togo\/"},{"@type":"ListItem","position":2,"name":"Togo-La journ\u00e9e du 13 janvier 2023 ch\u00f4m\u00e9e sur l\u2019ensemble du territoire ?"}]},{"@type":"WebSite","@id":"https:\/\/www.africa-press.net\/togo\/#website","url":"https:\/\/www.africa-press.net\/togo\/","name":"Togo","description":"Just another Africa News Agency Sites site","potentialAction":[{"@type":"SearchAction","target":{"@type":"EntryPoint","urlTemplate":"https:\/\/www.africa-press.net\/togo\/?s={search_term_string}"},"query-input":{"@type":"PropertyValueSpecification","valueRequired":true,"valueName":"search_term_string"}}],"inLanguage":"fr-FR"},{"@type":"Person","@id":"https:\/\/www.africa-press.net\/togo\/#\/schema\/person\/2b1cf3cd81a31e3cd26889ca66d677f1","name":"cfeditorfr"}]}},"_links":{"self":[{"href":"https:\/\/www.africa-press.net\/togo\/wp-json\/wp\/v2\/posts\/13268","targetHints":{"allow":["GET"]}}],"collection":[{"href":"https:\/\/www.africa-press.net\/togo\/wp-json\/wp\/v2\/posts"}],"about":[{"href":"https:\/\/www.africa-press.net\/togo\/wp-json\/wp\/v2\/types\/post"}],"author":[{"embeddable":true,"href":"https:\/\/www.africa-press.net\/togo\/wp-json\/wp\/v2\/users\/82"}],"replies":[{"embeddable":true,"href":"https:\/\/www.africa-press.net\/togo\/wp-json\/wp\/v2\/comments?post=13268"}],"version-history":[{"count":0,"href":"https:\/\/www.africa-press.net\/togo\/wp-json\/wp\/v2\/posts\/13268\/revisions"}],"wp:featuredmedia":[{"embeddable":true,"href":"https:\/\/www.africa-press.net\/togo\/wp-json\/wp\/v2\/media\/13267"}],"wp:attachment":[{"href":"https:\/\/www.africa-press.net\/togo\/wp-json\/wp\/v2\/media?parent=13268"}],"wp:term":[{"taxonomy":"category","embeddable":true,"href":"https:\/\/www.africa-press.net\/togo\/wp-json\/wp\/v2\/categories?post=13268"},{"taxonomy":"post_tag","embeddable":true,"href":"https:\/\/www.africa-press.net\/togo\/wp-json\/wp\/v2\/tags?post=13268"}],"curies":[{"name":"wp","href":"https:\/\/api.w.org\/{rel}","templated":true}]}}