{"id":13303,"date":"2022-11-03T18:26:26","date_gmt":"2022-11-03T18:26:26","guid":{"rendered":"https:\/\/www.africa-press.net\/togo\/politique\/togo-salon-international-du-textile-africain-ca-demarre-demain"},"modified":"2022-11-03T18:51:40","modified_gmt":"2022-11-03T18:51:40","slug":"togo-salon-international-du-textile-africain-ca-demarre-demain","status":"publish","type":"post","link":"https:\/\/www.africa-press.net\/togo\/toutes-les-actualites\/togo-salon-international-du-textile-africain-ca-demarre-demain","title":{"rendered":"Togo-Salon international du textile africain : \u00e7a d\u00e9marre demain !"},"content":{"rendered":"<p><span style=\"color: #ff6600\"><strong>Africa-Press &#8211; Togo. <\/strong><\/span><b>Eve\u0301nement qui re\u0301unit l\u2019ensemble des acteurs de la filie\u0300re textile, le Salon international du textile africain (SITA) ouvre ses portes demain vendredi 04 novembre 2022 dans la capitale togolaise. Ce salon qui se veut vitrine de promotion et de valorisation du textile fabrique\u0301 sur le continent africain, a pour objectif de promouvoir le de\u0301veloppement du textile africain en vue de la cre\u0301ation d\u2019une industrie textile porteuse d\u2019espoir pour l\u2019agriculture et l\u2019e\u0301conomie africaine.<\/b><\/p>\n<p>\u00ab Au regard des difficulte\u0301s que rencontre cette filie\u0300re textile, plusieurs initiatives sont de\u0301veloppe\u0301es par diffe\u0301rents acteurs (e\u0301tatiques et non-e\u0301tatiques) afin d\u2019y trouver des re\u0301ponses idoines. C\u2019est pour contribuer a\u0300 la re\u0301habilitation du textile africain que le SITA a e\u0301te\u0301 initie\u0301 depuis 2009 \u00bb, indiquent les organisateurs.<\/p>\n<p>Plusieurs activite\u0301s sont au programme du SITA. Il s\u2019agit notamment d\u2019une confe\u0301rence internationale, des exposition-ventes, d\u2019une formation en e-commerce, d\u2019une parade des tenues traditionnelles et industrielles africaines et d\u2019un de\u0301file\u0301 de mode. Il est e\u0301galement pre\u0301vu une \u00ab nuit du coton \u00bb pour montrer que la \u00ab fonction premie\u0300re du coton est profonde\u0301ment ancre\u0301e dans nos socie\u0301te\u0301s africaines, car le tissu, au-dela\u0300 de sa fonction vestimentaire est un langage, une marque d\u2019identite\u0301 \u00bb.<\/p>\n<p>\u00ab Le textile africain est encore au gou\u0302t du jour, avec une e\u0301volution dans sa production. De par le passe\u0301, c\u2019e\u0301tait juste de l\u2019artisanat, mais a\u0300 pre\u0301sent, il s\u2019est mue\u0301 en une ve\u0301ritable industrie dans la sous-re\u0301gion. Un peu partout, il y a des socie\u0301te\u0301s qui en font leur cre\u0301neau \u00bb, expliquent les organisateurs.<\/p>\n<p>Il faut pre\u0301ciser que la Salon international du textile africain (SITA) est a\u0300 sa 8e e\u0301dition cette anne\u0301e.<\/p>\n<p><strong>Pour plus d&rsquo;informations et d&rsquo;analyses sur la <a href=\"https:\/\/www.africa-press.net\/togo\">Togo<\/a>, suivez <a href=\"https:\/\/www.africa-press.net\/\">Africa-Press<\/a><\/strong><\/p>\n","protected":false},"excerpt":{"rendered":"<p>Africa-Press &#8211; Togo. Eve\u0301nement qui re\u0301unit l\u2019ensemble des acteurs de la filie\u0300re textile, le Salon international du textile africain (SITA) ouvre ses portes demain vendredi 04 novembre 2022 dans la capitale togolaise. Ce salon qui se veut vitrine de promotion et de valorisation du textile fabrique\u0301 sur le continent africain, a pour objectif de promouvoir [&hellip;]<\/p>\n","protected":false},"author":82,"featured_media":13302,"comment_status":"open","ping_status":"closed","sticky":false,"template":"","format":"standard","meta":{"footnotes":""},"categories":[21,10],"tags":[36,49,50],"class_list":["post-13303","post","type-post","status-publish","format-standard","has-post-thumbnail","hentry","category-communaute","category-toutes-les-actualites","tag-africa-press","tag-africa-press-togo","tag-togo"],"yoast_head":"<!-- This site is optimized with the Yoast SEO Premium plugin v26.1 (Yoast SEO v27.0) - https:\/\/yoast.com\/product\/yoast-seo-premium-wordpress\/ -->\n<title>Togo-Salon international du textile africain : \u00e7a d\u00e9marre demain ! - Togo<\/title>\n<meta name=\"description\" content=\"Eve\u0301nement qui re\u0301unit l\u2019ensemble des acteurs de la filie\u0300re textile, le Salon international du textile africain (SIT ...\" \/>\n<meta name=\"robots\" content=\"index, follow, max-snippet:-1, max-image-preview:large, max-video-preview:-1\" \/>\n<link rel=\"canonical\" href=\"https:\/\/www.africa-press.net\/togo\/toutes-les-actualites\/togo-salon-international-du-textile-africain-ca-demarre-demain\" \/>\n<meta property=\"og:locale\" content=\"fr_FR\" \/>\n<meta property=\"og:type\" content=\"article\" \/>\n<meta property=\"og:title\" content=\"Togo-Salon international du textile africain : \u00e7a d\u00e9marre demain !\" \/>\n<meta property=\"og:description\" content=\"Eve\u0301nement qui re\u0301unit l\u2019ensemble des acteurs de la filie\u0300re textile, le Salon international du textile africain (SIT ...\" \/>\n<meta property=\"og:url\" content=\"https:\/\/www.africa-press.net\/togo\/toutes-les-actualites\/togo-salon-international-du-textile-africain-ca-demarre-demain\" \/>\n<meta property=\"og:site_name\" content=\"Togo\" \/>\n<meta property=\"article:published_time\" content=\"2022-11-03T18:26:26+00:00\" \/>\n<meta property=\"article:modified_time\" content=\"2022-11-03T18:51:40+00:00\" \/>\n<meta property=\"og:image\" content=\"https:\/\/static.africa-press.net\/togo\/sites\/58\/2022\/11\/postQueueImg_9-63640d4d8fd09.jpg\" \/>\n\t<meta property=\"og:image:width\" content=\"1280\" \/>\n\t<meta property=\"og:image:height\" content=\"800\" \/>\n\t<meta property=\"og:image:type\" content=\"image\/jpeg\" \/>\n<meta name=\"author\" content=\"cfeditorfr\" \/>\n<meta name=\"twitter:card\" content=\"summary_large_image\" \/>\n<meta name=\"twitter:label1\" content=\"\u00c9crit par\" \/>\n\t<meta name=\"twitter:data1\" content=\"cfeditorfr\" \/>\n\t<meta name=\"twitter:label2\" content=\"Dur\u00e9e de lecture estim\u00e9e\" \/>\n\t<meta name=\"twitter:data2\" content=\"2 minutes\" \/>\n<script type=\"application\/ld+json\" class=\"yoast-schema-graph\">{\"@context\":\"https:\/\/schema.org\",\"@graph\":[{\"@type\":\"Article\",\"@id\":\"https:\/\/www.africa-press.net\/togo\/toutes-les-actualites\/togo-salon-international-du-textile-africain-ca-demarre-demain#article\",\"isPartOf\":{\"@id\":\"https:\/\/www.africa-press.net\/togo\/toutes-les-actualites\/togo-salon-international-du-textile-africain-ca-demarre-demain\"},\"author\":{\"name\":\"cfeditorfr\",\"@id\":\"https:\/\/www.africa-press.net\/togo\/#\/schema\/person\/2b1cf3cd81a31e3cd26889ca66d677f1\"},\"headline\":\"Togo-Salon international du textile africain : \u00e7a d\u00e9marre demain !\",\"datePublished\":\"2022-11-03T18:26:26+00:00\",\"dateModified\":\"2022-11-03T18:51:40+00:00\",\"mainEntityOfPage\":{\"@id\":\"https:\/\/www.africa-press.net\/togo\/toutes-les-actualites\/togo-salon-international-du-textile-africain-ca-demarre-demain\"},\"wordCount\":331,\"commentCount\":0,\"image\":{\"@id\":\"https:\/\/www.africa-press.net\/togo\/toutes-les-actualites\/togo-salon-international-du-textile-africain-ca-demarre-demain#primaryimage\"},\"thumbnailUrl\":\"https:\/\/static.africa-press.net\/togo\/sites\/58\/2022\/11\/postQueueImg_9-63640d4d8fd09.jpg\",\"keywords\":[\"Africa Press\",\"Africa Press-Togo\",\"Togo\"],\"articleSection\":[\"Communaut\u00e9\",\"Toutes les actualit\u00e9s\"],\"inLanguage\":\"fr-FR\",\"potentialAction\":[{\"@type\":\"CommentAction\",\"name\":\"Comment\",\"target\":[\"https:\/\/www.africa-press.net\/togo\/toutes-les-actualites\/togo-salon-international-du-textile-africain-ca-demarre-demain#respond\"]}]},{\"@type\":\"WebPage\",\"@id\":\"https:\/\/www.africa-press.net\/togo\/toutes-les-actualites\/togo-salon-international-du-textile-africain-ca-demarre-demain\",\"url\":\"https:\/\/www.africa-press.net\/togo\/toutes-les-actualites\/togo-salon-international-du-textile-africain-ca-demarre-demain\",\"name\":\"Togo-Salon international du textile africain : \u00e7a d\u00e9marre demain ! - Togo\",\"isPartOf\":{\"@id\":\"https:\/\/www.africa-press.net\/togo\/#website\"},\"primaryImageOfPage\":{\"@id\":\"https:\/\/www.africa-press.net\/togo\/toutes-les-actualites\/togo-salon-international-du-textile-africain-ca-demarre-demain#primaryimage\"},\"image\":{\"@id\":\"https:\/\/www.africa-press.net\/togo\/toutes-les-actualites\/togo-salon-international-du-textile-africain-ca-demarre-demain#primaryimage\"},\"thumbnailUrl\":\"https:\/\/static.africa-press.net\/togo\/sites\/58\/2022\/11\/postQueueImg_9-63640d4d8fd09.jpg\",\"datePublished\":\"2022-11-03T18:26:26+00:00\",\"dateModified\":\"2022-11-03T18:51:40+00:00\",\"author\":{\"@id\":\"https:\/\/www.africa-press.net\/togo\/#\/schema\/person\/2b1cf3cd81a31e3cd26889ca66d677f1\"},\"description\":\"Eve\u0301nement qui re\u0301unit l\u2019ensemble des acteurs de la filie\u0300re textile, le Salon international du textile africain (SIT ...\",\"breadcrumb\":{\"@id\":\"https:\/\/www.africa-press.net\/togo\/toutes-les-actualites\/togo-salon-international-du-textile-africain-ca-demarre-demain#breadcrumb\"},\"inLanguage\":\"fr-FR\",\"potentialAction\":[{\"@type\":\"ReadAction\",\"target\":[\"https:\/\/www.africa-press.net\/togo\/toutes-les-actualites\/togo-salon-international-du-textile-africain-ca-demarre-demain\"]}]},{\"@type\":\"ImageObject\",\"inLanguage\":\"fr-FR\",\"@id\":\"https:\/\/www.africa-press.net\/togo\/toutes-les-actualites\/togo-salon-international-du-textile-africain-ca-demarre-demain#primaryimage\",\"url\":\"https:\/\/static.africa-press.net\/togo\/sites\/58\/2022\/11\/postQueueImg_9-63640d4d8fd09.jpg\",\"contentUrl\":\"https:\/\/static.africa-press.net\/togo\/sites\/58\/2022\/11\/postQueueImg_9-63640d4d8fd09.jpg\",\"width\":1280,\"height\":800,\"caption\":\"Togo-Salon international du textile africain : \u00e7a d\u00e9marre demain !\"},{\"@type\":\"BreadcrumbList\",\"@id\":\"https:\/\/www.africa-press.net\/togo\/toutes-les-actualites\/togo-salon-international-du-textile-africain-ca-demarre-demain#breadcrumb\",\"itemListElement\":[{\"@type\":\"ListItem\",\"position\":1,\"name\":\"Accueil\",\"item\":\"https:\/\/www.africa-press.net\/togo\/\"},{\"@type\":\"ListItem\",\"position\":2,\"name\":\"Togo-Salon international du textile africain : \u00e7a d\u00e9marre demain !\"}]},{\"@type\":\"WebSite\",\"@id\":\"https:\/\/www.africa-press.net\/togo\/#website\",\"url\":\"https:\/\/www.africa-press.net\/togo\/\",\"name\":\"Togo\",\"description\":\"Just another Africa News Agency Sites site\",\"potentialAction\":[{\"@type\":\"SearchAction\",\"target\":{\"@type\":\"EntryPoint\",\"urlTemplate\":\"https:\/\/www.africa-press.net\/togo\/?s={search_term_string}\"},\"query-input\":{\"@type\":\"PropertyValueSpecification\",\"valueRequired\":true,\"valueName\":\"search_term_string\"}}],\"inLanguage\":\"fr-FR\"},{\"@type\":\"Person\",\"@id\":\"https:\/\/www.africa-press.net\/togo\/#\/schema\/person\/2b1cf3cd81a31e3cd26889ca66d677f1\",\"name\":\"cfeditorfr\"}]}<\/script>\n<!-- \/ Yoast SEO Premium plugin. -->","yoast_head_json":{"title":"Togo-Salon international du textile africain : \u00e7a d\u00e9marre demain ! - Togo","description":"Eve\u0301nement qui re\u0301unit l\u2019ensemble des acteurs de la filie\u0300re textile, le Salon international du textile africain (SIT ...","robots":{"index":"index","follow":"follow","max-snippet":"max-snippet:-1","max-image-preview":"max-image-preview:large","max-video-preview":"max-video-preview:-1"},"canonical":"https:\/\/www.africa-press.net\/togo\/toutes-les-actualites\/togo-salon-international-du-textile-africain-ca-demarre-demain","og_locale":"fr_FR","og_type":"article","og_title":"Togo-Salon international du textile africain : \u00e7a d\u00e9marre demain !","og_description":"Eve\u0301nement qui re\u0301unit l\u2019ensemble des acteurs de la filie\u0300re textile, le Salon international du textile africain (SIT ...","og_url":"https:\/\/www.africa-press.net\/togo\/toutes-les-actualites\/togo-salon-international-du-textile-africain-ca-demarre-demain","og_site_name":"Togo","article_published_time":"2022-11-03T18:26:26+00:00","article_modified_time":"2022-11-03T18:51:40+00:00","og_image":[{"width":1280,"height":800,"url":"https:\/\/static.africa-press.net\/togo\/sites\/58\/2022\/11\/postQueueImg_9-63640d4d8fd09.jpg","type":"image\/jpeg"}],"author":"cfeditorfr","twitter_card":"summary_large_image","twitter_misc":{"\u00c9crit par":"cfeditorfr","Dur\u00e9e de lecture estim\u00e9e":"2 minutes"},"schema":{"@context":"https:\/\/schema.org","@graph":[{"@type":"Article","@id":"https:\/\/www.africa-press.net\/togo\/toutes-les-actualites\/togo-salon-international-du-textile-africain-ca-demarre-demain#article","isPartOf":{"@id":"https:\/\/www.africa-press.net\/togo\/toutes-les-actualites\/togo-salon-international-du-textile-africain-ca-demarre-demain"},"author":{"name":"cfeditorfr","@id":"https:\/\/www.africa-press.net\/togo\/#\/schema\/person\/2b1cf3cd81a31e3cd26889ca66d677f1"},"headline":"Togo-Salon international du textile africain : \u00e7a d\u00e9marre demain !","datePublished":"2022-11-03T18:26:26+00:00","dateModified":"2022-11-03T18:51:40+00:00","mainEntityOfPage":{"@id":"https:\/\/www.africa-press.net\/togo\/toutes-les-actualites\/togo-salon-international-du-textile-africain-ca-demarre-demain"},"wordCount":331,"commentCount":0,"image":{"@id":"https:\/\/www.africa-press.net\/togo\/toutes-les-actualites\/togo-salon-international-du-textile-africain-ca-demarre-demain#primaryimage"},"thumbnailUrl":"https:\/\/static.africa-press.net\/togo\/sites\/58\/2022\/11\/postQueueImg_9-63640d4d8fd09.jpg","keywords":["Africa Press","Africa Press-Togo","Togo"],"articleSection":["Communaut\u00e9","Toutes les actualit\u00e9s"],"inLanguage":"fr-FR","potentialAction":[{"@type":"CommentAction","name":"Comment","target":["https:\/\/www.africa-press.net\/togo\/toutes-les-actualites\/togo-salon-international-du-textile-africain-ca-demarre-demain#respond"]}]},{"@type":"WebPage","@id":"https:\/\/www.africa-press.net\/togo\/toutes-les-actualites\/togo-salon-international-du-textile-africain-ca-demarre-demain","url":"https:\/\/www.africa-press.net\/togo\/toutes-les-actualites\/togo-salon-international-du-textile-africain-ca-demarre-demain","name":"Togo-Salon international du textile africain : \u00e7a d\u00e9marre demain ! - Togo","isPartOf":{"@id":"https:\/\/www.africa-press.net\/togo\/#website"},"primaryImageOfPage":{"@id":"https:\/\/www.africa-press.net\/togo\/toutes-les-actualites\/togo-salon-international-du-textile-africain-ca-demarre-demain#primaryimage"},"image":{"@id":"https:\/\/www.africa-press.net\/togo\/toutes-les-actualites\/togo-salon-international-du-textile-africain-ca-demarre-demain#primaryimage"},"thumbnailUrl":"https:\/\/static.africa-press.net\/togo\/sites\/58\/2022\/11\/postQueueImg_9-63640d4d8fd09.jpg","datePublished":"2022-11-03T18:26:26+00:00","dateModified":"2022-11-03T18:51:40+00:00","author":{"@id":"https:\/\/www.africa-press.net\/togo\/#\/schema\/person\/2b1cf3cd81a31e3cd26889ca66d677f1"},"description":"Eve\u0301nement qui re\u0301unit l\u2019ensemble des acteurs de la filie\u0300re textile, le Salon international du textile africain (SIT ...","breadcrumb":{"@id":"https:\/\/www.africa-press.net\/togo\/toutes-les-actualites\/togo-salon-international-du-textile-africain-ca-demarre-demain#breadcrumb"},"inLanguage":"fr-FR","potentialAction":[{"@type":"ReadAction","target":["https:\/\/www.africa-press.net\/togo\/toutes-les-actualites\/togo-salon-international-du-textile-africain-ca-demarre-demain"]}]},{"@type":"ImageObject","inLanguage":"fr-FR","@id":"https:\/\/www.africa-press.net\/togo\/toutes-les-actualites\/togo-salon-international-du-textile-africain-ca-demarre-demain#primaryimage","url":"https:\/\/static.africa-press.net\/togo\/sites\/58\/2022\/11\/postQueueImg_9-63640d4d8fd09.jpg","contentUrl":"https:\/\/static.africa-press.net\/togo\/sites\/58\/2022\/11\/postQueueImg_9-63640d4d8fd09.jpg","width":1280,"height":800,"caption":"Togo-Salon international du textile africain : \u00e7a d\u00e9marre demain !"},{"@type":"BreadcrumbList","@id":"https:\/\/www.africa-press.net\/togo\/toutes-les-actualites\/togo-salon-international-du-textile-africain-ca-demarre-demain#breadcrumb","itemListElement":[{"@type":"ListItem","position":1,"name":"Accueil","item":"https:\/\/www.africa-press.net\/togo\/"},{"@type":"ListItem","position":2,"name":"Togo-Salon international du textile africain : \u00e7a d\u00e9marre demain !"}]},{"@type":"WebSite","@id":"https:\/\/www.africa-press.net\/togo\/#website","url":"https:\/\/www.africa-press.net\/togo\/","name":"Togo","description":"Just another Africa News Agency Sites site","potentialAction":[{"@type":"SearchAction","target":{"@type":"EntryPoint","urlTemplate":"https:\/\/www.africa-press.net\/togo\/?s={search_term_string}"},"query-input":{"@type":"PropertyValueSpecification","valueRequired":true,"valueName":"search_term_string"}}],"inLanguage":"fr-FR"},{"@type":"Person","@id":"https:\/\/www.africa-press.net\/togo\/#\/schema\/person\/2b1cf3cd81a31e3cd26889ca66d677f1","name":"cfeditorfr"}]}},"_links":{"self":[{"href":"https:\/\/www.africa-press.net\/togo\/wp-json\/wp\/v2\/posts\/13303","targetHints":{"allow":["GET"]}}],"collection":[{"href":"https:\/\/www.africa-press.net\/togo\/wp-json\/wp\/v2\/posts"}],"about":[{"href":"https:\/\/www.africa-press.net\/togo\/wp-json\/wp\/v2\/types\/post"}],"author":[{"embeddable":true,"href":"https:\/\/www.africa-press.net\/togo\/wp-json\/wp\/v2\/users\/82"}],"replies":[{"embeddable":true,"href":"https:\/\/www.africa-press.net\/togo\/wp-json\/wp\/v2\/comments?post=13303"}],"version-history":[{"count":0,"href":"https:\/\/www.africa-press.net\/togo\/wp-json\/wp\/v2\/posts\/13303\/revisions"}],"wp:featuredmedia":[{"embeddable":true,"href":"https:\/\/www.africa-press.net\/togo\/wp-json\/wp\/v2\/media\/13302"}],"wp:attachment":[{"href":"https:\/\/www.africa-press.net\/togo\/wp-json\/wp\/v2\/media?parent=13303"}],"wp:term":[{"taxonomy":"category","embeddable":true,"href":"https:\/\/www.africa-press.net\/togo\/wp-json\/wp\/v2\/categories?post=13303"},{"taxonomy":"post_tag","embeddable":true,"href":"https:\/\/www.africa-press.net\/togo\/wp-json\/wp\/v2\/tags?post=13303"}],"curies":[{"name":"wp","href":"https:\/\/api.w.org\/{rel}","templated":true}]}}