{"id":13318,"date":"2022-11-03T18:27:51","date_gmt":"2022-11-03T18:27:51","guid":{"rendered":"https:\/\/www.africa-press.net\/togo\/politique\/togo-les-grandes-decisions-prises-par-faure-gnassingbe-au-conseil-des-ministres-de-ce-mercredi-2-novembre"},"modified":"2022-11-03T19:02:57","modified_gmt":"2022-11-03T19:02:57","slug":"togo-les-grandes-decisions-prises-par-faure-gnassingbe-au-conseil-des-ministres-de-ce-mercredi-2-novembre","status":"publish","type":"post","link":"https:\/\/www.africa-press.net\/togo\/politique\/togo-les-grandes-decisions-prises-par-faure-gnassingbe-au-conseil-des-ministres-de-ce-mercredi-2-novembre","title":{"rendered":"Togo : les grandes d\u00e9cisions prises par Faure Gnassingb\u00e9 au conseil des ministres de ce mercredi 2 novembre"},"content":{"rendered":"<p><span style=\"color: #ff6600\"><strong>Africa-Press &#8211; Togo. <\/strong><\/span>Le conseil des ministres s\u2019est re\u0301uni ce mercredi 02 novembre 2022 sous la pre\u0301sidence de Son Excellence Monsieur Faure Essozimna GNASSINGBE, Pre\u0301sident de la Re\u0301publique. Le conseil a examine\u0301 un (1) avant-projet de loi, un (01) projet de de\u0301cret et e\u0301coute\u0301 deux (02) communications.<\/p>\n<p>I. Au titre de l\u2019avant-projet de loi,<\/p>\n<p>Le conseil a examine\u0301 en deuxie\u0300me lecture l\u2019avant-projet de loi portant re\u0301gime juridique applicable aux entreprises publiques en Re\u0301publique togolaise.<\/p>\n<p>S\u2019inscrivant dans la dynamique du gouvernement de moderniser le pays et renforcer ses structures tout en tenant compte du contexte actuel, le pre\u0301sent avant-projet de loi fixe les re\u0300gles relatives a\u0300 la cre\u0301ation, a\u0300 l\u2019organisation, au fonctionnement et au contro\u0302le des entreprises publiques. Il de\u0301termine e\u0301galement les principes relatifs a\u0300 la surveillance e\u0301conomique et financie\u0300re, a\u0300 la transformation, aux cessions d\u2019actifs, a\u0300 la dissolution ainsi qu\u2019a\u0300 la liquidation desdites entreprises.<\/p>\n<p>L\u2019e\u0301tude sera poursuivie lors d\u2019une prochaine se\u0301ance du conseil des ministres.<\/p>\n<p>II. Au titre du projet de de\u0301cret,<\/p>\n<p>Le conseil a examine\u0301 en premie\u0300re lecture un projet de de\u0301cret relatif au registre social des personnes et des me\u0301nages.<\/p>\n<p>S\u2019inscrivant dans la dynamique de poursuite des actions du gouvernement pour le renforcement de l\u2019inclusion de toutes les couches de la population, ce de\u0301cret cre\u0301e une base de donne\u0301es nationale de\u0301nomme\u0301e \u00ab Registre social des personnes et des me\u0301nages (RSPM) \u00bb et fixe les conditions d\u2019inscription audit registre ainsi que l\u2019utilisation qui peut e\u0302tre faite de ces donne\u0301es.<\/p>\n<p>En effet, ce registre est un projet prioritaire de la feuille de route gouvernementale 2020-2025, notamment pour re\u0301aliser les ambitions d\u2019une plus grande inclusion e\u0301conomique et sociale.<\/p>\n<p>Le RSPM permettra de mieux cibler les personnes et\/ ou les me\u0301nages concerne\u0301(e)s par les programmes sociaux du gouvernement, de faciliter et de coordonner la conception et la mise en \u0153uvre de ces programmes par les administrations concerne\u0301es conforme\u0301ment a\u0300 leurs attributions.<\/p>\n<p>Les e\u0301changes se poursuivront lors d\u2019une prochaine se\u0301ance du conseil des ministres. Au titre des communications,<\/p>\n<p>Le conseil a e\u0301coute\u0301 une communication relative a\u0300 la fusion des conseils des sous-secteurs de l\u2019e\u0301ducation ; pre\u0301sente\u0301e par le ministre des enseignements primaire, secondaire, technique et de l\u2019artisanat.<\/p>\n<p>Cette communication a permis de relever la ne\u0301cessite\u0301 de fusionner les diffe\u0301rents conseils des sous-secteurs de l\u2019e\u0301ducation afin d\u2019en cre\u0301er un seul : \u00ab le conseil national de l\u2019e\u0301ducation (CNE) \u00bb dans le but d\u2019assurer une cohe\u0301rence et une bonne coordination des politiques publiques e\u0301ducatives.<\/p>\n<p>La mise en place du CNE permettra d\u2019introduire des innovations pour soutenir les re\u0301formes en cours dans le secteur a\u0300 travers une actualisation du cadre juridique et institutionnel qui tient suffisamment compte des de\u0301fis du secteur.<\/p>\n<p>Cette de\u0301marche vient comple\u0301ter les actions entreprises par le gouvernement dans les secteurs de l\u2019e\u0301ducation et de la formation qui sont des puissants facteurs de changement, des e\u0301le\u0301ments essentiels a\u0300 l\u2019atteinte des objectifs de de\u0301veloppement durable et qui stimulent la productivite\u0301, l\u2019innovation et l\u2019entrepreneuriat.<\/p>\n<p>Le conseil a enfin e\u0301coute\u0301 une communication relative a\u0300 la mise en place du Fonds national pour le de\u0301veloppement du sport (FONADES) ; pre\u0301sente\u0301e par le ministre des sports et des loisirs.<\/p>\n<p>Afin de permettre l\u2019e\u0301mergence d\u2019une industrie du sport a\u0300 me\u0302me de porter et de structurer l\u2019e\u0301conomie des sports, le gouvernement a engage\u0301 plusieurs re\u0301formes notamment la mise en place des me\u0301canismes de mobilisation optimale des ressources financie\u0300res a\u0300 travers la cre\u0301ation du FONADES.<\/p>\n<p>Cette communication a pour objectif de pre\u0301senter au conseil, la re\u0301forme envisage\u0301e pour ce fonds qui contribuera au de\u0301veloppement de l\u2019industrie du sport conforme\u0301ment a\u0300 la feuille de route gouvernementale 2020-2025.<\/p>\n<p>III. Au titre des divers,<\/p>\n<p>Le ministre des affaires e\u0301trange\u0300res a rendu compte au conseil de la de\u0301claration des participants a\u0300 la troisie\u0300me e\u0301dition du Forum de la CEDEAO sur l\u2019e\u0301ducation a\u0300 la culture de la paix a\u0300 travers le dialogue intra et interreligieux du 27 au 29 octobre 2022, de\u0301signant Lome\u0301, la capitale de la paix, de la me\u0301diation et du dialogue, en reconnaissance aux initiatives prises par le pre\u0301sident togolais, Son Excellence Monsieur Faure Essozimna Gnassingbe\u0301.<\/p>\n<p>Le conseil a remercie\u0301 les participants et la Communaute\u0301 Economique des Etats de l\u2019Afrique de l\u2019Ouest pour cette reconnaissance et a re\u0301ite\u0301re\u0301 l\u2019engagement de notre pays, sous le leadership du Chef de l\u2019Etat, a\u0300 \u0153uvrer pour la consolidation de la paix et du vivre ensemble dans notre sous-re\u0301gion.<\/p>\n<p>Fait a\u0300 Lome\u0301, le 02 novembre 2022 Le Conseil des Ministres<\/p>\n<p><strong>Pour plus d&rsquo;informations et d&rsquo;analyses sur la <a href=\"https:\/\/www.africa-press.net\/togo\">Togo<\/a>, suivez <a href=\"https:\/\/www.africa-press.net\/\">Africa-Press<\/a><\/strong><\/p>\n","protected":false},"excerpt":{"rendered":"<p>Africa-Press &#8211; Togo. Le conseil des ministres s\u2019est re\u0301uni ce mercredi 02 novembre 2022 sous la pre\u0301sidence de Son Excellence Monsieur Faure Essozimna GNASSINGBE, Pre\u0301sident de la Re\u0301publique. Le conseil a examine\u0301 un (1) avant-projet de loi, un (01) projet de de\u0301cret et e\u0301coute\u0301 deux (02) communications. I. Au titre de l\u2019avant-projet de loi, Le [&hellip;]<\/p>\n","protected":false},"author":82,"featured_media":13317,"comment_status":"open","ping_status":"closed","sticky":false,"template":"","format":"standard","meta":{"footnotes":""},"categories":[2,10],"tags":[36,49,301,264,50],"class_list":["post-13318","post","type-post","status-publish","format-standard","has-post-thumbnail","hentry","category-politique","category-toutes-les-actualites","tag-africa-press","tag-africa-press-togo","tag-conseil-des-ministres","tag-faure-gnassingbe","tag-togo"],"yoast_head":"<!-- This site is optimized with the Yoast SEO Premium plugin v26.1 (Yoast SEO v27.0) - https:\/\/yoast.com\/product\/yoast-seo-premium-wordpress\/ -->\n<title>Togo : les grandes d\u00e9cisions prises par Faure Gnassingb\u00e9 au conseil des ministres de ce mercredi 2 novembre - Togo<\/title>\n<meta name=\"description\" content=\"Le conseil des ministres s\u2019est re\u0301uni ce mercredi 02 novembre 2022 sous la pre\u0301sidence de Son Excellence Monsieur Faure ...\" \/>\n<meta name=\"robots\" content=\"index, follow, max-snippet:-1, max-image-preview:large, max-video-preview:-1\" \/>\n<link rel=\"canonical\" href=\"https:\/\/www.africa-press.net\/togo\/politique\/togo-les-grandes-decisions-prises-par-faure-gnassingbe-au-conseil-des-ministres-de-ce-mercredi-2-novembre\" \/>\n<meta property=\"og:locale\" content=\"fr_FR\" \/>\n<meta property=\"og:type\" content=\"article\" \/>\n<meta property=\"og:title\" content=\"Togo : les grandes d\u00e9cisions prises par Faure Gnassingb\u00e9 au conseil des ministres de ce mercredi 2 novembre\" \/>\n<meta property=\"og:description\" content=\"Le conseil des ministres s\u2019est re\u0301uni ce mercredi 02 novembre 2022 sous la pre\u0301sidence de Son Excellence Monsieur Faure ...\" \/>\n<meta property=\"og:url\" content=\"https:\/\/www.africa-press.net\/togo\/politique\/togo-les-grandes-decisions-prises-par-faure-gnassingbe-au-conseil-des-ministres-de-ce-mercredi-2-novembre\" \/>\n<meta property=\"og:site_name\" content=\"Togo\" \/>\n<meta property=\"article:published_time\" content=\"2022-11-03T18:27:51+00:00\" \/>\n<meta property=\"article:modified_time\" content=\"2022-11-03T19:02:57+00:00\" \/>\n<meta property=\"og:image\" content=\"https:\/\/static.africa-press.net\/togo\/sites\/58\/2022\/11\/postQueueImg_14.jpg\" \/>\n\t<meta property=\"og:image:width\" content=\"720\" \/>\n\t<meta property=\"og:image:height\" content=\"456\" \/>\n\t<meta property=\"og:image:type\" content=\"image\/jpeg\" \/>\n<meta name=\"author\" content=\"cfeditorfr\" \/>\n<meta name=\"twitter:card\" content=\"summary_large_image\" \/>\n<meta name=\"twitter:label1\" content=\"\u00c9crit par\" \/>\n\t<meta name=\"twitter:data1\" content=\"cfeditorfr\" \/>\n\t<meta name=\"twitter:label2\" content=\"Dur\u00e9e de lecture estim\u00e9e\" \/>\n\t<meta name=\"twitter:data2\" content=\"4 minutes\" \/>\n<script type=\"application\/ld+json\" class=\"yoast-schema-graph\">{\"@context\":\"https:\/\/schema.org\",\"@graph\":[{\"@type\":\"Article\",\"@id\":\"https:\/\/www.africa-press.net\/togo\/politique\/togo-les-grandes-decisions-prises-par-faure-gnassingbe-au-conseil-des-ministres-de-ce-mercredi-2-novembre#article\",\"isPartOf\":{\"@id\":\"https:\/\/www.africa-press.net\/togo\/politique\/togo-les-grandes-decisions-prises-par-faure-gnassingbe-au-conseil-des-ministres-de-ce-mercredi-2-novembre\"},\"author\":{\"name\":\"cfeditorfr\",\"@id\":\"https:\/\/www.africa-press.net\/togo\/#\/schema\/person\/2b1cf3cd81a31e3cd26889ca66d677f1\"},\"headline\":\"Togo : les grandes d\u00e9cisions prises par Faure Gnassingb\u00e9 au conseil des ministres de ce mercredi 2 novembre\",\"datePublished\":\"2022-11-03T18:27:51+00:00\",\"dateModified\":\"2022-11-03T19:02:57+00:00\",\"mainEntityOfPage\":{\"@id\":\"https:\/\/www.africa-press.net\/togo\/politique\/togo-les-grandes-decisions-prises-par-faure-gnassingbe-au-conseil-des-ministres-de-ce-mercredi-2-novembre\"},\"wordCount\":856,\"commentCount\":0,\"image\":{\"@id\":\"https:\/\/www.africa-press.net\/togo\/politique\/togo-les-grandes-decisions-prises-par-faure-gnassingbe-au-conseil-des-ministres-de-ce-mercredi-2-novembre#primaryimage\"},\"thumbnailUrl\":\"https:\/\/static.africa-press.net\/togo\/sites\/58\/2022\/11\/postQueueImg_14.jpg\",\"keywords\":[\"Africa Press\",\"Africa Press-Togo\",\"Conseil des ministres\",\"Faure Gnassingb\u00e9\",\"Togo\"],\"articleSection\":[\"Politique\",\"Toutes les actualit\u00e9s\"],\"inLanguage\":\"fr-FR\",\"potentialAction\":[{\"@type\":\"CommentAction\",\"name\":\"Comment\",\"target\":[\"https:\/\/www.africa-press.net\/togo\/politique\/togo-les-grandes-decisions-prises-par-faure-gnassingbe-au-conseil-des-ministres-de-ce-mercredi-2-novembre#respond\"]}]},{\"@type\":\"WebPage\",\"@id\":\"https:\/\/www.africa-press.net\/togo\/politique\/togo-les-grandes-decisions-prises-par-faure-gnassingbe-au-conseil-des-ministres-de-ce-mercredi-2-novembre\",\"url\":\"https:\/\/www.africa-press.net\/togo\/politique\/togo-les-grandes-decisions-prises-par-faure-gnassingbe-au-conseil-des-ministres-de-ce-mercredi-2-novembre\",\"name\":\"Togo : les grandes d\u00e9cisions prises par Faure Gnassingb\u00e9 au conseil des ministres de ce mercredi 2 novembre - Togo\",\"isPartOf\":{\"@id\":\"https:\/\/www.africa-press.net\/togo\/#website\"},\"primaryImageOfPage\":{\"@id\":\"https:\/\/www.africa-press.net\/togo\/politique\/togo-les-grandes-decisions-prises-par-faure-gnassingbe-au-conseil-des-ministres-de-ce-mercredi-2-novembre#primaryimage\"},\"image\":{\"@id\":\"https:\/\/www.africa-press.net\/togo\/politique\/togo-les-grandes-decisions-prises-par-faure-gnassingbe-au-conseil-des-ministres-de-ce-mercredi-2-novembre#primaryimage\"},\"thumbnailUrl\":\"https:\/\/static.africa-press.net\/togo\/sites\/58\/2022\/11\/postQueueImg_14.jpg\",\"datePublished\":\"2022-11-03T18:27:51+00:00\",\"dateModified\":\"2022-11-03T19:02:57+00:00\",\"author\":{\"@id\":\"https:\/\/www.africa-press.net\/togo\/#\/schema\/person\/2b1cf3cd81a31e3cd26889ca66d677f1\"},\"description\":\"Le conseil des ministres s\u2019est re\u0301uni ce mercredi 02 novembre 2022 sous la pre\u0301sidence de Son Excellence Monsieur Faure ...\",\"breadcrumb\":{\"@id\":\"https:\/\/www.africa-press.net\/togo\/politique\/togo-les-grandes-decisions-prises-par-faure-gnassingbe-au-conseil-des-ministres-de-ce-mercredi-2-novembre#breadcrumb\"},\"inLanguage\":\"fr-FR\",\"potentialAction\":[{\"@type\":\"ReadAction\",\"target\":[\"https:\/\/www.africa-press.net\/togo\/politique\/togo-les-grandes-decisions-prises-par-faure-gnassingbe-au-conseil-des-ministres-de-ce-mercredi-2-novembre\"]}]},{\"@type\":\"ImageObject\",\"inLanguage\":\"fr-FR\",\"@id\":\"https:\/\/www.africa-press.net\/togo\/politique\/togo-les-grandes-decisions-prises-par-faure-gnassingbe-au-conseil-des-ministres-de-ce-mercredi-2-novembre#primaryimage\",\"url\":\"https:\/\/static.africa-press.net\/togo\/sites\/58\/2022\/11\/postQueueImg_14.jpg\",\"contentUrl\":\"https:\/\/static.africa-press.net\/togo\/sites\/58\/2022\/11\/postQueueImg_14.jpg\",\"width\":720,\"height\":456,\"caption\":\"Togo : les grandes d\u00e9cisions prises par Faure Gnassingb\u00e9 au conseil des ministres de ce mercredi 2 novembre\"},{\"@type\":\"BreadcrumbList\",\"@id\":\"https:\/\/www.africa-press.net\/togo\/politique\/togo-les-grandes-decisions-prises-par-faure-gnassingbe-au-conseil-des-ministres-de-ce-mercredi-2-novembre#breadcrumb\",\"itemListElement\":[{\"@type\":\"ListItem\",\"position\":1,\"name\":\"Accueil\",\"item\":\"https:\/\/www.africa-press.net\/togo\/\"},{\"@type\":\"ListItem\",\"position\":2,\"name\":\"Togo : les grandes d\u00e9cisions prises par Faure Gnassingb\u00e9 au conseil des ministres de ce mercredi 2 novembre\"}]},{\"@type\":\"WebSite\",\"@id\":\"https:\/\/www.africa-press.net\/togo\/#website\",\"url\":\"https:\/\/www.africa-press.net\/togo\/\",\"name\":\"Togo\",\"description\":\"Just another Africa News Agency Sites site\",\"potentialAction\":[{\"@type\":\"SearchAction\",\"target\":{\"@type\":\"EntryPoint\",\"urlTemplate\":\"https:\/\/www.africa-press.net\/togo\/?s={search_term_string}\"},\"query-input\":{\"@type\":\"PropertyValueSpecification\",\"valueRequired\":true,\"valueName\":\"search_term_string\"}}],\"inLanguage\":\"fr-FR\"},{\"@type\":\"Person\",\"@id\":\"https:\/\/www.africa-press.net\/togo\/#\/schema\/person\/2b1cf3cd81a31e3cd26889ca66d677f1\",\"name\":\"cfeditorfr\"}]}<\/script>\n<!-- \/ Yoast SEO Premium plugin. -->","yoast_head_json":{"title":"Togo : les grandes d\u00e9cisions prises par Faure Gnassingb\u00e9 au conseil des ministres de ce mercredi 2 novembre - Togo","description":"Le conseil des ministres s\u2019est re\u0301uni ce mercredi 02 novembre 2022 sous la pre\u0301sidence de Son Excellence Monsieur Faure ...","robots":{"index":"index","follow":"follow","max-snippet":"max-snippet:-1","max-image-preview":"max-image-preview:large","max-video-preview":"max-video-preview:-1"},"canonical":"https:\/\/www.africa-press.net\/togo\/politique\/togo-les-grandes-decisions-prises-par-faure-gnassingbe-au-conseil-des-ministres-de-ce-mercredi-2-novembre","og_locale":"fr_FR","og_type":"article","og_title":"Togo : les grandes d\u00e9cisions prises par Faure Gnassingb\u00e9 au conseil des ministres de ce mercredi 2 novembre","og_description":"Le conseil des ministres s\u2019est re\u0301uni ce mercredi 02 novembre 2022 sous la pre\u0301sidence de Son Excellence Monsieur Faure ...","og_url":"https:\/\/www.africa-press.net\/togo\/politique\/togo-les-grandes-decisions-prises-par-faure-gnassingbe-au-conseil-des-ministres-de-ce-mercredi-2-novembre","og_site_name":"Togo","article_published_time":"2022-11-03T18:27:51+00:00","article_modified_time":"2022-11-03T19:02:57+00:00","og_image":[{"width":720,"height":456,"url":"https:\/\/static.africa-press.net\/togo\/sites\/58\/2022\/11\/postQueueImg_14.jpg","type":"image\/jpeg"}],"author":"cfeditorfr","twitter_card":"summary_large_image","twitter_misc":{"\u00c9crit par":"cfeditorfr","Dur\u00e9e de lecture estim\u00e9e":"4 minutes"},"schema":{"@context":"https:\/\/schema.org","@graph":[{"@type":"Article","@id":"https:\/\/www.africa-press.net\/togo\/politique\/togo-les-grandes-decisions-prises-par-faure-gnassingbe-au-conseil-des-ministres-de-ce-mercredi-2-novembre#article","isPartOf":{"@id":"https:\/\/www.africa-press.net\/togo\/politique\/togo-les-grandes-decisions-prises-par-faure-gnassingbe-au-conseil-des-ministres-de-ce-mercredi-2-novembre"},"author":{"name":"cfeditorfr","@id":"https:\/\/www.africa-press.net\/togo\/#\/schema\/person\/2b1cf3cd81a31e3cd26889ca66d677f1"},"headline":"Togo : les grandes d\u00e9cisions prises par Faure Gnassingb\u00e9 au conseil des ministres de ce mercredi 2 novembre","datePublished":"2022-11-03T18:27:51+00:00","dateModified":"2022-11-03T19:02:57+00:00","mainEntityOfPage":{"@id":"https:\/\/www.africa-press.net\/togo\/politique\/togo-les-grandes-decisions-prises-par-faure-gnassingbe-au-conseil-des-ministres-de-ce-mercredi-2-novembre"},"wordCount":856,"commentCount":0,"image":{"@id":"https:\/\/www.africa-press.net\/togo\/politique\/togo-les-grandes-decisions-prises-par-faure-gnassingbe-au-conseil-des-ministres-de-ce-mercredi-2-novembre#primaryimage"},"thumbnailUrl":"https:\/\/static.africa-press.net\/togo\/sites\/58\/2022\/11\/postQueueImg_14.jpg","keywords":["Africa Press","Africa Press-Togo","Conseil des ministres","Faure Gnassingb\u00e9","Togo"],"articleSection":["Politique","Toutes les actualit\u00e9s"],"inLanguage":"fr-FR","potentialAction":[{"@type":"CommentAction","name":"Comment","target":["https:\/\/www.africa-press.net\/togo\/politique\/togo-les-grandes-decisions-prises-par-faure-gnassingbe-au-conseil-des-ministres-de-ce-mercredi-2-novembre#respond"]}]},{"@type":"WebPage","@id":"https:\/\/www.africa-press.net\/togo\/politique\/togo-les-grandes-decisions-prises-par-faure-gnassingbe-au-conseil-des-ministres-de-ce-mercredi-2-novembre","url":"https:\/\/www.africa-press.net\/togo\/politique\/togo-les-grandes-decisions-prises-par-faure-gnassingbe-au-conseil-des-ministres-de-ce-mercredi-2-novembre","name":"Togo : les grandes d\u00e9cisions prises par Faure Gnassingb\u00e9 au conseil des ministres de ce mercredi 2 novembre - Togo","isPartOf":{"@id":"https:\/\/www.africa-press.net\/togo\/#website"},"primaryImageOfPage":{"@id":"https:\/\/www.africa-press.net\/togo\/politique\/togo-les-grandes-decisions-prises-par-faure-gnassingbe-au-conseil-des-ministres-de-ce-mercredi-2-novembre#primaryimage"},"image":{"@id":"https:\/\/www.africa-press.net\/togo\/politique\/togo-les-grandes-decisions-prises-par-faure-gnassingbe-au-conseil-des-ministres-de-ce-mercredi-2-novembre#primaryimage"},"thumbnailUrl":"https:\/\/static.africa-press.net\/togo\/sites\/58\/2022\/11\/postQueueImg_14.jpg","datePublished":"2022-11-03T18:27:51+00:00","dateModified":"2022-11-03T19:02:57+00:00","author":{"@id":"https:\/\/www.africa-press.net\/togo\/#\/schema\/person\/2b1cf3cd81a31e3cd26889ca66d677f1"},"description":"Le conseil des ministres s\u2019est re\u0301uni ce mercredi 02 novembre 2022 sous la pre\u0301sidence de Son Excellence Monsieur Faure ...","breadcrumb":{"@id":"https:\/\/www.africa-press.net\/togo\/politique\/togo-les-grandes-decisions-prises-par-faure-gnassingbe-au-conseil-des-ministres-de-ce-mercredi-2-novembre#breadcrumb"},"inLanguage":"fr-FR","potentialAction":[{"@type":"ReadAction","target":["https:\/\/www.africa-press.net\/togo\/politique\/togo-les-grandes-decisions-prises-par-faure-gnassingbe-au-conseil-des-ministres-de-ce-mercredi-2-novembre"]}]},{"@type":"ImageObject","inLanguage":"fr-FR","@id":"https:\/\/www.africa-press.net\/togo\/politique\/togo-les-grandes-decisions-prises-par-faure-gnassingbe-au-conseil-des-ministres-de-ce-mercredi-2-novembre#primaryimage","url":"https:\/\/static.africa-press.net\/togo\/sites\/58\/2022\/11\/postQueueImg_14.jpg","contentUrl":"https:\/\/static.africa-press.net\/togo\/sites\/58\/2022\/11\/postQueueImg_14.jpg","width":720,"height":456,"caption":"Togo : les grandes d\u00e9cisions prises par Faure Gnassingb\u00e9 au conseil des ministres de ce mercredi 2 novembre"},{"@type":"BreadcrumbList","@id":"https:\/\/www.africa-press.net\/togo\/politique\/togo-les-grandes-decisions-prises-par-faure-gnassingbe-au-conseil-des-ministres-de-ce-mercredi-2-novembre#breadcrumb","itemListElement":[{"@type":"ListItem","position":1,"name":"Accueil","item":"https:\/\/www.africa-press.net\/togo\/"},{"@type":"ListItem","position":2,"name":"Togo : les grandes d\u00e9cisions prises par Faure Gnassingb\u00e9 au conseil des ministres de ce mercredi 2 novembre"}]},{"@type":"WebSite","@id":"https:\/\/www.africa-press.net\/togo\/#website","url":"https:\/\/www.africa-press.net\/togo\/","name":"Togo","description":"Just another Africa News Agency Sites site","potentialAction":[{"@type":"SearchAction","target":{"@type":"EntryPoint","urlTemplate":"https:\/\/www.africa-press.net\/togo\/?s={search_term_string}"},"query-input":{"@type":"PropertyValueSpecification","valueRequired":true,"valueName":"search_term_string"}}],"inLanguage":"fr-FR"},{"@type":"Person","@id":"https:\/\/www.africa-press.net\/togo\/#\/schema\/person\/2b1cf3cd81a31e3cd26889ca66d677f1","name":"cfeditorfr"}]}},"_links":{"self":[{"href":"https:\/\/www.africa-press.net\/togo\/wp-json\/wp\/v2\/posts\/13318","targetHints":{"allow":["GET"]}}],"collection":[{"href":"https:\/\/www.africa-press.net\/togo\/wp-json\/wp\/v2\/posts"}],"about":[{"href":"https:\/\/www.africa-press.net\/togo\/wp-json\/wp\/v2\/types\/post"}],"author":[{"embeddable":true,"href":"https:\/\/www.africa-press.net\/togo\/wp-json\/wp\/v2\/users\/82"}],"replies":[{"embeddable":true,"href":"https:\/\/www.africa-press.net\/togo\/wp-json\/wp\/v2\/comments?post=13318"}],"version-history":[{"count":0,"href":"https:\/\/www.africa-press.net\/togo\/wp-json\/wp\/v2\/posts\/13318\/revisions"}],"wp:featuredmedia":[{"embeddable":true,"href":"https:\/\/www.africa-press.net\/togo\/wp-json\/wp\/v2\/media\/13317"}],"wp:attachment":[{"href":"https:\/\/www.africa-press.net\/togo\/wp-json\/wp\/v2\/media?parent=13318"}],"wp:term":[{"taxonomy":"category","embeddable":true,"href":"https:\/\/www.africa-press.net\/togo\/wp-json\/wp\/v2\/categories?post=13318"},{"taxonomy":"post_tag","embeddable":true,"href":"https:\/\/www.africa-press.net\/togo\/wp-json\/wp\/v2\/tags?post=13318"}],"curies":[{"name":"wp","href":"https:\/\/api.w.org\/{rel}","templated":true}]}}