{"id":13328,"date":"2022-11-03T18:24:53","date_gmt":"2022-11-03T18:24:53","guid":{"rendered":"https:\/\/www.africa-press.net\/togo\/politique\/togo-fetes-de-fin-dannee-voici-linquietude-des-commercantes"},"modified":"2022-11-03T18:24:53","modified_gmt":"2022-11-03T18:24:53","slug":"togo-fetes-de-fin-dannee-voici-linquietude-des-commercantes","status":"publish","type":"post","link":"https:\/\/www.africa-press.net\/togo\/toutes-les-actualites\/togo-fetes-de-fin-dannee-voici-linquietude-des-commercantes","title":{"rendered":"Togo-F\u00eates de fin d\u2019ann\u00e9e : Voici l\u2019inqui\u00e9tude des commer\u00e7antes"},"content":{"rendered":"<p><span style=\"color: #ff6600\"><strong>Africa-Press &#8211; Togo. <\/strong><\/span><b>Cette semaine, une de nos e\u0301quipes s\u2019est approche\u0301e des revendeuses du marche\u0301 de He\u0301dzranawoe\u0301 afin de recueillir leurs impressions a\u0300 l\u2019approche des fe\u0302tes de fin d\u2019anne\u0301e. La grande inquie\u0301tude de ces bonnes dames, c\u2019est le manque d\u2019engou\u0302ment dont-elles font lecture a\u0300 l\u2019aurore des fe\u0302tes. <\/b><\/p>\n<p>\u00ab Nous venons d\u2019entamer le mois de novembre, mais l\u2019ambiance est toujours morose. Il n\u2019y a pas d\u2019affluence. D\u2019habitude les choses se pre\u0301cisent de\u0301ja\u0300 a\u0300 ces heures, mais la\u0300 rien. Les clients viennent juste demander les prix de certains articles puis repartent. Ils te promettent de revenir, mais rien du tout. Nous ne pouvons me\u0302me pas acheter certains produits au risque de les voir moisir sur nos e\u0301talages \u00bb, s\u2019est plaint une revendeuse de bijoux.<\/p>\n<p>A une autre, revendeuse de denre\u0301es pe\u0301rissables d\u2019ajouter : \u00ab La pande\u0301mie du Coronavirus a tout chamboule\u0301. Les pre\u0301visions ne sont pas du tout bonnes. De notre co\u0302te\u0301, nous qui sommes revendeuses de denre\u0301es pe\u0301rissables, c\u2019est un dilemme parce qu\u2019au plus grand tard mis novembre de\u0301ja\u0300 nous pre\u0301voyons augmenter l\u2019achat des denre\u0301es aupre\u0300s des fournisseurs afin de faire un maximum de profit, mais l\u2019avenir est incertain&#8230;\u00bb.<\/p>\n<p>Pour Ikedji, un ibo revendeur de chaussures, le moment n\u2019est pas encore venu pour faire un mauvais pronostic.<\/p>\n<p>\u00ab C\u2019est vrai qu\u2019il n\u2019y a pas autant d\u2019engouement que les anne\u0301es pre\u0301ce\u0301dentes, mais je suis toutefois optimiste. Je sais que d\u2019ici fin novembre il y aura un retournement de situation. Je compte bien rentrer chez moi au Nige\u0301ria pour fe\u0302ter en famille et je ne peux pas m\u2019y rendre les mains vides. Nous aurons notre part et j\u2019en suis certain \u00bb, a-t-il indique\u0301.<\/p>\n<p>\u00ab Moi j\u2019attends juste le mois de de\u0301cembre car c\u2019est l\u2019une des pe\u0301riodes de l\u2019anne\u0301e ou je fais un maximum de profit. Et la plupart du temps, c\u2019est en de\u0301cembre que nous avons du marche\u0301 et les demandes deviennent de plus en plus consistantes. Personnellement, je pense qu\u2019il est trop to\u0302t de parler du manque d\u2019engouement vu mon activite\u0301 \u00bb, a indique\u0301 une commerc\u0327ante de volailles.<\/p>\n<p>Notons qu\u2019en raison de la crise sanitaire lie\u0301e a\u0300 la pande\u0301mie du Coronavirus, les Togolais font face au phe\u0301nome\u0300ne de la vie che\u0300re. Un fle\u0301au dont l\u2019impacte continue d\u2019user le panier de la me\u0301nage\u0300re malgre\u0301 une dizaine de mesures e\u0301dicte\u0301es par les gouvernants. Des dispositions que jugent d\u2019ailleurs des acteurs de la socie\u0301te\u0301 civile et politiques insuffisantes.<\/p>\n<p><strong>Pour plus d&rsquo;informations et d&rsquo;analyses sur la <a href=\"https:\/\/www.africa-press.net\/togo\">Togo<\/a>, suivez <a href=\"https:\/\/www.africa-press.net\/\">Africa-Press<\/a><\/strong><\/p>\n","protected":false},"excerpt":{"rendered":"<p>Africa-Press &#8211; Togo. Cette semaine, une de nos e\u0301quipes s\u2019est approche\u0301e des revendeuses du marche\u0301 de He\u0301dzranawoe\u0301 afin de recueillir leurs impressions a\u0300 l\u2019approche des fe\u0302tes de fin d\u2019anne\u0301e. La grande inquie\u0301tude de ces bonnes dames, c\u2019est le manque d\u2019engou\u0302ment dont-elles font lecture a\u0300 l\u2019aurore des fe\u0302tes. \u00ab Nous venons d\u2019entamer le mois de novembre, [&hellip;]<\/p>\n","protected":false},"author":82,"featured_media":13327,"comment_status":"open","ping_status":"closed","sticky":false,"template":"","format":"standard","meta":{"footnotes":""},"categories":[21,10],"tags":[36,49,50],"class_list":["post-13328","post","type-post","status-publish","format-standard","has-post-thumbnail","hentry","category-communaute","category-toutes-les-actualites","tag-africa-press","tag-africa-press-togo","tag-togo"],"yoast_head":"<!-- This site is optimized with the Yoast SEO Premium plugin v26.1 (Yoast SEO v27.0) - https:\/\/yoast.com\/product\/yoast-seo-premium-wordpress\/ -->\n<title>Togo-F\u00eates de fin d\u2019ann\u00e9e : Voici l\u2019inqui\u00e9tude des commer\u00e7antes - Togo<\/title>\n<meta name=\"robots\" content=\"index, follow, max-snippet:-1, max-image-preview:large, max-video-preview:-1\" \/>\n<link rel=\"canonical\" href=\"https:\/\/www.africa-press.net\/togo\/politique\/togo-fetes-de-fin-dannee-voici-linquietude-des-commercantes\" \/>\n<meta property=\"og:locale\" content=\"fr_FR\" \/>\n<meta property=\"og:type\" content=\"article\" \/>\n<meta property=\"og:title\" content=\"Togo-F\u00eates de fin d\u2019ann\u00e9e : Voici l\u2019inqui\u00e9tude des commer\u00e7antes\" \/>\n<meta property=\"og:description\" content=\"Africa-Press &#8211; Togo. Cette semaine, une de nos e\u0301quipes s\u2019est approche\u0301e des revendeuses du marche\u0301 de He\u0301dzranawoe\u0301 afin de recueillir leurs impressions a\u0300 l\u2019approche des fe\u0302tes de fin d\u2019anne\u0301e. La grande inquie\u0301tude de ces bonnes dames, c\u2019est le manque d\u2019engou\u0302ment dont-elles font lecture a\u0300 l\u2019aurore des fe\u0302tes. \u00ab Nous venons d\u2019entamer le mois de novembre, [&hellip;]\" \/>\n<meta property=\"og:url\" content=\"https:\/\/www.africa-press.net\/togo\/politique\/togo-fetes-de-fin-dannee-voici-linquietude-des-commercantes\" \/>\n<meta property=\"og:site_name\" content=\"Togo\" \/>\n<meta property=\"article:published_time\" content=\"2022-11-03T18:24:53+00:00\" \/>\n<meta name=\"author\" content=\"cfeditorfr\" \/>\n<meta name=\"twitter:card\" content=\"summary_large_image\" \/>\n<meta name=\"twitter:label1\" content=\"\u00c9crit par\" \/>\n\t<meta name=\"twitter:data1\" content=\"cfeditorfr\" \/>\n\t<meta name=\"twitter:label2\" content=\"Dur\u00e9e de lecture estim\u00e9e\" \/>\n\t<meta name=\"twitter:data2\" content=\"2 minutes\" \/>\n<script type=\"application\/ld+json\" class=\"yoast-schema-graph\">{\"@context\":\"https:\/\/schema.org\",\"@graph\":[{\"@type\":\"Article\",\"@id\":\"https:\/\/www.africa-press.net\/togo\/politique\/togo-fetes-de-fin-dannee-voici-linquietude-des-commercantes#article\",\"isPartOf\":{\"@id\":\"https:\/\/www.africa-press.net\/togo\/politique\/togo-fetes-de-fin-dannee-voici-linquietude-des-commercantes\"},\"author\":{\"name\":\"cfeditorfr\",\"@id\":\"https:\/\/www.africa-press.net\/togo\/#\/schema\/person\/2b1cf3cd81a31e3cd26889ca66d677f1\"},\"headline\":\"Togo-F\u00eates de fin d\u2019ann\u00e9e : Voici l\u2019inqui\u00e9tude des commer\u00e7antes\",\"datePublished\":\"2022-11-03T18:24:53+00:00\",\"mainEntityOfPage\":{\"@id\":\"https:\/\/www.africa-press.net\/togo\/politique\/togo-fetes-de-fin-dannee-voici-linquietude-des-commercantes\"},\"wordCount\":492,\"commentCount\":0,\"image\":{\"@id\":\"https:\/\/www.africa-press.net\/togo\/politique\/togo-fetes-de-fin-dannee-voici-linquietude-des-commercantes#primaryimage\"},\"thumbnailUrl\":\"https:\/\/static.africa-press.net\/togo\/sites\/58\/2022\/11\/postQueueImg_3-636413f911ec8.jpg\",\"keywords\":[\"Africa Press\",\"Africa Press-Togo\",\"Togo\"],\"articleSection\":[\"Communaut\u00e9\",\"Toutes les actualit\u00e9s\"],\"inLanguage\":\"fr-FR\",\"potentialAction\":[{\"@type\":\"CommentAction\",\"name\":\"Comment\",\"target\":[\"https:\/\/www.africa-press.net\/togo\/politique\/togo-fetes-de-fin-dannee-voici-linquietude-des-commercantes#respond\"]}]},{\"@type\":\"WebPage\",\"@id\":\"https:\/\/www.africa-press.net\/togo\/politique\/togo-fetes-de-fin-dannee-voici-linquietude-des-commercantes\",\"url\":\"https:\/\/www.africa-press.net\/togo\/politique\/togo-fetes-de-fin-dannee-voici-linquietude-des-commercantes\",\"name\":\"Togo-F\u00eates de fin d\u2019ann\u00e9e : Voici l\u2019inqui\u00e9tude des commer\u00e7antes - Togo\",\"isPartOf\":{\"@id\":\"https:\/\/www.africa-press.net\/togo\/#website\"},\"primaryImageOfPage\":{\"@id\":\"https:\/\/www.africa-press.net\/togo\/politique\/togo-fetes-de-fin-dannee-voici-linquietude-des-commercantes#primaryimage\"},\"image\":{\"@id\":\"https:\/\/www.africa-press.net\/togo\/politique\/togo-fetes-de-fin-dannee-voici-linquietude-des-commercantes#primaryimage\"},\"thumbnailUrl\":\"https:\/\/static.africa-press.net\/togo\/sites\/58\/2022\/11\/postQueueImg_3-636413f911ec8.jpg\",\"datePublished\":\"2022-11-03T18:24:53+00:00\",\"author\":{\"@id\":\"https:\/\/www.africa-press.net\/togo\/#\/schema\/person\/2b1cf3cd81a31e3cd26889ca66d677f1\"},\"breadcrumb\":{\"@id\":\"https:\/\/www.africa-press.net\/togo\/politique\/togo-fetes-de-fin-dannee-voici-linquietude-des-commercantes#breadcrumb\"},\"inLanguage\":\"fr-FR\",\"potentialAction\":[{\"@type\":\"ReadAction\",\"target\":[\"https:\/\/www.africa-press.net\/togo\/politique\/togo-fetes-de-fin-dannee-voici-linquietude-des-commercantes\"]}]},{\"@type\":\"ImageObject\",\"inLanguage\":\"fr-FR\",\"@id\":\"https:\/\/www.africa-press.net\/togo\/politique\/togo-fetes-de-fin-dannee-voici-linquietude-des-commercantes#primaryimage\",\"url\":\"https:\/\/static.africa-press.net\/togo\/sites\/58\/2022\/11\/postQueueImg_3-636413f911ec8.jpg\",\"contentUrl\":\"https:\/\/static.africa-press.net\/togo\/sites\/58\/2022\/11\/postQueueImg_3-636413f911ec8.jpg\",\"width\":1280,\"height\":800,\"caption\":\"Togo-F\u00eates de fin d\u2019ann\u00e9e : Voici l\u2019inqui\u00e9tude des commer\u00e7antes\"},{\"@type\":\"BreadcrumbList\",\"@id\":\"https:\/\/www.africa-press.net\/togo\/politique\/togo-fetes-de-fin-dannee-voici-linquietude-des-commercantes#breadcrumb\",\"itemListElement\":[{\"@type\":\"ListItem\",\"position\":1,\"name\":\"Accueil\",\"item\":\"https:\/\/www.africa-press.net\/togo\/\"},{\"@type\":\"ListItem\",\"position\":2,\"name\":\"Togo-F\u00eates de fin d\u2019ann\u00e9e : Voici l\u2019inqui\u00e9tude des commer\u00e7antes\"}]},{\"@type\":\"WebSite\",\"@id\":\"https:\/\/www.africa-press.net\/togo\/#website\",\"url\":\"https:\/\/www.africa-press.net\/togo\/\",\"name\":\"Togo\",\"description\":\"Just another Africa News Agency Sites site\",\"potentialAction\":[{\"@type\":\"SearchAction\",\"target\":{\"@type\":\"EntryPoint\",\"urlTemplate\":\"https:\/\/www.africa-press.net\/togo\/?s={search_term_string}\"},\"query-input\":{\"@type\":\"PropertyValueSpecification\",\"valueRequired\":true,\"valueName\":\"search_term_string\"}}],\"inLanguage\":\"fr-FR\"},{\"@type\":\"Person\",\"@id\":\"https:\/\/www.africa-press.net\/togo\/#\/schema\/person\/2b1cf3cd81a31e3cd26889ca66d677f1\",\"name\":\"cfeditorfr\"}]}<\/script>\n<!-- \/ Yoast SEO Premium plugin. -->","yoast_head_json":{"title":"Togo-F\u00eates de fin d\u2019ann\u00e9e : Voici l\u2019inqui\u00e9tude des commer\u00e7antes - Togo","robots":{"index":"index","follow":"follow","max-snippet":"max-snippet:-1","max-image-preview":"max-image-preview:large","max-video-preview":"max-video-preview:-1"},"canonical":"https:\/\/www.africa-press.net\/togo\/politique\/togo-fetes-de-fin-dannee-voici-linquietude-des-commercantes","og_locale":"fr_FR","og_type":"article","og_title":"Togo-F\u00eates de fin d\u2019ann\u00e9e : Voici l\u2019inqui\u00e9tude des commer\u00e7antes","og_description":"Africa-Press &#8211; Togo. Cette semaine, une de nos e\u0301quipes s\u2019est approche\u0301e des revendeuses du marche\u0301 de He\u0301dzranawoe\u0301 afin de recueillir leurs impressions a\u0300 l\u2019approche des fe\u0302tes de fin d\u2019anne\u0301e. La grande inquie\u0301tude de ces bonnes dames, c\u2019est le manque d\u2019engou\u0302ment dont-elles font lecture a\u0300 l\u2019aurore des fe\u0302tes. \u00ab Nous venons d\u2019entamer le mois de novembre, [&hellip;]","og_url":"https:\/\/www.africa-press.net\/togo\/politique\/togo-fetes-de-fin-dannee-voici-linquietude-des-commercantes","og_site_name":"Togo","article_published_time":"2022-11-03T18:24:53+00:00","author":"cfeditorfr","twitter_card":"summary_large_image","twitter_misc":{"\u00c9crit par":"cfeditorfr","Dur\u00e9e de lecture estim\u00e9e":"2 minutes"},"schema":{"@context":"https:\/\/schema.org","@graph":[{"@type":"Article","@id":"https:\/\/www.africa-press.net\/togo\/politique\/togo-fetes-de-fin-dannee-voici-linquietude-des-commercantes#article","isPartOf":{"@id":"https:\/\/www.africa-press.net\/togo\/politique\/togo-fetes-de-fin-dannee-voici-linquietude-des-commercantes"},"author":{"name":"cfeditorfr","@id":"https:\/\/www.africa-press.net\/togo\/#\/schema\/person\/2b1cf3cd81a31e3cd26889ca66d677f1"},"headline":"Togo-F\u00eates de fin d\u2019ann\u00e9e : Voici l\u2019inqui\u00e9tude des commer\u00e7antes","datePublished":"2022-11-03T18:24:53+00:00","mainEntityOfPage":{"@id":"https:\/\/www.africa-press.net\/togo\/politique\/togo-fetes-de-fin-dannee-voici-linquietude-des-commercantes"},"wordCount":492,"commentCount":0,"image":{"@id":"https:\/\/www.africa-press.net\/togo\/politique\/togo-fetes-de-fin-dannee-voici-linquietude-des-commercantes#primaryimage"},"thumbnailUrl":"https:\/\/static.africa-press.net\/togo\/sites\/58\/2022\/11\/postQueueImg_3-636413f911ec8.jpg","keywords":["Africa Press","Africa Press-Togo","Togo"],"articleSection":["Communaut\u00e9","Toutes les actualit\u00e9s"],"inLanguage":"fr-FR","potentialAction":[{"@type":"CommentAction","name":"Comment","target":["https:\/\/www.africa-press.net\/togo\/politique\/togo-fetes-de-fin-dannee-voici-linquietude-des-commercantes#respond"]}]},{"@type":"WebPage","@id":"https:\/\/www.africa-press.net\/togo\/politique\/togo-fetes-de-fin-dannee-voici-linquietude-des-commercantes","url":"https:\/\/www.africa-press.net\/togo\/politique\/togo-fetes-de-fin-dannee-voici-linquietude-des-commercantes","name":"Togo-F\u00eates de fin d\u2019ann\u00e9e : Voici l\u2019inqui\u00e9tude des commer\u00e7antes - Togo","isPartOf":{"@id":"https:\/\/www.africa-press.net\/togo\/#website"},"primaryImageOfPage":{"@id":"https:\/\/www.africa-press.net\/togo\/politique\/togo-fetes-de-fin-dannee-voici-linquietude-des-commercantes#primaryimage"},"image":{"@id":"https:\/\/www.africa-press.net\/togo\/politique\/togo-fetes-de-fin-dannee-voici-linquietude-des-commercantes#primaryimage"},"thumbnailUrl":"https:\/\/static.africa-press.net\/togo\/sites\/58\/2022\/11\/postQueueImg_3-636413f911ec8.jpg","datePublished":"2022-11-03T18:24:53+00:00","author":{"@id":"https:\/\/www.africa-press.net\/togo\/#\/schema\/person\/2b1cf3cd81a31e3cd26889ca66d677f1"},"breadcrumb":{"@id":"https:\/\/www.africa-press.net\/togo\/politique\/togo-fetes-de-fin-dannee-voici-linquietude-des-commercantes#breadcrumb"},"inLanguage":"fr-FR","potentialAction":[{"@type":"ReadAction","target":["https:\/\/www.africa-press.net\/togo\/politique\/togo-fetes-de-fin-dannee-voici-linquietude-des-commercantes"]}]},{"@type":"ImageObject","inLanguage":"fr-FR","@id":"https:\/\/www.africa-press.net\/togo\/politique\/togo-fetes-de-fin-dannee-voici-linquietude-des-commercantes#primaryimage","url":"https:\/\/static.africa-press.net\/togo\/sites\/58\/2022\/11\/postQueueImg_3-636413f911ec8.jpg","contentUrl":"https:\/\/static.africa-press.net\/togo\/sites\/58\/2022\/11\/postQueueImg_3-636413f911ec8.jpg","width":1280,"height":800,"caption":"Togo-F\u00eates de fin d\u2019ann\u00e9e : Voici l\u2019inqui\u00e9tude des commer\u00e7antes"},{"@type":"BreadcrumbList","@id":"https:\/\/www.africa-press.net\/togo\/politique\/togo-fetes-de-fin-dannee-voici-linquietude-des-commercantes#breadcrumb","itemListElement":[{"@type":"ListItem","position":1,"name":"Accueil","item":"https:\/\/www.africa-press.net\/togo\/"},{"@type":"ListItem","position":2,"name":"Togo-F\u00eates de fin d\u2019ann\u00e9e : Voici l\u2019inqui\u00e9tude des commer\u00e7antes"}]},{"@type":"WebSite","@id":"https:\/\/www.africa-press.net\/togo\/#website","url":"https:\/\/www.africa-press.net\/togo\/","name":"Togo","description":"Just another Africa News Agency Sites site","potentialAction":[{"@type":"SearchAction","target":{"@type":"EntryPoint","urlTemplate":"https:\/\/www.africa-press.net\/togo\/?s={search_term_string}"},"query-input":{"@type":"PropertyValueSpecification","valueRequired":true,"valueName":"search_term_string"}}],"inLanguage":"fr-FR"},{"@type":"Person","@id":"https:\/\/www.africa-press.net\/togo\/#\/schema\/person\/2b1cf3cd81a31e3cd26889ca66d677f1","name":"cfeditorfr"}]}},"_links":{"self":[{"href":"https:\/\/www.africa-press.net\/togo\/wp-json\/wp\/v2\/posts\/13328","targetHints":{"allow":["GET"]}}],"collection":[{"href":"https:\/\/www.africa-press.net\/togo\/wp-json\/wp\/v2\/posts"}],"about":[{"href":"https:\/\/www.africa-press.net\/togo\/wp-json\/wp\/v2\/types\/post"}],"author":[{"embeddable":true,"href":"https:\/\/www.africa-press.net\/togo\/wp-json\/wp\/v2\/users\/82"}],"replies":[{"embeddable":true,"href":"https:\/\/www.africa-press.net\/togo\/wp-json\/wp\/v2\/comments?post=13328"}],"version-history":[{"count":0,"href":"https:\/\/www.africa-press.net\/togo\/wp-json\/wp\/v2\/posts\/13328\/revisions"}],"wp:featuredmedia":[{"embeddable":true,"href":"https:\/\/www.africa-press.net\/togo\/wp-json\/wp\/v2\/media\/13327"}],"wp:attachment":[{"href":"https:\/\/www.africa-press.net\/togo\/wp-json\/wp\/v2\/media?parent=13328"}],"wp:term":[{"taxonomy":"category","embeddable":true,"href":"https:\/\/www.africa-press.net\/togo\/wp-json\/wp\/v2\/categories?post=13328"},{"taxonomy":"post_tag","embeddable":true,"href":"https:\/\/www.africa-press.net\/togo\/wp-json\/wp\/v2\/tags?post=13328"}],"curies":[{"name":"wp","href":"https:\/\/api.w.org\/{rel}","templated":true}]}}