{"id":13330,"date":"2022-11-03T18:25:16","date_gmt":"2022-11-03T18:25:16","guid":{"rendered":"https:\/\/www.africa-press.net\/togo\/politique\/togo-covid-19-4-cas-confirmes-dans-les-prefectures-de-golfe-et-lacs"},"modified":"2022-11-03T19:21:00","modified_gmt":"2022-11-03T19:21:00","slug":"togo-covid-19-4-cas-confirmes-dans-les-prefectures-de-golfe-et-lacs","status":"publish","type":"post","link":"https:\/\/www.africa-press.net\/togo\/toutes-les-actualites\/togo-covid-19-4-cas-confirmes-dans-les-prefectures-de-golfe-et-lacs","title":{"rendered":"Togo-Covid-19 : 4 cas confirm\u00e9s dans les pr\u00e9fectures de Golfe et Lacs"},"content":{"rendered":"<p><span style=\"color: #ff6600\"><strong>Africa-Press &#8211; Togo. <\/strong><\/span><b>Trois femmes et un homme des pre\u0301fectures de Golfe et Lacs se sont re\u0301ve\u0301le\u0301s porteurs du Coronavirus mardi. Dans la me\u0302me journe\u0301e, deux cas de gue\u0301rion sont enre\u0301gistre\u0301s avec une le\u0301ge\u0300re augumentation des cas actifs. <\/b><br \/>\n<b>Bilan du mardi 1er novembre 2022<\/b><\/p>\n<p>Quatre (04) cas des 144 personnes teste\u0301es sont positifs portant le nombre total de cas positifs a\u0300 39304.<\/p>\n<p>il s\u2019agit de 04 cas suspects dont les a\u0302ges sont compris entre 32 et 62 ans et qui se re\u0301partissent comme suit : 1 femme dans la pre\u0301fecture de Golfe, 2 femmes et 1 homme dans la pre\u0301fecture des Lacs .<\/p>\n<p>Deux (02) gue\u0301ris ont e\u0301te\u0301 enregistre\u0301s portant le nombre total de patients gue\u0301ris de COVID-19 a\u0300 39001.<\/p>\n<p>Le nombre total de de\u0301ce\u0300s reste inchange\u0301 a\u0300 290.<\/p>\n<p>Le nombre de cas actifs est de 13.<\/p>\n<p>Un total de 798088 tests de laboratoire a e\u0301te\u0301 effectue\u0301 sur toute l\u2019e\u0301tendue du territoire national.<\/p>\n<p><strong>Pour plus d&rsquo;informations et d&rsquo;analyses sur la <a href=\"https:\/\/www.africa-press.net\/togo\">Togo<\/a>, suivez <a href=\"https:\/\/www.africa-press.net\/\">Africa-Press<\/a><\/strong><\/p>\n","protected":false},"excerpt":{"rendered":"<p>Africa-Press &#8211; Togo. Trois femmes et un homme des pre\u0301fectures de Golfe et Lacs se sont re\u0301ve\u0301le\u0301s porteurs du Coronavirus mardi. Dans la me\u0302me journe\u0301e, deux cas de gue\u0301rion sont enre\u0301gistre\u0301s avec une le\u0301ge\u0300re augumentation des cas actifs. Bilan du mardi 1er novembre 2022 Quatre (04) cas des 144 personnes teste\u0301es sont positifs portant le [&hellip;]<\/p>\n","protected":false},"author":82,"featured_media":13329,"comment_status":"open","ping_status":"closed","sticky":false,"template":"","format":"standard","meta":{"footnotes":""},"categories":[21,10],"tags":[36,49,50],"class_list":["post-13330","post","type-post","status-publish","format-standard","has-post-thumbnail","hentry","category-communaute","category-toutes-les-actualites","tag-africa-press","tag-africa-press-togo","tag-togo"],"yoast_head":"<!-- This site is optimized with the Yoast SEO Premium plugin v26.1 (Yoast SEO v27.0) - https:\/\/yoast.com\/product\/yoast-seo-premium-wordpress\/ -->\n<title>Togo-Covid-19 : 4 cas confirm\u00e9s dans les pr\u00e9fectures de Golfe et Lacs - Togo<\/title>\n<meta name=\"description\" content=\"Trois femmes et un homme des pre\u0301fectures de Golfe et Lacs se sont re\u0301ve\u0301le\u0301s porteurs du Coronavirus mardi. Dans la ...\" \/>\n<meta name=\"robots\" content=\"index, follow, max-snippet:-1, max-image-preview:large, max-video-preview:-1\" \/>\n<link rel=\"canonical\" href=\"https:\/\/www.africa-press.net\/togo\/toutes-les-actualites\/togo-covid-19-4-cas-confirmes-dans-les-prefectures-de-golfe-et-lacs\" \/>\n<meta property=\"og:locale\" content=\"fr_FR\" \/>\n<meta property=\"og:type\" content=\"article\" \/>\n<meta property=\"og:title\" content=\"Togo-Covid-19 : 4 cas confirm\u00e9s dans les pr\u00e9fectures de Golfe et Lacs\" \/>\n<meta property=\"og:description\" content=\"Trois femmes et un homme des pre\u0301fectures de Golfe et Lacs se sont re\u0301ve\u0301le\u0301s porteurs du Coronavirus mardi. Dans la ...\" \/>\n<meta property=\"og:url\" content=\"https:\/\/www.africa-press.net\/togo\/toutes-les-actualites\/togo-covid-19-4-cas-confirmes-dans-les-prefectures-de-golfe-et-lacs\" \/>\n<meta property=\"og:site_name\" content=\"Togo\" \/>\n<meta property=\"article:published_time\" content=\"2022-11-03T18:25:16+00:00\" \/>\n<meta property=\"article:modified_time\" content=\"2022-11-03T19:21:00+00:00\" \/>\n<meta property=\"og:image\" content=\"https:\/\/static.africa-press.net\/togo\/sites\/58\/2022\/11\/postQueueImg_4-6364144d97da6.jpg\" \/>\n\t<meta property=\"og:image:width\" content=\"1600\" \/>\n\t<meta property=\"og:image:height\" content=\"900\" \/>\n\t<meta property=\"og:image:type\" content=\"image\/jpeg\" \/>\n<meta name=\"author\" content=\"cfeditorfr\" \/>\n<meta name=\"twitter:card\" content=\"summary_large_image\" \/>\n<meta name=\"twitter:label1\" content=\"\u00c9crit par\" \/>\n\t<meta name=\"twitter:data1\" content=\"cfeditorfr\" \/>\n\t<meta name=\"twitter:label2\" content=\"Dur\u00e9e de lecture estim\u00e9e\" \/>\n\t<meta name=\"twitter:data2\" content=\"1 minute\" \/>\n<script type=\"application\/ld+json\" class=\"yoast-schema-graph\">{\"@context\":\"https:\/\/schema.org\",\"@graph\":[{\"@type\":\"Article\",\"@id\":\"https:\/\/www.africa-press.net\/togo\/toutes-les-actualites\/togo-covid-19-4-cas-confirmes-dans-les-prefectures-de-golfe-et-lacs#article\",\"isPartOf\":{\"@id\":\"https:\/\/www.africa-press.net\/togo\/toutes-les-actualites\/togo-covid-19-4-cas-confirmes-dans-les-prefectures-de-golfe-et-lacs\"},\"author\":{\"name\":\"cfeditorfr\",\"@id\":\"https:\/\/www.africa-press.net\/togo\/#\/schema\/person\/2b1cf3cd81a31e3cd26889ca66d677f1\"},\"headline\":\"Togo-Covid-19 : 4 cas confirm\u00e9s dans les pr\u00e9fectures de Golfe et Lacs\",\"datePublished\":\"2022-11-03T18:25:16+00:00\",\"dateModified\":\"2022-11-03T19:21:00+00:00\",\"mainEntityOfPage\":{\"@id\":\"https:\/\/www.africa-press.net\/togo\/toutes-les-actualites\/togo-covid-19-4-cas-confirmes-dans-les-prefectures-de-golfe-et-lacs\"},\"wordCount\":186,\"commentCount\":0,\"image\":{\"@id\":\"https:\/\/www.africa-press.net\/togo\/toutes-les-actualites\/togo-covid-19-4-cas-confirmes-dans-les-prefectures-de-golfe-et-lacs#primaryimage\"},\"thumbnailUrl\":\"https:\/\/static.africa-press.net\/togo\/sites\/58\/2022\/11\/postQueueImg_4-6364144d97da6.jpg\",\"keywords\":[\"Africa Press\",\"Africa Press-Togo\",\"Togo\"],\"articleSection\":[\"Communaut\u00e9\",\"Toutes les actualit\u00e9s\"],\"inLanguage\":\"fr-FR\",\"potentialAction\":[{\"@type\":\"CommentAction\",\"name\":\"Comment\",\"target\":[\"https:\/\/www.africa-press.net\/togo\/toutes-les-actualites\/togo-covid-19-4-cas-confirmes-dans-les-prefectures-de-golfe-et-lacs#respond\"]}]},{\"@type\":\"WebPage\",\"@id\":\"https:\/\/www.africa-press.net\/togo\/toutes-les-actualites\/togo-covid-19-4-cas-confirmes-dans-les-prefectures-de-golfe-et-lacs\",\"url\":\"https:\/\/www.africa-press.net\/togo\/toutes-les-actualites\/togo-covid-19-4-cas-confirmes-dans-les-prefectures-de-golfe-et-lacs\",\"name\":\"Togo-Covid-19 : 4 cas confirm\u00e9s dans les pr\u00e9fectures de Golfe et Lacs - Togo\",\"isPartOf\":{\"@id\":\"https:\/\/www.africa-press.net\/togo\/#website\"},\"primaryImageOfPage\":{\"@id\":\"https:\/\/www.africa-press.net\/togo\/toutes-les-actualites\/togo-covid-19-4-cas-confirmes-dans-les-prefectures-de-golfe-et-lacs#primaryimage\"},\"image\":{\"@id\":\"https:\/\/www.africa-press.net\/togo\/toutes-les-actualites\/togo-covid-19-4-cas-confirmes-dans-les-prefectures-de-golfe-et-lacs#primaryimage\"},\"thumbnailUrl\":\"https:\/\/static.africa-press.net\/togo\/sites\/58\/2022\/11\/postQueueImg_4-6364144d97da6.jpg\",\"datePublished\":\"2022-11-03T18:25:16+00:00\",\"dateModified\":\"2022-11-03T19:21:00+00:00\",\"author\":{\"@id\":\"https:\/\/www.africa-press.net\/togo\/#\/schema\/person\/2b1cf3cd81a31e3cd26889ca66d677f1\"},\"description\":\"Trois femmes et un homme des pre\u0301fectures de Golfe et Lacs se sont re\u0301ve\u0301le\u0301s porteurs du Coronavirus mardi. Dans la ...\",\"breadcrumb\":{\"@id\":\"https:\/\/www.africa-press.net\/togo\/toutes-les-actualites\/togo-covid-19-4-cas-confirmes-dans-les-prefectures-de-golfe-et-lacs#breadcrumb\"},\"inLanguage\":\"fr-FR\",\"potentialAction\":[{\"@type\":\"ReadAction\",\"target\":[\"https:\/\/www.africa-press.net\/togo\/toutes-les-actualites\/togo-covid-19-4-cas-confirmes-dans-les-prefectures-de-golfe-et-lacs\"]}]},{\"@type\":\"ImageObject\",\"inLanguage\":\"fr-FR\",\"@id\":\"https:\/\/www.africa-press.net\/togo\/toutes-les-actualites\/togo-covid-19-4-cas-confirmes-dans-les-prefectures-de-golfe-et-lacs#primaryimage\",\"url\":\"https:\/\/static.africa-press.net\/togo\/sites\/58\/2022\/11\/postQueueImg_4-6364144d97da6.jpg\",\"contentUrl\":\"https:\/\/static.africa-press.net\/togo\/sites\/58\/2022\/11\/postQueueImg_4-6364144d97da6.jpg\",\"width\":1600,\"height\":900,\"caption\":\"Togo-Covid-19 : 4 cas confirm\u00e9s dans les pr\u00e9fectures de Golfe et Lacs\"},{\"@type\":\"BreadcrumbList\",\"@id\":\"https:\/\/www.africa-press.net\/togo\/toutes-les-actualites\/togo-covid-19-4-cas-confirmes-dans-les-prefectures-de-golfe-et-lacs#breadcrumb\",\"itemListElement\":[{\"@type\":\"ListItem\",\"position\":1,\"name\":\"Accueil\",\"item\":\"https:\/\/www.africa-press.net\/togo\/\"},{\"@type\":\"ListItem\",\"position\":2,\"name\":\"Togo-Covid-19 : 4 cas confirm\u00e9s dans les pr\u00e9fectures de Golfe et Lacs\"}]},{\"@type\":\"WebSite\",\"@id\":\"https:\/\/www.africa-press.net\/togo\/#website\",\"url\":\"https:\/\/www.africa-press.net\/togo\/\",\"name\":\"Togo\",\"description\":\"Just another Africa News Agency Sites site\",\"potentialAction\":[{\"@type\":\"SearchAction\",\"target\":{\"@type\":\"EntryPoint\",\"urlTemplate\":\"https:\/\/www.africa-press.net\/togo\/?s={search_term_string}\"},\"query-input\":{\"@type\":\"PropertyValueSpecification\",\"valueRequired\":true,\"valueName\":\"search_term_string\"}}],\"inLanguage\":\"fr-FR\"},{\"@type\":\"Person\",\"@id\":\"https:\/\/www.africa-press.net\/togo\/#\/schema\/person\/2b1cf3cd81a31e3cd26889ca66d677f1\",\"name\":\"cfeditorfr\"}]}<\/script>\n<!-- \/ Yoast SEO Premium plugin. -->","yoast_head_json":{"title":"Togo-Covid-19 : 4 cas confirm\u00e9s dans les pr\u00e9fectures de Golfe et Lacs - Togo","description":"Trois femmes et un homme des pre\u0301fectures de Golfe et Lacs se sont re\u0301ve\u0301le\u0301s porteurs du Coronavirus mardi. Dans la ...","robots":{"index":"index","follow":"follow","max-snippet":"max-snippet:-1","max-image-preview":"max-image-preview:large","max-video-preview":"max-video-preview:-1"},"canonical":"https:\/\/www.africa-press.net\/togo\/toutes-les-actualites\/togo-covid-19-4-cas-confirmes-dans-les-prefectures-de-golfe-et-lacs","og_locale":"fr_FR","og_type":"article","og_title":"Togo-Covid-19 : 4 cas confirm\u00e9s dans les pr\u00e9fectures de Golfe et Lacs","og_description":"Trois femmes et un homme des pre\u0301fectures de Golfe et Lacs se sont re\u0301ve\u0301le\u0301s porteurs du Coronavirus mardi. Dans la ...","og_url":"https:\/\/www.africa-press.net\/togo\/toutes-les-actualites\/togo-covid-19-4-cas-confirmes-dans-les-prefectures-de-golfe-et-lacs","og_site_name":"Togo","article_published_time":"2022-11-03T18:25:16+00:00","article_modified_time":"2022-11-03T19:21:00+00:00","og_image":[{"width":1600,"height":900,"url":"https:\/\/static.africa-press.net\/togo\/sites\/58\/2022\/11\/postQueueImg_4-6364144d97da6.jpg","type":"image\/jpeg"}],"author":"cfeditorfr","twitter_card":"summary_large_image","twitter_misc":{"\u00c9crit par":"cfeditorfr","Dur\u00e9e de lecture estim\u00e9e":"1 minute"},"schema":{"@context":"https:\/\/schema.org","@graph":[{"@type":"Article","@id":"https:\/\/www.africa-press.net\/togo\/toutes-les-actualites\/togo-covid-19-4-cas-confirmes-dans-les-prefectures-de-golfe-et-lacs#article","isPartOf":{"@id":"https:\/\/www.africa-press.net\/togo\/toutes-les-actualites\/togo-covid-19-4-cas-confirmes-dans-les-prefectures-de-golfe-et-lacs"},"author":{"name":"cfeditorfr","@id":"https:\/\/www.africa-press.net\/togo\/#\/schema\/person\/2b1cf3cd81a31e3cd26889ca66d677f1"},"headline":"Togo-Covid-19 : 4 cas confirm\u00e9s dans les pr\u00e9fectures de Golfe et Lacs","datePublished":"2022-11-03T18:25:16+00:00","dateModified":"2022-11-03T19:21:00+00:00","mainEntityOfPage":{"@id":"https:\/\/www.africa-press.net\/togo\/toutes-les-actualites\/togo-covid-19-4-cas-confirmes-dans-les-prefectures-de-golfe-et-lacs"},"wordCount":186,"commentCount":0,"image":{"@id":"https:\/\/www.africa-press.net\/togo\/toutes-les-actualites\/togo-covid-19-4-cas-confirmes-dans-les-prefectures-de-golfe-et-lacs#primaryimage"},"thumbnailUrl":"https:\/\/static.africa-press.net\/togo\/sites\/58\/2022\/11\/postQueueImg_4-6364144d97da6.jpg","keywords":["Africa Press","Africa Press-Togo","Togo"],"articleSection":["Communaut\u00e9","Toutes les actualit\u00e9s"],"inLanguage":"fr-FR","potentialAction":[{"@type":"CommentAction","name":"Comment","target":["https:\/\/www.africa-press.net\/togo\/toutes-les-actualites\/togo-covid-19-4-cas-confirmes-dans-les-prefectures-de-golfe-et-lacs#respond"]}]},{"@type":"WebPage","@id":"https:\/\/www.africa-press.net\/togo\/toutes-les-actualites\/togo-covid-19-4-cas-confirmes-dans-les-prefectures-de-golfe-et-lacs","url":"https:\/\/www.africa-press.net\/togo\/toutes-les-actualites\/togo-covid-19-4-cas-confirmes-dans-les-prefectures-de-golfe-et-lacs","name":"Togo-Covid-19 : 4 cas confirm\u00e9s dans les pr\u00e9fectures de Golfe et Lacs - Togo","isPartOf":{"@id":"https:\/\/www.africa-press.net\/togo\/#website"},"primaryImageOfPage":{"@id":"https:\/\/www.africa-press.net\/togo\/toutes-les-actualites\/togo-covid-19-4-cas-confirmes-dans-les-prefectures-de-golfe-et-lacs#primaryimage"},"image":{"@id":"https:\/\/www.africa-press.net\/togo\/toutes-les-actualites\/togo-covid-19-4-cas-confirmes-dans-les-prefectures-de-golfe-et-lacs#primaryimage"},"thumbnailUrl":"https:\/\/static.africa-press.net\/togo\/sites\/58\/2022\/11\/postQueueImg_4-6364144d97da6.jpg","datePublished":"2022-11-03T18:25:16+00:00","dateModified":"2022-11-03T19:21:00+00:00","author":{"@id":"https:\/\/www.africa-press.net\/togo\/#\/schema\/person\/2b1cf3cd81a31e3cd26889ca66d677f1"},"description":"Trois femmes et un homme des pre\u0301fectures de Golfe et Lacs se sont re\u0301ve\u0301le\u0301s porteurs du Coronavirus mardi. Dans la ...","breadcrumb":{"@id":"https:\/\/www.africa-press.net\/togo\/toutes-les-actualites\/togo-covid-19-4-cas-confirmes-dans-les-prefectures-de-golfe-et-lacs#breadcrumb"},"inLanguage":"fr-FR","potentialAction":[{"@type":"ReadAction","target":["https:\/\/www.africa-press.net\/togo\/toutes-les-actualites\/togo-covid-19-4-cas-confirmes-dans-les-prefectures-de-golfe-et-lacs"]}]},{"@type":"ImageObject","inLanguage":"fr-FR","@id":"https:\/\/www.africa-press.net\/togo\/toutes-les-actualites\/togo-covid-19-4-cas-confirmes-dans-les-prefectures-de-golfe-et-lacs#primaryimage","url":"https:\/\/static.africa-press.net\/togo\/sites\/58\/2022\/11\/postQueueImg_4-6364144d97da6.jpg","contentUrl":"https:\/\/static.africa-press.net\/togo\/sites\/58\/2022\/11\/postQueueImg_4-6364144d97da6.jpg","width":1600,"height":900,"caption":"Togo-Covid-19 : 4 cas confirm\u00e9s dans les pr\u00e9fectures de Golfe et Lacs"},{"@type":"BreadcrumbList","@id":"https:\/\/www.africa-press.net\/togo\/toutes-les-actualites\/togo-covid-19-4-cas-confirmes-dans-les-prefectures-de-golfe-et-lacs#breadcrumb","itemListElement":[{"@type":"ListItem","position":1,"name":"Accueil","item":"https:\/\/www.africa-press.net\/togo\/"},{"@type":"ListItem","position":2,"name":"Togo-Covid-19 : 4 cas confirm\u00e9s dans les pr\u00e9fectures de Golfe et Lacs"}]},{"@type":"WebSite","@id":"https:\/\/www.africa-press.net\/togo\/#website","url":"https:\/\/www.africa-press.net\/togo\/","name":"Togo","description":"Just another Africa News Agency Sites site","potentialAction":[{"@type":"SearchAction","target":{"@type":"EntryPoint","urlTemplate":"https:\/\/www.africa-press.net\/togo\/?s={search_term_string}"},"query-input":{"@type":"PropertyValueSpecification","valueRequired":true,"valueName":"search_term_string"}}],"inLanguage":"fr-FR"},{"@type":"Person","@id":"https:\/\/www.africa-press.net\/togo\/#\/schema\/person\/2b1cf3cd81a31e3cd26889ca66d677f1","name":"cfeditorfr"}]}},"_links":{"self":[{"href":"https:\/\/www.africa-press.net\/togo\/wp-json\/wp\/v2\/posts\/13330","targetHints":{"allow":["GET"]}}],"collection":[{"href":"https:\/\/www.africa-press.net\/togo\/wp-json\/wp\/v2\/posts"}],"about":[{"href":"https:\/\/www.africa-press.net\/togo\/wp-json\/wp\/v2\/types\/post"}],"author":[{"embeddable":true,"href":"https:\/\/www.africa-press.net\/togo\/wp-json\/wp\/v2\/users\/82"}],"replies":[{"embeddable":true,"href":"https:\/\/www.africa-press.net\/togo\/wp-json\/wp\/v2\/comments?post=13330"}],"version-history":[{"count":0,"href":"https:\/\/www.africa-press.net\/togo\/wp-json\/wp\/v2\/posts\/13330\/revisions"}],"wp:featuredmedia":[{"embeddable":true,"href":"https:\/\/www.africa-press.net\/togo\/wp-json\/wp\/v2\/media\/13329"}],"wp:attachment":[{"href":"https:\/\/www.africa-press.net\/togo\/wp-json\/wp\/v2\/media?parent=13330"}],"wp:term":[{"taxonomy":"category","embeddable":true,"href":"https:\/\/www.africa-press.net\/togo\/wp-json\/wp\/v2\/categories?post=13330"},{"taxonomy":"post_tag","embeddable":true,"href":"https:\/\/www.africa-press.net\/togo\/wp-json\/wp\/v2\/tags?post=13330"}],"curies":[{"name":"wp","href":"https:\/\/api.w.org\/{rel}","templated":true}]}}