{"id":13348,"date":"2022-11-04T17:07:57","date_gmt":"2022-11-04T17:07:57","guid":{"rendered":"https:\/\/www.africa-press.net\/togo\/politique\/togo-me-tchassona-traore-a-propos-de-patrick-lawson"},"modified":"2022-11-04T17:19:42","modified_gmt":"2022-11-04T17:19:42","slug":"togo-me-tchassona-traore-a-propos-de-patrick-lawson","status":"publish","type":"post","link":"https:\/\/www.africa-press.net\/togo\/politique\/togo-me-tchassona-traore-a-propos-de-patrick-lawson","title":{"rendered":"Togo-Me TCHASSONA TRAORE \u00e0 propos de Patrick Lawson"},"content":{"rendered":"<p><span style=\"color: #ff6600\"><strong>Africa-Press &#8211; Togo. <\/strong><\/span><b>Les messages en hommage au 1er Vice-pre\u0301sident de l\u2019Alliance Nationale du Changement (ANC), Patrick LAWSON, de\u0301ce\u0301de\u0301 le 23 octobre dernier ne cessent d\u2019affluer. <\/b><\/p>\n<p>Apre\u0300s la DMK et d\u2019autres responsables de partis politiques, c\u2019est le tour du leader du Mouvement citoyen pour la de\u0301mocratie et le de\u0301veloppement (MCD), Me Mouhamed TCHASSONA TRAORE, attriste\u0301 par la nouvelle, de rendre hommage a\u0300 l\u2019ancien de\u0301pute\u0301.<\/p>\n<p>\u201d C\u2019est avec tristesse indescriptible que nous avons appris le rappel a\u0300 Dieu de notre regrette\u0301 fre\u0300re de lutte, Pe\u0301 Bouevi Patrick Augustino LAWSON BANKU\u201d, e\u0301crit-il tout en pre\u0301sentant ses condole\u0301ances aux proches du defunt acteur politique. .<\/p>\n<p>\u201d Homme de convictions et d\u2019expe\u0301rience, par son calme agissant, il avait le don unique de faire e\u0301pouser ses opinions a\u0300 l\u2019adversaire le plus redoutable. Avec cette magie enrichie de longues luttes et la connaissance de l\u2019homme, il savait enrober sa pense\u0301e exprime\u0301e pour bien la loger dans le subconscient de son vis-a\u0300-vis. Les ge\u0301ne\u0301rations actuelles et futures se souviendront de ton combat \u201c, a-t-il ajoute\u0301.<\/p>\n<p><strong>Pour plus d&rsquo;informations et d&rsquo;analyses sur la <a href=\"https:\/\/www.africa-press.net\/togo\">Togo<\/a>, suivez <a href=\"https:\/\/www.africa-press.net\/\">Africa-Press<\/a><\/strong><\/p>\n","protected":false},"excerpt":{"rendered":"<p>Africa-Press &#8211; Togo. Les messages en hommage au 1er Vice-pre\u0301sident de l\u2019Alliance Nationale du Changement (ANC), Patrick LAWSON, de\u0301ce\u0301de\u0301 le 23 octobre dernier ne cessent d\u2019affluer. Apre\u0300s la DMK et d\u2019autres responsables de partis politiques, c\u2019est le tour du leader du Mouvement citoyen pour la de\u0301mocratie et le de\u0301veloppement (MCD), Me Mouhamed TCHASSONA TRAORE, attriste\u0301 [&hellip;]<\/p>\n","protected":false},"author":82,"featured_media":13347,"comment_status":"open","ping_status":"closed","sticky":false,"template":"","format":"standard","meta":{"footnotes":""},"categories":[2,10],"tags":[36,49,50],"class_list":["post-13348","post","type-post","status-publish","format-standard","has-post-thumbnail","hentry","category-politique","category-toutes-les-actualites","tag-africa-press","tag-africa-press-togo","tag-togo"],"yoast_head":"<!-- This site is optimized with the Yoast SEO Premium plugin v26.1 (Yoast SEO v27.0) - https:\/\/yoast.com\/product\/yoast-seo-premium-wordpress\/ -->\n<title>Togo-Me TCHASSONA TRAORE \u00e0 propos de Patrick Lawson - Togo<\/title>\n<meta name=\"description\" content=\"Les messages en hommage au 1er Vice-pre\u0301sident de l\u2019Alliance Nationale du Changement (ANC), Patrick LAWSON, de\u0301ce\u0301de\u0301 ...\" \/>\n<meta name=\"robots\" content=\"index, follow, max-snippet:-1, max-image-preview:large, max-video-preview:-1\" \/>\n<link rel=\"canonical\" href=\"https:\/\/www.africa-press.net\/togo\/politique\/togo-me-tchassona-traore-a-propos-de-patrick-lawson\" \/>\n<meta property=\"og:locale\" content=\"fr_FR\" \/>\n<meta property=\"og:type\" content=\"article\" \/>\n<meta property=\"og:title\" content=\"Togo-Me TCHASSONA TRAORE \u00e0 propos de Patrick Lawson\" \/>\n<meta property=\"og:description\" content=\"Les messages en hommage au 1er Vice-pre\u0301sident de l\u2019Alliance Nationale du Changement (ANC), Patrick LAWSON, de\u0301ce\u0301de\u0301 ...\" \/>\n<meta property=\"og:url\" content=\"https:\/\/www.africa-press.net\/togo\/politique\/togo-me-tchassona-traore-a-propos-de-patrick-lawson\" \/>\n<meta property=\"og:site_name\" content=\"Togo\" \/>\n<meta property=\"article:published_time\" content=\"2022-11-04T17:07:57+00:00\" \/>\n<meta property=\"article:modified_time\" content=\"2022-11-04T17:19:42+00:00\" \/>\n<meta property=\"og:image\" content=\"https:\/\/static.africa-press.net\/togo\/sites\/58\/2022\/11\/postQueueImg_10-6365498a03ebd.jpg\" \/>\n\t<meta property=\"og:image:width\" content=\"1280\" \/>\n\t<meta property=\"og:image:height\" content=\"800\" \/>\n\t<meta property=\"og:image:type\" content=\"image\/jpeg\" \/>\n<meta name=\"author\" content=\"cfeditorfr\" \/>\n<meta name=\"twitter:card\" content=\"summary_large_image\" \/>\n<meta name=\"twitter:label1\" content=\"\u00c9crit par\" \/>\n\t<meta name=\"twitter:data1\" content=\"cfeditorfr\" \/>\n\t<meta name=\"twitter:label2\" content=\"Dur\u00e9e de lecture estim\u00e9e\" \/>\n\t<meta name=\"twitter:data2\" content=\"1 minute\" \/>\n<script type=\"application\/ld+json\" class=\"yoast-schema-graph\">{\"@context\":\"https:\/\/schema.org\",\"@graph\":[{\"@type\":\"Article\",\"@id\":\"https:\/\/www.africa-press.net\/togo\/politique\/togo-me-tchassona-traore-a-propos-de-patrick-lawson#article\",\"isPartOf\":{\"@id\":\"https:\/\/www.africa-press.net\/togo\/politique\/togo-me-tchassona-traore-a-propos-de-patrick-lawson\"},\"author\":{\"name\":\"cfeditorfr\",\"@id\":\"https:\/\/www.africa-press.net\/togo\/#\/schema\/person\/2b1cf3cd81a31e3cd26889ca66d677f1\"},\"headline\":\"Togo-Me TCHASSONA TRAORE \u00e0 propos de Patrick Lawson\",\"datePublished\":\"2022-11-04T17:07:57+00:00\",\"dateModified\":\"2022-11-04T17:19:42+00:00\",\"mainEntityOfPage\":{\"@id\":\"https:\/\/www.africa-press.net\/togo\/politique\/togo-me-tchassona-traore-a-propos-de-patrick-lawson\"},\"wordCount\":209,\"commentCount\":0,\"image\":{\"@id\":\"https:\/\/www.africa-press.net\/togo\/politique\/togo-me-tchassona-traore-a-propos-de-patrick-lawson#primaryimage\"},\"thumbnailUrl\":\"https:\/\/static.africa-press.net\/togo\/sites\/58\/2022\/11\/postQueueImg_10-6365498a03ebd.jpg\",\"keywords\":[\"Africa Press\",\"Africa Press-Togo\",\"Togo\"],\"articleSection\":[\"Politique\",\"Toutes les actualit\u00e9s\"],\"inLanguage\":\"fr-FR\",\"potentialAction\":[{\"@type\":\"CommentAction\",\"name\":\"Comment\",\"target\":[\"https:\/\/www.africa-press.net\/togo\/politique\/togo-me-tchassona-traore-a-propos-de-patrick-lawson#respond\"]}]},{\"@type\":\"WebPage\",\"@id\":\"https:\/\/www.africa-press.net\/togo\/politique\/togo-me-tchassona-traore-a-propos-de-patrick-lawson\",\"url\":\"https:\/\/www.africa-press.net\/togo\/politique\/togo-me-tchassona-traore-a-propos-de-patrick-lawson\",\"name\":\"Togo-Me TCHASSONA TRAORE \u00e0 propos de Patrick Lawson - Togo\",\"isPartOf\":{\"@id\":\"https:\/\/www.africa-press.net\/togo\/#website\"},\"primaryImageOfPage\":{\"@id\":\"https:\/\/www.africa-press.net\/togo\/politique\/togo-me-tchassona-traore-a-propos-de-patrick-lawson#primaryimage\"},\"image\":{\"@id\":\"https:\/\/www.africa-press.net\/togo\/politique\/togo-me-tchassona-traore-a-propos-de-patrick-lawson#primaryimage\"},\"thumbnailUrl\":\"https:\/\/static.africa-press.net\/togo\/sites\/58\/2022\/11\/postQueueImg_10-6365498a03ebd.jpg\",\"datePublished\":\"2022-11-04T17:07:57+00:00\",\"dateModified\":\"2022-11-04T17:19:42+00:00\",\"author\":{\"@id\":\"https:\/\/www.africa-press.net\/togo\/#\/schema\/person\/2b1cf3cd81a31e3cd26889ca66d677f1\"},\"description\":\"Les messages en hommage au 1er Vice-pre\u0301sident de l\u2019Alliance Nationale du Changement (ANC), Patrick LAWSON, de\u0301ce\u0301de\u0301 ...\",\"breadcrumb\":{\"@id\":\"https:\/\/www.africa-press.net\/togo\/politique\/togo-me-tchassona-traore-a-propos-de-patrick-lawson#breadcrumb\"},\"inLanguage\":\"fr-FR\",\"potentialAction\":[{\"@type\":\"ReadAction\",\"target\":[\"https:\/\/www.africa-press.net\/togo\/politique\/togo-me-tchassona-traore-a-propos-de-patrick-lawson\"]}]},{\"@type\":\"ImageObject\",\"inLanguage\":\"fr-FR\",\"@id\":\"https:\/\/www.africa-press.net\/togo\/politique\/togo-me-tchassona-traore-a-propos-de-patrick-lawson#primaryimage\",\"url\":\"https:\/\/static.africa-press.net\/togo\/sites\/58\/2022\/11\/postQueueImg_10-6365498a03ebd.jpg\",\"contentUrl\":\"https:\/\/static.africa-press.net\/togo\/sites\/58\/2022\/11\/postQueueImg_10-6365498a03ebd.jpg\",\"width\":1280,\"height\":800,\"caption\":\"Togo-Me TCHASSONA TRAORE \u00e0 propos de Patrick Lawson\"},{\"@type\":\"BreadcrumbList\",\"@id\":\"https:\/\/www.africa-press.net\/togo\/politique\/togo-me-tchassona-traore-a-propos-de-patrick-lawson#breadcrumb\",\"itemListElement\":[{\"@type\":\"ListItem\",\"position\":1,\"name\":\"Accueil\",\"item\":\"https:\/\/www.africa-press.net\/togo\/\"},{\"@type\":\"ListItem\",\"position\":2,\"name\":\"Togo-Me TCHASSONA TRAORE \u00e0 propos de Patrick Lawson\"}]},{\"@type\":\"WebSite\",\"@id\":\"https:\/\/www.africa-press.net\/togo\/#website\",\"url\":\"https:\/\/www.africa-press.net\/togo\/\",\"name\":\"Togo\",\"description\":\"Just another Africa News Agency Sites site\",\"potentialAction\":[{\"@type\":\"SearchAction\",\"target\":{\"@type\":\"EntryPoint\",\"urlTemplate\":\"https:\/\/www.africa-press.net\/togo\/?s={search_term_string}\"},\"query-input\":{\"@type\":\"PropertyValueSpecification\",\"valueRequired\":true,\"valueName\":\"search_term_string\"}}],\"inLanguage\":\"fr-FR\"},{\"@type\":\"Person\",\"@id\":\"https:\/\/www.africa-press.net\/togo\/#\/schema\/person\/2b1cf3cd81a31e3cd26889ca66d677f1\",\"name\":\"cfeditorfr\"}]}<\/script>\n<!-- \/ Yoast SEO Premium plugin. -->","yoast_head_json":{"title":"Togo-Me TCHASSONA TRAORE \u00e0 propos de Patrick Lawson - Togo","description":"Les messages en hommage au 1er Vice-pre\u0301sident de l\u2019Alliance Nationale du Changement (ANC), Patrick LAWSON, de\u0301ce\u0301de\u0301 ...","robots":{"index":"index","follow":"follow","max-snippet":"max-snippet:-1","max-image-preview":"max-image-preview:large","max-video-preview":"max-video-preview:-1"},"canonical":"https:\/\/www.africa-press.net\/togo\/politique\/togo-me-tchassona-traore-a-propos-de-patrick-lawson","og_locale":"fr_FR","og_type":"article","og_title":"Togo-Me TCHASSONA TRAORE \u00e0 propos de Patrick Lawson","og_description":"Les messages en hommage au 1er Vice-pre\u0301sident de l\u2019Alliance Nationale du Changement (ANC), Patrick LAWSON, de\u0301ce\u0301de\u0301 ...","og_url":"https:\/\/www.africa-press.net\/togo\/politique\/togo-me-tchassona-traore-a-propos-de-patrick-lawson","og_site_name":"Togo","article_published_time":"2022-11-04T17:07:57+00:00","article_modified_time":"2022-11-04T17:19:42+00:00","og_image":[{"width":1280,"height":800,"url":"https:\/\/static.africa-press.net\/togo\/sites\/58\/2022\/11\/postQueueImg_10-6365498a03ebd.jpg","type":"image\/jpeg"}],"author":"cfeditorfr","twitter_card":"summary_large_image","twitter_misc":{"\u00c9crit par":"cfeditorfr","Dur\u00e9e de lecture estim\u00e9e":"1 minute"},"schema":{"@context":"https:\/\/schema.org","@graph":[{"@type":"Article","@id":"https:\/\/www.africa-press.net\/togo\/politique\/togo-me-tchassona-traore-a-propos-de-patrick-lawson#article","isPartOf":{"@id":"https:\/\/www.africa-press.net\/togo\/politique\/togo-me-tchassona-traore-a-propos-de-patrick-lawson"},"author":{"name":"cfeditorfr","@id":"https:\/\/www.africa-press.net\/togo\/#\/schema\/person\/2b1cf3cd81a31e3cd26889ca66d677f1"},"headline":"Togo-Me TCHASSONA TRAORE \u00e0 propos de Patrick Lawson","datePublished":"2022-11-04T17:07:57+00:00","dateModified":"2022-11-04T17:19:42+00:00","mainEntityOfPage":{"@id":"https:\/\/www.africa-press.net\/togo\/politique\/togo-me-tchassona-traore-a-propos-de-patrick-lawson"},"wordCount":209,"commentCount":0,"image":{"@id":"https:\/\/www.africa-press.net\/togo\/politique\/togo-me-tchassona-traore-a-propos-de-patrick-lawson#primaryimage"},"thumbnailUrl":"https:\/\/static.africa-press.net\/togo\/sites\/58\/2022\/11\/postQueueImg_10-6365498a03ebd.jpg","keywords":["Africa Press","Africa Press-Togo","Togo"],"articleSection":["Politique","Toutes les actualit\u00e9s"],"inLanguage":"fr-FR","potentialAction":[{"@type":"CommentAction","name":"Comment","target":["https:\/\/www.africa-press.net\/togo\/politique\/togo-me-tchassona-traore-a-propos-de-patrick-lawson#respond"]}]},{"@type":"WebPage","@id":"https:\/\/www.africa-press.net\/togo\/politique\/togo-me-tchassona-traore-a-propos-de-patrick-lawson","url":"https:\/\/www.africa-press.net\/togo\/politique\/togo-me-tchassona-traore-a-propos-de-patrick-lawson","name":"Togo-Me TCHASSONA TRAORE \u00e0 propos de Patrick Lawson - Togo","isPartOf":{"@id":"https:\/\/www.africa-press.net\/togo\/#website"},"primaryImageOfPage":{"@id":"https:\/\/www.africa-press.net\/togo\/politique\/togo-me-tchassona-traore-a-propos-de-patrick-lawson#primaryimage"},"image":{"@id":"https:\/\/www.africa-press.net\/togo\/politique\/togo-me-tchassona-traore-a-propos-de-patrick-lawson#primaryimage"},"thumbnailUrl":"https:\/\/static.africa-press.net\/togo\/sites\/58\/2022\/11\/postQueueImg_10-6365498a03ebd.jpg","datePublished":"2022-11-04T17:07:57+00:00","dateModified":"2022-11-04T17:19:42+00:00","author":{"@id":"https:\/\/www.africa-press.net\/togo\/#\/schema\/person\/2b1cf3cd81a31e3cd26889ca66d677f1"},"description":"Les messages en hommage au 1er Vice-pre\u0301sident de l\u2019Alliance Nationale du Changement (ANC), Patrick LAWSON, de\u0301ce\u0301de\u0301 ...","breadcrumb":{"@id":"https:\/\/www.africa-press.net\/togo\/politique\/togo-me-tchassona-traore-a-propos-de-patrick-lawson#breadcrumb"},"inLanguage":"fr-FR","potentialAction":[{"@type":"ReadAction","target":["https:\/\/www.africa-press.net\/togo\/politique\/togo-me-tchassona-traore-a-propos-de-patrick-lawson"]}]},{"@type":"ImageObject","inLanguage":"fr-FR","@id":"https:\/\/www.africa-press.net\/togo\/politique\/togo-me-tchassona-traore-a-propos-de-patrick-lawson#primaryimage","url":"https:\/\/static.africa-press.net\/togo\/sites\/58\/2022\/11\/postQueueImg_10-6365498a03ebd.jpg","contentUrl":"https:\/\/static.africa-press.net\/togo\/sites\/58\/2022\/11\/postQueueImg_10-6365498a03ebd.jpg","width":1280,"height":800,"caption":"Togo-Me TCHASSONA TRAORE \u00e0 propos de Patrick Lawson"},{"@type":"BreadcrumbList","@id":"https:\/\/www.africa-press.net\/togo\/politique\/togo-me-tchassona-traore-a-propos-de-patrick-lawson#breadcrumb","itemListElement":[{"@type":"ListItem","position":1,"name":"Accueil","item":"https:\/\/www.africa-press.net\/togo\/"},{"@type":"ListItem","position":2,"name":"Togo-Me TCHASSONA TRAORE \u00e0 propos de Patrick Lawson"}]},{"@type":"WebSite","@id":"https:\/\/www.africa-press.net\/togo\/#website","url":"https:\/\/www.africa-press.net\/togo\/","name":"Togo","description":"Just another Africa News Agency Sites site","potentialAction":[{"@type":"SearchAction","target":{"@type":"EntryPoint","urlTemplate":"https:\/\/www.africa-press.net\/togo\/?s={search_term_string}"},"query-input":{"@type":"PropertyValueSpecification","valueRequired":true,"valueName":"search_term_string"}}],"inLanguage":"fr-FR"},{"@type":"Person","@id":"https:\/\/www.africa-press.net\/togo\/#\/schema\/person\/2b1cf3cd81a31e3cd26889ca66d677f1","name":"cfeditorfr"}]}},"_links":{"self":[{"href":"https:\/\/www.africa-press.net\/togo\/wp-json\/wp\/v2\/posts\/13348","targetHints":{"allow":["GET"]}}],"collection":[{"href":"https:\/\/www.africa-press.net\/togo\/wp-json\/wp\/v2\/posts"}],"about":[{"href":"https:\/\/www.africa-press.net\/togo\/wp-json\/wp\/v2\/types\/post"}],"author":[{"embeddable":true,"href":"https:\/\/www.africa-press.net\/togo\/wp-json\/wp\/v2\/users\/82"}],"replies":[{"embeddable":true,"href":"https:\/\/www.africa-press.net\/togo\/wp-json\/wp\/v2\/comments?post=13348"}],"version-history":[{"count":0,"href":"https:\/\/www.africa-press.net\/togo\/wp-json\/wp\/v2\/posts\/13348\/revisions"}],"wp:featuredmedia":[{"embeddable":true,"href":"https:\/\/www.africa-press.net\/togo\/wp-json\/wp\/v2\/media\/13347"}],"wp:attachment":[{"href":"https:\/\/www.africa-press.net\/togo\/wp-json\/wp\/v2\/media?parent=13348"}],"wp:term":[{"taxonomy":"category","embeddable":true,"href":"https:\/\/www.africa-press.net\/togo\/wp-json\/wp\/v2\/categories?post=13348"},{"taxonomy":"post_tag","embeddable":true,"href":"https:\/\/www.africa-press.net\/togo\/wp-json\/wp\/v2\/tags?post=13348"}],"curies":[{"name":"wp","href":"https:\/\/api.w.org\/{rel}","templated":true}]}}