{"id":13357,"date":"2022-11-04T17:08:31","date_gmt":"2022-11-04T17:08:31","guid":{"rendered":"https:\/\/www.africa-press.net\/togo\/politique\/togo-sena-alipui-se-faire-recenser-est-un-devoir-citoyen"},"modified":"2022-11-04T17:21:27","modified_gmt":"2022-11-04T17:21:27","slug":"togo-sena-alipui-se-faire-recenser-est-un-devoir-citoyen","status":"publish","type":"post","link":"https:\/\/www.africa-press.net\/togo\/politique\/togo-sena-alipui-se-faire-recenser-est-un-devoir-citoyen","title":{"rendered":"Togo-S\u00e9na Alipui : \u201d Se faire recenser est un devoir citoyen\u201d"},"content":{"rendered":"<p><span style=\"color: #ff6600\"><strong>Africa-Press &#8211; Togo. <\/strong><\/span><b>Le de\u0301pute\u0301 de la circonscription Ogou-Anie\u0301, troisie\u0300me vice-pre\u0301sident de l\u2019Assemble\u0301e nationale, exhorte ses compatriotes a\u0300 se faire recensement (23 octobre-12 novembre 2022) dans un message dont voici la teneur.<\/b><br \/>\n<b>Message de Sena Alipui, conseiller spe\u0301cial de Gilchrist Olympio, le pre\u0301sident national de l\u2019Union des forces de changement (UFC)<\/b><\/p>\n<p>\u00ab Combien sommes-nous au Togo ? Question pour un champion.<\/p>\n<p>En vous faisant recenser, nous pourrons tous avoir une re\u0301ponse a\u0300 cette question. Alors je vous invite a\u0300 vous faire recenser.<\/p>\n<p>Comme vous le savez, depuis mon entre\u0301e a\u0300 l\u2019he\u0301micycle en Janvier 2019, je n\u2019ai eu cesse de demander que le recensement de la population se fasse ; presque tous les ministres qui passent au parlement e\u0301taient interpelle\u0301s sur la question et je me re\u0301jouis que finalement le recensement ait de\u0301marre\u0301.<\/p>\n<p>J\u2019invite tous les Togolais (femmes, hommes, jeunes, personnes un peu plus a\u0302ge\u0301es) a\u0300 vous faire recenser. Se faire recenser est un devoir citoyen. D\u2019un point de vue politique, nous, c\u0327a nous permettra d\u2019ame\u0301liorer l\u2019offre politique. Que ce soit du gouvernement ou de l\u2019opposition, cela permettra e\u0301galement de planifier de meilleures politiques publiques en tenant compte du profil de\u0301mographique re\u0301el que nous avons dans le pays.<\/p>\n<p>Donc c\u2019est crucial que tous les cinq ans ou tous les dix ans, qu\u2019on proce\u0300de a\u0300 un recensement. Le dernier a e\u0301te\u0301 fait en 2010, nous sommes en 2022, il n\u2019est jamais trop tard pour bien faire.<\/p>\n<p>Maintenant, c\u2019est toujours mieux que plus tard et nous nous re\u0301jouissons donc que le gouvernement ait acce\u0301de\u0301 a\u0300 cette demande pressante que nous avions.<\/p>\n<p>Nous l\u2019invitons maintenant e\u0301galement a\u0300 tout mettre en \u0153uvre pour que l\u2019identification biome\u0301trique puisse se faire rapidement parce que, nous sommes au prise avec la vie che\u0300re, il y a des proble\u0300mes se\u0301curitaires, il y a parfois des proble\u0300mes sanitaires et il est important dans le de\u0301ploiement de politique sociale comme c\u0327a e\u0301te\u0301 le cas pour Novissi, que chaque citoyen ait un identifiant unique et que tout le monde puisse faire sa part pour contribuer au de\u0301veloppement du pays en payant sa juste part.<\/p>\n<p>Alors, l\u2019identification biome\u0301trique et le recensement ge\u0301ne\u0301ral de la population sont 2 revendications que nous portions, des demandes que nous poussions et nous sommes contents que le recensement, lui commence et je vous invite donc une fois de plus a\u0300 vous faire recenser ; c\u2019est un devoir citoyen cela n\u2019a rien de politique, cela va permettre de mieux vous servir, cela va permettre de mieux de\u0301fendre vos inte\u0301re\u0302ts, c\u2019est dans votre inte\u0301re\u0302t et c\u2019est dans notre inte\u0301re\u0302t a\u0300 tous.<\/p>\n<p>Donc faites-vous recenser et nous saurons combien nous sommes et nous pourrons faire plus et mieux pour vous.<\/p>\n<p>J\u2019invite le gouvernement a\u0300 tout faire une dernie\u0300re fois pour que le processus d\u2019identification biome\u0301trique e\u0301galement de\u0301marre assez rapidement et que l\u2019on puisse avoir des donne\u0301es encore plus pre\u0301cises pour pouvoir de\u0301ployer des politiques qui servent les Togolais.<\/p>\n<p>On doit faire plus et mieux et nous devons le faire ensemble donc je vous invite a\u0300 vous faire recenser et c\u2019est le but de ce message. Faites-vous recenser, c\u2019est un devoir citoyen.<\/p>\n<p>Ici Sena ALIPUI, de\u0301pute\u0301 de la circonscription Ogou-Anie\u0301, je vous remercie \u00bb<\/p>\n<p><strong>Pour plus d&rsquo;informations et d&rsquo;analyses sur la <a href=\"https:\/\/www.africa-press.net\/togo\">Togo<\/a>, suivez <a href=\"https:\/\/www.africa-press.net\/\">Africa-Press<\/a><\/strong><\/p>\n","protected":false},"excerpt":{"rendered":"<p>Africa-Press &#8211; Togo. Le de\u0301pute\u0301 de la circonscription Ogou-Anie\u0301, troisie\u0300me vice-pre\u0301sident de l\u2019Assemble\u0301e nationale, exhorte ses compatriotes a\u0300 se faire recensement (23 octobre-12 novembre 2022) dans un message dont voici la teneur. Message de Sena Alipui, conseiller spe\u0301cial de Gilchrist Olympio, le pre\u0301sident national de l\u2019Union des forces de changement (UFC) \u00ab Combien sommes-nous au [&hellip;]<\/p>\n","protected":false},"author":82,"featured_media":13356,"comment_status":"open","ping_status":"closed","sticky":false,"template":"","format":"standard","meta":{"footnotes":""},"categories":[2,10],"tags":[36,49,50],"class_list":["post-13357","post","type-post","status-publish","format-standard","has-post-thumbnail","hentry","category-politique","category-toutes-les-actualites","tag-africa-press","tag-africa-press-togo","tag-togo"],"yoast_head":"<!-- This site is optimized with the Yoast SEO Premium plugin v26.1 (Yoast SEO v27.0) - https:\/\/yoast.com\/product\/yoast-seo-premium-wordpress\/ -->\n<title>Togo-S\u00e9na Alipui : \u201d Se faire recenser est un devoir citoyen\u201d - Togo<\/title>\n<meta name=\"description\" content=\"Le de\u0301pute\u0301 de la circonscription Ogou-Anie\u0301, troisie\u0300me vice-pre\u0301sident de l\u2019Assemble\u0301e nationale, exhorte ses compa ...\" \/>\n<meta name=\"robots\" content=\"index, follow, max-snippet:-1, max-image-preview:large, max-video-preview:-1\" \/>\n<link rel=\"canonical\" href=\"https:\/\/www.africa-press.net\/togo\/politique\/togo-sena-alipui-se-faire-recenser-est-un-devoir-citoyen\" \/>\n<meta property=\"og:locale\" content=\"fr_FR\" \/>\n<meta property=\"og:type\" content=\"article\" \/>\n<meta property=\"og:title\" content=\"Togo-S\u00e9na Alipui : \u201d Se faire recenser est un devoir citoyen\u201d\" \/>\n<meta property=\"og:description\" content=\"Le de\u0301pute\u0301 de la circonscription Ogou-Anie\u0301, troisie\u0300me vice-pre\u0301sident de l\u2019Assemble\u0301e nationale, exhorte ses compa ...\" \/>\n<meta property=\"og:url\" content=\"https:\/\/www.africa-press.net\/togo\/politique\/togo-sena-alipui-se-faire-recenser-est-un-devoir-citoyen\" \/>\n<meta property=\"og:site_name\" content=\"Togo\" \/>\n<meta property=\"article:published_time\" content=\"2022-11-04T17:08:31+00:00\" \/>\n<meta property=\"article:modified_time\" content=\"2022-11-04T17:21:27+00:00\" \/>\n<meta property=\"og:image\" content=\"https:\/\/static.africa-press.net\/togo\/sites\/58\/2022\/11\/postQueueImg_13-636549f975321.jpg\" \/>\n\t<meta property=\"og:image:width\" content=\"1280\" \/>\n\t<meta property=\"og:image:height\" content=\"800\" \/>\n\t<meta property=\"og:image:type\" content=\"image\/jpeg\" \/>\n<meta name=\"author\" content=\"cfeditorfr\" \/>\n<meta name=\"twitter:card\" content=\"summary_large_image\" \/>\n<meta name=\"twitter:label1\" content=\"\u00c9crit par\" \/>\n\t<meta name=\"twitter:data1\" content=\"cfeditorfr\" \/>\n\t<meta name=\"twitter:label2\" content=\"Dur\u00e9e de lecture estim\u00e9e\" \/>\n\t<meta name=\"twitter:data2\" content=\"3 minutes\" \/>\n<script type=\"application\/ld+json\" class=\"yoast-schema-graph\">{\"@context\":\"https:\/\/schema.org\",\"@graph\":[{\"@type\":\"Article\",\"@id\":\"https:\/\/www.africa-press.net\/togo\/politique\/togo-sena-alipui-se-faire-recenser-est-un-devoir-citoyen#article\",\"isPartOf\":{\"@id\":\"https:\/\/www.africa-press.net\/togo\/politique\/togo-sena-alipui-se-faire-recenser-est-un-devoir-citoyen\"},\"author\":{\"name\":\"cfeditorfr\",\"@id\":\"https:\/\/www.africa-press.net\/togo\/#\/schema\/person\/2b1cf3cd81a31e3cd26889ca66d677f1\"},\"headline\":\"Togo-S\u00e9na Alipui : \u201d Se faire recenser est un devoir citoyen\u201d\",\"datePublished\":\"2022-11-04T17:08:31+00:00\",\"dateModified\":\"2022-11-04T17:21:27+00:00\",\"mainEntityOfPage\":{\"@id\":\"https:\/\/www.africa-press.net\/togo\/politique\/togo-sena-alipui-se-faire-recenser-est-un-devoir-citoyen\"},\"wordCount\":610,\"commentCount\":0,\"image\":{\"@id\":\"https:\/\/www.africa-press.net\/togo\/politique\/togo-sena-alipui-se-faire-recenser-est-un-devoir-citoyen#primaryimage\"},\"thumbnailUrl\":\"https:\/\/static.africa-press.net\/togo\/sites\/58\/2022\/11\/postQueueImg_13-636549f975321.jpg\",\"keywords\":[\"Africa Press\",\"Africa Press-Togo\",\"Togo\"],\"articleSection\":[\"Politique\",\"Toutes les actualit\u00e9s\"],\"inLanguage\":\"fr-FR\",\"potentialAction\":[{\"@type\":\"CommentAction\",\"name\":\"Comment\",\"target\":[\"https:\/\/www.africa-press.net\/togo\/politique\/togo-sena-alipui-se-faire-recenser-est-un-devoir-citoyen#respond\"]}]},{\"@type\":\"WebPage\",\"@id\":\"https:\/\/www.africa-press.net\/togo\/politique\/togo-sena-alipui-se-faire-recenser-est-un-devoir-citoyen\",\"url\":\"https:\/\/www.africa-press.net\/togo\/politique\/togo-sena-alipui-se-faire-recenser-est-un-devoir-citoyen\",\"name\":\"Togo-S\u00e9na Alipui : \u201d Se faire recenser est un devoir citoyen\u201d - Togo\",\"isPartOf\":{\"@id\":\"https:\/\/www.africa-press.net\/togo\/#website\"},\"primaryImageOfPage\":{\"@id\":\"https:\/\/www.africa-press.net\/togo\/politique\/togo-sena-alipui-se-faire-recenser-est-un-devoir-citoyen#primaryimage\"},\"image\":{\"@id\":\"https:\/\/www.africa-press.net\/togo\/politique\/togo-sena-alipui-se-faire-recenser-est-un-devoir-citoyen#primaryimage\"},\"thumbnailUrl\":\"https:\/\/static.africa-press.net\/togo\/sites\/58\/2022\/11\/postQueueImg_13-636549f975321.jpg\",\"datePublished\":\"2022-11-04T17:08:31+00:00\",\"dateModified\":\"2022-11-04T17:21:27+00:00\",\"author\":{\"@id\":\"https:\/\/www.africa-press.net\/togo\/#\/schema\/person\/2b1cf3cd81a31e3cd26889ca66d677f1\"},\"description\":\"Le de\u0301pute\u0301 de la circonscription Ogou-Anie\u0301, troisie\u0300me vice-pre\u0301sident de l\u2019Assemble\u0301e nationale, exhorte ses compa ...\",\"breadcrumb\":{\"@id\":\"https:\/\/www.africa-press.net\/togo\/politique\/togo-sena-alipui-se-faire-recenser-est-un-devoir-citoyen#breadcrumb\"},\"inLanguage\":\"fr-FR\",\"potentialAction\":[{\"@type\":\"ReadAction\",\"target\":[\"https:\/\/www.africa-press.net\/togo\/politique\/togo-sena-alipui-se-faire-recenser-est-un-devoir-citoyen\"]}]},{\"@type\":\"ImageObject\",\"inLanguage\":\"fr-FR\",\"@id\":\"https:\/\/www.africa-press.net\/togo\/politique\/togo-sena-alipui-se-faire-recenser-est-un-devoir-citoyen#primaryimage\",\"url\":\"https:\/\/static.africa-press.net\/togo\/sites\/58\/2022\/11\/postQueueImg_13-636549f975321.jpg\",\"contentUrl\":\"https:\/\/static.africa-press.net\/togo\/sites\/58\/2022\/11\/postQueueImg_13-636549f975321.jpg\",\"width\":1280,\"height\":800,\"caption\":\"Togo-S\u00e9na Alipui : \u201d Se faire recenser est un devoir citoyen\u201d\"},{\"@type\":\"BreadcrumbList\",\"@id\":\"https:\/\/www.africa-press.net\/togo\/politique\/togo-sena-alipui-se-faire-recenser-est-un-devoir-citoyen#breadcrumb\",\"itemListElement\":[{\"@type\":\"ListItem\",\"position\":1,\"name\":\"Accueil\",\"item\":\"https:\/\/www.africa-press.net\/togo\/\"},{\"@type\":\"ListItem\",\"position\":2,\"name\":\"Togo-S\u00e9na Alipui : \u201d Se faire recenser est un devoir citoyen\u201d\"}]},{\"@type\":\"WebSite\",\"@id\":\"https:\/\/www.africa-press.net\/togo\/#website\",\"url\":\"https:\/\/www.africa-press.net\/togo\/\",\"name\":\"Togo\",\"description\":\"Just another Africa News Agency Sites site\",\"potentialAction\":[{\"@type\":\"SearchAction\",\"target\":{\"@type\":\"EntryPoint\",\"urlTemplate\":\"https:\/\/www.africa-press.net\/togo\/?s={search_term_string}\"},\"query-input\":{\"@type\":\"PropertyValueSpecification\",\"valueRequired\":true,\"valueName\":\"search_term_string\"}}],\"inLanguage\":\"fr-FR\"},{\"@type\":\"Person\",\"@id\":\"https:\/\/www.africa-press.net\/togo\/#\/schema\/person\/2b1cf3cd81a31e3cd26889ca66d677f1\",\"name\":\"cfeditorfr\"}]}<\/script>\n<!-- \/ Yoast SEO Premium plugin. -->","yoast_head_json":{"title":"Togo-S\u00e9na Alipui : \u201d Se faire recenser est un devoir citoyen\u201d - Togo","description":"Le de\u0301pute\u0301 de la circonscription Ogou-Anie\u0301, troisie\u0300me vice-pre\u0301sident de l\u2019Assemble\u0301e nationale, exhorte ses compa ...","robots":{"index":"index","follow":"follow","max-snippet":"max-snippet:-1","max-image-preview":"max-image-preview:large","max-video-preview":"max-video-preview:-1"},"canonical":"https:\/\/www.africa-press.net\/togo\/politique\/togo-sena-alipui-se-faire-recenser-est-un-devoir-citoyen","og_locale":"fr_FR","og_type":"article","og_title":"Togo-S\u00e9na Alipui : \u201d Se faire recenser est un devoir citoyen\u201d","og_description":"Le de\u0301pute\u0301 de la circonscription Ogou-Anie\u0301, troisie\u0300me vice-pre\u0301sident de l\u2019Assemble\u0301e nationale, exhorte ses compa ...","og_url":"https:\/\/www.africa-press.net\/togo\/politique\/togo-sena-alipui-se-faire-recenser-est-un-devoir-citoyen","og_site_name":"Togo","article_published_time":"2022-11-04T17:08:31+00:00","article_modified_time":"2022-11-04T17:21:27+00:00","og_image":[{"width":1280,"height":800,"url":"https:\/\/static.africa-press.net\/togo\/sites\/58\/2022\/11\/postQueueImg_13-636549f975321.jpg","type":"image\/jpeg"}],"author":"cfeditorfr","twitter_card":"summary_large_image","twitter_misc":{"\u00c9crit par":"cfeditorfr","Dur\u00e9e de lecture estim\u00e9e":"3 minutes"},"schema":{"@context":"https:\/\/schema.org","@graph":[{"@type":"Article","@id":"https:\/\/www.africa-press.net\/togo\/politique\/togo-sena-alipui-se-faire-recenser-est-un-devoir-citoyen#article","isPartOf":{"@id":"https:\/\/www.africa-press.net\/togo\/politique\/togo-sena-alipui-se-faire-recenser-est-un-devoir-citoyen"},"author":{"name":"cfeditorfr","@id":"https:\/\/www.africa-press.net\/togo\/#\/schema\/person\/2b1cf3cd81a31e3cd26889ca66d677f1"},"headline":"Togo-S\u00e9na Alipui : \u201d Se faire recenser est un devoir citoyen\u201d","datePublished":"2022-11-04T17:08:31+00:00","dateModified":"2022-11-04T17:21:27+00:00","mainEntityOfPage":{"@id":"https:\/\/www.africa-press.net\/togo\/politique\/togo-sena-alipui-se-faire-recenser-est-un-devoir-citoyen"},"wordCount":610,"commentCount":0,"image":{"@id":"https:\/\/www.africa-press.net\/togo\/politique\/togo-sena-alipui-se-faire-recenser-est-un-devoir-citoyen#primaryimage"},"thumbnailUrl":"https:\/\/static.africa-press.net\/togo\/sites\/58\/2022\/11\/postQueueImg_13-636549f975321.jpg","keywords":["Africa Press","Africa Press-Togo","Togo"],"articleSection":["Politique","Toutes les actualit\u00e9s"],"inLanguage":"fr-FR","potentialAction":[{"@type":"CommentAction","name":"Comment","target":["https:\/\/www.africa-press.net\/togo\/politique\/togo-sena-alipui-se-faire-recenser-est-un-devoir-citoyen#respond"]}]},{"@type":"WebPage","@id":"https:\/\/www.africa-press.net\/togo\/politique\/togo-sena-alipui-se-faire-recenser-est-un-devoir-citoyen","url":"https:\/\/www.africa-press.net\/togo\/politique\/togo-sena-alipui-se-faire-recenser-est-un-devoir-citoyen","name":"Togo-S\u00e9na Alipui : \u201d Se faire recenser est un devoir citoyen\u201d - Togo","isPartOf":{"@id":"https:\/\/www.africa-press.net\/togo\/#website"},"primaryImageOfPage":{"@id":"https:\/\/www.africa-press.net\/togo\/politique\/togo-sena-alipui-se-faire-recenser-est-un-devoir-citoyen#primaryimage"},"image":{"@id":"https:\/\/www.africa-press.net\/togo\/politique\/togo-sena-alipui-se-faire-recenser-est-un-devoir-citoyen#primaryimage"},"thumbnailUrl":"https:\/\/static.africa-press.net\/togo\/sites\/58\/2022\/11\/postQueueImg_13-636549f975321.jpg","datePublished":"2022-11-04T17:08:31+00:00","dateModified":"2022-11-04T17:21:27+00:00","author":{"@id":"https:\/\/www.africa-press.net\/togo\/#\/schema\/person\/2b1cf3cd81a31e3cd26889ca66d677f1"},"description":"Le de\u0301pute\u0301 de la circonscription Ogou-Anie\u0301, troisie\u0300me vice-pre\u0301sident de l\u2019Assemble\u0301e nationale, exhorte ses compa ...","breadcrumb":{"@id":"https:\/\/www.africa-press.net\/togo\/politique\/togo-sena-alipui-se-faire-recenser-est-un-devoir-citoyen#breadcrumb"},"inLanguage":"fr-FR","potentialAction":[{"@type":"ReadAction","target":["https:\/\/www.africa-press.net\/togo\/politique\/togo-sena-alipui-se-faire-recenser-est-un-devoir-citoyen"]}]},{"@type":"ImageObject","inLanguage":"fr-FR","@id":"https:\/\/www.africa-press.net\/togo\/politique\/togo-sena-alipui-se-faire-recenser-est-un-devoir-citoyen#primaryimage","url":"https:\/\/static.africa-press.net\/togo\/sites\/58\/2022\/11\/postQueueImg_13-636549f975321.jpg","contentUrl":"https:\/\/static.africa-press.net\/togo\/sites\/58\/2022\/11\/postQueueImg_13-636549f975321.jpg","width":1280,"height":800,"caption":"Togo-S\u00e9na Alipui : \u201d Se faire recenser est un devoir citoyen\u201d"},{"@type":"BreadcrumbList","@id":"https:\/\/www.africa-press.net\/togo\/politique\/togo-sena-alipui-se-faire-recenser-est-un-devoir-citoyen#breadcrumb","itemListElement":[{"@type":"ListItem","position":1,"name":"Accueil","item":"https:\/\/www.africa-press.net\/togo\/"},{"@type":"ListItem","position":2,"name":"Togo-S\u00e9na Alipui : \u201d Se faire recenser est un devoir citoyen\u201d"}]},{"@type":"WebSite","@id":"https:\/\/www.africa-press.net\/togo\/#website","url":"https:\/\/www.africa-press.net\/togo\/","name":"Togo","description":"Just another Africa News Agency Sites site","potentialAction":[{"@type":"SearchAction","target":{"@type":"EntryPoint","urlTemplate":"https:\/\/www.africa-press.net\/togo\/?s={search_term_string}"},"query-input":{"@type":"PropertyValueSpecification","valueRequired":true,"valueName":"search_term_string"}}],"inLanguage":"fr-FR"},{"@type":"Person","@id":"https:\/\/www.africa-press.net\/togo\/#\/schema\/person\/2b1cf3cd81a31e3cd26889ca66d677f1","name":"cfeditorfr"}]}},"_links":{"self":[{"href":"https:\/\/www.africa-press.net\/togo\/wp-json\/wp\/v2\/posts\/13357","targetHints":{"allow":["GET"]}}],"collection":[{"href":"https:\/\/www.africa-press.net\/togo\/wp-json\/wp\/v2\/posts"}],"about":[{"href":"https:\/\/www.africa-press.net\/togo\/wp-json\/wp\/v2\/types\/post"}],"author":[{"embeddable":true,"href":"https:\/\/www.africa-press.net\/togo\/wp-json\/wp\/v2\/users\/82"}],"replies":[{"embeddable":true,"href":"https:\/\/www.africa-press.net\/togo\/wp-json\/wp\/v2\/comments?post=13357"}],"version-history":[{"count":0,"href":"https:\/\/www.africa-press.net\/togo\/wp-json\/wp\/v2\/posts\/13357\/revisions"}],"wp:featuredmedia":[{"embeddable":true,"href":"https:\/\/www.africa-press.net\/togo\/wp-json\/wp\/v2\/media\/13356"}],"wp:attachment":[{"href":"https:\/\/www.africa-press.net\/togo\/wp-json\/wp\/v2\/media?parent=13357"}],"wp:term":[{"taxonomy":"category","embeddable":true,"href":"https:\/\/www.africa-press.net\/togo\/wp-json\/wp\/v2\/categories?post=13357"},{"taxonomy":"post_tag","embeddable":true,"href":"https:\/\/www.africa-press.net\/togo\/wp-json\/wp\/v2\/tags?post=13357"}],"curies":[{"name":"wp","href":"https:\/\/api.w.org\/{rel}","templated":true}]}}