{"id":13363,"date":"2022-11-04T17:08:54","date_gmt":"2022-11-04T17:08:54","guid":{"rendered":"https:\/\/www.africa-press.net\/togo\/politique\/togo-la-grace-presidentielle-allergique-aux-detenus-politiques"},"modified":"2022-11-04T17:22:48","modified_gmt":"2022-11-04T17:22:48","slug":"togo-la-grace-presidentielle-allergique-aux-detenus-politiques","status":"publish","type":"post","link":"https:\/\/www.africa-press.net\/togo\/politique\/togo-la-grace-presidentielle-allergique-aux-detenus-politiques","title":{"rendered":"Togo\u2013La gr\u00e2ce pr\u00e9sidentielle allergique aux d\u00e9tenus politiques"},"content":{"rendered":"<p><span style=\"color: #ff6600\"><strong>Africa-Press &#8211; Togo. <\/strong><\/span><b>Depuis un certain temps, l\u2019opinion nationale s\u2019e\u0301tonnait de l\u2019hyperactivite\u0301 du Chef d\u2019Etat togolais a\u0300 vouloir pacifier les acteurs politiques de pays voisins, alors que plusieurs dizaines d\u2019adversaires politiques croupissent en prison au Togo. Les voix s\u2019e\u0301levant fortement, Faure Gnassingbe\u0301 de\u0301cide ce jeudi 03 Novembre 2022 de gracier des prisonniers. Mais lesquels ?<\/b><\/p>\n<p>Comme a\u0300 son habitude, lorsqu\u2019une affaire risque d\u2019entacher le prestige international savamment entretenu par le pouvoir de Lome\u0301, celui-ci se ha\u0302te de jeter de la \u00ab poudre \u00bb aux yeux de l\u2019opinion internationale. Beaucoup de Togolais se demandaient ce qui empe\u0302che le Chef d\u2019Etat d\u2019appliquer chez lui la \u00ab bonne parole de paix et de fraternite\u0301 \u00bb qu\u2019il ne se prive gue\u0300re de pre\u0302cher ailleurs.<\/p>\n<p>Sans de\u0301tour, des organisations de la socie\u0301te\u0301 civile d\u2019une part, et des partis politiques d\u2019autres part, se sont exprime\u0301s sur la ne\u0301cessite\u0301 de l\u2019intervention du Chef de l\u2019Etat en sa qualite\u0301 de 1er Magistrat pour libe\u0301rer les dizaines de personnes de\u0301tenues en prison en raison de leur opinion et position politique.<\/p>\n<p>Il n\u2019y a donc qu\u2019une gra\u0302ce pre\u0301sidentielle de Faure Gnassingbe\u0301 qui puisse faire sortir des prisons togolaises des de\u0301tenus comme DJimon ORE, Kpatcha GNASSINGBE, les militants de l\u2019opposition arre\u0302te\u0301s au cours des manifestations publiques pacifiques ainsi que les militants du PNP et d\u2019autres partis politiques.<\/p>\n<p>Ainsi par De\u0301cret N\u00b02022-109\/PR en date du 31 Octobre 2022 accordant gra\u0302ce pre\u0301sidentielle, Faure Gnassingbe\u0301 accorde la liberte\u0301 a\u0300 364 prisonniers qui peuvent de\u0301sormais regagner leur famille. Cependant en scrutant cette longue liste de \u00ab gracie\u0301s \u00bb, on ne trouve de de\u0301tenu politique. Le Chef d\u2019Etat togolais a\u0300 travers ce De\u0301cret, reste constant dans sa politique nationale : celle d\u2019agir sans agir, celle de passer sciemment a\u0300 co\u0302te\u0301 des ve\u0301ritables proble\u0300mes qui minent la socie\u0301te\u0301 togolaise, celle consistant a\u0300 polir son image a\u0300 l\u2019international.<\/p>\n<p>Ne\u0301anmoins, cette fois-ci, le subterfuge est trop patent. Au lieu de remettre dehors des petits de\u0301linquants re\u0301cidivistes par De\u0301cret pre\u0301sidentiel, le pouvoir de Lome\u0301 gagnerait a\u0300 libe\u0301rer les personnalite\u0301s publiques et politiques afin qu\u2019une ve\u0301ritable e\u0301mulation de\u0301mocratique propulse le Togo dans un de\u0301veloppement inclusif et irre\u0301versible<\/p>\n<p><strong>Pour plus d&rsquo;informations et d&rsquo;analyses sur la <a href=\"https:\/\/www.africa-press.net\/togo\">Togo<\/a>, suivez <a href=\"https:\/\/www.africa-press.net\/\">Africa-Press<\/a><\/strong><\/p>\n","protected":false},"excerpt":{"rendered":"<p>Africa-Press &#8211; Togo. Depuis un certain temps, l\u2019opinion nationale s\u2019e\u0301tonnait de l\u2019hyperactivite\u0301 du Chef d\u2019Etat togolais a\u0300 vouloir pacifier les acteurs politiques de pays voisins, alors que plusieurs dizaines d\u2019adversaires politiques croupissent en prison au Togo. Les voix s\u2019e\u0301levant fortement, Faure Gnassingbe\u0301 de\u0301cide ce jeudi 03 Novembre 2022 de gracier des prisonniers. Mais lesquels ? [&hellip;]<\/p>\n","protected":false},"author":82,"featured_media":13362,"comment_status":"open","ping_status":"closed","sticky":false,"template":"","format":"standard","meta":{"footnotes":""},"categories":[2,10],"tags":[36,49,50],"class_list":["post-13363","post","type-post","status-publish","format-standard","has-post-thumbnail","hentry","category-politique","category-toutes-les-actualites","tag-africa-press","tag-africa-press-togo","tag-togo"],"yoast_head":"<!-- This site is optimized with the Yoast SEO Premium plugin v26.1 (Yoast SEO v27.0) - https:\/\/yoast.com\/product\/yoast-seo-premium-wordpress\/ -->\n<title>Togo\u2013La gr\u00e2ce pr\u00e9sidentielle allergique aux d\u00e9tenus politiques - Togo<\/title>\n<meta name=\"description\" content=\"Depuis un certain temps, l\u2019opinion nationale s\u2019e\u0301tonnait de l\u2019hyperactivite\u0301 du Chef d\u2019Etat togolais a\u0300 vouloir pacif ...\" \/>\n<meta name=\"robots\" content=\"index, follow, max-snippet:-1, max-image-preview:large, max-video-preview:-1\" \/>\n<link rel=\"canonical\" href=\"https:\/\/www.africa-press.net\/togo\/politique\/togo-la-grace-presidentielle-allergique-aux-detenus-politiques\" \/>\n<meta property=\"og:locale\" content=\"fr_FR\" \/>\n<meta property=\"og:type\" content=\"article\" \/>\n<meta property=\"og:title\" content=\"Togo\u2013La gr\u00e2ce pr\u00e9sidentielle allergique aux d\u00e9tenus politiques\" \/>\n<meta property=\"og:description\" content=\"Depuis un certain temps, l\u2019opinion nationale s\u2019e\u0301tonnait de l\u2019hyperactivite\u0301 du Chef d\u2019Etat togolais a\u0300 vouloir pacif ...\" \/>\n<meta property=\"og:url\" content=\"https:\/\/www.africa-press.net\/togo\/politique\/togo-la-grace-presidentielle-allergique-aux-detenus-politiques\" \/>\n<meta property=\"og:site_name\" content=\"Togo\" \/>\n<meta property=\"article:published_time\" content=\"2022-11-04T17:08:54+00:00\" \/>\n<meta property=\"article:modified_time\" content=\"2022-11-04T17:22:48+00:00\" \/>\n<meta property=\"og:image\" content=\"https:\/\/static.africa-press.net\/togo\/sites\/58\/2022\/11\/postQueueImg_15-63654a44b0759.jpg\" \/>\n\t<meta property=\"og:image:width\" content=\"1200\" \/>\n\t<meta property=\"og:image:height\" content=\"800\" \/>\n\t<meta property=\"og:image:type\" content=\"image\/jpeg\" \/>\n<meta name=\"author\" content=\"cfeditorfr\" \/>\n<meta name=\"twitter:card\" content=\"summary_large_image\" \/>\n<meta name=\"twitter:label1\" content=\"\u00c9crit par\" \/>\n\t<meta name=\"twitter:data1\" content=\"cfeditorfr\" \/>\n\t<meta name=\"twitter:label2\" content=\"Dur\u00e9e de lecture estim\u00e9e\" \/>\n\t<meta name=\"twitter:data2\" content=\"2 minutes\" \/>\n<script type=\"application\/ld+json\" class=\"yoast-schema-graph\">{\"@context\":\"https:\/\/schema.org\",\"@graph\":[{\"@type\":\"Article\",\"@id\":\"https:\/\/www.africa-press.net\/togo\/politique\/togo-la-grace-presidentielle-allergique-aux-detenus-politiques#article\",\"isPartOf\":{\"@id\":\"https:\/\/www.africa-press.net\/togo\/politique\/togo-la-grace-presidentielle-allergique-aux-detenus-politiques\"},\"author\":{\"name\":\"cfeditorfr\",\"@id\":\"https:\/\/www.africa-press.net\/togo\/#\/schema\/person\/2b1cf3cd81a31e3cd26889ca66d677f1\"},\"headline\":\"Togo\u2013La gr\u00e2ce pr\u00e9sidentielle allergique aux d\u00e9tenus politiques\",\"datePublished\":\"2022-11-04T17:08:54+00:00\",\"dateModified\":\"2022-11-04T17:22:48+00:00\",\"mainEntityOfPage\":{\"@id\":\"https:\/\/www.africa-press.net\/togo\/politique\/togo-la-grace-presidentielle-allergique-aux-detenus-politiques\"},\"wordCount\":423,\"commentCount\":0,\"image\":{\"@id\":\"https:\/\/www.africa-press.net\/togo\/politique\/togo-la-grace-presidentielle-allergique-aux-detenus-politiques#primaryimage\"},\"thumbnailUrl\":\"https:\/\/static.africa-press.net\/togo\/sites\/58\/2022\/11\/postQueueImg_15-63654a44b0759.jpg\",\"keywords\":[\"Africa Press\",\"Africa Press-Togo\",\"Togo\"],\"articleSection\":[\"Politique\",\"Toutes les actualit\u00e9s\"],\"inLanguage\":\"fr-FR\",\"potentialAction\":[{\"@type\":\"CommentAction\",\"name\":\"Comment\",\"target\":[\"https:\/\/www.africa-press.net\/togo\/politique\/togo-la-grace-presidentielle-allergique-aux-detenus-politiques#respond\"]}]},{\"@type\":\"WebPage\",\"@id\":\"https:\/\/www.africa-press.net\/togo\/politique\/togo-la-grace-presidentielle-allergique-aux-detenus-politiques\",\"url\":\"https:\/\/www.africa-press.net\/togo\/politique\/togo-la-grace-presidentielle-allergique-aux-detenus-politiques\",\"name\":\"Togo\u2013La gr\u00e2ce pr\u00e9sidentielle allergique aux d\u00e9tenus politiques - Togo\",\"isPartOf\":{\"@id\":\"https:\/\/www.africa-press.net\/togo\/#website\"},\"primaryImageOfPage\":{\"@id\":\"https:\/\/www.africa-press.net\/togo\/politique\/togo-la-grace-presidentielle-allergique-aux-detenus-politiques#primaryimage\"},\"image\":{\"@id\":\"https:\/\/www.africa-press.net\/togo\/politique\/togo-la-grace-presidentielle-allergique-aux-detenus-politiques#primaryimage\"},\"thumbnailUrl\":\"https:\/\/static.africa-press.net\/togo\/sites\/58\/2022\/11\/postQueueImg_15-63654a44b0759.jpg\",\"datePublished\":\"2022-11-04T17:08:54+00:00\",\"dateModified\":\"2022-11-04T17:22:48+00:00\",\"author\":{\"@id\":\"https:\/\/www.africa-press.net\/togo\/#\/schema\/person\/2b1cf3cd81a31e3cd26889ca66d677f1\"},\"description\":\"Depuis un certain temps, l\u2019opinion nationale s\u2019e\u0301tonnait de l\u2019hyperactivite\u0301 du Chef d\u2019Etat togolais a\u0300 vouloir pacif ...\",\"breadcrumb\":{\"@id\":\"https:\/\/www.africa-press.net\/togo\/politique\/togo-la-grace-presidentielle-allergique-aux-detenus-politiques#breadcrumb\"},\"inLanguage\":\"fr-FR\",\"potentialAction\":[{\"@type\":\"ReadAction\",\"target\":[\"https:\/\/www.africa-press.net\/togo\/politique\/togo-la-grace-presidentielle-allergique-aux-detenus-politiques\"]}]},{\"@type\":\"ImageObject\",\"inLanguage\":\"fr-FR\",\"@id\":\"https:\/\/www.africa-press.net\/togo\/politique\/togo-la-grace-presidentielle-allergique-aux-detenus-politiques#primaryimage\",\"url\":\"https:\/\/static.africa-press.net\/togo\/sites\/58\/2022\/11\/postQueueImg_15-63654a44b0759.jpg\",\"contentUrl\":\"https:\/\/static.africa-press.net\/togo\/sites\/58\/2022\/11\/postQueueImg_15-63654a44b0759.jpg\",\"width\":1200,\"height\":800,\"caption\":\"Togo\u2013La gr\u00e2ce pr\u00e9sidentielle allergique aux d\u00e9tenus politiques\"},{\"@type\":\"BreadcrumbList\",\"@id\":\"https:\/\/www.africa-press.net\/togo\/politique\/togo-la-grace-presidentielle-allergique-aux-detenus-politiques#breadcrumb\",\"itemListElement\":[{\"@type\":\"ListItem\",\"position\":1,\"name\":\"Accueil\",\"item\":\"https:\/\/www.africa-press.net\/togo\/\"},{\"@type\":\"ListItem\",\"position\":2,\"name\":\"Togo\u2013La gr\u00e2ce pr\u00e9sidentielle allergique aux d\u00e9tenus politiques\"}]},{\"@type\":\"WebSite\",\"@id\":\"https:\/\/www.africa-press.net\/togo\/#website\",\"url\":\"https:\/\/www.africa-press.net\/togo\/\",\"name\":\"Togo\",\"description\":\"Just another Africa News Agency Sites site\",\"potentialAction\":[{\"@type\":\"SearchAction\",\"target\":{\"@type\":\"EntryPoint\",\"urlTemplate\":\"https:\/\/www.africa-press.net\/togo\/?s={search_term_string}\"},\"query-input\":{\"@type\":\"PropertyValueSpecification\",\"valueRequired\":true,\"valueName\":\"search_term_string\"}}],\"inLanguage\":\"fr-FR\"},{\"@type\":\"Person\",\"@id\":\"https:\/\/www.africa-press.net\/togo\/#\/schema\/person\/2b1cf3cd81a31e3cd26889ca66d677f1\",\"name\":\"cfeditorfr\"}]}<\/script>\n<!-- \/ Yoast SEO Premium plugin. -->","yoast_head_json":{"title":"Togo\u2013La gr\u00e2ce pr\u00e9sidentielle allergique aux d\u00e9tenus politiques - Togo","description":"Depuis un certain temps, l\u2019opinion nationale s\u2019e\u0301tonnait de l\u2019hyperactivite\u0301 du Chef d\u2019Etat togolais a\u0300 vouloir pacif ...","robots":{"index":"index","follow":"follow","max-snippet":"max-snippet:-1","max-image-preview":"max-image-preview:large","max-video-preview":"max-video-preview:-1"},"canonical":"https:\/\/www.africa-press.net\/togo\/politique\/togo-la-grace-presidentielle-allergique-aux-detenus-politiques","og_locale":"fr_FR","og_type":"article","og_title":"Togo\u2013La gr\u00e2ce pr\u00e9sidentielle allergique aux d\u00e9tenus politiques","og_description":"Depuis un certain temps, l\u2019opinion nationale s\u2019e\u0301tonnait de l\u2019hyperactivite\u0301 du Chef d\u2019Etat togolais a\u0300 vouloir pacif ...","og_url":"https:\/\/www.africa-press.net\/togo\/politique\/togo-la-grace-presidentielle-allergique-aux-detenus-politiques","og_site_name":"Togo","article_published_time":"2022-11-04T17:08:54+00:00","article_modified_time":"2022-11-04T17:22:48+00:00","og_image":[{"width":1200,"height":800,"url":"https:\/\/static.africa-press.net\/togo\/sites\/58\/2022\/11\/postQueueImg_15-63654a44b0759.jpg","type":"image\/jpeg"}],"author":"cfeditorfr","twitter_card":"summary_large_image","twitter_misc":{"\u00c9crit par":"cfeditorfr","Dur\u00e9e de lecture estim\u00e9e":"2 minutes"},"schema":{"@context":"https:\/\/schema.org","@graph":[{"@type":"Article","@id":"https:\/\/www.africa-press.net\/togo\/politique\/togo-la-grace-presidentielle-allergique-aux-detenus-politiques#article","isPartOf":{"@id":"https:\/\/www.africa-press.net\/togo\/politique\/togo-la-grace-presidentielle-allergique-aux-detenus-politiques"},"author":{"name":"cfeditorfr","@id":"https:\/\/www.africa-press.net\/togo\/#\/schema\/person\/2b1cf3cd81a31e3cd26889ca66d677f1"},"headline":"Togo\u2013La gr\u00e2ce pr\u00e9sidentielle allergique aux d\u00e9tenus politiques","datePublished":"2022-11-04T17:08:54+00:00","dateModified":"2022-11-04T17:22:48+00:00","mainEntityOfPage":{"@id":"https:\/\/www.africa-press.net\/togo\/politique\/togo-la-grace-presidentielle-allergique-aux-detenus-politiques"},"wordCount":423,"commentCount":0,"image":{"@id":"https:\/\/www.africa-press.net\/togo\/politique\/togo-la-grace-presidentielle-allergique-aux-detenus-politiques#primaryimage"},"thumbnailUrl":"https:\/\/static.africa-press.net\/togo\/sites\/58\/2022\/11\/postQueueImg_15-63654a44b0759.jpg","keywords":["Africa Press","Africa Press-Togo","Togo"],"articleSection":["Politique","Toutes les actualit\u00e9s"],"inLanguage":"fr-FR","potentialAction":[{"@type":"CommentAction","name":"Comment","target":["https:\/\/www.africa-press.net\/togo\/politique\/togo-la-grace-presidentielle-allergique-aux-detenus-politiques#respond"]}]},{"@type":"WebPage","@id":"https:\/\/www.africa-press.net\/togo\/politique\/togo-la-grace-presidentielle-allergique-aux-detenus-politiques","url":"https:\/\/www.africa-press.net\/togo\/politique\/togo-la-grace-presidentielle-allergique-aux-detenus-politiques","name":"Togo\u2013La gr\u00e2ce pr\u00e9sidentielle allergique aux d\u00e9tenus politiques - Togo","isPartOf":{"@id":"https:\/\/www.africa-press.net\/togo\/#website"},"primaryImageOfPage":{"@id":"https:\/\/www.africa-press.net\/togo\/politique\/togo-la-grace-presidentielle-allergique-aux-detenus-politiques#primaryimage"},"image":{"@id":"https:\/\/www.africa-press.net\/togo\/politique\/togo-la-grace-presidentielle-allergique-aux-detenus-politiques#primaryimage"},"thumbnailUrl":"https:\/\/static.africa-press.net\/togo\/sites\/58\/2022\/11\/postQueueImg_15-63654a44b0759.jpg","datePublished":"2022-11-04T17:08:54+00:00","dateModified":"2022-11-04T17:22:48+00:00","author":{"@id":"https:\/\/www.africa-press.net\/togo\/#\/schema\/person\/2b1cf3cd81a31e3cd26889ca66d677f1"},"description":"Depuis un certain temps, l\u2019opinion nationale s\u2019e\u0301tonnait de l\u2019hyperactivite\u0301 du Chef d\u2019Etat togolais a\u0300 vouloir pacif ...","breadcrumb":{"@id":"https:\/\/www.africa-press.net\/togo\/politique\/togo-la-grace-presidentielle-allergique-aux-detenus-politiques#breadcrumb"},"inLanguage":"fr-FR","potentialAction":[{"@type":"ReadAction","target":["https:\/\/www.africa-press.net\/togo\/politique\/togo-la-grace-presidentielle-allergique-aux-detenus-politiques"]}]},{"@type":"ImageObject","inLanguage":"fr-FR","@id":"https:\/\/www.africa-press.net\/togo\/politique\/togo-la-grace-presidentielle-allergique-aux-detenus-politiques#primaryimage","url":"https:\/\/static.africa-press.net\/togo\/sites\/58\/2022\/11\/postQueueImg_15-63654a44b0759.jpg","contentUrl":"https:\/\/static.africa-press.net\/togo\/sites\/58\/2022\/11\/postQueueImg_15-63654a44b0759.jpg","width":1200,"height":800,"caption":"Togo\u2013La gr\u00e2ce pr\u00e9sidentielle allergique aux d\u00e9tenus politiques"},{"@type":"BreadcrumbList","@id":"https:\/\/www.africa-press.net\/togo\/politique\/togo-la-grace-presidentielle-allergique-aux-detenus-politiques#breadcrumb","itemListElement":[{"@type":"ListItem","position":1,"name":"Accueil","item":"https:\/\/www.africa-press.net\/togo\/"},{"@type":"ListItem","position":2,"name":"Togo\u2013La gr\u00e2ce pr\u00e9sidentielle allergique aux d\u00e9tenus politiques"}]},{"@type":"WebSite","@id":"https:\/\/www.africa-press.net\/togo\/#website","url":"https:\/\/www.africa-press.net\/togo\/","name":"Togo","description":"Just another Africa News Agency Sites site","potentialAction":[{"@type":"SearchAction","target":{"@type":"EntryPoint","urlTemplate":"https:\/\/www.africa-press.net\/togo\/?s={search_term_string}"},"query-input":{"@type":"PropertyValueSpecification","valueRequired":true,"valueName":"search_term_string"}}],"inLanguage":"fr-FR"},{"@type":"Person","@id":"https:\/\/www.africa-press.net\/togo\/#\/schema\/person\/2b1cf3cd81a31e3cd26889ca66d677f1","name":"cfeditorfr"}]}},"_links":{"self":[{"href":"https:\/\/www.africa-press.net\/togo\/wp-json\/wp\/v2\/posts\/13363","targetHints":{"allow":["GET"]}}],"collection":[{"href":"https:\/\/www.africa-press.net\/togo\/wp-json\/wp\/v2\/posts"}],"about":[{"href":"https:\/\/www.africa-press.net\/togo\/wp-json\/wp\/v2\/types\/post"}],"author":[{"embeddable":true,"href":"https:\/\/www.africa-press.net\/togo\/wp-json\/wp\/v2\/users\/82"}],"replies":[{"embeddable":true,"href":"https:\/\/www.africa-press.net\/togo\/wp-json\/wp\/v2\/comments?post=13363"}],"version-history":[{"count":0,"href":"https:\/\/www.africa-press.net\/togo\/wp-json\/wp\/v2\/posts\/13363\/revisions"}],"wp:featuredmedia":[{"embeddable":true,"href":"https:\/\/www.africa-press.net\/togo\/wp-json\/wp\/v2\/media\/13362"}],"wp:attachment":[{"href":"https:\/\/www.africa-press.net\/togo\/wp-json\/wp\/v2\/media?parent=13363"}],"wp:term":[{"taxonomy":"category","embeddable":true,"href":"https:\/\/www.africa-press.net\/togo\/wp-json\/wp\/v2\/categories?post=13363"},{"taxonomy":"post_tag","embeddable":true,"href":"https:\/\/www.africa-press.net\/togo\/wp-json\/wp\/v2\/tags?post=13363"}],"curies":[{"name":"wp","href":"https:\/\/api.w.org\/{rel}","templated":true}]}}