{"id":13404,"date":"2022-11-05T18:22:59","date_gmt":"2022-11-05T18:22:59","guid":{"rendered":"https:\/\/www.africa-press.net\/togo\/politique\/cite-au-quotidien-nous-sommes-ton-avenir-et-ta-splendeur-afrique"},"modified":"2022-11-05T18:22:59","modified_gmt":"2022-11-05T18:22:59","slug":"cite-au-quotidien-nous-sommes-ton-avenir-et-ta-splendeur-afrique","status":"publish","type":"post","link":"https:\/\/www.africa-press.net\/togo\/toutes-les-actualites\/cite-au-quotidien-nous-sommes-ton-avenir-et-ta-splendeur-afrique","title":{"rendered":"CIT\u00c9 AU QUOTIDIEN \u2013 NOUS SOMMES TON AVENIR ET TA SPLENDEUR, AFRIQUE !"},"content":{"rendered":"<p><span style=\"color: #ff6600\"><strong>Africa-Press &#8211; Togo. <\/strong><\/span>Le 1er novembre est reconnu dans le monde entier comme fe\u0302te de la Toussaint, mais, pour nous, le 1er novembre de cette anne\u0301e 2022 reve\u0302t une touche particulie\u0300re. Me\u0302me si elle parait insignifiante pour certains, cette date est porteuse d\u2019une immense espe\u0301rance, comme un germe, comme un grain de se\u0301neve\u0301. <b>Savoir de\u0301celer la toute petite germination, dans un quotidien tellement difficile que l\u2019on ne pre\u0302te plus attention a\u0300 l\u2019extraordinaire au c\u0153ur de l\u2019ordinaire, c\u2019est aussi une des missions de la Cite\u0301 au quotidien.<\/b><br \/>\n<b>Que s\u2019est-il donc passe\u0301 le 1er novembre 2022?<\/b><\/p>\n<p>Sur les re\u0301seaux sociaux, la nouvelle te\u0301le\u0301vision moderne du village plane\u0301taire, <b>Le Collectif des Artistes Panafricains (CAP) a lance\u0301 le clip d\u2019une chanson compose\u0301e par 11 artistes venant de sept pays du continent: <\/b>MEIWAY et LYNES des Mots de la Co\u0302te d\u2019Ivoire; Amen Jah CISSE, ELOM 20CE, DON STASH, Momo KANKUA du Togo; Didier AWADI du Se\u0301ne\u0301gal; LEMAN du Be\u0301nin; NANDA du Gabon; NOURRATH La Debboslam du Niger et Papy KERO de la Re\u0301publique De\u0301mocratique du Congo.<\/p>\n<p>Cela peut sembler banal, car ce n\u2019est pas la premie\u0300re fois que des artistes prennent fait pour une cause. Et, pourtant, pour notre cas, c\u2019est tre\u0300s diffe\u0301rent. En effet, on est habitue\u0301 a\u0300 voir des artistes s\u2019impliquer dans une campagne e\u0301lectorale pour un pre\u0301sident; il y a aussi les artistes qui sont des ambassadeurs d\u2019organisations internationales, il y a enfin ceux qui sont des figures pour des marques dans un monde domine\u0301 par la publicite\u0301. <b>Mais ici, il s\u2019agit d\u2019artistes qui s\u2019engagent pour une campagne citoyenne. Oui, il n\u2019est gue\u0300re question d\u2019une campagne qui leur apporterait quelque avantage financier mais d\u2019une campagne pour une cause qui concerne le devenir de notre continent. Il ne s\u2019agit donc pas de s\u2019aligner derrie\u0300re un candidat, mais de se mettre en action pour le de\u0301veloppement, la paix et la cohe\u0301sion sociale dans les pays africains.<\/b><\/p>\n<p>A La Baule, en 1990, lors de la 16 confe\u0301rence des chefs d\u2019E\u0301tat d\u2019Afrique et de France a\u0300 laquelle 37 pays africains e\u0301taient invite\u0301s par Franc\u0327ois MITERRAND, les pre\u0301sidents africains, par peur de perdre leur pouvoir par des e\u0301lections libres, cre\u0301dibles et transparentes, n\u2019ont pas adhe\u0301re\u0301 a\u0300 la de\u0301mocratie comme re\u0301gime politique pour organiser le vivre ensemble. Mais quelques anne\u0301es plus tard, ayant compris, qu\u2019ils peuvent organiser des e\u0301lections et ne pas les perdre, ils sont devenus des champions et des chantres de la de\u0301mocratie.<\/p>\n<p>Et comme si cela ne suffisait pas, une autre tactique pour conserver le pouvoir a e\u0301te\u0301 trouve\u0301e : remettre les compteurs a\u0300 ze\u0301ro pour un troisie\u0300me, quatrie\u0300me, nie\u0300me mandat. Le virus du troisie\u0300me mandat, fonde\u0301 sur la modification de la Constitution gra\u0302ce a\u0300 des hommes et femmes politiques soutenus et de\u0301fendus par des juristes, grands architectes de ce tour de passe-passe, gagne du terrain, de\u0301truisant le vivre ensemble, semant la terreur et retardant ainsi la cause du mieux-e\u0302tre.<\/p>\n<p><b>Alors que les luttes citoyennes sont de\u0301voye\u0301es par l\u2019incapacite\u0301 des acteurs politiques n\u2019arrivant pas a\u0300 s\u2019unir pour changer les choses, alors que la classe politique repre\u0301sente\u0301e par des hommes et femmes du pouvoir, mais aussi hommes et femmes du savoir par leur formation, et qui, pourtant ne sont plus gage de la recherche de l\u2019inte\u0301re\u0302t ge\u0301ne\u0301ral, alors que le de\u0301sespoir gagne de plus en plus de jeunes et ruine l\u2019espe\u0301rance d\u2019un lendemain meilleur, alors que les discours ne parlent qu\u2019a\u0300 l\u2019intellect, 11 artistes, de diffe\u0301rents pays du continent, viennent te\u0301moigner d\u2019une e\u0300re nouvelle.<\/b><\/p>\n<p>Ils indiquent d\u2019abord, que <b>c\u2019est ensemble que nous sommes l\u2019avenir de l\u2019Afrique<\/b>, cette Afrique convoite\u0301e par plusieurs puissances et multinationales. Ils re\u0301ve\u0300lent ensuite <b>que la jeunesse est, malgre\u0301 tout, porteuse d\u2019espe\u0301rance.<\/b> Et ce n\u2019est pas une jeunesse qui met en avant des stars, au contraire elle est convaincue que les citoyens africains sont tous des acteurs et donc des stars de la socie\u0301te\u0301 a\u0300 construire. <b>Par conse\u0301quent, la diversite\u0301 fait notre force dans une harmonie a\u0300 cre\u0301er sans cesse dans la reconnaissance de chacun avec ses talents.<\/b> Sans la recherche intellectuelle d\u2019une de\u0301finition du panafricanisme, ces artistes se sont mis ensemble par le c\u0153ur pour composer ce chant et monter ce clip sur l\u2019i\u0302le de Gore\u0301e, un lieu hautement symbolique dans l\u2019histoire d\u2019une Afrique humilie\u0301e, viole\u0301e, chosifie\u0301e, zombifie\u0301e etc. Il s\u2019agit pour eux, non seulement de montrer que le rele\u0300vement de l\u2019Afrique passera par l\u2019implication des ge\u0301ne\u0301rations anciennes et jeunes \u2013 ce dont te\u0301moignent d\u2019ailleurs ces artistes autour de MEIWAY \u2013 mais plus encore que la jeunesse est l\u2019avenir du continent africain :<\/p>\n<p><b>Ta jeunesse debout te chante en ch\u0153ur<\/b><br \/>\n<b>Nous sommes l\u2019avenir, n\u2019aie pas peur<\/b><br \/>\n<b>Ensemble retrouvons to splendeur&#8230;<\/b><br \/>\n<b>Limitons les mandats pour retrouver la lumie\u0300re. &gt;&gt;<\/b><\/p>\n<p>Dans une Afrique ou\u0300 le proble\u0300me de la limitation de mandat est devenu un combat de plus pour les citoyens, la jeunesse, par une voix fe\u0301minine, signe d\u2019une nouvelle naissance, proclame : <b>\u00ab Je pre\u0302che la liberte\u0301&#8230;, je parle d\u2019e\u0301galite\u0301 pour des gens de chez moi. La paix pour un monde vrai, c\u2019est par nos actes qu\u2019on la cre\u0301e&#8230; Allez leur dire qu\u2019on ne veut plus de mandat inique. L\u2019espoir prendra vie quand la de\u0301mocratie et la ve\u0301rite\u0301 ne seront plus utopie. \u00bb<\/b><\/p>\n<p>Un message qui, sous forme d\u2019une lettre adresse\u0301e aux autorite\u0301s africaines, de\u0301clare :<\/p>\n<p><b>Le berceau de l\u2019humanite\u0301, ses descendantes et descendants en toute solidarite\u0301 vous parlent: limitez les mandats a\u0300 deux. Deux mandats c\u0327a suffit. One, Two, and no more &gt;&gt;<\/b><\/p>\n<p>Ce<\/p>\n<p>Mais, les autorite\u0301s se\u0301ne\u0301galaises ont oublie\u0301 qu\u2019a\u0300 notre e\u0300re, les re\u0301seaux sociaux rendent compte de la de\u0301couverte, du savoir-faire et des initiatives des citoyens dans la vision d\u2019une gouvernance partage\u0301e. <b>Et dans cette \u0153uvre citoyenne, la date du 1 novembre vient comme un symbole essentiel. Qu\u2019y a-t-il de plus beau que de retenir cette date de communion avec les ge\u0301ne\u0301rations passe\u0301es et futures pour montrer que ce combat nous engage tous ?<\/b><\/p>\n<p>Pour une jeunesse qui re\u0302ve du de\u0301veloppement, de jeunes artistes, inventeurs de l\u2019avenir, apportent le message d\u2019espe\u0301rance qui met debout, car comme l\u2019affirme Nicole RIEU, chanteuse franc\u0327aise, \u00abl\u2019artiste est celui qui change tout, il est le magicien des temps nouveaux \u00bb. Oui, c\u2019est l\u2019artiste qui dit aux autres qu\u2019il est temps de se mettre au travail pour faire changer l\u2019Afrique. Car il sait s\u2019adresser a\u0300 toutes les dimensions de l\u2019e\u0302tre humain et pas seulement a\u0300 l\u2019intellect.<\/p>\n<p>N\u2019est-il pas possible de tourner la page sur la mise\u0300re, les guerres, l\u2019exploitation des richesses du sous-sol africain par des multinationales occidentales et asiatiques qui veulent l\u2019Afrique sans les Africains?<\/p>\n<p>N\u2019est-il pas possible d\u2019avoir des pre\u0301sidents plus soucieux du devenir des Africains et qui font du pouvoir quelque chose d\u2019inte\u0301ressant pour tous au lieu de verser le sang de leurs concitoyens pour la conservation du pouvoir ?<\/p>\n<p>N\u2019est-il pas temps pour que l\u2019opinion publique en Afrique soit plus pre\u0301sente et forte pour faire bouger les choses?<\/p>\n<p><b>Alors mettons-nous ensemble pour redresser l\u2019Afrique et lui redonner sa splendeur. Cela de\u0301pend de nous et c\u2019est possible.<\/b><\/p>\n<p><strong>Pour plus d&rsquo;informations et d&rsquo;analyses sur la <a href=\"https:\/\/www.africa-press.net\/togo\">Togo<\/a>, suivez <a href=\"https:\/\/www.africa-press.net\/\">Africa-Press<\/a><\/strong><\/p>\n","protected":false},"excerpt":{"rendered":"<p>Africa-Press &#8211; Togo. Le 1er novembre est reconnu dans le monde entier comme fe\u0302te de la Toussaint, mais, pour nous, le 1er novembre de cette anne\u0301e 2022 reve\u0302t une touche particulie\u0300re. Me\u0302me si elle parait insignifiante pour certains, cette date est porteuse d\u2019une immense espe\u0301rance, comme un germe, comme un grain de se\u0301neve\u0301. Savoir de\u0301celer [&hellip;]<\/p>\n","protected":false},"author":82,"featured_media":13403,"comment_status":"open","ping_status":"closed","sticky":false,"template":"","format":"standard","meta":{"footnotes":""},"categories":[21,10],"tags":[36,49,50],"class_list":["post-13404","post","type-post","status-publish","format-standard","has-post-thumbnail","hentry","category-communaute","category-toutes-les-actualites","tag-africa-press","tag-africa-press-togo","tag-togo"],"yoast_head":"<!-- This site is optimized with the Yoast SEO Premium plugin v26.1 (Yoast SEO v27.0) - https:\/\/yoast.com\/product\/yoast-seo-premium-wordpress\/ -->\n<title>CIT\u00c9 AU QUOTIDIEN \u2013 NOUS SOMMES TON AVENIR ET TA SPLENDEUR, AFRIQUE ! - Togo<\/title>\n<meta name=\"robots\" content=\"index, follow, max-snippet:-1, max-image-preview:large, max-video-preview:-1\" \/>\n<link rel=\"canonical\" href=\"https:\/\/www.africa-press.net\/togo\/politique\/cite-au-quotidien-nous-sommes-ton-avenir-et-ta-splendeur-afrique\" \/>\n<meta property=\"og:locale\" content=\"fr_FR\" \/>\n<meta property=\"og:type\" content=\"article\" \/>\n<meta property=\"og:title\" content=\"CIT\u00c9 AU QUOTIDIEN \u2013 NOUS SOMMES TON AVENIR ET TA SPLENDEUR, AFRIQUE !\" \/>\n<meta property=\"og:description\" content=\"Africa-Press &#8211; Togo. Le 1er novembre est reconnu dans le monde entier comme fe\u0302te de la Toussaint, mais, pour nous, le 1er novembre de cette anne\u0301e 2022 reve\u0302t une touche particulie\u0300re. Me\u0302me si elle parait insignifiante pour certains, cette date est porteuse d\u2019une immense espe\u0301rance, comme un germe, comme un grain de se\u0301neve\u0301. Savoir de\u0301celer [&hellip;]\" \/>\n<meta property=\"og:url\" content=\"https:\/\/www.africa-press.net\/togo\/politique\/cite-au-quotidien-nous-sommes-ton-avenir-et-ta-splendeur-afrique\" \/>\n<meta property=\"og:site_name\" content=\"Togo\" \/>\n<meta property=\"article:published_time\" content=\"2022-11-05T18:22:59+00:00\" \/>\n<meta name=\"author\" content=\"cfeditorfr\" \/>\n<meta name=\"twitter:card\" content=\"summary_large_image\" \/>\n<meta name=\"twitter:label1\" content=\"\u00c9crit par\" \/>\n\t<meta name=\"twitter:data1\" content=\"cfeditorfr\" \/>\n\t<meta name=\"twitter:label2\" content=\"Dur\u00e9e de lecture estim\u00e9e\" \/>\n\t<meta name=\"twitter:data2\" content=\"7 minutes\" \/>\n<script type=\"application\/ld+json\" class=\"yoast-schema-graph\">{\"@context\":\"https:\/\/schema.org\",\"@graph\":[{\"@type\":\"Article\",\"@id\":\"https:\/\/www.africa-press.net\/togo\/politique\/cite-au-quotidien-nous-sommes-ton-avenir-et-ta-splendeur-afrique#article\",\"isPartOf\":{\"@id\":\"https:\/\/www.africa-press.net\/togo\/politique\/cite-au-quotidien-nous-sommes-ton-avenir-et-ta-splendeur-afrique\"},\"author\":{\"name\":\"cfeditorfr\",\"@id\":\"https:\/\/www.africa-press.net\/togo\/#\/schema\/person\/2b1cf3cd81a31e3cd26889ca66d677f1\"},\"headline\":\"CIT\u00c9 AU QUOTIDIEN \u2013 NOUS SOMMES TON AVENIR ET TA SPLENDEUR, AFRIQUE !\",\"datePublished\":\"2022-11-05T18:22:59+00:00\",\"mainEntityOfPage\":{\"@id\":\"https:\/\/www.africa-press.net\/togo\/politique\/cite-au-quotidien-nous-sommes-ton-avenir-et-ta-splendeur-afrique\"},\"wordCount\":1351,\"commentCount\":0,\"image\":{\"@id\":\"https:\/\/www.africa-press.net\/togo\/politique\/cite-au-quotidien-nous-sommes-ton-avenir-et-ta-splendeur-afrique#primaryimage\"},\"thumbnailUrl\":\"https:\/\/static.africa-press.net\/togo\/sites\/58\/2022\/11\/postQueueImg_2-6366ac4fc2612.jpg\",\"keywords\":[\"Africa Press\",\"Africa Press-Togo\",\"Togo\"],\"articleSection\":[\"Communaut\u00e9\",\"Toutes les actualit\u00e9s\"],\"inLanguage\":\"fr-FR\",\"potentialAction\":[{\"@type\":\"CommentAction\",\"name\":\"Comment\",\"target\":[\"https:\/\/www.africa-press.net\/togo\/politique\/cite-au-quotidien-nous-sommes-ton-avenir-et-ta-splendeur-afrique#respond\"]}]},{\"@type\":\"WebPage\",\"@id\":\"https:\/\/www.africa-press.net\/togo\/politique\/cite-au-quotidien-nous-sommes-ton-avenir-et-ta-splendeur-afrique\",\"url\":\"https:\/\/www.africa-press.net\/togo\/politique\/cite-au-quotidien-nous-sommes-ton-avenir-et-ta-splendeur-afrique\",\"name\":\"CIT\u00c9 AU QUOTIDIEN \u2013 NOUS SOMMES TON AVENIR ET TA SPLENDEUR, AFRIQUE ! - Togo\",\"isPartOf\":{\"@id\":\"https:\/\/www.africa-press.net\/togo\/#website\"},\"primaryImageOfPage\":{\"@id\":\"https:\/\/www.africa-press.net\/togo\/politique\/cite-au-quotidien-nous-sommes-ton-avenir-et-ta-splendeur-afrique#primaryimage\"},\"image\":{\"@id\":\"https:\/\/www.africa-press.net\/togo\/politique\/cite-au-quotidien-nous-sommes-ton-avenir-et-ta-splendeur-afrique#primaryimage\"},\"thumbnailUrl\":\"https:\/\/static.africa-press.net\/togo\/sites\/58\/2022\/11\/postQueueImg_2-6366ac4fc2612.jpg\",\"datePublished\":\"2022-11-05T18:22:59+00:00\",\"author\":{\"@id\":\"https:\/\/www.africa-press.net\/togo\/#\/schema\/person\/2b1cf3cd81a31e3cd26889ca66d677f1\"},\"breadcrumb\":{\"@id\":\"https:\/\/www.africa-press.net\/togo\/politique\/cite-au-quotidien-nous-sommes-ton-avenir-et-ta-splendeur-afrique#breadcrumb\"},\"inLanguage\":\"fr-FR\",\"potentialAction\":[{\"@type\":\"ReadAction\",\"target\":[\"https:\/\/www.africa-press.net\/togo\/politique\/cite-au-quotidien-nous-sommes-ton-avenir-et-ta-splendeur-afrique\"]}]},{\"@type\":\"ImageObject\",\"inLanguage\":\"fr-FR\",\"@id\":\"https:\/\/www.africa-press.net\/togo\/politique\/cite-au-quotidien-nous-sommes-ton-avenir-et-ta-splendeur-afrique#primaryimage\",\"url\":\"https:\/\/static.africa-press.net\/togo\/sites\/58\/2022\/11\/postQueueImg_2-6366ac4fc2612.jpg\",\"contentUrl\":\"https:\/\/static.africa-press.net\/togo\/sites\/58\/2022\/11\/postQueueImg_2-6366ac4fc2612.jpg\",\"width\":1280,\"height\":800,\"caption\":\"CIT\u00c9 AU QUOTIDIEN \u2013 NOUS SOMMES TON AVENIR ET TA SPLENDEUR, AFRIQUE !\"},{\"@type\":\"BreadcrumbList\",\"@id\":\"https:\/\/www.africa-press.net\/togo\/politique\/cite-au-quotidien-nous-sommes-ton-avenir-et-ta-splendeur-afrique#breadcrumb\",\"itemListElement\":[{\"@type\":\"ListItem\",\"position\":1,\"name\":\"Accueil\",\"item\":\"https:\/\/www.africa-press.net\/togo\/\"},{\"@type\":\"ListItem\",\"position\":2,\"name\":\"CIT\u00c9 AU QUOTIDIEN \u2013 NOUS SOMMES TON AVENIR ET TA SPLENDEUR, AFRIQUE !\"}]},{\"@type\":\"WebSite\",\"@id\":\"https:\/\/www.africa-press.net\/togo\/#website\",\"url\":\"https:\/\/www.africa-press.net\/togo\/\",\"name\":\"Togo\",\"description\":\"Just another Africa News Agency Sites site\",\"potentialAction\":[{\"@type\":\"SearchAction\",\"target\":{\"@type\":\"EntryPoint\",\"urlTemplate\":\"https:\/\/www.africa-press.net\/togo\/?s={search_term_string}\"},\"query-input\":{\"@type\":\"PropertyValueSpecification\",\"valueRequired\":true,\"valueName\":\"search_term_string\"}}],\"inLanguage\":\"fr-FR\"},{\"@type\":\"Person\",\"@id\":\"https:\/\/www.africa-press.net\/togo\/#\/schema\/person\/2b1cf3cd81a31e3cd26889ca66d677f1\",\"name\":\"cfeditorfr\"}]}<\/script>\n<!-- \/ Yoast SEO Premium plugin. -->","yoast_head_json":{"title":"CIT\u00c9 AU QUOTIDIEN \u2013 NOUS SOMMES TON AVENIR ET TA SPLENDEUR, AFRIQUE ! - Togo","robots":{"index":"index","follow":"follow","max-snippet":"max-snippet:-1","max-image-preview":"max-image-preview:large","max-video-preview":"max-video-preview:-1"},"canonical":"https:\/\/www.africa-press.net\/togo\/politique\/cite-au-quotidien-nous-sommes-ton-avenir-et-ta-splendeur-afrique","og_locale":"fr_FR","og_type":"article","og_title":"CIT\u00c9 AU QUOTIDIEN \u2013 NOUS SOMMES TON AVENIR ET TA SPLENDEUR, AFRIQUE !","og_description":"Africa-Press &#8211; Togo. Le 1er novembre est reconnu dans le monde entier comme fe\u0302te de la Toussaint, mais, pour nous, le 1er novembre de cette anne\u0301e 2022 reve\u0302t une touche particulie\u0300re. Me\u0302me si elle parait insignifiante pour certains, cette date est porteuse d\u2019une immense espe\u0301rance, comme un germe, comme un grain de se\u0301neve\u0301. Savoir de\u0301celer [&hellip;]","og_url":"https:\/\/www.africa-press.net\/togo\/politique\/cite-au-quotidien-nous-sommes-ton-avenir-et-ta-splendeur-afrique","og_site_name":"Togo","article_published_time":"2022-11-05T18:22:59+00:00","author":"cfeditorfr","twitter_card":"summary_large_image","twitter_misc":{"\u00c9crit par":"cfeditorfr","Dur\u00e9e de lecture estim\u00e9e":"7 minutes"},"schema":{"@context":"https:\/\/schema.org","@graph":[{"@type":"Article","@id":"https:\/\/www.africa-press.net\/togo\/politique\/cite-au-quotidien-nous-sommes-ton-avenir-et-ta-splendeur-afrique#article","isPartOf":{"@id":"https:\/\/www.africa-press.net\/togo\/politique\/cite-au-quotidien-nous-sommes-ton-avenir-et-ta-splendeur-afrique"},"author":{"name":"cfeditorfr","@id":"https:\/\/www.africa-press.net\/togo\/#\/schema\/person\/2b1cf3cd81a31e3cd26889ca66d677f1"},"headline":"CIT\u00c9 AU QUOTIDIEN \u2013 NOUS SOMMES TON AVENIR ET TA SPLENDEUR, AFRIQUE !","datePublished":"2022-11-05T18:22:59+00:00","mainEntityOfPage":{"@id":"https:\/\/www.africa-press.net\/togo\/politique\/cite-au-quotidien-nous-sommes-ton-avenir-et-ta-splendeur-afrique"},"wordCount":1351,"commentCount":0,"image":{"@id":"https:\/\/www.africa-press.net\/togo\/politique\/cite-au-quotidien-nous-sommes-ton-avenir-et-ta-splendeur-afrique#primaryimage"},"thumbnailUrl":"https:\/\/static.africa-press.net\/togo\/sites\/58\/2022\/11\/postQueueImg_2-6366ac4fc2612.jpg","keywords":["Africa Press","Africa Press-Togo","Togo"],"articleSection":["Communaut\u00e9","Toutes les actualit\u00e9s"],"inLanguage":"fr-FR","potentialAction":[{"@type":"CommentAction","name":"Comment","target":["https:\/\/www.africa-press.net\/togo\/politique\/cite-au-quotidien-nous-sommes-ton-avenir-et-ta-splendeur-afrique#respond"]}]},{"@type":"WebPage","@id":"https:\/\/www.africa-press.net\/togo\/politique\/cite-au-quotidien-nous-sommes-ton-avenir-et-ta-splendeur-afrique","url":"https:\/\/www.africa-press.net\/togo\/politique\/cite-au-quotidien-nous-sommes-ton-avenir-et-ta-splendeur-afrique","name":"CIT\u00c9 AU QUOTIDIEN \u2013 NOUS SOMMES TON AVENIR ET TA SPLENDEUR, AFRIQUE ! - Togo","isPartOf":{"@id":"https:\/\/www.africa-press.net\/togo\/#website"},"primaryImageOfPage":{"@id":"https:\/\/www.africa-press.net\/togo\/politique\/cite-au-quotidien-nous-sommes-ton-avenir-et-ta-splendeur-afrique#primaryimage"},"image":{"@id":"https:\/\/www.africa-press.net\/togo\/politique\/cite-au-quotidien-nous-sommes-ton-avenir-et-ta-splendeur-afrique#primaryimage"},"thumbnailUrl":"https:\/\/static.africa-press.net\/togo\/sites\/58\/2022\/11\/postQueueImg_2-6366ac4fc2612.jpg","datePublished":"2022-11-05T18:22:59+00:00","author":{"@id":"https:\/\/www.africa-press.net\/togo\/#\/schema\/person\/2b1cf3cd81a31e3cd26889ca66d677f1"},"breadcrumb":{"@id":"https:\/\/www.africa-press.net\/togo\/politique\/cite-au-quotidien-nous-sommes-ton-avenir-et-ta-splendeur-afrique#breadcrumb"},"inLanguage":"fr-FR","potentialAction":[{"@type":"ReadAction","target":["https:\/\/www.africa-press.net\/togo\/politique\/cite-au-quotidien-nous-sommes-ton-avenir-et-ta-splendeur-afrique"]}]},{"@type":"ImageObject","inLanguage":"fr-FR","@id":"https:\/\/www.africa-press.net\/togo\/politique\/cite-au-quotidien-nous-sommes-ton-avenir-et-ta-splendeur-afrique#primaryimage","url":"https:\/\/static.africa-press.net\/togo\/sites\/58\/2022\/11\/postQueueImg_2-6366ac4fc2612.jpg","contentUrl":"https:\/\/static.africa-press.net\/togo\/sites\/58\/2022\/11\/postQueueImg_2-6366ac4fc2612.jpg","width":1280,"height":800,"caption":"CIT\u00c9 AU QUOTIDIEN \u2013 NOUS SOMMES TON AVENIR ET TA SPLENDEUR, AFRIQUE !"},{"@type":"BreadcrumbList","@id":"https:\/\/www.africa-press.net\/togo\/politique\/cite-au-quotidien-nous-sommes-ton-avenir-et-ta-splendeur-afrique#breadcrumb","itemListElement":[{"@type":"ListItem","position":1,"name":"Accueil","item":"https:\/\/www.africa-press.net\/togo\/"},{"@type":"ListItem","position":2,"name":"CIT\u00c9 AU QUOTIDIEN \u2013 NOUS SOMMES TON AVENIR ET TA SPLENDEUR, AFRIQUE !"}]},{"@type":"WebSite","@id":"https:\/\/www.africa-press.net\/togo\/#website","url":"https:\/\/www.africa-press.net\/togo\/","name":"Togo","description":"Just another Africa News Agency Sites site","potentialAction":[{"@type":"SearchAction","target":{"@type":"EntryPoint","urlTemplate":"https:\/\/www.africa-press.net\/togo\/?s={search_term_string}"},"query-input":{"@type":"PropertyValueSpecification","valueRequired":true,"valueName":"search_term_string"}}],"inLanguage":"fr-FR"},{"@type":"Person","@id":"https:\/\/www.africa-press.net\/togo\/#\/schema\/person\/2b1cf3cd81a31e3cd26889ca66d677f1","name":"cfeditorfr"}]}},"_links":{"self":[{"href":"https:\/\/www.africa-press.net\/togo\/wp-json\/wp\/v2\/posts\/13404","targetHints":{"allow":["GET"]}}],"collection":[{"href":"https:\/\/www.africa-press.net\/togo\/wp-json\/wp\/v2\/posts"}],"about":[{"href":"https:\/\/www.africa-press.net\/togo\/wp-json\/wp\/v2\/types\/post"}],"author":[{"embeddable":true,"href":"https:\/\/www.africa-press.net\/togo\/wp-json\/wp\/v2\/users\/82"}],"replies":[{"embeddable":true,"href":"https:\/\/www.africa-press.net\/togo\/wp-json\/wp\/v2\/comments?post=13404"}],"version-history":[{"count":0,"href":"https:\/\/www.africa-press.net\/togo\/wp-json\/wp\/v2\/posts\/13404\/revisions"}],"wp:featuredmedia":[{"embeddable":true,"href":"https:\/\/www.africa-press.net\/togo\/wp-json\/wp\/v2\/media\/13403"}],"wp:attachment":[{"href":"https:\/\/www.africa-press.net\/togo\/wp-json\/wp\/v2\/media?parent=13404"}],"wp:term":[{"taxonomy":"category","embeddable":true,"href":"https:\/\/www.africa-press.net\/togo\/wp-json\/wp\/v2\/categories?post=13404"},{"taxonomy":"post_tag","embeddable":true,"href":"https:\/\/www.africa-press.net\/togo\/wp-json\/wp\/v2\/tags?post=13404"}],"curies":[{"name":"wp","href":"https:\/\/api.w.org\/{rel}","templated":true}]}}