{"id":13408,"date":"2022-11-05T18:23:23","date_gmt":"2022-11-05T18:23:23","guid":{"rendered":"https:\/\/www.africa-press.net\/togo\/politique\/togo-sita-8eme-edition-kodjo-adedze-a-lance-les-festivites"},"modified":"2022-11-05T18:37:36","modified_gmt":"2022-11-05T18:37:36","slug":"togo-sita-8eme-edition-kodjo-adedze-a-lance-les-festivites","status":"publish","type":"post","link":"https:\/\/www.africa-press.net\/togo\/culture-et-art\/togo-sita-8eme-edition-kodjo-adedze-a-lance-les-festivites","title":{"rendered":"Togo- SITA\/8\u00e8me \u00e9dition : Kodjo Adedz\u00e9 a lanc\u00e9 les festivit\u00e9s"},"content":{"rendered":"<p><span style=\"color: #ff6600\"><strong>Africa-Press &#8211; Togo. <\/strong><\/span><b>La 8e e\u0301dition du Salon International du Textile Africain (SITA) bat actuellement son plein sur l\u2019esplanade du Palais des Congre\u0300s de Lome\u0301. Vendredi, le repre\u0301sentant du chef de l\u2019Etat, le ministre Kodjo Adedze\u0301 en charge du Commerce, a proce\u0301de\u0301 a\u0300 l\u2019ouverture officielle dudit salon.<\/b><\/p>\n<p>Le coton, commune\u0301ment appele\u0301 l\u2019or blanc est a\u0300 l\u2019honneur a\u0300 Lome\u0301. Place\u0301e sous le the\u0300me \u00ab Industrie du pagne en Afrique : innovation et intelligence collective au service de l\u2019autonomisation des femmes et des jeunes \u00bb, la 8e e\u0301dition du SITA vise essentiellement a\u0300 promouvoir le de\u0301veloppement du textile africain en vue de la cre\u0301ation d\u2019une industrie textile porteuse d\u2019espoir pour l\u2019agriculture et l\u2019e\u0301conomie africaine.<\/p>\n<p>Cette messe internationale qui va durer trois jours, c\u2019est-a\u0300-dire du 04 ou 06 novembre prochain, re\u0301unit de nombreux acteurs de la filie\u0300re textile venus de plus 30 pays du continent, notamment le Ghana, le Be\u0301nin, la Co\u0302te d\u2019Ivoire, le Nige\u0301ria, le Niger, le Cameroun, la Gambie, le Se\u0301ne\u0301gal, le Liberia, le Mali, le Burkina, le Tchad, le Centrafrique, la Guine\u0301e, Guine\u0301e Bissau, Guine\u0301e Equatorial, le Congo, le RD Congo, le Gabon, l\u2019Ethiopie, le Kenya, le Zimbabwe, Afrique du Sud, Ile Comores, Eswatini, Djibouti, Botswana et bien su\u0302r le Togo.<\/p>\n<p>\u00ab La pre\u0301sence de tous ici est le te\u0301moignage vivant de ce que la culture africaine transcende les frontie\u0300res ge\u0301ographiques et survie a\u0300 toute civilisation. Notre pays se pre\u0302te aujourd\u2019hui comme cadre de la valorisation du textile africain par la volonte\u0301 de fe\u0301de\u0301rer l\u2019imaginaire africain dans notre capitale, Lome\u0301. Cet e\u0301ve\u0300nement est l\u2019une des traditions factuelles de la consciente recherche du mieux-e\u0302tre des africains en ge\u0301ne\u0301ral et des togolais en particulier \u00bb, a indique\u0301 Kodjo Adedze\u0301.<\/p>\n<p>Plusieurs activite\u0301s vont meubler cette 8e e\u0301dition du Salon international du textile africain (SITA). Et elles sont ouvertes au public. Au cours de ces 3 jours, en dehors des expositions-ventes du textile africain, il y aura une formation qualifiante en E-commerce dispense\u0301e par des experts expe\u0301rimente\u0301s dans une the\u0301matique d\u2019actualite\u0301 afin de renforcer la re\u0301silience des acteurs du textile, une confe\u0301rence internationale qui rassemble les experts des diffe\u0301rents domaines pour re\u0301fle\u0301chir collectivement afin de produire de la connaissance utile a\u0300 l\u2019essor de la filie\u0300re, et des de\u0301file\u0301s de mode grand public. Pour clo\u0302turer en beaute\u0301 ce salon, les organisateurs ont pre\u0301vu une grande soire\u0301e de\u0301nomme\u0301e \u00ab Nuit du coton \u00bb qui joint l\u2019utile a\u0300 l\u2019agre\u0301able en offrant un cadre de reconnaissance internationale pour tous ceux qui se sont fait remarque\u0301s positivement dans la promotion du textile et dans l\u2019accompagnement de la cre\u0301ativite\u0301 africaine.<\/p>\n<p>\u00ab Cette diversite\u0301 des activite\u0301s vise surtout a\u0300 valoriser le travail des acteurs africains du textile, de renforcer leur capacite\u0301 afin de faire face a\u0300 la forte concurrence internationale et de toucher un public varie\u0301 \u00bb, a confie\u0301 le commissaire ge\u0301ne\u0301ral du SITA, le burkinabe\u0301 Abdoulaye Mosse.<\/p>\n<p>Vendredi, deux activite\u0301s phares ont marque\u0301 la ce\u0301re\u0301monie d\u2019ouverture de cette 8e e\u0301dition du Salon international du textile africain (SITA). Il s\u2019agit de la coupure du ruban symbolique donnant le ton aux festivite\u0301s et la parade internationale des tenues traditionnelles et industrielle africains exe\u0301cute\u0301e par les acteurs pre\u0301sents a\u0300 ce salon. Habille\u0301s en tenues traditionnelles de leur pays respectif, ces hommes et femmes ont de\u0301file\u0301 devant le public, au rythme des musiques propres a\u0300 leur pays. Le spectacle e\u0301tait magnifique et avait rec\u0327u des tonnerres d\u2019applaudissements.<\/p>\n<p>Notons que la ce\u0301re\u0301monie d\u2019ouverture de la 8e e\u0301dition du SITA a\u0300 Lome\u0301 s\u2019est tenue en pre\u0301sence du ministre de la Culture et du Tourisme Dr Pierre Kossi Lamadokou, du ministre en charge de l\u2019Investissement Mme Rose Kayi Midevor, du ministre en charge de l\u2019Artisanat Kokou Eke\u0301 Hodin, des de\u0301pute\u0301s et des membres du corps diplomatique.<\/p>\n<p><strong>Pour plus d&rsquo;informations et d&rsquo;analyses sur la <a href=\"https:\/\/www.africa-press.net\/togo\">Togo<\/a>, suivez <a href=\"https:\/\/www.africa-press.net\/\">Africa-Press<\/a><\/strong><\/p>\n","protected":false},"excerpt":{"rendered":"<p>Africa-Press &#8211; Togo. La 8e e\u0301dition du Salon International du Textile Africain (SITA) bat actuellement son plein sur l\u2019esplanade du Palais des Congre\u0300s de Lome\u0301. Vendredi, le repre\u0301sentant du chef de l\u2019Etat, le ministre Kodjo Adedze\u0301 en charge du Commerce, a proce\u0301de\u0301 a\u0300 l\u2019ouverture officielle dudit salon. Le coton, commune\u0301ment appele\u0301 l\u2019or blanc est a\u0300 [&hellip;]<\/p>\n","protected":false},"author":82,"featured_media":13407,"comment_status":"open","ping_status":"closed","sticky":false,"template":"","format":"standard","meta":{"footnotes":""},"categories":[5,10],"tags":[36,49,50],"class_list":["post-13408","post","type-post","status-publish","format-standard","has-post-thumbnail","hentry","category-culture-et-art","category-toutes-les-actualites","tag-africa-press","tag-africa-press-togo","tag-togo"],"yoast_head":"<!-- This site is optimized with the Yoast SEO Premium plugin v26.1 (Yoast SEO v27.0) - https:\/\/yoast.com\/product\/yoast-seo-premium-wordpress\/ -->\n<title>Togo- SITA\/8\u00e8me \u00e9dition : Kodjo Adedz\u00e9 a lanc\u00e9 les festivit\u00e9s - Togo<\/title>\n<meta name=\"description\" content=\"La 8e e\u0301dition du Salon International du Textile Africain (SITA) bat actuellement son plein sur l\u2019esplanade du Palais ...\" \/>\n<meta name=\"robots\" content=\"index, follow, max-snippet:-1, max-image-preview:large, max-video-preview:-1\" \/>\n<link rel=\"canonical\" href=\"https:\/\/www.africa-press.net\/togo\/culture-et-art\/togo-sita-8eme-edition-kodjo-adedze-a-lance-les-festivites\" \/>\n<meta property=\"og:locale\" content=\"fr_FR\" \/>\n<meta property=\"og:type\" content=\"article\" \/>\n<meta property=\"og:title\" content=\"Togo- SITA\/8\u00e8me \u00e9dition : Kodjo Adedz\u00e9 a lanc\u00e9 les festivit\u00e9s\" \/>\n<meta property=\"og:description\" content=\"La 8e e\u0301dition du Salon International du Textile Africain (SITA) bat actuellement son plein sur l\u2019esplanade du Palais ...\" \/>\n<meta property=\"og:url\" content=\"https:\/\/www.africa-press.net\/togo\/culture-et-art\/togo-sita-8eme-edition-kodjo-adedze-a-lance-les-festivites\" \/>\n<meta property=\"og:site_name\" content=\"Togo\" \/>\n<meta property=\"article:published_time\" content=\"2022-11-05T18:23:23+00:00\" \/>\n<meta property=\"article:modified_time\" content=\"2022-11-05T18:37:36+00:00\" \/>\n<meta property=\"og:image\" content=\"https:\/\/static.africa-press.net\/togo\/sites\/58\/2022\/11\/postQueueImg_4-6366ad248e9ef.jpg\" \/>\n\t<meta property=\"og:image:width\" content=\"1280\" \/>\n\t<meta property=\"og:image:height\" content=\"802\" \/>\n\t<meta property=\"og:image:type\" content=\"image\/jpeg\" \/>\n<meta name=\"author\" content=\"cfeditorfr\" \/>\n<meta name=\"twitter:card\" content=\"summary_large_image\" \/>\n<meta name=\"twitter:label1\" content=\"\u00c9crit par\" \/>\n\t<meta name=\"twitter:data1\" content=\"cfeditorfr\" \/>\n\t<meta name=\"twitter:label2\" content=\"Dur\u00e9e de lecture estim\u00e9e\" \/>\n\t<meta name=\"twitter:data2\" content=\"4 minutes\" \/>\n<script type=\"application\/ld+json\" class=\"yoast-schema-graph\">{\"@context\":\"https:\/\/schema.org\",\"@graph\":[{\"@type\":\"Article\",\"@id\":\"https:\/\/www.africa-press.net\/togo\/culture-et-art\/togo-sita-8eme-edition-kodjo-adedze-a-lance-les-festivites#article\",\"isPartOf\":{\"@id\":\"https:\/\/www.africa-press.net\/togo\/culture-et-art\/togo-sita-8eme-edition-kodjo-adedze-a-lance-les-festivites\"},\"author\":{\"name\":\"cfeditorfr\",\"@id\":\"https:\/\/www.africa-press.net\/togo\/#\/schema\/person\/2b1cf3cd81a31e3cd26889ca66d677f1\"},\"headline\":\"Togo- SITA\/8\u00e8me \u00e9dition : Kodjo Adedz\u00e9 a lanc\u00e9 les festivit\u00e9s\",\"datePublished\":\"2022-11-05T18:23:23+00:00\",\"dateModified\":\"2022-11-05T18:37:36+00:00\",\"mainEntityOfPage\":{\"@id\":\"https:\/\/www.africa-press.net\/togo\/culture-et-art\/togo-sita-8eme-edition-kodjo-adedze-a-lance-les-festivites\"},\"wordCount\":725,\"commentCount\":0,\"image\":{\"@id\":\"https:\/\/www.africa-press.net\/togo\/culture-et-art\/togo-sita-8eme-edition-kodjo-adedze-a-lance-les-festivites#primaryimage\"},\"thumbnailUrl\":\"https:\/\/static.africa-press.net\/togo\/sites\/58\/2022\/11\/postQueueImg_4-6366ad248e9ef.jpg\",\"keywords\":[\"Africa Press\",\"Africa Press-Togo\",\"Togo\"],\"articleSection\":[\"Culture et Art\",\"Toutes les actualit\u00e9s\"],\"inLanguage\":\"fr-FR\",\"potentialAction\":[{\"@type\":\"CommentAction\",\"name\":\"Comment\",\"target\":[\"https:\/\/www.africa-press.net\/togo\/culture-et-art\/togo-sita-8eme-edition-kodjo-adedze-a-lance-les-festivites#respond\"]}]},{\"@type\":\"WebPage\",\"@id\":\"https:\/\/www.africa-press.net\/togo\/culture-et-art\/togo-sita-8eme-edition-kodjo-adedze-a-lance-les-festivites\",\"url\":\"https:\/\/www.africa-press.net\/togo\/culture-et-art\/togo-sita-8eme-edition-kodjo-adedze-a-lance-les-festivites\",\"name\":\"Togo- SITA\/8\u00e8me \u00e9dition : Kodjo Adedz\u00e9 a lanc\u00e9 les festivit\u00e9s - Togo\",\"isPartOf\":{\"@id\":\"https:\/\/www.africa-press.net\/togo\/#website\"},\"primaryImageOfPage\":{\"@id\":\"https:\/\/www.africa-press.net\/togo\/culture-et-art\/togo-sita-8eme-edition-kodjo-adedze-a-lance-les-festivites#primaryimage\"},\"image\":{\"@id\":\"https:\/\/www.africa-press.net\/togo\/culture-et-art\/togo-sita-8eme-edition-kodjo-adedze-a-lance-les-festivites#primaryimage\"},\"thumbnailUrl\":\"https:\/\/static.africa-press.net\/togo\/sites\/58\/2022\/11\/postQueueImg_4-6366ad248e9ef.jpg\",\"datePublished\":\"2022-11-05T18:23:23+00:00\",\"dateModified\":\"2022-11-05T18:37:36+00:00\",\"author\":{\"@id\":\"https:\/\/www.africa-press.net\/togo\/#\/schema\/person\/2b1cf3cd81a31e3cd26889ca66d677f1\"},\"description\":\"La 8e e\u0301dition du Salon International du Textile Africain (SITA) bat actuellement son plein sur l\u2019esplanade du Palais ...\",\"breadcrumb\":{\"@id\":\"https:\/\/www.africa-press.net\/togo\/culture-et-art\/togo-sita-8eme-edition-kodjo-adedze-a-lance-les-festivites#breadcrumb\"},\"inLanguage\":\"fr-FR\",\"potentialAction\":[{\"@type\":\"ReadAction\",\"target\":[\"https:\/\/www.africa-press.net\/togo\/culture-et-art\/togo-sita-8eme-edition-kodjo-adedze-a-lance-les-festivites\"]}]},{\"@type\":\"ImageObject\",\"inLanguage\":\"fr-FR\",\"@id\":\"https:\/\/www.africa-press.net\/togo\/culture-et-art\/togo-sita-8eme-edition-kodjo-adedze-a-lance-les-festivites#primaryimage\",\"url\":\"https:\/\/static.africa-press.net\/togo\/sites\/58\/2022\/11\/postQueueImg_4-6366ad248e9ef.jpg\",\"contentUrl\":\"https:\/\/static.africa-press.net\/togo\/sites\/58\/2022\/11\/postQueueImg_4-6366ad248e9ef.jpg\",\"width\":1280,\"height\":802,\"caption\":\"Togo- SITA\/8\u00e8me \u00e9dition : Kodjo Adedz\u00e9 a lanc\u00e9 les festivit\u00e9s\"},{\"@type\":\"BreadcrumbList\",\"@id\":\"https:\/\/www.africa-press.net\/togo\/culture-et-art\/togo-sita-8eme-edition-kodjo-adedze-a-lance-les-festivites#breadcrumb\",\"itemListElement\":[{\"@type\":\"ListItem\",\"position\":1,\"name\":\"Accueil\",\"item\":\"https:\/\/www.africa-press.net\/togo\/\"},{\"@type\":\"ListItem\",\"position\":2,\"name\":\"Togo- SITA\/8\u00e8me \u00e9dition : Kodjo Adedz\u00e9 a lanc\u00e9 les festivit\u00e9s\"}]},{\"@type\":\"WebSite\",\"@id\":\"https:\/\/www.africa-press.net\/togo\/#website\",\"url\":\"https:\/\/www.africa-press.net\/togo\/\",\"name\":\"Togo\",\"description\":\"Just another Africa News Agency Sites site\",\"potentialAction\":[{\"@type\":\"SearchAction\",\"target\":{\"@type\":\"EntryPoint\",\"urlTemplate\":\"https:\/\/www.africa-press.net\/togo\/?s={search_term_string}\"},\"query-input\":{\"@type\":\"PropertyValueSpecification\",\"valueRequired\":true,\"valueName\":\"search_term_string\"}}],\"inLanguage\":\"fr-FR\"},{\"@type\":\"Person\",\"@id\":\"https:\/\/www.africa-press.net\/togo\/#\/schema\/person\/2b1cf3cd81a31e3cd26889ca66d677f1\",\"name\":\"cfeditorfr\"}]}<\/script>\n<!-- \/ Yoast SEO Premium plugin. -->","yoast_head_json":{"title":"Togo- SITA\/8\u00e8me \u00e9dition : Kodjo Adedz\u00e9 a lanc\u00e9 les festivit\u00e9s - Togo","description":"La 8e e\u0301dition du Salon International du Textile Africain (SITA) bat actuellement son plein sur l\u2019esplanade du Palais ...","robots":{"index":"index","follow":"follow","max-snippet":"max-snippet:-1","max-image-preview":"max-image-preview:large","max-video-preview":"max-video-preview:-1"},"canonical":"https:\/\/www.africa-press.net\/togo\/culture-et-art\/togo-sita-8eme-edition-kodjo-adedze-a-lance-les-festivites","og_locale":"fr_FR","og_type":"article","og_title":"Togo- SITA\/8\u00e8me \u00e9dition : Kodjo Adedz\u00e9 a lanc\u00e9 les festivit\u00e9s","og_description":"La 8e e\u0301dition du Salon International du Textile Africain (SITA) bat actuellement son plein sur l\u2019esplanade du Palais ...","og_url":"https:\/\/www.africa-press.net\/togo\/culture-et-art\/togo-sita-8eme-edition-kodjo-adedze-a-lance-les-festivites","og_site_name":"Togo","article_published_time":"2022-11-05T18:23:23+00:00","article_modified_time":"2022-11-05T18:37:36+00:00","og_image":[{"width":1280,"height":802,"url":"https:\/\/static.africa-press.net\/togo\/sites\/58\/2022\/11\/postQueueImg_4-6366ad248e9ef.jpg","type":"image\/jpeg"}],"author":"cfeditorfr","twitter_card":"summary_large_image","twitter_misc":{"\u00c9crit par":"cfeditorfr","Dur\u00e9e de lecture estim\u00e9e":"4 minutes"},"schema":{"@context":"https:\/\/schema.org","@graph":[{"@type":"Article","@id":"https:\/\/www.africa-press.net\/togo\/culture-et-art\/togo-sita-8eme-edition-kodjo-adedze-a-lance-les-festivites#article","isPartOf":{"@id":"https:\/\/www.africa-press.net\/togo\/culture-et-art\/togo-sita-8eme-edition-kodjo-adedze-a-lance-les-festivites"},"author":{"name":"cfeditorfr","@id":"https:\/\/www.africa-press.net\/togo\/#\/schema\/person\/2b1cf3cd81a31e3cd26889ca66d677f1"},"headline":"Togo- SITA\/8\u00e8me \u00e9dition : Kodjo Adedz\u00e9 a lanc\u00e9 les festivit\u00e9s","datePublished":"2022-11-05T18:23:23+00:00","dateModified":"2022-11-05T18:37:36+00:00","mainEntityOfPage":{"@id":"https:\/\/www.africa-press.net\/togo\/culture-et-art\/togo-sita-8eme-edition-kodjo-adedze-a-lance-les-festivites"},"wordCount":725,"commentCount":0,"image":{"@id":"https:\/\/www.africa-press.net\/togo\/culture-et-art\/togo-sita-8eme-edition-kodjo-adedze-a-lance-les-festivites#primaryimage"},"thumbnailUrl":"https:\/\/static.africa-press.net\/togo\/sites\/58\/2022\/11\/postQueueImg_4-6366ad248e9ef.jpg","keywords":["Africa Press","Africa Press-Togo","Togo"],"articleSection":["Culture et Art","Toutes les actualit\u00e9s"],"inLanguage":"fr-FR","potentialAction":[{"@type":"CommentAction","name":"Comment","target":["https:\/\/www.africa-press.net\/togo\/culture-et-art\/togo-sita-8eme-edition-kodjo-adedze-a-lance-les-festivites#respond"]}]},{"@type":"WebPage","@id":"https:\/\/www.africa-press.net\/togo\/culture-et-art\/togo-sita-8eme-edition-kodjo-adedze-a-lance-les-festivites","url":"https:\/\/www.africa-press.net\/togo\/culture-et-art\/togo-sita-8eme-edition-kodjo-adedze-a-lance-les-festivites","name":"Togo- SITA\/8\u00e8me \u00e9dition : Kodjo Adedz\u00e9 a lanc\u00e9 les festivit\u00e9s - Togo","isPartOf":{"@id":"https:\/\/www.africa-press.net\/togo\/#website"},"primaryImageOfPage":{"@id":"https:\/\/www.africa-press.net\/togo\/culture-et-art\/togo-sita-8eme-edition-kodjo-adedze-a-lance-les-festivites#primaryimage"},"image":{"@id":"https:\/\/www.africa-press.net\/togo\/culture-et-art\/togo-sita-8eme-edition-kodjo-adedze-a-lance-les-festivites#primaryimage"},"thumbnailUrl":"https:\/\/static.africa-press.net\/togo\/sites\/58\/2022\/11\/postQueueImg_4-6366ad248e9ef.jpg","datePublished":"2022-11-05T18:23:23+00:00","dateModified":"2022-11-05T18:37:36+00:00","author":{"@id":"https:\/\/www.africa-press.net\/togo\/#\/schema\/person\/2b1cf3cd81a31e3cd26889ca66d677f1"},"description":"La 8e e\u0301dition du Salon International du Textile Africain (SITA) bat actuellement son plein sur l\u2019esplanade du Palais ...","breadcrumb":{"@id":"https:\/\/www.africa-press.net\/togo\/culture-et-art\/togo-sita-8eme-edition-kodjo-adedze-a-lance-les-festivites#breadcrumb"},"inLanguage":"fr-FR","potentialAction":[{"@type":"ReadAction","target":["https:\/\/www.africa-press.net\/togo\/culture-et-art\/togo-sita-8eme-edition-kodjo-adedze-a-lance-les-festivites"]}]},{"@type":"ImageObject","inLanguage":"fr-FR","@id":"https:\/\/www.africa-press.net\/togo\/culture-et-art\/togo-sita-8eme-edition-kodjo-adedze-a-lance-les-festivites#primaryimage","url":"https:\/\/static.africa-press.net\/togo\/sites\/58\/2022\/11\/postQueueImg_4-6366ad248e9ef.jpg","contentUrl":"https:\/\/static.africa-press.net\/togo\/sites\/58\/2022\/11\/postQueueImg_4-6366ad248e9ef.jpg","width":1280,"height":802,"caption":"Togo- SITA\/8\u00e8me \u00e9dition : Kodjo Adedz\u00e9 a lanc\u00e9 les festivit\u00e9s"},{"@type":"BreadcrumbList","@id":"https:\/\/www.africa-press.net\/togo\/culture-et-art\/togo-sita-8eme-edition-kodjo-adedze-a-lance-les-festivites#breadcrumb","itemListElement":[{"@type":"ListItem","position":1,"name":"Accueil","item":"https:\/\/www.africa-press.net\/togo\/"},{"@type":"ListItem","position":2,"name":"Togo- SITA\/8\u00e8me \u00e9dition : Kodjo Adedz\u00e9 a lanc\u00e9 les festivit\u00e9s"}]},{"@type":"WebSite","@id":"https:\/\/www.africa-press.net\/togo\/#website","url":"https:\/\/www.africa-press.net\/togo\/","name":"Togo","description":"Just another Africa News Agency Sites site","potentialAction":[{"@type":"SearchAction","target":{"@type":"EntryPoint","urlTemplate":"https:\/\/www.africa-press.net\/togo\/?s={search_term_string}"},"query-input":{"@type":"PropertyValueSpecification","valueRequired":true,"valueName":"search_term_string"}}],"inLanguage":"fr-FR"},{"@type":"Person","@id":"https:\/\/www.africa-press.net\/togo\/#\/schema\/person\/2b1cf3cd81a31e3cd26889ca66d677f1","name":"cfeditorfr"}]}},"_links":{"self":[{"href":"https:\/\/www.africa-press.net\/togo\/wp-json\/wp\/v2\/posts\/13408","targetHints":{"allow":["GET"]}}],"collection":[{"href":"https:\/\/www.africa-press.net\/togo\/wp-json\/wp\/v2\/posts"}],"about":[{"href":"https:\/\/www.africa-press.net\/togo\/wp-json\/wp\/v2\/types\/post"}],"author":[{"embeddable":true,"href":"https:\/\/www.africa-press.net\/togo\/wp-json\/wp\/v2\/users\/82"}],"replies":[{"embeddable":true,"href":"https:\/\/www.africa-press.net\/togo\/wp-json\/wp\/v2\/comments?post=13408"}],"version-history":[{"count":0,"href":"https:\/\/www.africa-press.net\/togo\/wp-json\/wp\/v2\/posts\/13408\/revisions"}],"wp:featuredmedia":[{"embeddable":true,"href":"https:\/\/www.africa-press.net\/togo\/wp-json\/wp\/v2\/media\/13407"}],"wp:attachment":[{"href":"https:\/\/www.africa-press.net\/togo\/wp-json\/wp\/v2\/media?parent=13408"}],"wp:term":[{"taxonomy":"category","embeddable":true,"href":"https:\/\/www.africa-press.net\/togo\/wp-json\/wp\/v2\/categories?post=13408"},{"taxonomy":"post_tag","embeddable":true,"href":"https:\/\/www.africa-press.net\/togo\/wp-json\/wp\/v2\/tags?post=13408"}],"curies":[{"name":"wp","href":"https:\/\/api.w.org\/{rel}","templated":true}]}}