{"id":13457,"date":"2022-11-06T19:55:30","date_gmt":"2022-11-06T19:55:30","guid":{"rendered":"https:\/\/www.africa-press.net\/togo\/politique\/togo-interview-beleki-akouete-lannee-2020-a-foudroye-les-partis-politiques-2"},"modified":"2022-11-06T19:59:42","modified_gmt":"2022-11-06T19:59:42","slug":"togo-interview-beleki-akouete-lannee-2020-a-foudroye-les-partis-politiques-2","status":"publish","type":"post","link":"https:\/\/www.africa-press.net\/togo\/politique\/togo-interview-beleki-akouete-lannee-2020-a-foudroye-les-partis-politiques-2","title":{"rendered":"Togo\/Interview\/Beleki Akou\u00e9t\u00e9 : \u00ab l\u2019ann\u00e9e 2020 a foudroy\u00e9 les partis politiques \u00bb"},"content":{"rendered":"<p><span style=\"color: #ff6600\"><strong>Africa-Press &#8211; Togo. <\/strong><\/span>Dans un entretien exclusif qu\u2019il nous a accorde\u0301, le pre\u0301sident de la Convergence patriotique panafricaine (CPP) parle du parti qu\u2019il dirige depuis novembre 2020, explique la proble\u0301matique de l\u2019alternance politique et assure que la CPP participera aux prochains rendez-vous e\u0301lectoraux.<\/p>\n<p>Comment se porte aujourd\u2019hui votre parti ?<\/p>\n<p>La convergence Patriotique Panafricaine (CPP) est un parti politique issu de la fusion de certains partis du Togo le 15 Aou\u0302t 1999. Son premier pre\u0301sident fut feu Edem Kodjo. A sa naissance de\u0301ja\u0300, il y a eu des proble\u0300mes dus a\u0300 des incompre\u0301hensions qui proviennent de la situation de re\u0301volution qui animait les Togolais a\u0300 l\u2019e\u0301poque, surtout que l\u2019un des partis fondateurs pro\u0302naient a\u0300 l\u2019e\u0301poque le Grand Pardon et le VIVRE Ensemble. C\u2019e\u0301tait normal car le pays sortait de plusieurs anne\u0301es de parti unique. Beaucoup de gens voulaient en de\u0301coudre avec le syste\u0300me qui e\u0301tait la\u0300. Il faut comprendre cette situation. Le parti est ensuite dirige\u0301 par un quatuor jusqu\u2019a\u0300 2011. En 2011, le congre\u0300s s\u2019est tenu et a e\u0301lu un nouveau pre\u0301sident en la personne de Francis Ekon, l\u2019un des fondateurs de la CPP.<\/p>\n<p>Le parti a connu d\u2019autres proble\u0300mes internes, mais le nouveau pre\u0301sident a tenu la barque jusqu\u2019a\u0300 2019. Son de\u0301part est du\u0302 a\u0300 l\u2019a\u0302ge. Plusieurs autres e\u0301pisodes sont intervenus de 2019 a\u0300 2020 et a\u0300 partir de 21 Novembre 2020, un autre bureau national est mis en place avec a\u0300 sa te\u0302te Adrien Be\u0301le\u0301ki Akoue\u0301te\u0301.<\/p>\n<p>Nous avons de\u0301fini un plan d\u2019actions pour la relance du parti en trois axes :<\/p>\n<p>\u2022 Re\u0301pertorier les proble\u0300mes internes du parti par des visites de nos fe\u0301de\u0301rations et faire des fe\u0301de\u0301rations des de\u0301membrements du parti sur le territoire national,<\/p>\n<p>\u2022 Mettre en place d\u2019autres fe\u0301de\u0301rations et des points focaux,<\/p>\n<p>\u2022 Former les militantes et militants sur des the\u0301matiques de l\u2019heure et sur la vie d\u2019un parti politique. Nous pouvons dire aujourd\u2019hui que nous sommes sur la bonne voie.<\/p>\n<p>Sur le terrain politique, on ne sent plus les partis politiques de l\u2019opposition. Pourquoi ?<\/p>\n<p>Dire que l\u2019on ne sent pas les partis politiques de l\u2019opposition n\u2019est pas vrai. Les partis font beaucoup d\u2019activite\u0301s sur le terrain pour pre\u0301parer les e\u0301che\u0301ances futures. Les e\u0301tats-majors se re\u0301unissent selon leurs statuts et re\u0300glements inte\u0301rieurs. Ils vont rencontrer leurs fe\u0301de\u0301rations sur le terrain. Je reconnais que les partis ne font plus de bruits, mais quand vous allez sur leurs sites vous verrez qu\u2019il y a beaucoup d\u2019animation.<\/p>\n<p>Pour la CPP, nos re\u0301unions du groupe restreint se tiennent tous les mercredis pour pre\u0301parer les re\u0301unions ge\u0301ne\u0301rales. Notre prochaine re\u0301union ge\u0301ne\u0301rale qui va s\u2019ouvrir avec certaines fe\u0301de\u0301rations se tiendra le samedi 26 novembre prochain. Les points a\u0300 discuter sont adopte\u0301s et envoye\u0301s a\u0300 tous les membres du bureau, aux fe\u0301de\u0301rations concerne\u0301es et au mouvement des femmes.<\/p>\n<p>Mais reconnaissons que 2020 a foudroye\u0301 les partis politiques. Mais des discussions se tiennent pour de\u0301finir de nouvelles strate\u0301gies. Il faut e\u0301viter de montrer sa strate\u0301gie a\u0300 l\u2019adversaire pour ne pas se faire coincer.<\/p>\n<p>Comment faire pour redynamiser la lutte pour l\u2019alternance ?<\/p>\n<p>L\u2019opposition togolaise doit repenser la lutte, de\u0301finir de nouvelles strate\u0301gies en tirant les lec\u0327ons des trente dernie\u0300res anne\u0301es. Eviter que certains se croient e\u0302tre le messie et sans eux rien ne peut bouger. Se parler entre nous dans un respect mutuel avec un esprit de gagnant-gagnant. Faire en sorte que la voix de chacun soit respecte\u0301e. Eviter les suspicions, les intrigues inutiles, les outrecuidances des uns envers les autres et avoir un langage de ve\u0301rite\u0301 envers le peuple togolais. Utiliser les me\u0302mes recettes que lors des trente dernie\u0300res anne\u0301es aboutiront au me\u0302me re\u0301sultat. 2023 c\u2019est l\u2019anne\u0301e prochaine et 2025 c\u2019est de\u0301ja\u0300 demain. Qui veut aller loin me\u0301nage sa monture car il est ne\u0301cessaire de garder de l\u2019e\u0301nergie afin d\u2019atteindre des objectifs difficiles. Donc il faut commencer certaines choses to\u0302t au lieu de les faire au dernier moment car l\u2019alternance qui consiste au renversement de la majorite\u0301 n\u2019est e\u0301vidente que si nous e\u0301vitons le cliente\u0301lisme.<\/p>\n<p>Votre parti participera-t-il aux e\u0301lections re\u0301gionales et le\u0301gislatives ? Si oui dans quelles conditions ?<\/p>\n<p>Un pays ne peut e\u0302tre conside\u0301re\u0301 comme de\u0301mocratique seulement quand il existe une concurrence entre de nombreux partis. Ainsi les candidats deviennent des acteurs responsables de la confiance des e\u0301lecteurs et sur lesquels les candidats comptent exercer les fonctions de repre\u0301sentation. Le ro\u0302le essentiel des partis politiques est de participer a\u0300 l\u2019animation de la vie politique. Notre parti a participe\u0301 a\u0300 plusieurs e\u0301lections.<\/p>\n<p>Pour tout parti politique, participer a\u0300 des e\u0301lections quelles qu\u2019elles soient est un moyen de se mesurer devant le peuple. Et tout de\u0301pend du choix du parti. La CPP a de\u0301cide\u0301 de participer aux prochaines e\u0301che\u0301ances e\u0301lectorales. Cette participation se fera dans les conditions de\u0301finies par le code e\u0301lectoral adopte\u0301 suite aux discussions et aux recommandations de la CNAP (Concertation nationale des acteurs politiques, NDRL).<\/p>\n<p>D\u2019un autre co\u0302te\u0301 le parti est en train de re\u0301fle\u0301chir sur des alliances e\u0301lectorales possibles.<\/p>\n<p>Que faut-il faire pour re\u0301duire sensiblement les effets de la vie che\u0300re au Togo ?<\/p>\n<p>Depuis quelques temps les prix de la majorite\u0301 des produits alimentaires se sont envole\u0301s dans notre pays et dans le monde mettant les E\u0301tats, les consommateurs et le secteur prive\u0301 sous pression. Ces hausses sont souvent induites par des conjonctures externes (pande\u0301mie a\u0300 coronavirus et guerre en Ukraine) et internes (manque de pluie, changement climatique etc.) qui impactent la production ce\u0301re\u0301alie\u0300re<\/p>\n<p>La CPP a salue\u0301 les mesures prises par le chef de l\u2019E\u0301tat le 16 septembre dernier. La CPP lance un appel aux partenaires sociaux a\u0300 savoir le Conseil national du patronat et les organisations des travailleurs a\u0300 se mettre rapidement autour d\u2019une table de discussions pour aboutir au rele\u0300vement du SMIG dans notre pays&#8230;<\/p>\n<p><strong>Pour plus d&rsquo;informations et d&rsquo;analyses sur la <a href=\"https:\/\/www.africa-press.net\/togo\">Togo<\/a>, suivez <a href=\"https:\/\/www.africa-press.net\/\">Africa-Press<\/a><\/strong><\/p>\n","protected":false},"excerpt":{"rendered":"<p>Africa-Press &#8211; Togo. Dans un entretien exclusif qu\u2019il nous a accorde\u0301, le pre\u0301sident de la Convergence patriotique panafricaine (CPP) parle du parti qu\u2019il dirige depuis novembre 2020, explique la proble\u0301matique de l\u2019alternance politique et assure que la CPP participera aux prochains rendez-vous e\u0301lectoraux. Comment se porte aujourd\u2019hui votre parti ? La convergence Patriotique Panafricaine (CPP) [&hellip;]<\/p>\n","protected":false},"author":82,"featured_media":13456,"comment_status":"open","ping_status":"closed","sticky":false,"template":"","format":"standard","meta":{"footnotes":""},"categories":[2,10],"tags":[36,49,50],"class_list":["post-13457","post","type-post","status-publish","format-standard","has-post-thumbnail","hentry","category-politique","category-toutes-les-actualites","tag-africa-press","tag-africa-press-togo","tag-togo"],"yoast_head":"<!-- This site is optimized with the Yoast SEO Premium plugin v26.1 (Yoast SEO v27.0) - https:\/\/yoast.com\/product\/yoast-seo-premium-wordpress\/ -->\n<title>Togo\/Interview\/Beleki Akou\u00e9t\u00e9 : \u00ab l\u2019ann\u00e9e 2020 a foudroy\u00e9 les partis politiques \u00bb - Togo<\/title>\n<meta name=\"description\" content=\"Dans un entretien exclusif qu\u2019il nous a accorde\u0301, le pre\u0301sident de la Convergence patriotique panafricaine (CPP) parle d ...\" \/>\n<meta name=\"robots\" content=\"index, follow, max-snippet:-1, max-image-preview:large, max-video-preview:-1\" \/>\n<link rel=\"canonical\" href=\"https:\/\/www.africa-press.net\/togo\/politique\/togo-interview-beleki-akouete-lannee-2020-a-foudroye-les-partis-politiques-2\" \/>\n<meta property=\"og:locale\" content=\"fr_FR\" \/>\n<meta property=\"og:type\" content=\"article\" \/>\n<meta property=\"og:title\" content=\"Togo\/Interview\/Beleki Akou\u00e9t\u00e9 : \u00ab l\u2019ann\u00e9e 2020 a foudroy\u00e9 les partis politiques \u00bb\" \/>\n<meta property=\"og:description\" content=\"Dans un entretien exclusif qu\u2019il nous a accorde\u0301, le pre\u0301sident de la Convergence patriotique panafricaine (CPP) parle d ...\" \/>\n<meta property=\"og:url\" content=\"https:\/\/www.africa-press.net\/togo\/politique\/togo-interview-beleki-akouete-lannee-2020-a-foudroye-les-partis-politiques-2\" \/>\n<meta property=\"og:site_name\" content=\"Togo\" \/>\n<meta property=\"article:published_time\" content=\"2022-11-06T19:55:30+00:00\" \/>\n<meta property=\"article:modified_time\" content=\"2022-11-06T19:59:42+00:00\" \/>\n<meta property=\"og:image\" content=\"https:\/\/static.africa-press.net\/togo\/sites\/58\/2022\/11\/postQueueImg_5-6368121d33269.jpg\" \/>\n\t<meta property=\"og:image:width\" content=\"720\" \/>\n\t<meta property=\"og:image:height\" content=\"479\" \/>\n\t<meta property=\"og:image:type\" content=\"image\/jpeg\" \/>\n<meta name=\"author\" content=\"cfeditorfr\" \/>\n<meta name=\"twitter:card\" content=\"summary_large_image\" \/>\n<meta name=\"twitter:label1\" content=\"\u00c9crit par\" \/>\n\t<meta name=\"twitter:data1\" content=\"cfeditorfr\" \/>\n\t<meta name=\"twitter:label2\" content=\"Dur\u00e9e de lecture estim\u00e9e\" \/>\n\t<meta name=\"twitter:data2\" content=\"5 minutes\" \/>\n<script type=\"application\/ld+json\" class=\"yoast-schema-graph\">{\"@context\":\"https:\/\/schema.org\",\"@graph\":[{\"@type\":\"Article\",\"@id\":\"https:\/\/www.africa-press.net\/togo\/politique\/togo-interview-beleki-akouete-lannee-2020-a-foudroye-les-partis-politiques-2#article\",\"isPartOf\":{\"@id\":\"https:\/\/www.africa-press.net\/togo\/politique\/togo-interview-beleki-akouete-lannee-2020-a-foudroye-les-partis-politiques-2\"},\"author\":{\"name\":\"cfeditorfr\",\"@id\":\"https:\/\/www.africa-press.net\/togo\/#\/schema\/person\/2b1cf3cd81a31e3cd26889ca66d677f1\"},\"headline\":\"Togo\/Interview\/Beleki Akou\u00e9t\u00e9 : \u00ab l\u2019ann\u00e9e 2020 a foudroy\u00e9 les partis politiques \u00bb\",\"datePublished\":\"2022-11-06T19:55:30+00:00\",\"dateModified\":\"2022-11-06T19:59:42+00:00\",\"mainEntityOfPage\":{\"@id\":\"https:\/\/www.africa-press.net\/togo\/politique\/togo-interview-beleki-akouete-lannee-2020-a-foudroye-les-partis-politiques-2\"},\"wordCount\":1109,\"commentCount\":0,\"image\":{\"@id\":\"https:\/\/www.africa-press.net\/togo\/politique\/togo-interview-beleki-akouete-lannee-2020-a-foudroye-les-partis-politiques-2#primaryimage\"},\"thumbnailUrl\":\"https:\/\/static.africa-press.net\/togo\/sites\/58\/2022\/11\/postQueueImg_5-6368121d33269.jpg\",\"keywords\":[\"Africa Press\",\"Africa Press-Togo\",\"Togo\"],\"articleSection\":[\"Politique\",\"Toutes les actualit\u00e9s\"],\"inLanguage\":\"fr-FR\",\"potentialAction\":[{\"@type\":\"CommentAction\",\"name\":\"Comment\",\"target\":[\"https:\/\/www.africa-press.net\/togo\/politique\/togo-interview-beleki-akouete-lannee-2020-a-foudroye-les-partis-politiques-2#respond\"]}]},{\"@type\":\"WebPage\",\"@id\":\"https:\/\/www.africa-press.net\/togo\/politique\/togo-interview-beleki-akouete-lannee-2020-a-foudroye-les-partis-politiques-2\",\"url\":\"https:\/\/www.africa-press.net\/togo\/politique\/togo-interview-beleki-akouete-lannee-2020-a-foudroye-les-partis-politiques-2\",\"name\":\"Togo\/Interview\/Beleki Akou\u00e9t\u00e9 : \u00ab l\u2019ann\u00e9e 2020 a foudroy\u00e9 les partis politiques \u00bb - Togo\",\"isPartOf\":{\"@id\":\"https:\/\/www.africa-press.net\/togo\/#website\"},\"primaryImageOfPage\":{\"@id\":\"https:\/\/www.africa-press.net\/togo\/politique\/togo-interview-beleki-akouete-lannee-2020-a-foudroye-les-partis-politiques-2#primaryimage\"},\"image\":{\"@id\":\"https:\/\/www.africa-press.net\/togo\/politique\/togo-interview-beleki-akouete-lannee-2020-a-foudroye-les-partis-politiques-2#primaryimage\"},\"thumbnailUrl\":\"https:\/\/static.africa-press.net\/togo\/sites\/58\/2022\/11\/postQueueImg_5-6368121d33269.jpg\",\"datePublished\":\"2022-11-06T19:55:30+00:00\",\"dateModified\":\"2022-11-06T19:59:42+00:00\",\"author\":{\"@id\":\"https:\/\/www.africa-press.net\/togo\/#\/schema\/person\/2b1cf3cd81a31e3cd26889ca66d677f1\"},\"description\":\"Dans un entretien exclusif qu\u2019il nous a accorde\u0301, le pre\u0301sident de la Convergence patriotique panafricaine (CPP) parle d ...\",\"breadcrumb\":{\"@id\":\"https:\/\/www.africa-press.net\/togo\/politique\/togo-interview-beleki-akouete-lannee-2020-a-foudroye-les-partis-politiques-2#breadcrumb\"},\"inLanguage\":\"fr-FR\",\"potentialAction\":[{\"@type\":\"ReadAction\",\"target\":[\"https:\/\/www.africa-press.net\/togo\/politique\/togo-interview-beleki-akouete-lannee-2020-a-foudroye-les-partis-politiques-2\"]}]},{\"@type\":\"ImageObject\",\"inLanguage\":\"fr-FR\",\"@id\":\"https:\/\/www.africa-press.net\/togo\/politique\/togo-interview-beleki-akouete-lannee-2020-a-foudroye-les-partis-politiques-2#primaryimage\",\"url\":\"https:\/\/static.africa-press.net\/togo\/sites\/58\/2022\/11\/postQueueImg_5-6368121d33269.jpg\",\"contentUrl\":\"https:\/\/static.africa-press.net\/togo\/sites\/58\/2022\/11\/postQueueImg_5-6368121d33269.jpg\",\"width\":720,\"height\":479,\"caption\":\"Togo\/Interview\/Beleki Akou\u00e9t\u00e9 : \u00ab l\u2019ann\u00e9e 2020 a foudroy\u00e9 les partis politiques \u00bb\"},{\"@type\":\"BreadcrumbList\",\"@id\":\"https:\/\/www.africa-press.net\/togo\/politique\/togo-interview-beleki-akouete-lannee-2020-a-foudroye-les-partis-politiques-2#breadcrumb\",\"itemListElement\":[{\"@type\":\"ListItem\",\"position\":1,\"name\":\"Accueil\",\"item\":\"https:\/\/www.africa-press.net\/togo\/\"},{\"@type\":\"ListItem\",\"position\":2,\"name\":\"Togo\/Interview\/Beleki Akou\u00e9t\u00e9 : \u00ab l\u2019ann\u00e9e 2020 a foudroy\u00e9 les partis politiques \u00bb\"}]},{\"@type\":\"WebSite\",\"@id\":\"https:\/\/www.africa-press.net\/togo\/#website\",\"url\":\"https:\/\/www.africa-press.net\/togo\/\",\"name\":\"Togo\",\"description\":\"Just another Africa News Agency Sites site\",\"potentialAction\":[{\"@type\":\"SearchAction\",\"target\":{\"@type\":\"EntryPoint\",\"urlTemplate\":\"https:\/\/www.africa-press.net\/togo\/?s={search_term_string}\"},\"query-input\":{\"@type\":\"PropertyValueSpecification\",\"valueRequired\":true,\"valueName\":\"search_term_string\"}}],\"inLanguage\":\"fr-FR\"},{\"@type\":\"Person\",\"@id\":\"https:\/\/www.africa-press.net\/togo\/#\/schema\/person\/2b1cf3cd81a31e3cd26889ca66d677f1\",\"name\":\"cfeditorfr\"}]}<\/script>\n<!-- \/ Yoast SEO Premium plugin. -->","yoast_head_json":{"title":"Togo\/Interview\/Beleki Akou\u00e9t\u00e9 : \u00ab l\u2019ann\u00e9e 2020 a foudroy\u00e9 les partis politiques \u00bb - Togo","description":"Dans un entretien exclusif qu\u2019il nous a accorde\u0301, le pre\u0301sident de la Convergence patriotique panafricaine (CPP) parle d ...","robots":{"index":"index","follow":"follow","max-snippet":"max-snippet:-1","max-image-preview":"max-image-preview:large","max-video-preview":"max-video-preview:-1"},"canonical":"https:\/\/www.africa-press.net\/togo\/politique\/togo-interview-beleki-akouete-lannee-2020-a-foudroye-les-partis-politiques-2","og_locale":"fr_FR","og_type":"article","og_title":"Togo\/Interview\/Beleki Akou\u00e9t\u00e9 : \u00ab l\u2019ann\u00e9e 2020 a foudroy\u00e9 les partis politiques \u00bb","og_description":"Dans un entretien exclusif qu\u2019il nous a accorde\u0301, le pre\u0301sident de la Convergence patriotique panafricaine (CPP) parle d ...","og_url":"https:\/\/www.africa-press.net\/togo\/politique\/togo-interview-beleki-akouete-lannee-2020-a-foudroye-les-partis-politiques-2","og_site_name":"Togo","article_published_time":"2022-11-06T19:55:30+00:00","article_modified_time":"2022-11-06T19:59:42+00:00","og_image":[{"width":720,"height":479,"url":"https:\/\/static.africa-press.net\/togo\/sites\/58\/2022\/11\/postQueueImg_5-6368121d33269.jpg","type":"image\/jpeg"}],"author":"cfeditorfr","twitter_card":"summary_large_image","twitter_misc":{"\u00c9crit par":"cfeditorfr","Dur\u00e9e de lecture estim\u00e9e":"5 minutes"},"schema":{"@context":"https:\/\/schema.org","@graph":[{"@type":"Article","@id":"https:\/\/www.africa-press.net\/togo\/politique\/togo-interview-beleki-akouete-lannee-2020-a-foudroye-les-partis-politiques-2#article","isPartOf":{"@id":"https:\/\/www.africa-press.net\/togo\/politique\/togo-interview-beleki-akouete-lannee-2020-a-foudroye-les-partis-politiques-2"},"author":{"name":"cfeditorfr","@id":"https:\/\/www.africa-press.net\/togo\/#\/schema\/person\/2b1cf3cd81a31e3cd26889ca66d677f1"},"headline":"Togo\/Interview\/Beleki Akou\u00e9t\u00e9 : \u00ab l\u2019ann\u00e9e 2020 a foudroy\u00e9 les partis politiques \u00bb","datePublished":"2022-11-06T19:55:30+00:00","dateModified":"2022-11-06T19:59:42+00:00","mainEntityOfPage":{"@id":"https:\/\/www.africa-press.net\/togo\/politique\/togo-interview-beleki-akouete-lannee-2020-a-foudroye-les-partis-politiques-2"},"wordCount":1109,"commentCount":0,"image":{"@id":"https:\/\/www.africa-press.net\/togo\/politique\/togo-interview-beleki-akouete-lannee-2020-a-foudroye-les-partis-politiques-2#primaryimage"},"thumbnailUrl":"https:\/\/static.africa-press.net\/togo\/sites\/58\/2022\/11\/postQueueImg_5-6368121d33269.jpg","keywords":["Africa Press","Africa Press-Togo","Togo"],"articleSection":["Politique","Toutes les actualit\u00e9s"],"inLanguage":"fr-FR","potentialAction":[{"@type":"CommentAction","name":"Comment","target":["https:\/\/www.africa-press.net\/togo\/politique\/togo-interview-beleki-akouete-lannee-2020-a-foudroye-les-partis-politiques-2#respond"]}]},{"@type":"WebPage","@id":"https:\/\/www.africa-press.net\/togo\/politique\/togo-interview-beleki-akouete-lannee-2020-a-foudroye-les-partis-politiques-2","url":"https:\/\/www.africa-press.net\/togo\/politique\/togo-interview-beleki-akouete-lannee-2020-a-foudroye-les-partis-politiques-2","name":"Togo\/Interview\/Beleki Akou\u00e9t\u00e9 : \u00ab l\u2019ann\u00e9e 2020 a foudroy\u00e9 les partis politiques \u00bb - Togo","isPartOf":{"@id":"https:\/\/www.africa-press.net\/togo\/#website"},"primaryImageOfPage":{"@id":"https:\/\/www.africa-press.net\/togo\/politique\/togo-interview-beleki-akouete-lannee-2020-a-foudroye-les-partis-politiques-2#primaryimage"},"image":{"@id":"https:\/\/www.africa-press.net\/togo\/politique\/togo-interview-beleki-akouete-lannee-2020-a-foudroye-les-partis-politiques-2#primaryimage"},"thumbnailUrl":"https:\/\/static.africa-press.net\/togo\/sites\/58\/2022\/11\/postQueueImg_5-6368121d33269.jpg","datePublished":"2022-11-06T19:55:30+00:00","dateModified":"2022-11-06T19:59:42+00:00","author":{"@id":"https:\/\/www.africa-press.net\/togo\/#\/schema\/person\/2b1cf3cd81a31e3cd26889ca66d677f1"},"description":"Dans un entretien exclusif qu\u2019il nous a accorde\u0301, le pre\u0301sident de la Convergence patriotique panafricaine (CPP) parle d ...","breadcrumb":{"@id":"https:\/\/www.africa-press.net\/togo\/politique\/togo-interview-beleki-akouete-lannee-2020-a-foudroye-les-partis-politiques-2#breadcrumb"},"inLanguage":"fr-FR","potentialAction":[{"@type":"ReadAction","target":["https:\/\/www.africa-press.net\/togo\/politique\/togo-interview-beleki-akouete-lannee-2020-a-foudroye-les-partis-politiques-2"]}]},{"@type":"ImageObject","inLanguage":"fr-FR","@id":"https:\/\/www.africa-press.net\/togo\/politique\/togo-interview-beleki-akouete-lannee-2020-a-foudroye-les-partis-politiques-2#primaryimage","url":"https:\/\/static.africa-press.net\/togo\/sites\/58\/2022\/11\/postQueueImg_5-6368121d33269.jpg","contentUrl":"https:\/\/static.africa-press.net\/togo\/sites\/58\/2022\/11\/postQueueImg_5-6368121d33269.jpg","width":720,"height":479,"caption":"Togo\/Interview\/Beleki Akou\u00e9t\u00e9 : \u00ab l\u2019ann\u00e9e 2020 a foudroy\u00e9 les partis politiques \u00bb"},{"@type":"BreadcrumbList","@id":"https:\/\/www.africa-press.net\/togo\/politique\/togo-interview-beleki-akouete-lannee-2020-a-foudroye-les-partis-politiques-2#breadcrumb","itemListElement":[{"@type":"ListItem","position":1,"name":"Accueil","item":"https:\/\/www.africa-press.net\/togo\/"},{"@type":"ListItem","position":2,"name":"Togo\/Interview\/Beleki Akou\u00e9t\u00e9 : \u00ab l\u2019ann\u00e9e 2020 a foudroy\u00e9 les partis politiques \u00bb"}]},{"@type":"WebSite","@id":"https:\/\/www.africa-press.net\/togo\/#website","url":"https:\/\/www.africa-press.net\/togo\/","name":"Togo","description":"Just another Africa News Agency Sites site","potentialAction":[{"@type":"SearchAction","target":{"@type":"EntryPoint","urlTemplate":"https:\/\/www.africa-press.net\/togo\/?s={search_term_string}"},"query-input":{"@type":"PropertyValueSpecification","valueRequired":true,"valueName":"search_term_string"}}],"inLanguage":"fr-FR"},{"@type":"Person","@id":"https:\/\/www.africa-press.net\/togo\/#\/schema\/person\/2b1cf3cd81a31e3cd26889ca66d677f1","name":"cfeditorfr"}]}},"_links":{"self":[{"href":"https:\/\/www.africa-press.net\/togo\/wp-json\/wp\/v2\/posts\/13457","targetHints":{"allow":["GET"]}}],"collection":[{"href":"https:\/\/www.africa-press.net\/togo\/wp-json\/wp\/v2\/posts"}],"about":[{"href":"https:\/\/www.africa-press.net\/togo\/wp-json\/wp\/v2\/types\/post"}],"author":[{"embeddable":true,"href":"https:\/\/www.africa-press.net\/togo\/wp-json\/wp\/v2\/users\/82"}],"replies":[{"embeddable":true,"href":"https:\/\/www.africa-press.net\/togo\/wp-json\/wp\/v2\/comments?post=13457"}],"version-history":[{"count":0,"href":"https:\/\/www.africa-press.net\/togo\/wp-json\/wp\/v2\/posts\/13457\/revisions"}],"wp:featuredmedia":[{"embeddable":true,"href":"https:\/\/www.africa-press.net\/togo\/wp-json\/wp\/v2\/media\/13456"}],"wp:attachment":[{"href":"https:\/\/www.africa-press.net\/togo\/wp-json\/wp\/v2\/media?parent=13457"}],"wp:term":[{"taxonomy":"category","embeddable":true,"href":"https:\/\/www.africa-press.net\/togo\/wp-json\/wp\/v2\/categories?post=13457"},{"taxonomy":"post_tag","embeddable":true,"href":"https:\/\/www.africa-press.net\/togo\/wp-json\/wp\/v2\/tags?post=13457"}],"curies":[{"name":"wp","href":"https:\/\/api.w.org\/{rel}","templated":true}]}}