{"id":13475,"date":"2022-11-07T17:45:23","date_gmt":"2022-11-07T17:45:23","guid":{"rendered":"https:\/\/www.africa-press.net\/togo\/politique\/togo-prisonniers-politiques-les-grands-oublies-de-la-grace-presidentielle"},"modified":"2022-11-07T17:57:28","modified_gmt":"2022-11-07T17:57:28","slug":"togo-prisonniers-politiques-les-grands-oublies-de-la-grace-presidentielle","status":"publish","type":"post","link":"https:\/\/www.africa-press.net\/togo\/politique\/togo-prisonniers-politiques-les-grands-oublies-de-la-grace-presidentielle","title":{"rendered":"Togo-Prisonniers politiques : les grands \u201coubli\u00e9s\u201d de la gr\u00e2ce pr\u00e9sidentielle"},"content":{"rendered":"<p><span style=\"color: #ff6600\"><strong>Africa-Press &#8211; Togo. <\/strong><\/span><b>\u00abIl vaut mieux dix criminels en liberte\u0301 qu \u0301un seul innocent en prison. \u00bb<\/b><\/p>\n<p>(Alexis Aubenque)<\/p>\n<p>L \u0301information inattendue tombe jeudi dernier dans la soire\u0301e sur les re\u0301seaux sociaux: une gra\u0302ce pre\u0301sidentielle serait accorde\u0301e a\u0300 des prisonniers qui pourraient imme\u0301diatement quitter les diffe\u0301rentes maisons d \u0301arre\u0302t sur toute l \u0301e\u0301tendue du territoire togolais ou\u0300 ils purgeaient leurs peines. Qui au Togo aujourd \u0301hui ne sursauterait pas en entendant le mot \u201eprisonnier\u201c? Tant le drame des prisonniers, surtout politiques, est presque chaque jour the\u0301matise\u0301 par les medias prive\u0301s togolais. C \u0301est pourquoi, en parcourant un tel de\u0301cret pre\u0301sidentiel signe\u0301 depuis le 31 octobre 2022, l \u0301on ne pouvait pas ne pas penser a\u0300 ces de\u0301tenus politiques, dont beaucoup croupissent depuis plusieurs anne\u0301es, dont certains sont malades, et qui pourraient enfin retrouver la liberte\u0301 et leurs familles. Effectivement une liste de 364 suppose\u0301s prisonniers ayant be\u0301ne\u0301ficie\u0301 du bon vouloir de Faure Gnassingbe\u0301 pour recouvrer la liberte\u0301 saute aux yeux de\u0300s qu \u0301on ouvre le PDF contenant le de\u0301cret pre\u0301sidentiel.<\/p>\n<p>En tant qu \u0301observateur de la sce\u0300ne politique de notre pays et surtout du drame politico-humain qui s \u0301y joue depuis un de\u0301mi-sie\u0300cle, nous avons naturellement quelques observations a\u0300 faire. Tout d \u0301abord, d \u0301apre\u0300s notre petite enque\u0302te effectue\u0301e aupre\u0300s des prisonniers encore en de\u0301tention ou libe\u0301re\u0301s, et aupre\u0300s de certains de leurs parents, la liste des prisonniers qui auraient retrouve\u0301 la liberte\u0301 gra\u0302ce a\u0300 la gra\u0302ce pre\u0301sidentielle, aurait e\u0301te\u0301 exage\u0301re\u0301e; en d \u0301autres termes, cette liste serait beaucoup plus importante que nos compatriotes qui recouvrent effectivement la liberte\u0301. Il nous est revenu que beaucoup sur la fameuse liste auraient e\u0301te\u0301 de\u0301ja\u0300 libe\u0301re\u0301s apre\u0300s avoir purge\u0301 leurs peines; et nous ne comprenons pas cette manipulation des vrais chiffres des prisonniers gra\u0302cie\u0301s. Est-ce une male\u0301diction que nos autorite\u0301s politiques soient condamne\u0301s a\u0300 ne faire que du faux? Pauvre Togo!<\/p>\n<p><b>\u00ab&#8230;On court derrie\u0300re les sommets ou confe\u0301rences internationales, on s\u2019invite dans les crises et conflits pour s\u2019autoproclamer me\u0301diateur, on proclame qu\u2019on est un pays de paix, des artifices savamment orchestre\u0301s pour s\u2019attirer le regard compatissant de la communaute\u0301 internationale. Le Togo a organise\u0301 du 27 au 29 octobre 2022 a\u0300 Lome\u0301 la troisie\u0300me e\u0301dition du Forum de la CEDEAO sur l\u2019e\u0301ducation a\u0300 la culture de la paix a\u0300 travers le dialogue intra et interreligieux. A la suite de ce folklore dont on aurait pu se passer, Lome\u0301 a e\u0301te\u0301 consacre\u0301e, \u00ab Capitale de la paix, de la me\u0301diation, du dialogue et de la tole\u0301rance \u00bb. <\/b>Voila\u0300 ce qu \u0301e\u0301crivait le directeur de publication du quotidien \u201eLiberte\u0301\u201c N\u00b0 3729 de lundi 31 octobre 2022 dans son e\u0301ditorial. Quelques jours apre\u0300s cet e\u0301ve\u0300nement de Lome\u0301 ou\u0300 notre pays fut \u00abloue\u0301 et aure\u0301ole\u0301<b>\u00bb <\/b>pour son suppose\u0301 sens du dialogue, de la me\u0301diation et de la tole\u0301rance par d \u0301autres pays membres de la CEDEAO, dont le sens de la responsabilite\u0301 laisse e\u0301galement a\u0300 de\u0301sirer, on sort un de\u0301cret pour soi-disant accorder la gra\u0302ce pre\u0301sidentielle a\u0300 des prisonniers compose\u0301s de petits de\u0301linquants, coupables de de\u0301lits de moindre importance, alors que plusieurs dizaines de de\u0301tenus politiques sont laisse\u0301s sur le carreau. <b>\u00ab<\/b>Une capitale de la paix, de la me\u0301diation, du dialogue et de la tole\u0301rance&#8230;<b>\u00bb<\/b> peut-elle se permettre le luxe de ressembler a\u0300 une capitale de la peur, de la terreur, ou\u0300 il ne fait pas bon vivre quand on est opposant au re\u0301gime en place, quand on est un critique de ce re\u0301gime ou non, et revient de la diaspora, et ou\u0300 surtout plusieurs citoyens restent de\u0301tenus dans des conditions inhumaines pour leurs opinions politiques?<\/p>\n<p>Faure Gnassingbe\u0301 et son entourage le savent bien; cette gra\u0302ce pre\u0301sidentielle de\u0301cide\u0301e du bout des le\u0300vres pour une fois encore tromper l \u0301opinion, surtout internationale, car les Togolais avise\u0301s ne se laissent plus berner, n \u0301apporte rien a\u0300 la de\u0301crispation du climat politique qu \u0301il faut ne\u0301cessairement pour notre pays. C \u0301est pourquoi beaucoup de de\u0301mocrates togolais se demandent, apre\u0300s cette e\u0301nie\u0300me mauvaise blague du pre\u0301sident de fait du Togo, quel sort le pouvoir de dictature de Lome\u0301 entend-il vraiment re\u0301server aux Togolais? Continuer a\u0300 de\u0301penser des milliards de nos francs pour envoyer une image reluisante du Togo a\u0300 l \u0301e\u0301tranger, tout en continuant a\u0300 jouer aux \u201etonton-macoute\u201c a\u0300 l \u0301inte\u0301rieur en terrorisant et en maintenant sa population en esclavage, est-ce vraiment le programme de gouvernement qui vaille pour le re\u0301gime Gnassingbe\u0301?<\/p>\n<p>Nous ne le dirons jamais assez; si le re\u0301gime togolais, malgre\u0301 son impopularite\u0301, malgre\u0301 les multiples de\u0301nonciations de violations des droits de l \u0301homme faits d \u0301assassinats, d \u0301arrestations arbitraires, de torture, malgre\u0301 les nombreux scandales lie\u0301s a\u0300 la corruption et aux nombreux de\u0301tournements de fonds publics, impliquant de hautes personnalite\u0301s au sommet de l \u0301e\u0301tat, continue a\u0300 s \u0301ente\u0302ter en faisant comme si tout allait bien au Togo, alors que notre pays est le plus malade sur tous les plans de la sous-re\u0301gion, c \u0301est en partie du\u0302 a\u0300 la de\u0301mission totale de nos opposants. Ou\u0300 sont-ils, tous ces responsables des partis politiques membres de l \u0301ex-C14? Si nous connaissons la situation des uns et des autres dont le sort est lie\u0301 a\u0300 leur de\u0301gre\u0301 de perse\u0301cution par le re\u0301gime, nous ne pouvons pas comprendre cette le\u0301thargie, voire cette indiffe\u0301rence de ceux qui avaient pris sur eux de parler au nom des populations togolaises, et dont la plupart sont libres de leurs mouvements. Et c \u0301e\u0301tait pourquoi, sans e\u0302tre me\u0301chant envers qui que ce soit, nous nous e\u0301tions demande\u0301 dans une sortie pre\u0301ce\u0301dente, si la de\u0301centralisation a\u0300 la Togolaise, avec l \u0301acquisition des mairies par certains leaders de l \u0301opposition, e\u0301tait pour eux une fin en soi. Ce que nous ne croyons pas. Comme d \u0301ailleurs nous ne croyons pas que d \u0301e\u0301ventuelles e\u0301lections a\u0300 l \u0301avenir, quelles qu \u0301elles soient, soient une solution a\u0300 la libe\u0301ration du Togo.<\/p>\n<p><b>Samari Tchadjobo<\/b><br \/>\n<b>Allemagne<\/b><\/p>\n<p><strong>Pour plus d&rsquo;informations et d&rsquo;analyses sur la <a href=\"https:\/\/www.africa-press.net\/togo\">Togo<\/a>, suivez <a href=\"https:\/\/www.africa-press.net\/\">Africa-Press<\/a><\/strong><\/p>\n","protected":false},"excerpt":{"rendered":"<p>Africa-Press &#8211; Togo. \u00abIl vaut mieux dix criminels en liberte\u0301 qu \u0301un seul innocent en prison. \u00bb (Alexis Aubenque) L \u0301information inattendue tombe jeudi dernier dans la soire\u0301e sur les re\u0301seaux sociaux: une gra\u0302ce pre\u0301sidentielle serait accorde\u0301e a\u0300 des prisonniers qui pourraient imme\u0301diatement quitter les diffe\u0301rentes maisons d \u0301arre\u0302t sur toute l \u0301e\u0301tendue du territoire [&hellip;]<\/p>\n","protected":false},"author":82,"featured_media":13474,"comment_status":"open","ping_status":"closed","sticky":false,"template":"","format":"standard","meta":{"footnotes":""},"categories":[2,10],"tags":[36,49,50],"class_list":["post-13475","post","type-post","status-publish","format-standard","has-post-thumbnail","hentry","category-politique","category-toutes-les-actualites","tag-africa-press","tag-africa-press-togo","tag-togo"],"yoast_head":"<!-- This site is optimized with the Yoast SEO Premium plugin v26.1 (Yoast SEO v27.0) - https:\/\/yoast.com\/product\/yoast-seo-premium-wordpress\/ -->\n<title>Togo-Prisonniers politiques : les grands \u201coubli\u00e9s\u201d de la gr\u00e2ce pr\u00e9sidentielle - Togo<\/title>\n<meta name=\"description\" content=\"\u00abIl vaut mieux dix criminels en liberte\u0301 qu \u0301un seul innocent en prison. \u00bb (Alexis Aubenque) L \u0301information ina ...\" \/>\n<meta name=\"robots\" content=\"index, follow, max-snippet:-1, max-image-preview:large, max-video-preview:-1\" \/>\n<link rel=\"canonical\" href=\"https:\/\/www.africa-press.net\/togo\/politique\/togo-prisonniers-politiques-les-grands-oublies-de-la-grace-presidentielle\" \/>\n<meta property=\"og:locale\" content=\"fr_FR\" \/>\n<meta property=\"og:type\" content=\"article\" \/>\n<meta property=\"og:title\" content=\"Togo-Prisonniers politiques : les grands \u201coubli\u00e9s\u201d de la gr\u00e2ce pr\u00e9sidentielle\" \/>\n<meta property=\"og:description\" content=\"\u00abIl vaut mieux dix criminels en liberte\u0301 qu \u0301un seul innocent en prison. \u00bb (Alexis Aubenque) L \u0301information ina ...\" \/>\n<meta property=\"og:url\" content=\"https:\/\/www.africa-press.net\/togo\/politique\/togo-prisonniers-politiques-les-grands-oublies-de-la-grace-presidentielle\" \/>\n<meta property=\"og:site_name\" content=\"Togo\" \/>\n<meta property=\"article:published_time\" content=\"2022-11-07T17:45:23+00:00\" \/>\n<meta property=\"article:modified_time\" content=\"2022-11-07T17:57:28+00:00\" \/>\n<meta property=\"og:image\" content=\"https:\/\/static.africa-press.net\/togo\/sites\/58\/2022\/11\/postQueueImg_15-636946f7d4fe3.jpg\" \/>\n\t<meta property=\"og:image:width\" content=\"1280\" \/>\n\t<meta property=\"og:image:height\" content=\"800\" \/>\n\t<meta property=\"og:image:type\" content=\"image\/jpeg\" \/>\n<meta name=\"author\" content=\"cfeditorfr\" \/>\n<meta name=\"twitter:card\" content=\"summary_large_image\" \/>\n<meta name=\"twitter:label1\" content=\"\u00c9crit par\" \/>\n\t<meta name=\"twitter:data1\" content=\"cfeditorfr\" \/>\n\t<meta name=\"twitter:label2\" content=\"Dur\u00e9e de lecture estim\u00e9e\" \/>\n\t<meta name=\"twitter:data2\" content=\"5 minutes\" \/>\n<script type=\"application\/ld+json\" class=\"yoast-schema-graph\">{\"@context\":\"https:\/\/schema.org\",\"@graph\":[{\"@type\":\"Article\",\"@id\":\"https:\/\/www.africa-press.net\/togo\/politique\/togo-prisonniers-politiques-les-grands-oublies-de-la-grace-presidentielle#article\",\"isPartOf\":{\"@id\":\"https:\/\/www.africa-press.net\/togo\/politique\/togo-prisonniers-politiques-les-grands-oublies-de-la-grace-presidentielle\"},\"author\":{\"name\":\"cfeditorfr\",\"@id\":\"https:\/\/www.africa-press.net\/togo\/#\/schema\/person\/2b1cf3cd81a31e3cd26889ca66d677f1\"},\"headline\":\"Togo-Prisonniers politiques : les grands \u201coubli\u00e9s\u201d de la gr\u00e2ce pr\u00e9sidentielle\",\"datePublished\":\"2022-11-07T17:45:23+00:00\",\"dateModified\":\"2022-11-07T17:57:28+00:00\",\"mainEntityOfPage\":{\"@id\":\"https:\/\/www.africa-press.net\/togo\/politique\/togo-prisonniers-politiques-les-grands-oublies-de-la-grace-presidentielle\"},\"wordCount\":1106,\"commentCount\":0,\"image\":{\"@id\":\"https:\/\/www.africa-press.net\/togo\/politique\/togo-prisonniers-politiques-les-grands-oublies-de-la-grace-presidentielle#primaryimage\"},\"thumbnailUrl\":\"https:\/\/static.africa-press.net\/togo\/sites\/58\/2022\/11\/postQueueImg_15-636946f7d4fe3.jpg\",\"keywords\":[\"Africa Press\",\"Africa Press-Togo\",\"Togo\"],\"articleSection\":[\"Politique\",\"Toutes les actualit\u00e9s\"],\"inLanguage\":\"fr-FR\",\"potentialAction\":[{\"@type\":\"CommentAction\",\"name\":\"Comment\",\"target\":[\"https:\/\/www.africa-press.net\/togo\/politique\/togo-prisonniers-politiques-les-grands-oublies-de-la-grace-presidentielle#respond\"]}]},{\"@type\":\"WebPage\",\"@id\":\"https:\/\/www.africa-press.net\/togo\/politique\/togo-prisonniers-politiques-les-grands-oublies-de-la-grace-presidentielle\",\"url\":\"https:\/\/www.africa-press.net\/togo\/politique\/togo-prisonniers-politiques-les-grands-oublies-de-la-grace-presidentielle\",\"name\":\"Togo-Prisonniers politiques : les grands \u201coubli\u00e9s\u201d de la gr\u00e2ce pr\u00e9sidentielle - Togo\",\"isPartOf\":{\"@id\":\"https:\/\/www.africa-press.net\/togo\/#website\"},\"primaryImageOfPage\":{\"@id\":\"https:\/\/www.africa-press.net\/togo\/politique\/togo-prisonniers-politiques-les-grands-oublies-de-la-grace-presidentielle#primaryimage\"},\"image\":{\"@id\":\"https:\/\/www.africa-press.net\/togo\/politique\/togo-prisonniers-politiques-les-grands-oublies-de-la-grace-presidentielle#primaryimage\"},\"thumbnailUrl\":\"https:\/\/static.africa-press.net\/togo\/sites\/58\/2022\/11\/postQueueImg_15-636946f7d4fe3.jpg\",\"datePublished\":\"2022-11-07T17:45:23+00:00\",\"dateModified\":\"2022-11-07T17:57:28+00:00\",\"author\":{\"@id\":\"https:\/\/www.africa-press.net\/togo\/#\/schema\/person\/2b1cf3cd81a31e3cd26889ca66d677f1\"},\"description\":\"\u00abIl vaut mieux dix criminels en liberte\u0301 qu \u0301un seul innocent en prison. \u00bb (Alexis Aubenque) L \u0301information ina ...\",\"breadcrumb\":{\"@id\":\"https:\/\/www.africa-press.net\/togo\/politique\/togo-prisonniers-politiques-les-grands-oublies-de-la-grace-presidentielle#breadcrumb\"},\"inLanguage\":\"fr-FR\",\"potentialAction\":[{\"@type\":\"ReadAction\",\"target\":[\"https:\/\/www.africa-press.net\/togo\/politique\/togo-prisonniers-politiques-les-grands-oublies-de-la-grace-presidentielle\"]}]},{\"@type\":\"ImageObject\",\"inLanguage\":\"fr-FR\",\"@id\":\"https:\/\/www.africa-press.net\/togo\/politique\/togo-prisonniers-politiques-les-grands-oublies-de-la-grace-presidentielle#primaryimage\",\"url\":\"https:\/\/static.africa-press.net\/togo\/sites\/58\/2022\/11\/postQueueImg_15-636946f7d4fe3.jpg\",\"contentUrl\":\"https:\/\/static.africa-press.net\/togo\/sites\/58\/2022\/11\/postQueueImg_15-636946f7d4fe3.jpg\",\"width\":1280,\"height\":800,\"caption\":\"Togo-Prisonniers politiques : les grands \u201coubli\u00e9s\u201d de la gr\u00e2ce pr\u00e9sidentielle\"},{\"@type\":\"BreadcrumbList\",\"@id\":\"https:\/\/www.africa-press.net\/togo\/politique\/togo-prisonniers-politiques-les-grands-oublies-de-la-grace-presidentielle#breadcrumb\",\"itemListElement\":[{\"@type\":\"ListItem\",\"position\":1,\"name\":\"Accueil\",\"item\":\"https:\/\/www.africa-press.net\/togo\/\"},{\"@type\":\"ListItem\",\"position\":2,\"name\":\"Togo-Prisonniers politiques : les grands \u201coubli\u00e9s\u201d de la gr\u00e2ce pr\u00e9sidentielle\"}]},{\"@type\":\"WebSite\",\"@id\":\"https:\/\/www.africa-press.net\/togo\/#website\",\"url\":\"https:\/\/www.africa-press.net\/togo\/\",\"name\":\"Togo\",\"description\":\"Just another Africa News Agency Sites site\",\"potentialAction\":[{\"@type\":\"SearchAction\",\"target\":{\"@type\":\"EntryPoint\",\"urlTemplate\":\"https:\/\/www.africa-press.net\/togo\/?s={search_term_string}\"},\"query-input\":{\"@type\":\"PropertyValueSpecification\",\"valueRequired\":true,\"valueName\":\"search_term_string\"}}],\"inLanguage\":\"fr-FR\"},{\"@type\":\"Person\",\"@id\":\"https:\/\/www.africa-press.net\/togo\/#\/schema\/person\/2b1cf3cd81a31e3cd26889ca66d677f1\",\"name\":\"cfeditorfr\"}]}<\/script>\n<!-- \/ Yoast SEO Premium plugin. -->","yoast_head_json":{"title":"Togo-Prisonniers politiques : les grands \u201coubli\u00e9s\u201d de la gr\u00e2ce pr\u00e9sidentielle - Togo","description":"\u00abIl vaut mieux dix criminels en liberte\u0301 qu \u0301un seul innocent en prison. \u00bb (Alexis Aubenque) L \u0301information ina ...","robots":{"index":"index","follow":"follow","max-snippet":"max-snippet:-1","max-image-preview":"max-image-preview:large","max-video-preview":"max-video-preview:-1"},"canonical":"https:\/\/www.africa-press.net\/togo\/politique\/togo-prisonniers-politiques-les-grands-oublies-de-la-grace-presidentielle","og_locale":"fr_FR","og_type":"article","og_title":"Togo-Prisonniers politiques : les grands \u201coubli\u00e9s\u201d de la gr\u00e2ce pr\u00e9sidentielle","og_description":"\u00abIl vaut mieux dix criminels en liberte\u0301 qu \u0301un seul innocent en prison. \u00bb (Alexis Aubenque) L \u0301information ina ...","og_url":"https:\/\/www.africa-press.net\/togo\/politique\/togo-prisonniers-politiques-les-grands-oublies-de-la-grace-presidentielle","og_site_name":"Togo","article_published_time":"2022-11-07T17:45:23+00:00","article_modified_time":"2022-11-07T17:57:28+00:00","og_image":[{"width":1280,"height":800,"url":"https:\/\/static.africa-press.net\/togo\/sites\/58\/2022\/11\/postQueueImg_15-636946f7d4fe3.jpg","type":"image\/jpeg"}],"author":"cfeditorfr","twitter_card":"summary_large_image","twitter_misc":{"\u00c9crit par":"cfeditorfr","Dur\u00e9e de lecture estim\u00e9e":"5 minutes"},"schema":{"@context":"https:\/\/schema.org","@graph":[{"@type":"Article","@id":"https:\/\/www.africa-press.net\/togo\/politique\/togo-prisonniers-politiques-les-grands-oublies-de-la-grace-presidentielle#article","isPartOf":{"@id":"https:\/\/www.africa-press.net\/togo\/politique\/togo-prisonniers-politiques-les-grands-oublies-de-la-grace-presidentielle"},"author":{"name":"cfeditorfr","@id":"https:\/\/www.africa-press.net\/togo\/#\/schema\/person\/2b1cf3cd81a31e3cd26889ca66d677f1"},"headline":"Togo-Prisonniers politiques : les grands \u201coubli\u00e9s\u201d de la gr\u00e2ce pr\u00e9sidentielle","datePublished":"2022-11-07T17:45:23+00:00","dateModified":"2022-11-07T17:57:28+00:00","mainEntityOfPage":{"@id":"https:\/\/www.africa-press.net\/togo\/politique\/togo-prisonniers-politiques-les-grands-oublies-de-la-grace-presidentielle"},"wordCount":1106,"commentCount":0,"image":{"@id":"https:\/\/www.africa-press.net\/togo\/politique\/togo-prisonniers-politiques-les-grands-oublies-de-la-grace-presidentielle#primaryimage"},"thumbnailUrl":"https:\/\/static.africa-press.net\/togo\/sites\/58\/2022\/11\/postQueueImg_15-636946f7d4fe3.jpg","keywords":["Africa Press","Africa Press-Togo","Togo"],"articleSection":["Politique","Toutes les actualit\u00e9s"],"inLanguage":"fr-FR","potentialAction":[{"@type":"CommentAction","name":"Comment","target":["https:\/\/www.africa-press.net\/togo\/politique\/togo-prisonniers-politiques-les-grands-oublies-de-la-grace-presidentielle#respond"]}]},{"@type":"WebPage","@id":"https:\/\/www.africa-press.net\/togo\/politique\/togo-prisonniers-politiques-les-grands-oublies-de-la-grace-presidentielle","url":"https:\/\/www.africa-press.net\/togo\/politique\/togo-prisonniers-politiques-les-grands-oublies-de-la-grace-presidentielle","name":"Togo-Prisonniers politiques : les grands \u201coubli\u00e9s\u201d de la gr\u00e2ce pr\u00e9sidentielle - Togo","isPartOf":{"@id":"https:\/\/www.africa-press.net\/togo\/#website"},"primaryImageOfPage":{"@id":"https:\/\/www.africa-press.net\/togo\/politique\/togo-prisonniers-politiques-les-grands-oublies-de-la-grace-presidentielle#primaryimage"},"image":{"@id":"https:\/\/www.africa-press.net\/togo\/politique\/togo-prisonniers-politiques-les-grands-oublies-de-la-grace-presidentielle#primaryimage"},"thumbnailUrl":"https:\/\/static.africa-press.net\/togo\/sites\/58\/2022\/11\/postQueueImg_15-636946f7d4fe3.jpg","datePublished":"2022-11-07T17:45:23+00:00","dateModified":"2022-11-07T17:57:28+00:00","author":{"@id":"https:\/\/www.africa-press.net\/togo\/#\/schema\/person\/2b1cf3cd81a31e3cd26889ca66d677f1"},"description":"\u00abIl vaut mieux dix criminels en liberte\u0301 qu \u0301un seul innocent en prison. \u00bb (Alexis Aubenque) L \u0301information ina ...","breadcrumb":{"@id":"https:\/\/www.africa-press.net\/togo\/politique\/togo-prisonniers-politiques-les-grands-oublies-de-la-grace-presidentielle#breadcrumb"},"inLanguage":"fr-FR","potentialAction":[{"@type":"ReadAction","target":["https:\/\/www.africa-press.net\/togo\/politique\/togo-prisonniers-politiques-les-grands-oublies-de-la-grace-presidentielle"]}]},{"@type":"ImageObject","inLanguage":"fr-FR","@id":"https:\/\/www.africa-press.net\/togo\/politique\/togo-prisonniers-politiques-les-grands-oublies-de-la-grace-presidentielle#primaryimage","url":"https:\/\/static.africa-press.net\/togo\/sites\/58\/2022\/11\/postQueueImg_15-636946f7d4fe3.jpg","contentUrl":"https:\/\/static.africa-press.net\/togo\/sites\/58\/2022\/11\/postQueueImg_15-636946f7d4fe3.jpg","width":1280,"height":800,"caption":"Togo-Prisonniers politiques : les grands \u201coubli\u00e9s\u201d de la gr\u00e2ce pr\u00e9sidentielle"},{"@type":"BreadcrumbList","@id":"https:\/\/www.africa-press.net\/togo\/politique\/togo-prisonniers-politiques-les-grands-oublies-de-la-grace-presidentielle#breadcrumb","itemListElement":[{"@type":"ListItem","position":1,"name":"Accueil","item":"https:\/\/www.africa-press.net\/togo\/"},{"@type":"ListItem","position":2,"name":"Togo-Prisonniers politiques : les grands \u201coubli\u00e9s\u201d de la gr\u00e2ce pr\u00e9sidentielle"}]},{"@type":"WebSite","@id":"https:\/\/www.africa-press.net\/togo\/#website","url":"https:\/\/www.africa-press.net\/togo\/","name":"Togo","description":"Just another Africa News Agency Sites site","potentialAction":[{"@type":"SearchAction","target":{"@type":"EntryPoint","urlTemplate":"https:\/\/www.africa-press.net\/togo\/?s={search_term_string}"},"query-input":{"@type":"PropertyValueSpecification","valueRequired":true,"valueName":"search_term_string"}}],"inLanguage":"fr-FR"},{"@type":"Person","@id":"https:\/\/www.africa-press.net\/togo\/#\/schema\/person\/2b1cf3cd81a31e3cd26889ca66d677f1","name":"cfeditorfr"}]}},"_links":{"self":[{"href":"https:\/\/www.africa-press.net\/togo\/wp-json\/wp\/v2\/posts\/13475","targetHints":{"allow":["GET"]}}],"collection":[{"href":"https:\/\/www.africa-press.net\/togo\/wp-json\/wp\/v2\/posts"}],"about":[{"href":"https:\/\/www.africa-press.net\/togo\/wp-json\/wp\/v2\/types\/post"}],"author":[{"embeddable":true,"href":"https:\/\/www.africa-press.net\/togo\/wp-json\/wp\/v2\/users\/82"}],"replies":[{"embeddable":true,"href":"https:\/\/www.africa-press.net\/togo\/wp-json\/wp\/v2\/comments?post=13475"}],"version-history":[{"count":0,"href":"https:\/\/www.africa-press.net\/togo\/wp-json\/wp\/v2\/posts\/13475\/revisions"}],"wp:featuredmedia":[{"embeddable":true,"href":"https:\/\/www.africa-press.net\/togo\/wp-json\/wp\/v2\/media\/13474"}],"wp:attachment":[{"href":"https:\/\/www.africa-press.net\/togo\/wp-json\/wp\/v2\/media?parent=13475"}],"wp:term":[{"taxonomy":"category","embeddable":true,"href":"https:\/\/www.africa-press.net\/togo\/wp-json\/wp\/v2\/categories?post=13475"},{"taxonomy":"post_tag","embeddable":true,"href":"https:\/\/www.africa-press.net\/togo\/wp-json\/wp\/v2\/tags?post=13475"}],"curies":[{"name":"wp","href":"https:\/\/api.w.org\/{rel}","templated":true}]}}