{"id":13481,"date":"2022-11-07T17:45:43","date_gmt":"2022-11-07T17:45:43","guid":{"rendered":"https:\/\/www.africa-press.net\/togo\/politique\/togo-sita-clap-de-fin-de-la-8eme-edition-a-lome"},"modified":"2022-11-07T17:58:14","modified_gmt":"2022-11-07T17:58:14","slug":"togo-sita-clap-de-fin-de-la-8eme-edition-a-lome","status":"publish","type":"post","link":"https:\/\/www.africa-press.net\/togo\/toutes-les-actualites\/togo-sita-clap-de-fin-de-la-8eme-edition-a-lome","title":{"rendered":"Togo- SITA: Clap de fin de la 8eme \u00e9dition \u00e0 Lom\u00e9"},"content":{"rendered":"<p><span style=\"color: #ff6600\"><strong>Africa-Press &#8211; Togo. <\/strong><\/span><b>Lance\u0301e avec magnificence le vendredi 04 novembre dernier sur l\u2019esplanade du Palais des Congre\u0300s de Lome\u0301, la 8eme e\u0301dition du Salon International du Textile Africain (SITA) a connu son apothe\u0301ose hier dimanche soir avec la \u00ab Nuit du Coton \u00bb.<\/b><\/p>\n<p>Eve\u0301nement qui re\u0301unit l\u2019ensemble des acteurs de la filie\u0300re textile, la 8eme e\u0301dition du SITA a\u0300 Lome\u0301 e\u0301te\u0301 une totale re\u0301ussite. Plus d\u2019une centaine d\u2019acteurs du secteur du textile venus de 33 pays du continent ont re\u0301pondu pre\u0301sent a\u0300 ce grand rendez-vous ou\u0300 l\u2019or blanc tenait la vedette. Environs 30 mannequins, 160 stylistes et 35 exposants. Plus 100 000 visiteurs ont e\u0301te\u0301 enregistre\u0301s durant les trois jours qu\u2019a dure\u0301 l\u2019e\u0301ve\u0300nement, avec des live diffuse\u0301s sur Facebook. Un bilan positif que s\u2019attribuent les organisateurs de l\u2019e\u0301ve\u0300nement.<\/p>\n<p>\u00ab Si les lampions s\u2019e\u0301teignent ce soir sur la 8e\u0300me e\u0301dition de Salon International du Textile Africain, cette soire\u0301e me semble e\u0302tre le moment ide\u0301al pour faire un bilan a\u0300 chaud de l\u2019organisation de SITA Lome\u0301 2022. A ce propos, nous pouvons nous re\u0301jouir de la tenue effective de toutes les activite\u0301s programme\u0301es. En effet, toutes les activite\u0301s pre\u0301vues dans le cadre du SITA Lome\u0301 2022 ont e\u0301te\u0301 toutes exe\u0301cute\u0301es. Les premie\u0300res statistiques disponibles te\u0301moignent de la re\u0301ussite de toutes les activite\u0301s. Des invite\u0301s de marque et des centaines de participants a\u0300 la ce\u0301re\u0301monie d\u2019ouverture, plusieurs centaines de personnes aux soire\u0301es de\u0301file\u0301s de mode, des milliers de visiteurs des stands a\u0300 l\u2019exposition, 94 participants a\u0300 la confe\u0301rence internationale dont d\u2019illustres personnalite\u0301s du prive\u0301 et du public de plusieurs pays, 90 participants a\u0300 la formation en e-commerce essentiellement compose\u0301s de jeunes togolais. Nous pouvons e\u0301galement nous fe\u0301liciter du nombre et de la qualite\u0301 de la participation des pays invite\u0301s \u00bb, se re\u0301jouit Abdoulaye Mosse, Commissaire ge\u0301ne\u0301ral du SITA.<\/p>\n<p>Plusieurs activite\u0301s ont marque\u0301 cette 8eme e\u0301dition du SITA. Il s\u2019agit notamment d\u2019une confe\u0301rence internationale, des exposition-ventes, d\u2019une formation en e-commerce, d\u2019une parade des tenues traditionnelles et industrielles africaines et des de\u0301file\u0301s de mode. Mais le clou du spectacle, c\u2019est la fameuse soire\u0301e de\u0301nomme\u0301e \u00ab Nuit du Coton \u00bb. Elle a eu lieu ce dimanche a\u0300 l\u2019Ho\u0302tel 2 Fe\u0301vrier et re\u0301uni plusieurs personnalite\u0301s de marque du pays. Tous habille\u0301s en tenues faites a\u0300 base du coton.<\/p>\n<p>\u00ab L\u2019ide\u0301e est de montrer que la fonction premie\u0300re du coton est profonde\u0301ment ancre\u0301e dans nos socie\u0301te\u0301s africaines, car le tissu, au-dela\u0300 de sa fonction vestimentaire est un langage, une marque d\u2019identite\u0301 \u00bb, a souligne\u0301 Abdoulaye Mosse.<\/p>\n<p>Au cours de cette soire\u0301e festive, des prix ont e\u0301te\u0301 de\u0301cerne\u0301s. Le Libe\u0301ria a rafle\u0301 le prix du meilleur styliste. Le Ghana a gagne\u0301 le prix du meilleur stand. Le prix du meilleur mannequin a e\u0301te\u0301 donne\u0301 a\u0300 l\u2019Afrique du Sud. Pour ce qui concerne le prix des meilleurs cre\u0301ateurs, le Burkina Faso prend la 4eme place, la Co\u0302te d\u2019Ivoire la 3eme place, le Togo la 2eme place et l\u2019Afrique du Sud la 1ere place.<\/p>\n<p>La prochaine e\u0301dition du Salon International du Textile Africain (SITA) aura lieu en Guine\u0301e Conakry<\/p>\n<p><strong>Pour plus d&rsquo;informations et d&rsquo;analyses sur la <a href=\"https:\/\/www.africa-press.net\/togo\">Togo<\/a>, suivez <a href=\"https:\/\/www.africa-press.net\/\">Africa-Press<\/a><\/strong><\/p>\n","protected":false},"excerpt":{"rendered":"<p>Africa-Press &#8211; Togo. Lance\u0301e avec magnificence le vendredi 04 novembre dernier sur l\u2019esplanade du Palais des Congre\u0300s de Lome\u0301, la 8eme e\u0301dition du Salon International du Textile Africain (SITA) a connu son apothe\u0301ose hier dimanche soir avec la \u00ab Nuit du Coton \u00bb. Eve\u0301nement qui re\u0301unit l\u2019ensemble des acteurs de la filie\u0300re textile, la 8eme [&hellip;]<\/p>\n","protected":false},"author":82,"featured_media":13480,"comment_status":"open","ping_status":"closed","sticky":false,"template":"","format":"standard","meta":{"footnotes":""},"categories":[21,10],"tags":[36,49,50],"class_list":["post-13481","post","type-post","status-publish","format-standard","has-post-thumbnail","hentry","category-communaute","category-toutes-les-actualites","tag-africa-press","tag-africa-press-togo","tag-togo"],"yoast_head":"<!-- This site is optimized with the Yoast SEO Premium plugin v26.1 (Yoast SEO v27.0) - https:\/\/yoast.com\/product\/yoast-seo-premium-wordpress\/ -->\n<title>Togo- SITA: Clap de fin de la 8eme \u00e9dition \u00e0 Lom\u00e9 - Togo<\/title>\n<meta name=\"description\" content=\"Lance\u0301e avec magnificence le vendredi 04 novembre dernier sur l\u2019esplanade du Palais des Congre\u0300s de Lome\u0301, la 8eme e\u0301 ...\" \/>\n<meta name=\"robots\" content=\"index, follow, max-snippet:-1, max-image-preview:large, max-video-preview:-1\" \/>\n<link rel=\"canonical\" href=\"https:\/\/www.africa-press.net\/togo\/toutes-les-actualites\/togo-sita-clap-de-fin-de-la-8eme-edition-a-lome\" \/>\n<meta property=\"og:locale\" content=\"fr_FR\" \/>\n<meta property=\"og:type\" content=\"article\" \/>\n<meta property=\"og:title\" content=\"Togo- SITA: Clap de fin de la 8eme \u00e9dition \u00e0 Lom\u00e9\" \/>\n<meta property=\"og:description\" content=\"Lance\u0301e avec magnificence le vendredi 04 novembre dernier sur l\u2019esplanade du Palais des Congre\u0300s de Lome\u0301, la 8eme e\u0301 ...\" \/>\n<meta property=\"og:url\" content=\"https:\/\/www.africa-press.net\/togo\/toutes-les-actualites\/togo-sita-clap-de-fin-de-la-8eme-edition-a-lome\" \/>\n<meta property=\"og:site_name\" content=\"Togo\" \/>\n<meta property=\"article:published_time\" content=\"2022-11-07T17:45:43+00:00\" \/>\n<meta property=\"article:modified_time\" content=\"2022-11-07T17:58:14+00:00\" \/>\n<meta property=\"og:image\" content=\"https:\/\/static.africa-press.net\/togo\/sites\/58\/2022\/11\/postQueueImg_17-636947245af50.jpg\" \/>\n\t<meta property=\"og:image:width\" content=\"1280\" \/>\n\t<meta property=\"og:image:height\" content=\"818\" \/>\n\t<meta property=\"og:image:type\" content=\"image\/jpeg\" \/>\n<meta name=\"author\" content=\"cfeditorfr\" \/>\n<meta name=\"twitter:card\" content=\"summary_large_image\" \/>\n<meta name=\"twitter:label1\" content=\"\u00c9crit par\" \/>\n\t<meta name=\"twitter:data1\" content=\"cfeditorfr\" \/>\n\t<meta name=\"twitter:label2\" content=\"Dur\u00e9e de lecture estim\u00e9e\" \/>\n\t<meta name=\"twitter:data2\" content=\"3 minutes\" \/>\n<script type=\"application\/ld+json\" class=\"yoast-schema-graph\">{\"@context\":\"https:\/\/schema.org\",\"@graph\":[{\"@type\":\"Article\",\"@id\":\"https:\/\/www.africa-press.net\/togo\/toutes-les-actualites\/togo-sita-clap-de-fin-de-la-8eme-edition-a-lome#article\",\"isPartOf\":{\"@id\":\"https:\/\/www.africa-press.net\/togo\/toutes-les-actualites\/togo-sita-clap-de-fin-de-la-8eme-edition-a-lome\"},\"author\":{\"name\":\"cfeditorfr\",\"@id\":\"https:\/\/www.africa-press.net\/togo\/#\/schema\/person\/2b1cf3cd81a31e3cd26889ca66d677f1\"},\"headline\":\"Togo- SITA: Clap de fin de la 8eme \u00e9dition \u00e0 Lom\u00e9\",\"datePublished\":\"2022-11-07T17:45:43+00:00\",\"dateModified\":\"2022-11-07T17:58:14+00:00\",\"mainEntityOfPage\":{\"@id\":\"https:\/\/www.africa-press.net\/togo\/toutes-les-actualites\/togo-sita-clap-de-fin-de-la-8eme-edition-a-lome\"},\"wordCount\":606,\"commentCount\":0,\"image\":{\"@id\":\"https:\/\/www.africa-press.net\/togo\/toutes-les-actualites\/togo-sita-clap-de-fin-de-la-8eme-edition-a-lome#primaryimage\"},\"thumbnailUrl\":\"https:\/\/static.africa-press.net\/togo\/sites\/58\/2022\/11\/postQueueImg_17-636947245af50.jpg\",\"keywords\":[\"Africa Press\",\"Africa Press-Togo\",\"Togo\"],\"articleSection\":[\"Communaut\u00e9\",\"Toutes les actualit\u00e9s\"],\"inLanguage\":\"fr-FR\",\"potentialAction\":[{\"@type\":\"CommentAction\",\"name\":\"Comment\",\"target\":[\"https:\/\/www.africa-press.net\/togo\/toutes-les-actualites\/togo-sita-clap-de-fin-de-la-8eme-edition-a-lome#respond\"]}]},{\"@type\":\"WebPage\",\"@id\":\"https:\/\/www.africa-press.net\/togo\/toutes-les-actualites\/togo-sita-clap-de-fin-de-la-8eme-edition-a-lome\",\"url\":\"https:\/\/www.africa-press.net\/togo\/toutes-les-actualites\/togo-sita-clap-de-fin-de-la-8eme-edition-a-lome\",\"name\":\"Togo- SITA: Clap de fin de la 8eme \u00e9dition \u00e0 Lom\u00e9 - Togo\",\"isPartOf\":{\"@id\":\"https:\/\/www.africa-press.net\/togo\/#website\"},\"primaryImageOfPage\":{\"@id\":\"https:\/\/www.africa-press.net\/togo\/toutes-les-actualites\/togo-sita-clap-de-fin-de-la-8eme-edition-a-lome#primaryimage\"},\"image\":{\"@id\":\"https:\/\/www.africa-press.net\/togo\/toutes-les-actualites\/togo-sita-clap-de-fin-de-la-8eme-edition-a-lome#primaryimage\"},\"thumbnailUrl\":\"https:\/\/static.africa-press.net\/togo\/sites\/58\/2022\/11\/postQueueImg_17-636947245af50.jpg\",\"datePublished\":\"2022-11-07T17:45:43+00:00\",\"dateModified\":\"2022-11-07T17:58:14+00:00\",\"author\":{\"@id\":\"https:\/\/www.africa-press.net\/togo\/#\/schema\/person\/2b1cf3cd81a31e3cd26889ca66d677f1\"},\"description\":\"Lance\u0301e avec magnificence le vendredi 04 novembre dernier sur l\u2019esplanade du Palais des Congre\u0300s de Lome\u0301, la 8eme e\u0301 ...\",\"breadcrumb\":{\"@id\":\"https:\/\/www.africa-press.net\/togo\/toutes-les-actualites\/togo-sita-clap-de-fin-de-la-8eme-edition-a-lome#breadcrumb\"},\"inLanguage\":\"fr-FR\",\"potentialAction\":[{\"@type\":\"ReadAction\",\"target\":[\"https:\/\/www.africa-press.net\/togo\/toutes-les-actualites\/togo-sita-clap-de-fin-de-la-8eme-edition-a-lome\"]}]},{\"@type\":\"ImageObject\",\"inLanguage\":\"fr-FR\",\"@id\":\"https:\/\/www.africa-press.net\/togo\/toutes-les-actualites\/togo-sita-clap-de-fin-de-la-8eme-edition-a-lome#primaryimage\",\"url\":\"https:\/\/static.africa-press.net\/togo\/sites\/58\/2022\/11\/postQueueImg_17-636947245af50.jpg\",\"contentUrl\":\"https:\/\/static.africa-press.net\/togo\/sites\/58\/2022\/11\/postQueueImg_17-636947245af50.jpg\",\"width\":1280,\"height\":818,\"caption\":\"Togo- SITA: Clap de fin de la 8eme \u00e9dition \u00e0 Lom\u00e9\"},{\"@type\":\"BreadcrumbList\",\"@id\":\"https:\/\/www.africa-press.net\/togo\/toutes-les-actualites\/togo-sita-clap-de-fin-de-la-8eme-edition-a-lome#breadcrumb\",\"itemListElement\":[{\"@type\":\"ListItem\",\"position\":1,\"name\":\"Accueil\",\"item\":\"https:\/\/www.africa-press.net\/togo\/\"},{\"@type\":\"ListItem\",\"position\":2,\"name\":\"Togo- SITA: Clap de fin de la 8eme \u00e9dition \u00e0 Lom\u00e9\"}]},{\"@type\":\"WebSite\",\"@id\":\"https:\/\/www.africa-press.net\/togo\/#website\",\"url\":\"https:\/\/www.africa-press.net\/togo\/\",\"name\":\"Togo\",\"description\":\"Just another Africa News Agency Sites site\",\"potentialAction\":[{\"@type\":\"SearchAction\",\"target\":{\"@type\":\"EntryPoint\",\"urlTemplate\":\"https:\/\/www.africa-press.net\/togo\/?s={search_term_string}\"},\"query-input\":{\"@type\":\"PropertyValueSpecification\",\"valueRequired\":true,\"valueName\":\"search_term_string\"}}],\"inLanguage\":\"fr-FR\"},{\"@type\":\"Person\",\"@id\":\"https:\/\/www.africa-press.net\/togo\/#\/schema\/person\/2b1cf3cd81a31e3cd26889ca66d677f1\",\"name\":\"cfeditorfr\"}]}<\/script>\n<!-- \/ Yoast SEO Premium plugin. -->","yoast_head_json":{"title":"Togo- SITA: Clap de fin de la 8eme \u00e9dition \u00e0 Lom\u00e9 - Togo","description":"Lance\u0301e avec magnificence le vendredi 04 novembre dernier sur l\u2019esplanade du Palais des Congre\u0300s de Lome\u0301, la 8eme e\u0301 ...","robots":{"index":"index","follow":"follow","max-snippet":"max-snippet:-1","max-image-preview":"max-image-preview:large","max-video-preview":"max-video-preview:-1"},"canonical":"https:\/\/www.africa-press.net\/togo\/toutes-les-actualites\/togo-sita-clap-de-fin-de-la-8eme-edition-a-lome","og_locale":"fr_FR","og_type":"article","og_title":"Togo- SITA: Clap de fin de la 8eme \u00e9dition \u00e0 Lom\u00e9","og_description":"Lance\u0301e avec magnificence le vendredi 04 novembre dernier sur l\u2019esplanade du Palais des Congre\u0300s de Lome\u0301, la 8eme e\u0301 ...","og_url":"https:\/\/www.africa-press.net\/togo\/toutes-les-actualites\/togo-sita-clap-de-fin-de-la-8eme-edition-a-lome","og_site_name":"Togo","article_published_time":"2022-11-07T17:45:43+00:00","article_modified_time":"2022-11-07T17:58:14+00:00","og_image":[{"width":1280,"height":818,"url":"https:\/\/static.africa-press.net\/togo\/sites\/58\/2022\/11\/postQueueImg_17-636947245af50.jpg","type":"image\/jpeg"}],"author":"cfeditorfr","twitter_card":"summary_large_image","twitter_misc":{"\u00c9crit par":"cfeditorfr","Dur\u00e9e de lecture estim\u00e9e":"3 minutes"},"schema":{"@context":"https:\/\/schema.org","@graph":[{"@type":"Article","@id":"https:\/\/www.africa-press.net\/togo\/toutes-les-actualites\/togo-sita-clap-de-fin-de-la-8eme-edition-a-lome#article","isPartOf":{"@id":"https:\/\/www.africa-press.net\/togo\/toutes-les-actualites\/togo-sita-clap-de-fin-de-la-8eme-edition-a-lome"},"author":{"name":"cfeditorfr","@id":"https:\/\/www.africa-press.net\/togo\/#\/schema\/person\/2b1cf3cd81a31e3cd26889ca66d677f1"},"headline":"Togo- SITA: Clap de fin de la 8eme \u00e9dition \u00e0 Lom\u00e9","datePublished":"2022-11-07T17:45:43+00:00","dateModified":"2022-11-07T17:58:14+00:00","mainEntityOfPage":{"@id":"https:\/\/www.africa-press.net\/togo\/toutes-les-actualites\/togo-sita-clap-de-fin-de-la-8eme-edition-a-lome"},"wordCount":606,"commentCount":0,"image":{"@id":"https:\/\/www.africa-press.net\/togo\/toutes-les-actualites\/togo-sita-clap-de-fin-de-la-8eme-edition-a-lome#primaryimage"},"thumbnailUrl":"https:\/\/static.africa-press.net\/togo\/sites\/58\/2022\/11\/postQueueImg_17-636947245af50.jpg","keywords":["Africa Press","Africa Press-Togo","Togo"],"articleSection":["Communaut\u00e9","Toutes les actualit\u00e9s"],"inLanguage":"fr-FR","potentialAction":[{"@type":"CommentAction","name":"Comment","target":["https:\/\/www.africa-press.net\/togo\/toutes-les-actualites\/togo-sita-clap-de-fin-de-la-8eme-edition-a-lome#respond"]}]},{"@type":"WebPage","@id":"https:\/\/www.africa-press.net\/togo\/toutes-les-actualites\/togo-sita-clap-de-fin-de-la-8eme-edition-a-lome","url":"https:\/\/www.africa-press.net\/togo\/toutes-les-actualites\/togo-sita-clap-de-fin-de-la-8eme-edition-a-lome","name":"Togo- SITA: Clap de fin de la 8eme \u00e9dition \u00e0 Lom\u00e9 - Togo","isPartOf":{"@id":"https:\/\/www.africa-press.net\/togo\/#website"},"primaryImageOfPage":{"@id":"https:\/\/www.africa-press.net\/togo\/toutes-les-actualites\/togo-sita-clap-de-fin-de-la-8eme-edition-a-lome#primaryimage"},"image":{"@id":"https:\/\/www.africa-press.net\/togo\/toutes-les-actualites\/togo-sita-clap-de-fin-de-la-8eme-edition-a-lome#primaryimage"},"thumbnailUrl":"https:\/\/static.africa-press.net\/togo\/sites\/58\/2022\/11\/postQueueImg_17-636947245af50.jpg","datePublished":"2022-11-07T17:45:43+00:00","dateModified":"2022-11-07T17:58:14+00:00","author":{"@id":"https:\/\/www.africa-press.net\/togo\/#\/schema\/person\/2b1cf3cd81a31e3cd26889ca66d677f1"},"description":"Lance\u0301e avec magnificence le vendredi 04 novembre dernier sur l\u2019esplanade du Palais des Congre\u0300s de Lome\u0301, la 8eme e\u0301 ...","breadcrumb":{"@id":"https:\/\/www.africa-press.net\/togo\/toutes-les-actualites\/togo-sita-clap-de-fin-de-la-8eme-edition-a-lome#breadcrumb"},"inLanguage":"fr-FR","potentialAction":[{"@type":"ReadAction","target":["https:\/\/www.africa-press.net\/togo\/toutes-les-actualites\/togo-sita-clap-de-fin-de-la-8eme-edition-a-lome"]}]},{"@type":"ImageObject","inLanguage":"fr-FR","@id":"https:\/\/www.africa-press.net\/togo\/toutes-les-actualites\/togo-sita-clap-de-fin-de-la-8eme-edition-a-lome#primaryimage","url":"https:\/\/static.africa-press.net\/togo\/sites\/58\/2022\/11\/postQueueImg_17-636947245af50.jpg","contentUrl":"https:\/\/static.africa-press.net\/togo\/sites\/58\/2022\/11\/postQueueImg_17-636947245af50.jpg","width":1280,"height":818,"caption":"Togo- SITA: Clap de fin de la 8eme \u00e9dition \u00e0 Lom\u00e9"},{"@type":"BreadcrumbList","@id":"https:\/\/www.africa-press.net\/togo\/toutes-les-actualites\/togo-sita-clap-de-fin-de-la-8eme-edition-a-lome#breadcrumb","itemListElement":[{"@type":"ListItem","position":1,"name":"Accueil","item":"https:\/\/www.africa-press.net\/togo\/"},{"@type":"ListItem","position":2,"name":"Togo- SITA: Clap de fin de la 8eme \u00e9dition \u00e0 Lom\u00e9"}]},{"@type":"WebSite","@id":"https:\/\/www.africa-press.net\/togo\/#website","url":"https:\/\/www.africa-press.net\/togo\/","name":"Togo","description":"Just another Africa News Agency Sites site","potentialAction":[{"@type":"SearchAction","target":{"@type":"EntryPoint","urlTemplate":"https:\/\/www.africa-press.net\/togo\/?s={search_term_string}"},"query-input":{"@type":"PropertyValueSpecification","valueRequired":true,"valueName":"search_term_string"}}],"inLanguage":"fr-FR"},{"@type":"Person","@id":"https:\/\/www.africa-press.net\/togo\/#\/schema\/person\/2b1cf3cd81a31e3cd26889ca66d677f1","name":"cfeditorfr"}]}},"_links":{"self":[{"href":"https:\/\/www.africa-press.net\/togo\/wp-json\/wp\/v2\/posts\/13481","targetHints":{"allow":["GET"]}}],"collection":[{"href":"https:\/\/www.africa-press.net\/togo\/wp-json\/wp\/v2\/posts"}],"about":[{"href":"https:\/\/www.africa-press.net\/togo\/wp-json\/wp\/v2\/types\/post"}],"author":[{"embeddable":true,"href":"https:\/\/www.africa-press.net\/togo\/wp-json\/wp\/v2\/users\/82"}],"replies":[{"embeddable":true,"href":"https:\/\/www.africa-press.net\/togo\/wp-json\/wp\/v2\/comments?post=13481"}],"version-history":[{"count":0,"href":"https:\/\/www.africa-press.net\/togo\/wp-json\/wp\/v2\/posts\/13481\/revisions"}],"wp:featuredmedia":[{"embeddable":true,"href":"https:\/\/www.africa-press.net\/togo\/wp-json\/wp\/v2\/media\/13480"}],"wp:attachment":[{"href":"https:\/\/www.africa-press.net\/togo\/wp-json\/wp\/v2\/media?parent=13481"}],"wp:term":[{"taxonomy":"category","embeddable":true,"href":"https:\/\/www.africa-press.net\/togo\/wp-json\/wp\/v2\/categories?post=13481"},{"taxonomy":"post_tag","embeddable":true,"href":"https:\/\/www.africa-press.net\/togo\/wp-json\/wp\/v2\/tags?post=13481"}],"curies":[{"name":"wp","href":"https:\/\/api.w.org\/{rel}","templated":true}]}}