{"id":13526,"date":"2022-11-08T16:50:38","date_gmt":"2022-11-08T16:50:38","guid":{"rendered":"https:\/\/www.africa-press.net\/togo\/politique\/dialogue-togo-ue-voici-le-compte-rendu-des-travaux"},"modified":"2022-11-08T17:33:07","modified_gmt":"2022-11-08T17:33:07","slug":"dialogue-togo-ue-voici-le-compte-rendu-des-travaux","status":"publish","type":"post","link":"https:\/\/www.africa-press.net\/togo\/politique\/dialogue-togo-ue-voici-le-compte-rendu-des-travaux","title":{"rendered":"Dialogue Togo-UE : Voici le compte rendu des travaux"},"content":{"rendered":"<p><span style=\"color: #ff6600\"><strong>Africa-Press &#8211; Togo. <\/strong><\/span><b>Lundi 7 novembre 2022 a\u0300 Lome\u0301, le gouvernment togolais a tenu la 1e\u0300re session du Dialogue de partenariat avec l\u2019Union Europe\u0301enne (UE). Les discussions ont porte\u0301 sur divers sujets, notamment le terrorisme, l\u2019impact de la guerre en Ukraine, les e\u0301lections a\u0300 venir et d\u2019autres sujets d\u2019actualite\u0301s. <\/b><\/p>\n<p>Lire le communique\u0301 ayannt sanctionne\u0301 les travaux<\/p>\n<p>La 1e\u0300re session du Dialogue de partenariat entre la Re\u0301publique togolaise et l\u2019Union Europe\u0301enne (UE) s\u2019est tenue le 7 novembre 2022 au Ministe\u0300re des Affaires e\u0301trange\u0300res, de l\u2019Inte\u0301gration re\u0301gionale et des Togolais de l\u2019Exte\u0301rieur, conforme\u0301ment a\u0300 l\u2019article 3 du nouvel Accord de partenariat entre l\u2019Organisation des Etats d\u2019Afrique, des Carai\u0308bes et du Pacifique et l\u2019Union Europe\u0301enne (OEACP-UE), paraphe\u0301 a\u0300 Bruxelles le 16 avril 2021.<\/p>\n<p>Les travaux de cette session ont e\u0301te\u0301 copre\u0301side\u0301s par S.E. Prof. Robert DUSSEY, ministre des affaires e\u0301trange\u0300res, de l\u2019inte\u0301gration re\u0301gionale et des Togolais de l\u2019exte\u0301rieur, et S.E. M. Joaqui\u0301n TASSO VILALLONGA, ambassadeur de l\u2019Union Europe\u0301enne au Togo.<\/p>\n<p>Au cours de cette session, les discussions ont porte\u0301 sur des sujets d\u2019ordre national et international d\u2019inte\u0301re\u0302t commun, notamment la lutte contre le terrorisme et la situation dans la re\u0301gion des savanes, l\u2019impact de la guerre en Ukraine et les mesures de mitigation, le processus de de\u0301centralisation et les e\u0301lections a\u0300 venir, la gouvernance e\u0301conomique et la lutte contre la corruption, ainsi que le suivi de l\u2019examen pe\u0301riodique universel du Togo.<\/p>\n<p>S\u2019agissant de la lutte contre le terrorisme et la situation dans la re\u0301gion des Savanes, les deux parties ont exprime\u0301 leur vive pre\u0301occupation face aux attaques terroristes qui ont cause\u0301 des victimes et occasionne\u0301 des de\u0301ga\u0302ts dans le nord du Togo te\u0301moignant de l\u2019e\u0301vidence de la capacite\u0301 de nuisance de ces entite\u0301s criminelles transfrontalie\u0300res.<\/p>\n<p>Elles se sont engage\u0301es a\u0300 renforcer et a\u0300 amplifier leur coope\u0301ration pour doter les forces de de\u0301fense et de se\u0301curite\u0301 togolaise des capacite\u0301s de riposte leur permettant de mener une lutte efficace contre ce fle\u0301au.<\/p>\n<p>La partie europe\u0301enne a renouvele\u0301 sa solidarite\u0301 avec les victimes et son engagement a\u0300 accompagner le Togo dans sa de\u0301termination a\u0300 intensifier les efforts multidimensionnels pour e\u0301radiquer le terrorisme, lutter contre l\u2019extre\u0301misme violent, et ame\u0301liorer les conditions de vie des populations vulne\u0301rables et leur acce\u0300s aux services de base.<\/p>\n<p>Sur l\u2019impact de la guerre en Ukraine et les mesures de mitigation, les deux parties ont re\u0301ite\u0301re\u0301 leur attachement a\u0300 la Charte des Nations Unies et aux principes de celle-ci. Elles ont plaide\u0301 pour la recherche de solutions pacifiques et durables sur la base du droit international.<\/p>\n<p>Les deux parties ont e\u0301galement constate\u0301 les effets de\u0301vastateurs de ce conflit en Ukraine et ses conse\u0301quences au niveau mondial, notamment en termes de fourniture e\u0301nerge\u0301tique et se\u0301curite\u0301 alimentaire. La partie togolaise a salue\u0301 les efforts de l\u2019Union europe\u0301enne pour mitiger ces effets, tant a\u0300 niveau multilate\u0301ral comme bilate\u0301ral, et notamment la nouvelle allocation additionnelle de 10 millions d\u2019euros au Togo pour renforcer la re\u0301silience de ses syste\u0300mes alimentaires.<\/p>\n<p>Sur la question relative au processus de de\u0301centralisation et des e\u0301lections a\u0300 venir, la partie europe\u0301enne a salue\u0301 les re\u0301formes visant a\u0300 une de\u0301centralisation effective et efficace du Togo ouvrant ainsi la voie aux e\u0301lections re\u0301gionales pre\u0301vues pour 2023, et encourage\u0301 le gouvernement togolais a\u0300 poursuivre ses efforts, notamment en termes de financement des communes et d\u2019inclusion des acteurs politiques. Pour sa part, le Togo a saisi cette occasion pour exprimer sa gratitude aux partenaires europe\u0301ens pour leur accompagnement technique multiforme tout au long de ce processus.<\/p>\n<p>S\u2019agissant de la gouvernance e\u0301conomique et la lutte contre la corruption, la partie europe\u0301enne a salue\u0301 les nombreuses mesures prises par le gouvernement togolais pour mitiger l\u2019impact de la vie che\u0300re sur les populations les plus vulne\u0301rables, ainsi que le lancement de l\u2019exercice PEFA d\u2019e\u0301valuation des finances publiques, et la re\u0301cente adoption par le Togo de la Strate\u0301gie nationale de lutte contre la corruption. Ella a encourage\u0301 le gouvernement togolais a\u0300 redoubler les efforts pour lutter contre l\u2019impunite\u0301 et a\u0300 cet effet, elle a re\u0301ite\u0301re\u0301 sa disposition a\u0300 conside\u0301rer un appui spe\u0301cifique au parquet.<\/p>\n<p>En ce qui concerne l\u2019Examen pe\u0301riodique universel, les deux parties se sont fe\u0301licite\u0301es des progre\u0300s enregistre\u0301s dans la mise en \u0153uvre des recommandations faites lors de l\u2019examen pre\u0301ce\u0301dent en 2021. La partie europe\u0301enne a saisi l\u2019opportunite\u0301 pour encourager le gouvernement a\u0300 poursuivre ses efforts de consolidation de l\u2019Etat de droit et de promotion des droits de l\u2019homme.<\/p>\n<p><strong>Pour plus d&rsquo;informations et d&rsquo;analyses sur la <a href=\"https:\/\/www.africa-press.net\/togo\">Togo<\/a>, suivez <a href=\"https:\/\/www.africa-press.net\/\">Africa-Press<\/a><\/strong><\/p>\n","protected":false},"excerpt":{"rendered":"<p>Africa-Press &#8211; Togo. Lundi 7 novembre 2022 a\u0300 Lome\u0301, le gouvernment togolais a tenu la 1e\u0300re session du Dialogue de partenariat avec l\u2019Union Europe\u0301enne (UE). Les discussions ont porte\u0301 sur divers sujets, notamment le terrorisme, l\u2019impact de la guerre en Ukraine, les e\u0301lections a\u0300 venir et d\u2019autres sujets d\u2019actualite\u0301s. Lire le communique\u0301 ayannt sanctionne\u0301 les [&hellip;]<\/p>\n","protected":false},"author":82,"featured_media":13525,"comment_status":"open","ping_status":"closed","sticky":false,"template":"","format":"standard","meta":{"footnotes":""},"categories":[2,20,10],"tags":[36,49,50],"class_list":["post-13526","post","type-post","status-publish","format-standard","has-post-thumbnail","hentry","category-politique","category-top-nouvelles","category-toutes-les-actualites","tag-africa-press","tag-africa-press-togo","tag-togo"],"yoast_head":"<!-- This site is optimized with the Yoast SEO Premium plugin v26.1 (Yoast SEO v27.0) - https:\/\/yoast.com\/product\/yoast-seo-premium-wordpress\/ -->\n<title>Dialogue Togo-UE : Voici le compte rendu des travaux - Togo<\/title>\n<meta name=\"description\" content=\"Lundi 7 novembre 2022 a\u0300 Lome\u0301, le gouvernment togolais a tenu la 1e\u0300re session du Dialogue de partenariat avec l\u2019Uni ...\" \/>\n<meta name=\"robots\" content=\"index, follow, max-snippet:-1, max-image-preview:large, max-video-preview:-1\" \/>\n<link rel=\"canonical\" href=\"https:\/\/www.africa-press.net\/togo\/politique\/dialogue-togo-ue-voici-le-compte-rendu-des-travaux\" \/>\n<meta property=\"og:locale\" content=\"fr_FR\" \/>\n<meta property=\"og:type\" content=\"article\" \/>\n<meta property=\"og:title\" content=\"Dialogue Togo-UE : Voici le compte rendu des travaux\" \/>\n<meta property=\"og:description\" content=\"Lundi 7 novembre 2022 a\u0300 Lome\u0301, le gouvernment togolais a tenu la 1e\u0300re session du Dialogue de partenariat avec l\u2019Uni ...\" \/>\n<meta property=\"og:url\" content=\"https:\/\/www.africa-press.net\/togo\/politique\/dialogue-togo-ue-voici-le-compte-rendu-des-travaux\" \/>\n<meta property=\"og:site_name\" content=\"Togo\" \/>\n<meta property=\"article:published_time\" content=\"2022-11-08T16:50:38+00:00\" \/>\n<meta property=\"article:modified_time\" content=\"2022-11-08T17:33:07+00:00\" \/>\n<meta property=\"og:image\" content=\"https:\/\/static.africa-press.net\/togo\/sites\/58\/2022\/11\/postQueueImg_57.jpg\" \/>\n\t<meta property=\"og:image:width\" content=\"1280\" \/>\n\t<meta property=\"og:image:height\" content=\"800\" \/>\n\t<meta property=\"og:image:type\" content=\"image\/jpeg\" \/>\n<meta name=\"author\" content=\"cfeditorfr\" \/>\n<meta name=\"twitter:card\" content=\"summary_large_image\" \/>\n<meta name=\"twitter:label1\" content=\"\u00c9crit par\" \/>\n\t<meta name=\"twitter:data1\" content=\"cfeditorfr\" \/>\n\t<meta name=\"twitter:label2\" content=\"Dur\u00e9e de lecture estim\u00e9e\" \/>\n\t<meta name=\"twitter:data2\" content=\"4 minutes\" \/>\n<script type=\"application\/ld+json\" class=\"yoast-schema-graph\">{\"@context\":\"https:\/\/schema.org\",\"@graph\":[{\"@type\":\"Article\",\"@id\":\"https:\/\/www.africa-press.net\/togo\/politique\/dialogue-togo-ue-voici-le-compte-rendu-des-travaux#article\",\"isPartOf\":{\"@id\":\"https:\/\/www.africa-press.net\/togo\/politique\/dialogue-togo-ue-voici-le-compte-rendu-des-travaux\"},\"author\":{\"name\":\"cfeditorfr\",\"@id\":\"https:\/\/www.africa-press.net\/togo\/#\/schema\/person\/2b1cf3cd81a31e3cd26889ca66d677f1\"},\"headline\":\"Dialogue Togo-UE : Voici le compte rendu des travaux\",\"datePublished\":\"2022-11-08T16:50:38+00:00\",\"dateModified\":\"2022-11-08T17:33:07+00:00\",\"mainEntityOfPage\":{\"@id\":\"https:\/\/www.africa-press.net\/togo\/politique\/dialogue-togo-ue-voici-le-compte-rendu-des-travaux\"},\"wordCount\":863,\"commentCount\":0,\"image\":{\"@id\":\"https:\/\/www.africa-press.net\/togo\/politique\/dialogue-togo-ue-voici-le-compte-rendu-des-travaux#primaryimage\"},\"thumbnailUrl\":\"https:\/\/static.africa-press.net\/togo\/sites\/58\/2022\/11\/postQueueImg_57.jpg\",\"keywords\":[\"Africa Press\",\"Africa Press-Togo\",\"Togo\"],\"articleSection\":[\"Politique\",\"Top Nouvelles\",\"Toutes les actualit\u00e9s\"],\"inLanguage\":\"fr-FR\",\"potentialAction\":[{\"@type\":\"CommentAction\",\"name\":\"Comment\",\"target\":[\"https:\/\/www.africa-press.net\/togo\/politique\/dialogue-togo-ue-voici-le-compte-rendu-des-travaux#respond\"]}]},{\"@type\":\"WebPage\",\"@id\":\"https:\/\/www.africa-press.net\/togo\/politique\/dialogue-togo-ue-voici-le-compte-rendu-des-travaux\",\"url\":\"https:\/\/www.africa-press.net\/togo\/politique\/dialogue-togo-ue-voici-le-compte-rendu-des-travaux\",\"name\":\"Dialogue Togo-UE : Voici le compte rendu des travaux - Togo\",\"isPartOf\":{\"@id\":\"https:\/\/www.africa-press.net\/togo\/#website\"},\"primaryImageOfPage\":{\"@id\":\"https:\/\/www.africa-press.net\/togo\/politique\/dialogue-togo-ue-voici-le-compte-rendu-des-travaux#primaryimage\"},\"image\":{\"@id\":\"https:\/\/www.africa-press.net\/togo\/politique\/dialogue-togo-ue-voici-le-compte-rendu-des-travaux#primaryimage\"},\"thumbnailUrl\":\"https:\/\/static.africa-press.net\/togo\/sites\/58\/2022\/11\/postQueueImg_57.jpg\",\"datePublished\":\"2022-11-08T16:50:38+00:00\",\"dateModified\":\"2022-11-08T17:33:07+00:00\",\"author\":{\"@id\":\"https:\/\/www.africa-press.net\/togo\/#\/schema\/person\/2b1cf3cd81a31e3cd26889ca66d677f1\"},\"description\":\"Lundi 7 novembre 2022 a\u0300 Lome\u0301, le gouvernment togolais a tenu la 1e\u0300re session du Dialogue de partenariat avec l\u2019Uni ...\",\"breadcrumb\":{\"@id\":\"https:\/\/www.africa-press.net\/togo\/politique\/dialogue-togo-ue-voici-le-compte-rendu-des-travaux#breadcrumb\"},\"inLanguage\":\"fr-FR\",\"potentialAction\":[{\"@type\":\"ReadAction\",\"target\":[\"https:\/\/www.africa-press.net\/togo\/politique\/dialogue-togo-ue-voici-le-compte-rendu-des-travaux\"]}]},{\"@type\":\"ImageObject\",\"inLanguage\":\"fr-FR\",\"@id\":\"https:\/\/www.africa-press.net\/togo\/politique\/dialogue-togo-ue-voici-le-compte-rendu-des-travaux#primaryimage\",\"url\":\"https:\/\/static.africa-press.net\/togo\/sites\/58\/2022\/11\/postQueueImg_57.jpg\",\"contentUrl\":\"https:\/\/static.africa-press.net\/togo\/sites\/58\/2022\/11\/postQueueImg_57.jpg\",\"width\":1280,\"height\":800,\"caption\":\"Dialogue Togo-UE : Voici le compte rendu des travaux\"},{\"@type\":\"BreadcrumbList\",\"@id\":\"https:\/\/www.africa-press.net\/togo\/politique\/dialogue-togo-ue-voici-le-compte-rendu-des-travaux#breadcrumb\",\"itemListElement\":[{\"@type\":\"ListItem\",\"position\":1,\"name\":\"Accueil\",\"item\":\"https:\/\/www.africa-press.net\/togo\/\"},{\"@type\":\"ListItem\",\"position\":2,\"name\":\"Dialogue Togo-UE : Voici le compte rendu des travaux\"}]},{\"@type\":\"WebSite\",\"@id\":\"https:\/\/www.africa-press.net\/togo\/#website\",\"url\":\"https:\/\/www.africa-press.net\/togo\/\",\"name\":\"Togo\",\"description\":\"Just another Africa News Agency Sites site\",\"potentialAction\":[{\"@type\":\"SearchAction\",\"target\":{\"@type\":\"EntryPoint\",\"urlTemplate\":\"https:\/\/www.africa-press.net\/togo\/?s={search_term_string}\"},\"query-input\":{\"@type\":\"PropertyValueSpecification\",\"valueRequired\":true,\"valueName\":\"search_term_string\"}}],\"inLanguage\":\"fr-FR\"},{\"@type\":\"Person\",\"@id\":\"https:\/\/www.africa-press.net\/togo\/#\/schema\/person\/2b1cf3cd81a31e3cd26889ca66d677f1\",\"name\":\"cfeditorfr\"}]}<\/script>\n<!-- \/ Yoast SEO Premium plugin. -->","yoast_head_json":{"title":"Dialogue Togo-UE : Voici le compte rendu des travaux - Togo","description":"Lundi 7 novembre 2022 a\u0300 Lome\u0301, le gouvernment togolais a tenu la 1e\u0300re session du Dialogue de partenariat avec l\u2019Uni ...","robots":{"index":"index","follow":"follow","max-snippet":"max-snippet:-1","max-image-preview":"max-image-preview:large","max-video-preview":"max-video-preview:-1"},"canonical":"https:\/\/www.africa-press.net\/togo\/politique\/dialogue-togo-ue-voici-le-compte-rendu-des-travaux","og_locale":"fr_FR","og_type":"article","og_title":"Dialogue Togo-UE : Voici le compte rendu des travaux","og_description":"Lundi 7 novembre 2022 a\u0300 Lome\u0301, le gouvernment togolais a tenu la 1e\u0300re session du Dialogue de partenariat avec l\u2019Uni ...","og_url":"https:\/\/www.africa-press.net\/togo\/politique\/dialogue-togo-ue-voici-le-compte-rendu-des-travaux","og_site_name":"Togo","article_published_time":"2022-11-08T16:50:38+00:00","article_modified_time":"2022-11-08T17:33:07+00:00","og_image":[{"width":1280,"height":800,"url":"https:\/\/static.africa-press.net\/togo\/sites\/58\/2022\/11\/postQueueImg_57.jpg","type":"image\/jpeg"}],"author":"cfeditorfr","twitter_card":"summary_large_image","twitter_misc":{"\u00c9crit par":"cfeditorfr","Dur\u00e9e de lecture estim\u00e9e":"4 minutes"},"schema":{"@context":"https:\/\/schema.org","@graph":[{"@type":"Article","@id":"https:\/\/www.africa-press.net\/togo\/politique\/dialogue-togo-ue-voici-le-compte-rendu-des-travaux#article","isPartOf":{"@id":"https:\/\/www.africa-press.net\/togo\/politique\/dialogue-togo-ue-voici-le-compte-rendu-des-travaux"},"author":{"name":"cfeditorfr","@id":"https:\/\/www.africa-press.net\/togo\/#\/schema\/person\/2b1cf3cd81a31e3cd26889ca66d677f1"},"headline":"Dialogue Togo-UE : Voici le compte rendu des travaux","datePublished":"2022-11-08T16:50:38+00:00","dateModified":"2022-11-08T17:33:07+00:00","mainEntityOfPage":{"@id":"https:\/\/www.africa-press.net\/togo\/politique\/dialogue-togo-ue-voici-le-compte-rendu-des-travaux"},"wordCount":863,"commentCount":0,"image":{"@id":"https:\/\/www.africa-press.net\/togo\/politique\/dialogue-togo-ue-voici-le-compte-rendu-des-travaux#primaryimage"},"thumbnailUrl":"https:\/\/static.africa-press.net\/togo\/sites\/58\/2022\/11\/postQueueImg_57.jpg","keywords":["Africa Press","Africa Press-Togo","Togo"],"articleSection":["Politique","Top Nouvelles","Toutes les actualit\u00e9s"],"inLanguage":"fr-FR","potentialAction":[{"@type":"CommentAction","name":"Comment","target":["https:\/\/www.africa-press.net\/togo\/politique\/dialogue-togo-ue-voici-le-compte-rendu-des-travaux#respond"]}]},{"@type":"WebPage","@id":"https:\/\/www.africa-press.net\/togo\/politique\/dialogue-togo-ue-voici-le-compte-rendu-des-travaux","url":"https:\/\/www.africa-press.net\/togo\/politique\/dialogue-togo-ue-voici-le-compte-rendu-des-travaux","name":"Dialogue Togo-UE : Voici le compte rendu des travaux - Togo","isPartOf":{"@id":"https:\/\/www.africa-press.net\/togo\/#website"},"primaryImageOfPage":{"@id":"https:\/\/www.africa-press.net\/togo\/politique\/dialogue-togo-ue-voici-le-compte-rendu-des-travaux#primaryimage"},"image":{"@id":"https:\/\/www.africa-press.net\/togo\/politique\/dialogue-togo-ue-voici-le-compte-rendu-des-travaux#primaryimage"},"thumbnailUrl":"https:\/\/static.africa-press.net\/togo\/sites\/58\/2022\/11\/postQueueImg_57.jpg","datePublished":"2022-11-08T16:50:38+00:00","dateModified":"2022-11-08T17:33:07+00:00","author":{"@id":"https:\/\/www.africa-press.net\/togo\/#\/schema\/person\/2b1cf3cd81a31e3cd26889ca66d677f1"},"description":"Lundi 7 novembre 2022 a\u0300 Lome\u0301, le gouvernment togolais a tenu la 1e\u0300re session du Dialogue de partenariat avec l\u2019Uni ...","breadcrumb":{"@id":"https:\/\/www.africa-press.net\/togo\/politique\/dialogue-togo-ue-voici-le-compte-rendu-des-travaux#breadcrumb"},"inLanguage":"fr-FR","potentialAction":[{"@type":"ReadAction","target":["https:\/\/www.africa-press.net\/togo\/politique\/dialogue-togo-ue-voici-le-compte-rendu-des-travaux"]}]},{"@type":"ImageObject","inLanguage":"fr-FR","@id":"https:\/\/www.africa-press.net\/togo\/politique\/dialogue-togo-ue-voici-le-compte-rendu-des-travaux#primaryimage","url":"https:\/\/static.africa-press.net\/togo\/sites\/58\/2022\/11\/postQueueImg_57.jpg","contentUrl":"https:\/\/static.africa-press.net\/togo\/sites\/58\/2022\/11\/postQueueImg_57.jpg","width":1280,"height":800,"caption":"Dialogue Togo-UE : Voici le compte rendu des travaux"},{"@type":"BreadcrumbList","@id":"https:\/\/www.africa-press.net\/togo\/politique\/dialogue-togo-ue-voici-le-compte-rendu-des-travaux#breadcrumb","itemListElement":[{"@type":"ListItem","position":1,"name":"Accueil","item":"https:\/\/www.africa-press.net\/togo\/"},{"@type":"ListItem","position":2,"name":"Dialogue Togo-UE : Voici le compte rendu des travaux"}]},{"@type":"WebSite","@id":"https:\/\/www.africa-press.net\/togo\/#website","url":"https:\/\/www.africa-press.net\/togo\/","name":"Togo","description":"Just another Africa News Agency Sites site","potentialAction":[{"@type":"SearchAction","target":{"@type":"EntryPoint","urlTemplate":"https:\/\/www.africa-press.net\/togo\/?s={search_term_string}"},"query-input":{"@type":"PropertyValueSpecification","valueRequired":true,"valueName":"search_term_string"}}],"inLanguage":"fr-FR"},{"@type":"Person","@id":"https:\/\/www.africa-press.net\/togo\/#\/schema\/person\/2b1cf3cd81a31e3cd26889ca66d677f1","name":"cfeditorfr"}]}},"_links":{"self":[{"href":"https:\/\/www.africa-press.net\/togo\/wp-json\/wp\/v2\/posts\/13526","targetHints":{"allow":["GET"]}}],"collection":[{"href":"https:\/\/www.africa-press.net\/togo\/wp-json\/wp\/v2\/posts"}],"about":[{"href":"https:\/\/www.africa-press.net\/togo\/wp-json\/wp\/v2\/types\/post"}],"author":[{"embeddable":true,"href":"https:\/\/www.africa-press.net\/togo\/wp-json\/wp\/v2\/users\/82"}],"replies":[{"embeddable":true,"href":"https:\/\/www.africa-press.net\/togo\/wp-json\/wp\/v2\/comments?post=13526"}],"version-history":[{"count":0,"href":"https:\/\/www.africa-press.net\/togo\/wp-json\/wp\/v2\/posts\/13526\/revisions"}],"wp:featuredmedia":[{"embeddable":true,"href":"https:\/\/www.africa-press.net\/togo\/wp-json\/wp\/v2\/media\/13525"}],"wp:attachment":[{"href":"https:\/\/www.africa-press.net\/togo\/wp-json\/wp\/v2\/media?parent=13526"}],"wp:term":[{"taxonomy":"category","embeddable":true,"href":"https:\/\/www.africa-press.net\/togo\/wp-json\/wp\/v2\/categories?post=13526"},{"taxonomy":"post_tag","embeddable":true,"href":"https:\/\/www.africa-press.net\/togo\/wp-json\/wp\/v2\/tags?post=13526"}],"curies":[{"name":"wp","href":"https:\/\/api.w.org\/{rel}","templated":true}]}}