{"id":13544,"date":"2022-11-08T16:53:18","date_gmt":"2022-11-08T16:53:18","guid":{"rendered":"https:\/\/www.africa-press.net\/togo\/politique\/togo-robert-dussey-a-mme-jocelyne-caballero"},"modified":"2022-11-08T17:38:22","modified_gmt":"2022-11-08T17:38:22","slug":"togo-robert-dussey-a-mme-jocelyne-caballero","status":"publish","type":"post","link":"https:\/\/www.africa-press.net\/togo\/politique\/togo-robert-dussey-a-mme-jocelyne-caballero","title":{"rendered":"Togo-Robert Dussey \u00e0 Mme Jocelyne Caballero"},"content":{"rendered":"<p><span style=\"color: #ff6600\"><strong>Africa-Press &#8211; Togo. <\/strong><\/span><b>L\u2019ambassadrice de France au Togo Mme Jocelyne Caballero est en fin de mission. Ce weekend, Prof. Robert Dussey, ministre togolais e charge des Affaires e\u0301trange\u0300res a donne\u0301 un di\u0302ner en son honneur.<\/b><\/p>\n<p>\u201cVous e\u0302tes une diplomate chevronne\u0301e au parcours remarquable. Malgre\u0301 les difficulte\u0301s lie\u0301es a\u0300 la pande\u0301mie, vous n\u2019avez me\u0301nage\u0301 aucun effort pour garder tre\u0300s dynamique la coope\u0301ration et les bonnes relations entre nos deux pays. Bon retour dans votre pays et succe\u0300s dans vos nouvelles fonctions\u201d, a indique\u0301 le ministre Dussey.<\/p>\n<p>En fin de mission dans notre pays, je remercie Mme Jocelyne Caballero Amb. de #France au Togo pour toutes les actions mene\u0301es au cours de son se\u0301jours.. . Vive la l amitie\u0301 et la coope\u0301ration entre le #Togo et la #France pic.twitter.com\/rFkJs9I1oN<\/p>\n<p>La diplomate franc\u0327aise qui repart dans son pays, sera remplace\u0301 par son homologue Augustin Favereau.<\/p>\n<p><strong>Pour plus d&rsquo;informations et d&rsquo;analyses sur la <a href=\"https:\/\/www.africa-press.net\/togo\">Togo<\/a>, suivez <a href=\"https:\/\/www.africa-press.net\/\">Africa-Press<\/a><\/strong><\/p>\n","protected":false},"excerpt":{"rendered":"<p>Africa-Press &#8211; Togo. L\u2019ambassadrice de France au Togo Mme Jocelyne Caballero est en fin de mission. Ce weekend, Prof. Robert Dussey, ministre togolais e charge des Affaires e\u0301trange\u0300res a donne\u0301 un di\u0302ner en son honneur. \u201cVous e\u0302tes une diplomate chevronne\u0301e au parcours remarquable. Malgre\u0301 les difficulte\u0301s lie\u0301es a\u0300 la pande\u0301mie, vous n\u2019avez me\u0301nage\u0301 aucun effort [&hellip;]<\/p>\n","protected":false},"author":82,"featured_media":13543,"comment_status":"open","ping_status":"closed","sticky":false,"template":"","format":"standard","meta":{"footnotes":""},"categories":[2,10],"tags":[36,49,50],"class_list":["post-13544","post","type-post","status-publish","format-standard","has-post-thumbnail","hentry","category-politique","category-toutes-les-actualites","tag-africa-press","tag-africa-press-togo","tag-togo"],"yoast_head":"<!-- This site is optimized with the Yoast SEO Premium plugin v26.1 (Yoast SEO v27.0) - https:\/\/yoast.com\/product\/yoast-seo-premium-wordpress\/ -->\n<title>Togo-Robert Dussey \u00e0 Mme Jocelyne Caballero - Togo<\/title>\n<meta name=\"description\" content=\"L\u2019ambassadrice de France au Togo Mme Jocelyne Caballero est en fin de mission. Ce weekend, Prof. Robert Dussey, minis ...\" \/>\n<meta name=\"robots\" content=\"index, follow, max-snippet:-1, max-image-preview:large, max-video-preview:-1\" \/>\n<link rel=\"canonical\" href=\"https:\/\/www.africa-press.net\/togo\/politique\/togo-robert-dussey-a-mme-jocelyne-caballero\" \/>\n<meta property=\"og:locale\" content=\"fr_FR\" \/>\n<meta property=\"og:type\" content=\"article\" \/>\n<meta property=\"og:title\" content=\"Togo-Robert Dussey \u00e0 Mme Jocelyne Caballero\" \/>\n<meta property=\"og:description\" content=\"L\u2019ambassadrice de France au Togo Mme Jocelyne Caballero est en fin de mission. Ce weekend, Prof. Robert Dussey, minis ...\" \/>\n<meta property=\"og:url\" content=\"https:\/\/www.africa-press.net\/togo\/politique\/togo-robert-dussey-a-mme-jocelyne-caballero\" \/>\n<meta property=\"og:site_name\" content=\"Togo\" \/>\n<meta property=\"article:published_time\" content=\"2022-11-08T16:53:18+00:00\" \/>\n<meta property=\"article:modified_time\" content=\"2022-11-08T17:38:22+00:00\" \/>\n<meta property=\"og:image\" content=\"https:\/\/static.africa-press.net\/togo\/sites\/58\/2022\/11\/postQueueImg_63.jpg\" \/>\n\t<meta property=\"og:image:width\" content=\"1280\" \/>\n\t<meta property=\"og:image:height\" content=\"804\" \/>\n\t<meta property=\"og:image:type\" content=\"image\/jpeg\" \/>\n<meta name=\"author\" content=\"cfeditorfr\" \/>\n<meta name=\"twitter:card\" content=\"summary_large_image\" \/>\n<meta name=\"twitter:label1\" content=\"\u00c9crit par\" \/>\n\t<meta name=\"twitter:data1\" content=\"cfeditorfr\" \/>\n\t<meta name=\"twitter:label2\" content=\"Dur\u00e9e de lecture estim\u00e9e\" \/>\n\t<meta name=\"twitter:data2\" content=\"1 minute\" \/>\n<script type=\"application\/ld+json\" class=\"yoast-schema-graph\">{\"@context\":\"https:\/\/schema.org\",\"@graph\":[{\"@type\":\"Article\",\"@id\":\"https:\/\/www.africa-press.net\/togo\/politique\/togo-robert-dussey-a-mme-jocelyne-caballero#article\",\"isPartOf\":{\"@id\":\"https:\/\/www.africa-press.net\/togo\/politique\/togo-robert-dussey-a-mme-jocelyne-caballero\"},\"author\":{\"name\":\"cfeditorfr\",\"@id\":\"https:\/\/www.africa-press.net\/togo\/#\/schema\/person\/2b1cf3cd81a31e3cd26889ca66d677f1\"},\"headline\":\"Togo-Robert Dussey \u00e0 Mme Jocelyne Caballero\",\"datePublished\":\"2022-11-08T16:53:18+00:00\",\"dateModified\":\"2022-11-08T17:38:22+00:00\",\"mainEntityOfPage\":{\"@id\":\"https:\/\/www.africa-press.net\/togo\/politique\/togo-robert-dussey-a-mme-jocelyne-caballero\"},\"wordCount\":181,\"commentCount\":0,\"image\":{\"@id\":\"https:\/\/www.africa-press.net\/togo\/politique\/togo-robert-dussey-a-mme-jocelyne-caballero#primaryimage\"},\"thumbnailUrl\":\"https:\/\/static.africa-press.net\/togo\/sites\/58\/2022\/11\/postQueueImg_63.jpg\",\"keywords\":[\"Africa Press\",\"Africa Press-Togo\",\"Togo\"],\"articleSection\":[\"Politique\",\"Toutes les actualit\u00e9s\"],\"inLanguage\":\"fr-FR\",\"potentialAction\":[{\"@type\":\"CommentAction\",\"name\":\"Comment\",\"target\":[\"https:\/\/www.africa-press.net\/togo\/politique\/togo-robert-dussey-a-mme-jocelyne-caballero#respond\"]}]},{\"@type\":\"WebPage\",\"@id\":\"https:\/\/www.africa-press.net\/togo\/politique\/togo-robert-dussey-a-mme-jocelyne-caballero\",\"url\":\"https:\/\/www.africa-press.net\/togo\/politique\/togo-robert-dussey-a-mme-jocelyne-caballero\",\"name\":\"Togo-Robert Dussey \u00e0 Mme Jocelyne Caballero - Togo\",\"isPartOf\":{\"@id\":\"https:\/\/www.africa-press.net\/togo\/#website\"},\"primaryImageOfPage\":{\"@id\":\"https:\/\/www.africa-press.net\/togo\/politique\/togo-robert-dussey-a-mme-jocelyne-caballero#primaryimage\"},\"image\":{\"@id\":\"https:\/\/www.africa-press.net\/togo\/politique\/togo-robert-dussey-a-mme-jocelyne-caballero#primaryimage\"},\"thumbnailUrl\":\"https:\/\/static.africa-press.net\/togo\/sites\/58\/2022\/11\/postQueueImg_63.jpg\",\"datePublished\":\"2022-11-08T16:53:18+00:00\",\"dateModified\":\"2022-11-08T17:38:22+00:00\",\"author\":{\"@id\":\"https:\/\/www.africa-press.net\/togo\/#\/schema\/person\/2b1cf3cd81a31e3cd26889ca66d677f1\"},\"description\":\"L\u2019ambassadrice de France au Togo Mme Jocelyne Caballero est en fin de mission. Ce weekend, Prof. Robert Dussey, minis ...\",\"breadcrumb\":{\"@id\":\"https:\/\/www.africa-press.net\/togo\/politique\/togo-robert-dussey-a-mme-jocelyne-caballero#breadcrumb\"},\"inLanguage\":\"fr-FR\",\"potentialAction\":[{\"@type\":\"ReadAction\",\"target\":[\"https:\/\/www.africa-press.net\/togo\/politique\/togo-robert-dussey-a-mme-jocelyne-caballero\"]}]},{\"@type\":\"ImageObject\",\"inLanguage\":\"fr-FR\",\"@id\":\"https:\/\/www.africa-press.net\/togo\/politique\/togo-robert-dussey-a-mme-jocelyne-caballero#primaryimage\",\"url\":\"https:\/\/static.africa-press.net\/togo\/sites\/58\/2022\/11\/postQueueImg_63.jpg\",\"contentUrl\":\"https:\/\/static.africa-press.net\/togo\/sites\/58\/2022\/11\/postQueueImg_63.jpg\",\"width\":1280,\"height\":804,\"caption\":\"Togo-Robert Dussey \u00e0 Mme Jocelyne Caballero\"},{\"@type\":\"BreadcrumbList\",\"@id\":\"https:\/\/www.africa-press.net\/togo\/politique\/togo-robert-dussey-a-mme-jocelyne-caballero#breadcrumb\",\"itemListElement\":[{\"@type\":\"ListItem\",\"position\":1,\"name\":\"Accueil\",\"item\":\"https:\/\/www.africa-press.net\/togo\/\"},{\"@type\":\"ListItem\",\"position\":2,\"name\":\"Togo-Robert Dussey \u00e0 Mme Jocelyne Caballero\"}]},{\"@type\":\"WebSite\",\"@id\":\"https:\/\/www.africa-press.net\/togo\/#website\",\"url\":\"https:\/\/www.africa-press.net\/togo\/\",\"name\":\"Togo\",\"description\":\"Just another Africa News Agency Sites site\",\"potentialAction\":[{\"@type\":\"SearchAction\",\"target\":{\"@type\":\"EntryPoint\",\"urlTemplate\":\"https:\/\/www.africa-press.net\/togo\/?s={search_term_string}\"},\"query-input\":{\"@type\":\"PropertyValueSpecification\",\"valueRequired\":true,\"valueName\":\"search_term_string\"}}],\"inLanguage\":\"fr-FR\"},{\"@type\":\"Person\",\"@id\":\"https:\/\/www.africa-press.net\/togo\/#\/schema\/person\/2b1cf3cd81a31e3cd26889ca66d677f1\",\"name\":\"cfeditorfr\"}]}<\/script>\n<!-- \/ Yoast SEO Premium plugin. -->","yoast_head_json":{"title":"Togo-Robert Dussey \u00e0 Mme Jocelyne Caballero - Togo","description":"L\u2019ambassadrice de France au Togo Mme Jocelyne Caballero est en fin de mission. Ce weekend, Prof. Robert Dussey, minis ...","robots":{"index":"index","follow":"follow","max-snippet":"max-snippet:-1","max-image-preview":"max-image-preview:large","max-video-preview":"max-video-preview:-1"},"canonical":"https:\/\/www.africa-press.net\/togo\/politique\/togo-robert-dussey-a-mme-jocelyne-caballero","og_locale":"fr_FR","og_type":"article","og_title":"Togo-Robert Dussey \u00e0 Mme Jocelyne Caballero","og_description":"L\u2019ambassadrice de France au Togo Mme Jocelyne Caballero est en fin de mission. Ce weekend, Prof. Robert Dussey, minis ...","og_url":"https:\/\/www.africa-press.net\/togo\/politique\/togo-robert-dussey-a-mme-jocelyne-caballero","og_site_name":"Togo","article_published_time":"2022-11-08T16:53:18+00:00","article_modified_time":"2022-11-08T17:38:22+00:00","og_image":[{"width":1280,"height":804,"url":"https:\/\/static.africa-press.net\/togo\/sites\/58\/2022\/11\/postQueueImg_63.jpg","type":"image\/jpeg"}],"author":"cfeditorfr","twitter_card":"summary_large_image","twitter_misc":{"\u00c9crit par":"cfeditorfr","Dur\u00e9e de lecture estim\u00e9e":"1 minute"},"schema":{"@context":"https:\/\/schema.org","@graph":[{"@type":"Article","@id":"https:\/\/www.africa-press.net\/togo\/politique\/togo-robert-dussey-a-mme-jocelyne-caballero#article","isPartOf":{"@id":"https:\/\/www.africa-press.net\/togo\/politique\/togo-robert-dussey-a-mme-jocelyne-caballero"},"author":{"name":"cfeditorfr","@id":"https:\/\/www.africa-press.net\/togo\/#\/schema\/person\/2b1cf3cd81a31e3cd26889ca66d677f1"},"headline":"Togo-Robert Dussey \u00e0 Mme Jocelyne Caballero","datePublished":"2022-11-08T16:53:18+00:00","dateModified":"2022-11-08T17:38:22+00:00","mainEntityOfPage":{"@id":"https:\/\/www.africa-press.net\/togo\/politique\/togo-robert-dussey-a-mme-jocelyne-caballero"},"wordCount":181,"commentCount":0,"image":{"@id":"https:\/\/www.africa-press.net\/togo\/politique\/togo-robert-dussey-a-mme-jocelyne-caballero#primaryimage"},"thumbnailUrl":"https:\/\/static.africa-press.net\/togo\/sites\/58\/2022\/11\/postQueueImg_63.jpg","keywords":["Africa Press","Africa Press-Togo","Togo"],"articleSection":["Politique","Toutes les actualit\u00e9s"],"inLanguage":"fr-FR","potentialAction":[{"@type":"CommentAction","name":"Comment","target":["https:\/\/www.africa-press.net\/togo\/politique\/togo-robert-dussey-a-mme-jocelyne-caballero#respond"]}]},{"@type":"WebPage","@id":"https:\/\/www.africa-press.net\/togo\/politique\/togo-robert-dussey-a-mme-jocelyne-caballero","url":"https:\/\/www.africa-press.net\/togo\/politique\/togo-robert-dussey-a-mme-jocelyne-caballero","name":"Togo-Robert Dussey \u00e0 Mme Jocelyne Caballero - Togo","isPartOf":{"@id":"https:\/\/www.africa-press.net\/togo\/#website"},"primaryImageOfPage":{"@id":"https:\/\/www.africa-press.net\/togo\/politique\/togo-robert-dussey-a-mme-jocelyne-caballero#primaryimage"},"image":{"@id":"https:\/\/www.africa-press.net\/togo\/politique\/togo-robert-dussey-a-mme-jocelyne-caballero#primaryimage"},"thumbnailUrl":"https:\/\/static.africa-press.net\/togo\/sites\/58\/2022\/11\/postQueueImg_63.jpg","datePublished":"2022-11-08T16:53:18+00:00","dateModified":"2022-11-08T17:38:22+00:00","author":{"@id":"https:\/\/www.africa-press.net\/togo\/#\/schema\/person\/2b1cf3cd81a31e3cd26889ca66d677f1"},"description":"L\u2019ambassadrice de France au Togo Mme Jocelyne Caballero est en fin de mission. Ce weekend, Prof. Robert Dussey, minis ...","breadcrumb":{"@id":"https:\/\/www.africa-press.net\/togo\/politique\/togo-robert-dussey-a-mme-jocelyne-caballero#breadcrumb"},"inLanguage":"fr-FR","potentialAction":[{"@type":"ReadAction","target":["https:\/\/www.africa-press.net\/togo\/politique\/togo-robert-dussey-a-mme-jocelyne-caballero"]}]},{"@type":"ImageObject","inLanguage":"fr-FR","@id":"https:\/\/www.africa-press.net\/togo\/politique\/togo-robert-dussey-a-mme-jocelyne-caballero#primaryimage","url":"https:\/\/static.africa-press.net\/togo\/sites\/58\/2022\/11\/postQueueImg_63.jpg","contentUrl":"https:\/\/static.africa-press.net\/togo\/sites\/58\/2022\/11\/postQueueImg_63.jpg","width":1280,"height":804,"caption":"Togo-Robert Dussey \u00e0 Mme Jocelyne Caballero"},{"@type":"BreadcrumbList","@id":"https:\/\/www.africa-press.net\/togo\/politique\/togo-robert-dussey-a-mme-jocelyne-caballero#breadcrumb","itemListElement":[{"@type":"ListItem","position":1,"name":"Accueil","item":"https:\/\/www.africa-press.net\/togo\/"},{"@type":"ListItem","position":2,"name":"Togo-Robert Dussey \u00e0 Mme Jocelyne Caballero"}]},{"@type":"WebSite","@id":"https:\/\/www.africa-press.net\/togo\/#website","url":"https:\/\/www.africa-press.net\/togo\/","name":"Togo","description":"Just another Africa News Agency Sites site","potentialAction":[{"@type":"SearchAction","target":{"@type":"EntryPoint","urlTemplate":"https:\/\/www.africa-press.net\/togo\/?s={search_term_string}"},"query-input":{"@type":"PropertyValueSpecification","valueRequired":true,"valueName":"search_term_string"}}],"inLanguage":"fr-FR"},{"@type":"Person","@id":"https:\/\/www.africa-press.net\/togo\/#\/schema\/person\/2b1cf3cd81a31e3cd26889ca66d677f1","name":"cfeditorfr"}]}},"_links":{"self":[{"href":"https:\/\/www.africa-press.net\/togo\/wp-json\/wp\/v2\/posts\/13544","targetHints":{"allow":["GET"]}}],"collection":[{"href":"https:\/\/www.africa-press.net\/togo\/wp-json\/wp\/v2\/posts"}],"about":[{"href":"https:\/\/www.africa-press.net\/togo\/wp-json\/wp\/v2\/types\/post"}],"author":[{"embeddable":true,"href":"https:\/\/www.africa-press.net\/togo\/wp-json\/wp\/v2\/users\/82"}],"replies":[{"embeddable":true,"href":"https:\/\/www.africa-press.net\/togo\/wp-json\/wp\/v2\/comments?post=13544"}],"version-history":[{"count":0,"href":"https:\/\/www.africa-press.net\/togo\/wp-json\/wp\/v2\/posts\/13544\/revisions"}],"wp:featuredmedia":[{"embeddable":true,"href":"https:\/\/www.africa-press.net\/togo\/wp-json\/wp\/v2\/media\/13543"}],"wp:attachment":[{"href":"https:\/\/www.africa-press.net\/togo\/wp-json\/wp\/v2\/media?parent=13544"}],"wp:term":[{"taxonomy":"category","embeddable":true,"href":"https:\/\/www.africa-press.net\/togo\/wp-json\/wp\/v2\/categories?post=13544"},{"taxonomy":"post_tag","embeddable":true,"href":"https:\/\/www.africa-press.net\/togo\/wp-json\/wp\/v2\/tags?post=13544"}],"curies":[{"name":"wp","href":"https:\/\/api.w.org\/{rel}","templated":true}]}}