{"id":13550,"date":"2022-11-08T16:54:53","date_gmt":"2022-11-08T16:54:53","guid":{"rendered":"https:\/\/www.africa-press.net\/togo\/politique\/qui-est-augustin-favereau-le-nouvel-ambassadeur-de-la-france-au-togo"},"modified":"2022-11-08T17:39:13","modified_gmt":"2022-11-08T17:39:13","slug":"qui-est-augustin-favereau-le-nouvel-ambassadeur-de-la-france-au-togo","status":"publish","type":"post","link":"https:\/\/www.africa-press.net\/togo\/politique\/qui-est-augustin-favereau-le-nouvel-ambassadeur-de-la-france-au-togo","title":{"rendered":"Qui est Augustin Favereau, le nouvel ambassadeur de la France au Togo ?"},"content":{"rendered":"<p><span style=\"color: #ff6600\"><strong>Africa-Press &#8211; Togo. <\/strong><\/span><b>L\u2019ambassadrice franc\u0327aise Jocelyne Caballero est sur le de\u0301part. Sa mission diplomatique au Togo touche a\u0300 sa fin. Elle retourne en France pour une nouvelle fonction. <\/b><\/p>\n<p>Mme Jocelyne Caballero sera remplace\u0301e par son homologue Augustin Favereau (44 ans). L\u2019homme a de\u0301bute\u0301 sa carrie\u0300re au ministe\u0300re franc\u0327ais des Affaires e\u0301trange\u0300res en 2003 avant de partir a\u0300 Berlin puis, plus tard, a\u0300 l\u2019Institut franc\u0327ais de Je\u0301rusalem.<\/p>\n<p>Il a e\u0301galement occupe\u0301 le poste de conseiller pour les Affaires europe\u0301ennes et internationales au ministe\u0300re de l\u2019Agriculture. En 2013, il est charge\u0301 de mission et adjoint a\u0300 la sous-direction des affaires e\u0301conomiques internationales du ministe\u0300re de l\u2019Europe et des Affaires e\u0301trange\u0300res. Il y occupe depuis 2016 le poste de sous-directeur de la Culture et Me\u0301dias.<\/p>\n<p><strong>Pour plus d&rsquo;informations et d&rsquo;analyses sur la <a href=\"https:\/\/www.africa-press.net\/togo\">Togo<\/a>, suivez <a href=\"https:\/\/www.africa-press.net\/\">Africa-Press<\/a><\/strong><\/p>\n","protected":false},"excerpt":{"rendered":"<p>Africa-Press &#8211; Togo. L\u2019ambassadrice franc\u0327aise Jocelyne Caballero est sur le de\u0301part. Sa mission diplomatique au Togo touche a\u0300 sa fin. Elle retourne en France pour une nouvelle fonction. Mme Jocelyne Caballero sera remplace\u0301e par son homologue Augustin Favereau (44 ans). L\u2019homme a de\u0301bute\u0301 sa carrie\u0300re au ministe\u0300re franc\u0327ais des Affaires e\u0301trange\u0300res en 2003 avant de [&hellip;]<\/p>\n","protected":false},"author":82,"featured_media":13549,"comment_status":"open","ping_status":"closed","sticky":false,"template":"","format":"standard","meta":{"footnotes":""},"categories":[2,10],"tags":[36,49,50],"class_list":["post-13550","post","type-post","status-publish","format-standard","has-post-thumbnail","hentry","category-politique","category-toutes-les-actualites","tag-africa-press","tag-africa-press-togo","tag-togo"],"yoast_head":"<!-- This site is optimized with the Yoast SEO Premium plugin v26.1 (Yoast SEO v27.0) - https:\/\/yoast.com\/product\/yoast-seo-premium-wordpress\/ -->\n<title>Qui est Augustin Favereau, le nouvel ambassadeur de la France au Togo ? - Togo<\/title>\n<meta name=\"description\" content=\"L\u2019ambassadrice franc\u0327aise Jocelyne Caballero est sur le de\u0301part. Sa mission diplomatique au Togo touche a\u0300 sa fin. El ...\" \/>\n<meta name=\"robots\" content=\"index, follow, max-snippet:-1, max-image-preview:large, max-video-preview:-1\" \/>\n<link rel=\"canonical\" href=\"https:\/\/www.africa-press.net\/togo\/politique\/qui-est-augustin-favereau-le-nouvel-ambassadeur-de-la-france-au-togo\" \/>\n<meta property=\"og:locale\" content=\"fr_FR\" \/>\n<meta property=\"og:type\" content=\"article\" \/>\n<meta property=\"og:title\" content=\"Qui est Augustin Favereau, le nouvel ambassadeur de la France au Togo ?\" \/>\n<meta property=\"og:description\" content=\"L\u2019ambassadrice franc\u0327aise Jocelyne Caballero est sur le de\u0301part. Sa mission diplomatique au Togo touche a\u0300 sa fin. El ...\" \/>\n<meta property=\"og:url\" content=\"https:\/\/www.africa-press.net\/togo\/politique\/qui-est-augustin-favereau-le-nouvel-ambassadeur-de-la-france-au-togo\" \/>\n<meta property=\"og:site_name\" content=\"Togo\" \/>\n<meta property=\"article:published_time\" content=\"2022-11-08T16:54:53+00:00\" \/>\n<meta property=\"article:modified_time\" content=\"2022-11-08T17:39:13+00:00\" \/>\n<meta property=\"og:image\" content=\"https:\/\/static.africa-press.net\/togo\/sites\/58\/2022\/11\/postQueueImg_65.jpg\" \/>\n\t<meta property=\"og:image:width\" content=\"1280\" \/>\n\t<meta property=\"og:image:height\" content=\"802\" \/>\n\t<meta property=\"og:image:type\" content=\"image\/jpeg\" \/>\n<meta name=\"author\" content=\"cfeditorfr\" \/>\n<meta name=\"twitter:card\" content=\"summary_large_image\" \/>\n<meta name=\"twitter:label1\" content=\"\u00c9crit par\" \/>\n\t<meta name=\"twitter:data1\" content=\"cfeditorfr\" \/>\n\t<meta name=\"twitter:label2\" content=\"Dur\u00e9e de lecture estim\u00e9e\" \/>\n\t<meta name=\"twitter:data2\" content=\"1 minute\" \/>\n<script type=\"application\/ld+json\" class=\"yoast-schema-graph\">{\"@context\":\"https:\/\/schema.org\",\"@graph\":[{\"@type\":\"Article\",\"@id\":\"https:\/\/www.africa-press.net\/togo\/politique\/qui-est-augustin-favereau-le-nouvel-ambassadeur-de-la-france-au-togo#article\",\"isPartOf\":{\"@id\":\"https:\/\/www.africa-press.net\/togo\/politique\/qui-est-augustin-favereau-le-nouvel-ambassadeur-de-la-france-au-togo\"},\"author\":{\"name\":\"cfeditorfr\",\"@id\":\"https:\/\/www.africa-press.net\/togo\/#\/schema\/person\/2b1cf3cd81a31e3cd26889ca66d677f1\"},\"headline\":\"Qui est Augustin Favereau, le nouvel ambassadeur de la France au Togo ?\",\"datePublished\":\"2022-11-08T16:54:53+00:00\",\"dateModified\":\"2022-11-08T17:39:13+00:00\",\"mainEntityOfPage\":{\"@id\":\"https:\/\/www.africa-press.net\/togo\/politique\/qui-est-augustin-favereau-le-nouvel-ambassadeur-de-la-france-au-togo\"},\"wordCount\":166,\"commentCount\":0,\"image\":{\"@id\":\"https:\/\/www.africa-press.net\/togo\/politique\/qui-est-augustin-favereau-le-nouvel-ambassadeur-de-la-france-au-togo#primaryimage\"},\"thumbnailUrl\":\"https:\/\/static.africa-press.net\/togo\/sites\/58\/2022\/11\/postQueueImg_65.jpg\",\"keywords\":[\"Africa Press\",\"Africa Press-Togo\",\"Togo\"],\"articleSection\":[\"Politique\",\"Toutes les actualit\u00e9s\"],\"inLanguage\":\"fr-FR\",\"potentialAction\":[{\"@type\":\"CommentAction\",\"name\":\"Comment\",\"target\":[\"https:\/\/www.africa-press.net\/togo\/politique\/qui-est-augustin-favereau-le-nouvel-ambassadeur-de-la-france-au-togo#respond\"]}]},{\"@type\":\"WebPage\",\"@id\":\"https:\/\/www.africa-press.net\/togo\/politique\/qui-est-augustin-favereau-le-nouvel-ambassadeur-de-la-france-au-togo\",\"url\":\"https:\/\/www.africa-press.net\/togo\/politique\/qui-est-augustin-favereau-le-nouvel-ambassadeur-de-la-france-au-togo\",\"name\":\"Qui est Augustin Favereau, le nouvel ambassadeur de la France au Togo ? - Togo\",\"isPartOf\":{\"@id\":\"https:\/\/www.africa-press.net\/togo\/#website\"},\"primaryImageOfPage\":{\"@id\":\"https:\/\/www.africa-press.net\/togo\/politique\/qui-est-augustin-favereau-le-nouvel-ambassadeur-de-la-france-au-togo#primaryimage\"},\"image\":{\"@id\":\"https:\/\/www.africa-press.net\/togo\/politique\/qui-est-augustin-favereau-le-nouvel-ambassadeur-de-la-france-au-togo#primaryimage\"},\"thumbnailUrl\":\"https:\/\/static.africa-press.net\/togo\/sites\/58\/2022\/11\/postQueueImg_65.jpg\",\"datePublished\":\"2022-11-08T16:54:53+00:00\",\"dateModified\":\"2022-11-08T17:39:13+00:00\",\"author\":{\"@id\":\"https:\/\/www.africa-press.net\/togo\/#\/schema\/person\/2b1cf3cd81a31e3cd26889ca66d677f1\"},\"description\":\"L\u2019ambassadrice franc\u0327aise Jocelyne Caballero est sur le de\u0301part. Sa mission diplomatique au Togo touche a\u0300 sa fin. El ...\",\"breadcrumb\":{\"@id\":\"https:\/\/www.africa-press.net\/togo\/politique\/qui-est-augustin-favereau-le-nouvel-ambassadeur-de-la-france-au-togo#breadcrumb\"},\"inLanguage\":\"fr-FR\",\"potentialAction\":[{\"@type\":\"ReadAction\",\"target\":[\"https:\/\/www.africa-press.net\/togo\/politique\/qui-est-augustin-favereau-le-nouvel-ambassadeur-de-la-france-au-togo\"]}]},{\"@type\":\"ImageObject\",\"inLanguage\":\"fr-FR\",\"@id\":\"https:\/\/www.africa-press.net\/togo\/politique\/qui-est-augustin-favereau-le-nouvel-ambassadeur-de-la-france-au-togo#primaryimage\",\"url\":\"https:\/\/static.africa-press.net\/togo\/sites\/58\/2022\/11\/postQueueImg_65.jpg\",\"contentUrl\":\"https:\/\/static.africa-press.net\/togo\/sites\/58\/2022\/11\/postQueueImg_65.jpg\",\"width\":1280,\"height\":802,\"caption\":\"Qui est Augustin Favereau, le nouvel ambassadeur de la France au Togo ?\"},{\"@type\":\"BreadcrumbList\",\"@id\":\"https:\/\/www.africa-press.net\/togo\/politique\/qui-est-augustin-favereau-le-nouvel-ambassadeur-de-la-france-au-togo#breadcrumb\",\"itemListElement\":[{\"@type\":\"ListItem\",\"position\":1,\"name\":\"Accueil\",\"item\":\"https:\/\/www.africa-press.net\/togo\/\"},{\"@type\":\"ListItem\",\"position\":2,\"name\":\"Qui est Augustin Favereau, le nouvel ambassadeur de la France au Togo ?\"}]},{\"@type\":\"WebSite\",\"@id\":\"https:\/\/www.africa-press.net\/togo\/#website\",\"url\":\"https:\/\/www.africa-press.net\/togo\/\",\"name\":\"Togo\",\"description\":\"Just another Africa News Agency Sites site\",\"potentialAction\":[{\"@type\":\"SearchAction\",\"target\":{\"@type\":\"EntryPoint\",\"urlTemplate\":\"https:\/\/www.africa-press.net\/togo\/?s={search_term_string}\"},\"query-input\":{\"@type\":\"PropertyValueSpecification\",\"valueRequired\":true,\"valueName\":\"search_term_string\"}}],\"inLanguage\":\"fr-FR\"},{\"@type\":\"Person\",\"@id\":\"https:\/\/www.africa-press.net\/togo\/#\/schema\/person\/2b1cf3cd81a31e3cd26889ca66d677f1\",\"name\":\"cfeditorfr\"}]}<\/script>\n<!-- \/ Yoast SEO Premium plugin. -->","yoast_head_json":{"title":"Qui est Augustin Favereau, le nouvel ambassadeur de la France au Togo ? - Togo","description":"L\u2019ambassadrice franc\u0327aise Jocelyne Caballero est sur le de\u0301part. Sa mission diplomatique au Togo touche a\u0300 sa fin. El ...","robots":{"index":"index","follow":"follow","max-snippet":"max-snippet:-1","max-image-preview":"max-image-preview:large","max-video-preview":"max-video-preview:-1"},"canonical":"https:\/\/www.africa-press.net\/togo\/politique\/qui-est-augustin-favereau-le-nouvel-ambassadeur-de-la-france-au-togo","og_locale":"fr_FR","og_type":"article","og_title":"Qui est Augustin Favereau, le nouvel ambassadeur de la France au Togo ?","og_description":"L\u2019ambassadrice franc\u0327aise Jocelyne Caballero est sur le de\u0301part. Sa mission diplomatique au Togo touche a\u0300 sa fin. El ...","og_url":"https:\/\/www.africa-press.net\/togo\/politique\/qui-est-augustin-favereau-le-nouvel-ambassadeur-de-la-france-au-togo","og_site_name":"Togo","article_published_time":"2022-11-08T16:54:53+00:00","article_modified_time":"2022-11-08T17:39:13+00:00","og_image":[{"width":1280,"height":802,"url":"https:\/\/static.africa-press.net\/togo\/sites\/58\/2022\/11\/postQueueImg_65.jpg","type":"image\/jpeg"}],"author":"cfeditorfr","twitter_card":"summary_large_image","twitter_misc":{"\u00c9crit par":"cfeditorfr","Dur\u00e9e de lecture estim\u00e9e":"1 minute"},"schema":{"@context":"https:\/\/schema.org","@graph":[{"@type":"Article","@id":"https:\/\/www.africa-press.net\/togo\/politique\/qui-est-augustin-favereau-le-nouvel-ambassadeur-de-la-france-au-togo#article","isPartOf":{"@id":"https:\/\/www.africa-press.net\/togo\/politique\/qui-est-augustin-favereau-le-nouvel-ambassadeur-de-la-france-au-togo"},"author":{"name":"cfeditorfr","@id":"https:\/\/www.africa-press.net\/togo\/#\/schema\/person\/2b1cf3cd81a31e3cd26889ca66d677f1"},"headline":"Qui est Augustin Favereau, le nouvel ambassadeur de la France au Togo ?","datePublished":"2022-11-08T16:54:53+00:00","dateModified":"2022-11-08T17:39:13+00:00","mainEntityOfPage":{"@id":"https:\/\/www.africa-press.net\/togo\/politique\/qui-est-augustin-favereau-le-nouvel-ambassadeur-de-la-france-au-togo"},"wordCount":166,"commentCount":0,"image":{"@id":"https:\/\/www.africa-press.net\/togo\/politique\/qui-est-augustin-favereau-le-nouvel-ambassadeur-de-la-france-au-togo#primaryimage"},"thumbnailUrl":"https:\/\/static.africa-press.net\/togo\/sites\/58\/2022\/11\/postQueueImg_65.jpg","keywords":["Africa Press","Africa Press-Togo","Togo"],"articleSection":["Politique","Toutes les actualit\u00e9s"],"inLanguage":"fr-FR","potentialAction":[{"@type":"CommentAction","name":"Comment","target":["https:\/\/www.africa-press.net\/togo\/politique\/qui-est-augustin-favereau-le-nouvel-ambassadeur-de-la-france-au-togo#respond"]}]},{"@type":"WebPage","@id":"https:\/\/www.africa-press.net\/togo\/politique\/qui-est-augustin-favereau-le-nouvel-ambassadeur-de-la-france-au-togo","url":"https:\/\/www.africa-press.net\/togo\/politique\/qui-est-augustin-favereau-le-nouvel-ambassadeur-de-la-france-au-togo","name":"Qui est Augustin Favereau, le nouvel ambassadeur de la France au Togo ? - Togo","isPartOf":{"@id":"https:\/\/www.africa-press.net\/togo\/#website"},"primaryImageOfPage":{"@id":"https:\/\/www.africa-press.net\/togo\/politique\/qui-est-augustin-favereau-le-nouvel-ambassadeur-de-la-france-au-togo#primaryimage"},"image":{"@id":"https:\/\/www.africa-press.net\/togo\/politique\/qui-est-augustin-favereau-le-nouvel-ambassadeur-de-la-france-au-togo#primaryimage"},"thumbnailUrl":"https:\/\/static.africa-press.net\/togo\/sites\/58\/2022\/11\/postQueueImg_65.jpg","datePublished":"2022-11-08T16:54:53+00:00","dateModified":"2022-11-08T17:39:13+00:00","author":{"@id":"https:\/\/www.africa-press.net\/togo\/#\/schema\/person\/2b1cf3cd81a31e3cd26889ca66d677f1"},"description":"L\u2019ambassadrice franc\u0327aise Jocelyne Caballero est sur le de\u0301part. Sa mission diplomatique au Togo touche a\u0300 sa fin. El ...","breadcrumb":{"@id":"https:\/\/www.africa-press.net\/togo\/politique\/qui-est-augustin-favereau-le-nouvel-ambassadeur-de-la-france-au-togo#breadcrumb"},"inLanguage":"fr-FR","potentialAction":[{"@type":"ReadAction","target":["https:\/\/www.africa-press.net\/togo\/politique\/qui-est-augustin-favereau-le-nouvel-ambassadeur-de-la-france-au-togo"]}]},{"@type":"ImageObject","inLanguage":"fr-FR","@id":"https:\/\/www.africa-press.net\/togo\/politique\/qui-est-augustin-favereau-le-nouvel-ambassadeur-de-la-france-au-togo#primaryimage","url":"https:\/\/static.africa-press.net\/togo\/sites\/58\/2022\/11\/postQueueImg_65.jpg","contentUrl":"https:\/\/static.africa-press.net\/togo\/sites\/58\/2022\/11\/postQueueImg_65.jpg","width":1280,"height":802,"caption":"Qui est Augustin Favereau, le nouvel ambassadeur de la France au Togo ?"},{"@type":"BreadcrumbList","@id":"https:\/\/www.africa-press.net\/togo\/politique\/qui-est-augustin-favereau-le-nouvel-ambassadeur-de-la-france-au-togo#breadcrumb","itemListElement":[{"@type":"ListItem","position":1,"name":"Accueil","item":"https:\/\/www.africa-press.net\/togo\/"},{"@type":"ListItem","position":2,"name":"Qui est Augustin Favereau, le nouvel ambassadeur de la France au Togo ?"}]},{"@type":"WebSite","@id":"https:\/\/www.africa-press.net\/togo\/#website","url":"https:\/\/www.africa-press.net\/togo\/","name":"Togo","description":"Just another Africa News Agency Sites site","potentialAction":[{"@type":"SearchAction","target":{"@type":"EntryPoint","urlTemplate":"https:\/\/www.africa-press.net\/togo\/?s={search_term_string}"},"query-input":{"@type":"PropertyValueSpecification","valueRequired":true,"valueName":"search_term_string"}}],"inLanguage":"fr-FR"},{"@type":"Person","@id":"https:\/\/www.africa-press.net\/togo\/#\/schema\/person\/2b1cf3cd81a31e3cd26889ca66d677f1","name":"cfeditorfr"}]}},"_links":{"self":[{"href":"https:\/\/www.africa-press.net\/togo\/wp-json\/wp\/v2\/posts\/13550","targetHints":{"allow":["GET"]}}],"collection":[{"href":"https:\/\/www.africa-press.net\/togo\/wp-json\/wp\/v2\/posts"}],"about":[{"href":"https:\/\/www.africa-press.net\/togo\/wp-json\/wp\/v2\/types\/post"}],"author":[{"embeddable":true,"href":"https:\/\/www.africa-press.net\/togo\/wp-json\/wp\/v2\/users\/82"}],"replies":[{"embeddable":true,"href":"https:\/\/www.africa-press.net\/togo\/wp-json\/wp\/v2\/comments?post=13550"}],"version-history":[{"count":0,"href":"https:\/\/www.africa-press.net\/togo\/wp-json\/wp\/v2\/posts\/13550\/revisions"}],"wp:featuredmedia":[{"embeddable":true,"href":"https:\/\/www.africa-press.net\/togo\/wp-json\/wp\/v2\/media\/13549"}],"wp:attachment":[{"href":"https:\/\/www.africa-press.net\/togo\/wp-json\/wp\/v2\/media?parent=13550"}],"wp:term":[{"taxonomy":"category","embeddable":true,"href":"https:\/\/www.africa-press.net\/togo\/wp-json\/wp\/v2\/categories?post=13550"},{"taxonomy":"post_tag","embeddable":true,"href":"https:\/\/www.africa-press.net\/togo\/wp-json\/wp\/v2\/tags?post=13550"}],"curies":[{"name":"wp","href":"https:\/\/api.w.org\/{rel}","templated":true}]}}