{"id":13562,"date":"2022-11-08T16:55:43","date_gmt":"2022-11-08T16:55:43","guid":{"rendered":"https:\/\/www.africa-press.net\/togo\/politique\/the-new-eu-commission-in-togo-holds-its-1st-dialogue-with-the-country"},"modified":"2022-11-08T17:40:58","modified_gmt":"2022-11-08T17:40:58","slug":"the-new-eu-commission-in-togo-holds-its-1st-dialogue-with-the-country","status":"publish","type":"post","link":"https:\/\/www.africa-press.net\/togo\/politique\/the-new-eu-commission-in-togo-holds-its-1st-dialogue-with-the-country","title":{"rendered":"The new EU Commission in Togo holds its 1st dialogue with the country"},"content":{"rendered":"<p><span style=\"color: #ff6600\"><strong>Africa-Press &#8211; Togo. <\/strong><\/span><b>Togo held on Monday at the Ministry of Foreign Affairs, Regional Integration and Togolese Abroad, the 1st session of the Partnership Dialogue with the new European Union (EU) Commission.<\/b><\/p>\n<p>During this meeting, discussions focused on various topics, including terrorism, the impact of the war in Ukraine, the upcoming elections and other current affairs.<\/p>\n<p>The session was co-chaired by H.E. Prof. Robert Dussey, Minister of Foreign Affairs, and Mr. Joaqui\u0301n TASSO VILALLONGA, Ambassador of the European Union in Togo.<\/p>\n<blockquote class=\"twitter-tweet\" data-width=\"550\" data-dnt=\"true\">\n<p lang=\"en\" dir=\"ltr\">We have  today the 1st European Union and Togo  political dialogue under the new <a href=\"https:\/\/twitter.com\/EU_Commission?ref_src=twsrc%5Etfw\">@EU_Commission<\/a> and <a href=\"https:\/\/twitter.com\/PressACP?ref_src=twsrc%5Etfw\">@PressACP<\/a> agreement. I congratulate and thank <a href=\"https:\/\/twitter.com\/EU_Partnerships?ref_src=twsrc%5Etfw\">@EU_Partnerships<\/a> for the multiform support to Togo. <a href=\"https:\/\/twitter.com\/eu_eeas?ref_src=twsrc%5Etfw\">@eu_eeas<\/a> <a href=\"https:\/\/twitter.com\/EUCouncil?ref_src=twsrc%5Etfw\">@EUCouncil<\/a> <a href=\"https:\/\/t.co\/8Neu4Um2kg\">pic.twitter.com\/8Neu4Um2kg<\/a><\/p>\n<p>&mdash; Robert Dussey (@rdussey) <a href=\"https:\/\/twitter.com\/rdussey\/status\/1589599885057458176?ref_src=twsrc%5Etfw\">November 7, 2022<\/a><\/p><\/blockquote>\n<p><script async src=\"https:\/\/platform.twitter.com\/widgets.js\" charset=\"utf-8\"><\/script><\/p>\n<p>\u201cDiscussions focused on national and international issues of common interest, including the fight against terrorism and the situation in the savannah region, the impact of the war in Ukraine and the mitigation measures, the decentralization process and the upcoming elections, economic governance and the fight against corruption, as well as the follow-up to Togo\u2019s universal periodic review,\u201d says a report published by the Togolese authorities.<\/p>\n<p>Concerning the fight against terrorism, the two parties said they are committed to strengthening and expanding their cooperation to provide the Togolese defense and security forces with response capabilities enabling them to carry out an effective fight against this scourge.<\/p>\n<p><strong>Pour plus d&rsquo;informations et d&rsquo;analyses sur la <a href=\"https:\/\/www.africa-press.net\/togo\">Togo<\/a>, suivez <a href=\"https:\/\/www.africa-press.net\/\">Africa-Press<\/a><\/strong><\/p>\n","protected":false},"excerpt":{"rendered":"<p>Africa-Press &#8211; Togo. Togo held on Monday at the Ministry of Foreign Affairs, Regional Integration and Togolese Abroad, the 1st session of the Partnership Dialogue with the new European Union (EU) Commission. During this meeting, discussions focused on various topics, including terrorism, the impact of the war in Ukraine, the upcoming elections and other current [&hellip;]<\/p>\n","protected":false},"author":82,"featured_media":13561,"comment_status":"open","ping_status":"closed","sticky":false,"template":"","format":"standard","meta":{"footnotes":""},"categories":[2,10],"tags":[36,49,50],"class_list":["post-13562","post","type-post","status-publish","format-standard","has-post-thumbnail","hentry","category-politique","category-toutes-les-actualites","tag-africa-press","tag-africa-press-togo","tag-togo"],"yoast_head":"<!-- This site is optimized with the Yoast SEO Premium plugin v26.1 (Yoast SEO v27.0) - https:\/\/yoast.com\/product\/yoast-seo-premium-wordpress\/ -->\n<title>The new EU Commission in Togo holds its 1st dialogue with the country - Togo<\/title>\n<meta name=\"description\" content=\"Togo held on Monday at the Ministry of Foreign Affairs, Regional Integration and Togolese Abroad, the 1st session of ...\" \/>\n<meta name=\"robots\" content=\"index, follow, max-snippet:-1, max-image-preview:large, max-video-preview:-1\" \/>\n<link rel=\"canonical\" href=\"https:\/\/www.africa-press.net\/togo\/politique\/the-new-eu-commission-in-togo-holds-its-1st-dialogue-with-the-country\" \/>\n<meta property=\"og:locale\" content=\"fr_FR\" \/>\n<meta property=\"og:type\" content=\"article\" \/>\n<meta property=\"og:title\" content=\"The new EU Commission in Togo holds its 1st dialogue with the country\" \/>\n<meta property=\"og:description\" content=\"Togo held on Monday at the Ministry of Foreign Affairs, Regional Integration and Togolese Abroad, the 1st session of ...\" \/>\n<meta property=\"og:url\" content=\"https:\/\/www.africa-press.net\/togo\/politique\/the-new-eu-commission-in-togo-holds-its-1st-dialogue-with-the-country\" \/>\n<meta property=\"og:site_name\" content=\"Togo\" \/>\n<meta property=\"article:published_time\" content=\"2022-11-08T16:55:43+00:00\" \/>\n<meta property=\"article:modified_time\" content=\"2022-11-08T17:40:58+00:00\" \/>\n<meta property=\"og:image\" content=\"https:\/\/static.africa-press.net\/togo\/sites\/58\/2022\/11\/postQueueImg_69.jpg\" \/>\n\t<meta property=\"og:image:width\" content=\"1280\" \/>\n\t<meta property=\"og:image:height\" content=\"853\" \/>\n\t<meta property=\"og:image:type\" content=\"image\/jpeg\" \/>\n<meta name=\"author\" content=\"cfeditorfr\" \/>\n<meta name=\"twitter:card\" content=\"summary_large_image\" \/>\n<meta name=\"twitter:label1\" content=\"\u00c9crit par\" \/>\n\t<meta name=\"twitter:data1\" content=\"cfeditorfr\" \/>\n\t<meta name=\"twitter:label2\" content=\"Dur\u00e9e de lecture estim\u00e9e\" \/>\n\t<meta name=\"twitter:data2\" content=\"2 minutes\" \/>\n<script type=\"application\/ld+json\" class=\"yoast-schema-graph\">{\"@context\":\"https:\/\/schema.org\",\"@graph\":[{\"@type\":\"Article\",\"@id\":\"https:\/\/www.africa-press.net\/togo\/politique\/the-new-eu-commission-in-togo-holds-its-1st-dialogue-with-the-country#article\",\"isPartOf\":{\"@id\":\"https:\/\/www.africa-press.net\/togo\/politique\/the-new-eu-commission-in-togo-holds-its-1st-dialogue-with-the-country\"},\"author\":{\"name\":\"cfeditorfr\",\"@id\":\"https:\/\/www.africa-press.net\/togo\/#\/schema\/person\/2b1cf3cd81a31e3cd26889ca66d677f1\"},\"headline\":\"The new EU Commission in Togo holds its 1st dialogue with the country\",\"datePublished\":\"2022-11-08T16:55:43+00:00\",\"dateModified\":\"2022-11-08T17:40:58+00:00\",\"mainEntityOfPage\":{\"@id\":\"https:\/\/www.africa-press.net\/togo\/politique\/the-new-eu-commission-in-togo-holds-its-1st-dialogue-with-the-country\"},\"wordCount\":224,\"commentCount\":0,\"image\":{\"@id\":\"https:\/\/www.africa-press.net\/togo\/politique\/the-new-eu-commission-in-togo-holds-its-1st-dialogue-with-the-country#primaryimage\"},\"thumbnailUrl\":\"https:\/\/static.africa-press.net\/togo\/sites\/58\/2022\/11\/postQueueImg_69.jpg\",\"keywords\":[\"Africa Press\",\"Africa Press-Togo\",\"Togo\"],\"articleSection\":[\"Politique\",\"Toutes les actualit\u00e9s\"],\"inLanguage\":\"fr-FR\",\"potentialAction\":[{\"@type\":\"CommentAction\",\"name\":\"Comment\",\"target\":[\"https:\/\/www.africa-press.net\/togo\/politique\/the-new-eu-commission-in-togo-holds-its-1st-dialogue-with-the-country#respond\"]}]},{\"@type\":\"WebPage\",\"@id\":\"https:\/\/www.africa-press.net\/togo\/politique\/the-new-eu-commission-in-togo-holds-its-1st-dialogue-with-the-country\",\"url\":\"https:\/\/www.africa-press.net\/togo\/politique\/the-new-eu-commission-in-togo-holds-its-1st-dialogue-with-the-country\",\"name\":\"The new EU Commission in Togo holds its 1st dialogue with the country - Togo\",\"isPartOf\":{\"@id\":\"https:\/\/www.africa-press.net\/togo\/#website\"},\"primaryImageOfPage\":{\"@id\":\"https:\/\/www.africa-press.net\/togo\/politique\/the-new-eu-commission-in-togo-holds-its-1st-dialogue-with-the-country#primaryimage\"},\"image\":{\"@id\":\"https:\/\/www.africa-press.net\/togo\/politique\/the-new-eu-commission-in-togo-holds-its-1st-dialogue-with-the-country#primaryimage\"},\"thumbnailUrl\":\"https:\/\/static.africa-press.net\/togo\/sites\/58\/2022\/11\/postQueueImg_69.jpg\",\"datePublished\":\"2022-11-08T16:55:43+00:00\",\"dateModified\":\"2022-11-08T17:40:58+00:00\",\"author\":{\"@id\":\"https:\/\/www.africa-press.net\/togo\/#\/schema\/person\/2b1cf3cd81a31e3cd26889ca66d677f1\"},\"description\":\"Togo held on Monday at the Ministry of Foreign Affairs, Regional Integration and Togolese Abroad, the 1st session of ...\",\"breadcrumb\":{\"@id\":\"https:\/\/www.africa-press.net\/togo\/politique\/the-new-eu-commission-in-togo-holds-its-1st-dialogue-with-the-country#breadcrumb\"},\"inLanguage\":\"fr-FR\",\"potentialAction\":[{\"@type\":\"ReadAction\",\"target\":[\"https:\/\/www.africa-press.net\/togo\/politique\/the-new-eu-commission-in-togo-holds-its-1st-dialogue-with-the-country\"]}]},{\"@type\":\"ImageObject\",\"inLanguage\":\"fr-FR\",\"@id\":\"https:\/\/www.africa-press.net\/togo\/politique\/the-new-eu-commission-in-togo-holds-its-1st-dialogue-with-the-country#primaryimage\",\"url\":\"https:\/\/static.africa-press.net\/togo\/sites\/58\/2022\/11\/postQueueImg_69.jpg\",\"contentUrl\":\"https:\/\/static.africa-press.net\/togo\/sites\/58\/2022\/11\/postQueueImg_69.jpg\",\"width\":1280,\"height\":853,\"caption\":\"The new EU Commission in Togo holds its 1st dialogue with the country\"},{\"@type\":\"BreadcrumbList\",\"@id\":\"https:\/\/www.africa-press.net\/togo\/politique\/the-new-eu-commission-in-togo-holds-its-1st-dialogue-with-the-country#breadcrumb\",\"itemListElement\":[{\"@type\":\"ListItem\",\"position\":1,\"name\":\"Accueil\",\"item\":\"https:\/\/www.africa-press.net\/togo\/\"},{\"@type\":\"ListItem\",\"position\":2,\"name\":\"The new EU Commission in Togo holds its 1st dialogue with the country\"}]},{\"@type\":\"WebSite\",\"@id\":\"https:\/\/www.africa-press.net\/togo\/#website\",\"url\":\"https:\/\/www.africa-press.net\/togo\/\",\"name\":\"Togo\",\"description\":\"Just another Africa News Agency Sites site\",\"potentialAction\":[{\"@type\":\"SearchAction\",\"target\":{\"@type\":\"EntryPoint\",\"urlTemplate\":\"https:\/\/www.africa-press.net\/togo\/?s={search_term_string}\"},\"query-input\":{\"@type\":\"PropertyValueSpecification\",\"valueRequired\":true,\"valueName\":\"search_term_string\"}}],\"inLanguage\":\"fr-FR\"},{\"@type\":\"Person\",\"@id\":\"https:\/\/www.africa-press.net\/togo\/#\/schema\/person\/2b1cf3cd81a31e3cd26889ca66d677f1\",\"name\":\"cfeditorfr\"}]}<\/script>\n<!-- \/ Yoast SEO Premium plugin. -->","yoast_head_json":{"title":"The new EU Commission in Togo holds its 1st dialogue with the country - Togo","description":"Togo held on Monday at the Ministry of Foreign Affairs, Regional Integration and Togolese Abroad, the 1st session of ...","robots":{"index":"index","follow":"follow","max-snippet":"max-snippet:-1","max-image-preview":"max-image-preview:large","max-video-preview":"max-video-preview:-1"},"canonical":"https:\/\/www.africa-press.net\/togo\/politique\/the-new-eu-commission-in-togo-holds-its-1st-dialogue-with-the-country","og_locale":"fr_FR","og_type":"article","og_title":"The new EU Commission in Togo holds its 1st dialogue with the country","og_description":"Togo held on Monday at the Ministry of Foreign Affairs, Regional Integration and Togolese Abroad, the 1st session of ...","og_url":"https:\/\/www.africa-press.net\/togo\/politique\/the-new-eu-commission-in-togo-holds-its-1st-dialogue-with-the-country","og_site_name":"Togo","article_published_time":"2022-11-08T16:55:43+00:00","article_modified_time":"2022-11-08T17:40:58+00:00","og_image":[{"width":1280,"height":853,"url":"https:\/\/static.africa-press.net\/togo\/sites\/58\/2022\/11\/postQueueImg_69.jpg","type":"image\/jpeg"}],"author":"cfeditorfr","twitter_card":"summary_large_image","twitter_misc":{"\u00c9crit par":"cfeditorfr","Dur\u00e9e de lecture estim\u00e9e":"2 minutes"},"schema":{"@context":"https:\/\/schema.org","@graph":[{"@type":"Article","@id":"https:\/\/www.africa-press.net\/togo\/politique\/the-new-eu-commission-in-togo-holds-its-1st-dialogue-with-the-country#article","isPartOf":{"@id":"https:\/\/www.africa-press.net\/togo\/politique\/the-new-eu-commission-in-togo-holds-its-1st-dialogue-with-the-country"},"author":{"name":"cfeditorfr","@id":"https:\/\/www.africa-press.net\/togo\/#\/schema\/person\/2b1cf3cd81a31e3cd26889ca66d677f1"},"headline":"The new EU Commission in Togo holds its 1st dialogue with the country","datePublished":"2022-11-08T16:55:43+00:00","dateModified":"2022-11-08T17:40:58+00:00","mainEntityOfPage":{"@id":"https:\/\/www.africa-press.net\/togo\/politique\/the-new-eu-commission-in-togo-holds-its-1st-dialogue-with-the-country"},"wordCount":224,"commentCount":0,"image":{"@id":"https:\/\/www.africa-press.net\/togo\/politique\/the-new-eu-commission-in-togo-holds-its-1st-dialogue-with-the-country#primaryimage"},"thumbnailUrl":"https:\/\/static.africa-press.net\/togo\/sites\/58\/2022\/11\/postQueueImg_69.jpg","keywords":["Africa Press","Africa Press-Togo","Togo"],"articleSection":["Politique","Toutes les actualit\u00e9s"],"inLanguage":"fr-FR","potentialAction":[{"@type":"CommentAction","name":"Comment","target":["https:\/\/www.africa-press.net\/togo\/politique\/the-new-eu-commission-in-togo-holds-its-1st-dialogue-with-the-country#respond"]}]},{"@type":"WebPage","@id":"https:\/\/www.africa-press.net\/togo\/politique\/the-new-eu-commission-in-togo-holds-its-1st-dialogue-with-the-country","url":"https:\/\/www.africa-press.net\/togo\/politique\/the-new-eu-commission-in-togo-holds-its-1st-dialogue-with-the-country","name":"The new EU Commission in Togo holds its 1st dialogue with the country - Togo","isPartOf":{"@id":"https:\/\/www.africa-press.net\/togo\/#website"},"primaryImageOfPage":{"@id":"https:\/\/www.africa-press.net\/togo\/politique\/the-new-eu-commission-in-togo-holds-its-1st-dialogue-with-the-country#primaryimage"},"image":{"@id":"https:\/\/www.africa-press.net\/togo\/politique\/the-new-eu-commission-in-togo-holds-its-1st-dialogue-with-the-country#primaryimage"},"thumbnailUrl":"https:\/\/static.africa-press.net\/togo\/sites\/58\/2022\/11\/postQueueImg_69.jpg","datePublished":"2022-11-08T16:55:43+00:00","dateModified":"2022-11-08T17:40:58+00:00","author":{"@id":"https:\/\/www.africa-press.net\/togo\/#\/schema\/person\/2b1cf3cd81a31e3cd26889ca66d677f1"},"description":"Togo held on Monday at the Ministry of Foreign Affairs, Regional Integration and Togolese Abroad, the 1st session of ...","breadcrumb":{"@id":"https:\/\/www.africa-press.net\/togo\/politique\/the-new-eu-commission-in-togo-holds-its-1st-dialogue-with-the-country#breadcrumb"},"inLanguage":"fr-FR","potentialAction":[{"@type":"ReadAction","target":["https:\/\/www.africa-press.net\/togo\/politique\/the-new-eu-commission-in-togo-holds-its-1st-dialogue-with-the-country"]}]},{"@type":"ImageObject","inLanguage":"fr-FR","@id":"https:\/\/www.africa-press.net\/togo\/politique\/the-new-eu-commission-in-togo-holds-its-1st-dialogue-with-the-country#primaryimage","url":"https:\/\/static.africa-press.net\/togo\/sites\/58\/2022\/11\/postQueueImg_69.jpg","contentUrl":"https:\/\/static.africa-press.net\/togo\/sites\/58\/2022\/11\/postQueueImg_69.jpg","width":1280,"height":853,"caption":"The new EU Commission in Togo holds its 1st dialogue with the country"},{"@type":"BreadcrumbList","@id":"https:\/\/www.africa-press.net\/togo\/politique\/the-new-eu-commission-in-togo-holds-its-1st-dialogue-with-the-country#breadcrumb","itemListElement":[{"@type":"ListItem","position":1,"name":"Accueil","item":"https:\/\/www.africa-press.net\/togo\/"},{"@type":"ListItem","position":2,"name":"The new EU Commission in Togo holds its 1st dialogue with the country"}]},{"@type":"WebSite","@id":"https:\/\/www.africa-press.net\/togo\/#website","url":"https:\/\/www.africa-press.net\/togo\/","name":"Togo","description":"Just another Africa News Agency Sites site","potentialAction":[{"@type":"SearchAction","target":{"@type":"EntryPoint","urlTemplate":"https:\/\/www.africa-press.net\/togo\/?s={search_term_string}"},"query-input":{"@type":"PropertyValueSpecification","valueRequired":true,"valueName":"search_term_string"}}],"inLanguage":"fr-FR"},{"@type":"Person","@id":"https:\/\/www.africa-press.net\/togo\/#\/schema\/person\/2b1cf3cd81a31e3cd26889ca66d677f1","name":"cfeditorfr"}]}},"_links":{"self":[{"href":"https:\/\/www.africa-press.net\/togo\/wp-json\/wp\/v2\/posts\/13562","targetHints":{"allow":["GET"]}}],"collection":[{"href":"https:\/\/www.africa-press.net\/togo\/wp-json\/wp\/v2\/posts"}],"about":[{"href":"https:\/\/www.africa-press.net\/togo\/wp-json\/wp\/v2\/types\/post"}],"author":[{"embeddable":true,"href":"https:\/\/www.africa-press.net\/togo\/wp-json\/wp\/v2\/users\/82"}],"replies":[{"embeddable":true,"href":"https:\/\/www.africa-press.net\/togo\/wp-json\/wp\/v2\/comments?post=13562"}],"version-history":[{"count":0,"href":"https:\/\/www.africa-press.net\/togo\/wp-json\/wp\/v2\/posts\/13562\/revisions"}],"wp:featuredmedia":[{"embeddable":true,"href":"https:\/\/www.africa-press.net\/togo\/wp-json\/wp\/v2\/media\/13561"}],"wp:attachment":[{"href":"https:\/\/www.africa-press.net\/togo\/wp-json\/wp\/v2\/media?parent=13562"}],"wp:term":[{"taxonomy":"category","embeddable":true,"href":"https:\/\/www.africa-press.net\/togo\/wp-json\/wp\/v2\/categories?post=13562"},{"taxonomy":"post_tag","embeddable":true,"href":"https:\/\/www.africa-press.net\/togo\/wp-json\/wp\/v2\/tags?post=13562"}],"curies":[{"name":"wp","href":"https:\/\/api.w.org\/{rel}","templated":true}]}}