{"id":13565,"date":"2022-11-08T16:56:36","date_gmt":"2022-11-08T16:56:36","guid":{"rendered":"https:\/\/www.africa-press.net\/togo\/politique\/togo-inauguration-du-cicl-un-centre-de-traitement-du-cancer-a-moindre-cout"},"modified":"2022-11-08T17:42:18","modified_gmt":"2022-11-08T17:42:18","slug":"togo-inauguration-du-cicl-un-centre-de-traitement-du-cancer-a-moindre-cout","status":"publish","type":"post","link":"https:\/\/www.africa-press.net\/togo\/toutes-les-actualites\/togo-inauguration-du-cicl-un-centre-de-traitement-du-cancer-a-moindre-cout","title":{"rendered":"Togo : inauguration du CICL, un centre de traitement du cancer \u00e0 moindre co\u00fbt"},"content":{"rendered":"<p><span style=\"color: #ff6600\"><strong>Africa-Press &#8211; Togo. <\/strong><\/span>Le Centre international de cance\u0301rologie de Lome\u0301 a e\u0301te\u0301 inaugure\u0301 le jeudi 03 novembre. La nouvelle structure est situe\u0301e a\u0300 Adidogome\u0301 Amadahome\u0301, rue de l\u2019E\u0301cosse, derrie\u0300re le Lyce\u0301e technique.<\/p>\n<p>Le CICL est issu d\u2019un partenariat public prive\u0301, impliquant des acteurs franco-luxembourgeois, avec le soutien du gouvernement togolais.<\/p>\n<p>Il dispose de plusieurs appareils dont celui de radiothe\u0301rapie avec une technologie VMAT, outil moderne de ciblage des cancers.<\/p>\n<p>\u00ab Pour traiter le cancer, nous avons essentiellement trois grandes armes, la chirurgie, la radiothe\u0301rapie et la chimio. On a de\u0301ja\u0300 des chirurgiens, il y a la chimio qui se fait. Ici, nous faisons la chimio et la radiothe\u0301rapie. \u00bb, a indique\u0301 Dr Adamah Diakite\u0301, Onco-radiothe\u0301rapeute et Directeur me\u0301dical du CICL.<\/p>\n<p>\u00ab La radiothe\u0301rapie n\u2019existait pas au Togo. Aujourd\u2019hui, dans ce centre, elle est disponible et pas n\u2019importe quel type, c\u2019est la radiothe\u0301rapie VMAT mais a\u0300 moindre cou\u0302t. \u00bb, se re\u0301jouit pour sa part, Dr Rose Adjenou, directrice du CICL. \u00ab Nous avons tenu compte du niveau de vie de la population et nous avons l\u2019un des cou\u0302ts les plus bas de la sous-re\u0301gion \u00bb, ajoute-t-elle.<\/p>\n<p><strong>Pour plus d&rsquo;informations et d&rsquo;analyses sur la <a href=\"https:\/\/www.africa-press.net\/togo\">Togo<\/a>, suivez <a href=\"https:\/\/www.africa-press.net\/\">Africa-Press<\/a><\/strong><\/p>\n","protected":false},"excerpt":{"rendered":"<p>Africa-Press &#8211; Togo. Le Centre international de cance\u0301rologie de Lome\u0301 a e\u0301te\u0301 inaugure\u0301 le jeudi 03 novembre. La nouvelle structure est situe\u0301e a\u0300 Adidogome\u0301 Amadahome\u0301, rue de l\u2019E\u0301cosse, derrie\u0300re le Lyce\u0301e technique. Le CICL est issu d\u2019un partenariat public prive\u0301, impliquant des acteurs franco-luxembourgeois, avec le soutien du gouvernement togolais. Il dispose de plusieurs appareils [&hellip;]<\/p>\n","protected":false},"author":82,"featured_media":13564,"comment_status":"open","ping_status":"closed","sticky":false,"template":"","format":"standard","meta":{"footnotes":""},"categories":[21,10],"tags":[36,49,50],"class_list":["post-13565","post","type-post","status-publish","format-standard","has-post-thumbnail","hentry","category-communaute","category-toutes-les-actualites","tag-africa-press","tag-africa-press-togo","tag-togo"],"yoast_head":"<!-- This site is optimized with the Yoast SEO Premium plugin v26.1 (Yoast SEO v27.0) - https:\/\/yoast.com\/product\/yoast-seo-premium-wordpress\/ -->\n<title>Togo : inauguration du CICL, un centre de traitement du cancer \u00e0 moindre co\u00fbt - Togo<\/title>\n<meta name=\"description\" content=\"Le Centre international de cance\u0301rologie de Lome\u0301 a e\u0301te\u0301 inaugure\u0301 le jeudi 03 novembre. La nouvelle structure est situ ...\" \/>\n<meta name=\"robots\" content=\"index, follow, max-snippet:-1, max-image-preview:large, max-video-preview:-1\" \/>\n<link rel=\"canonical\" href=\"https:\/\/www.africa-press.net\/togo\/toutes-les-actualites\/togo-inauguration-du-cicl-un-centre-de-traitement-du-cancer-a-moindre-cout\" \/>\n<meta property=\"og:locale\" content=\"fr_FR\" \/>\n<meta property=\"og:type\" content=\"article\" \/>\n<meta property=\"og:title\" content=\"Togo : inauguration du CICL, un centre de traitement du cancer \u00e0 moindre co\u00fbt\" \/>\n<meta property=\"og:description\" content=\"Le Centre international de cance\u0301rologie de Lome\u0301 a e\u0301te\u0301 inaugure\u0301 le jeudi 03 novembre. La nouvelle structure est situ ...\" \/>\n<meta property=\"og:url\" content=\"https:\/\/www.africa-press.net\/togo\/toutes-les-actualites\/togo-inauguration-du-cicl-un-centre-de-traitement-du-cancer-a-moindre-cout\" \/>\n<meta property=\"og:site_name\" content=\"Togo\" \/>\n<meta property=\"article:published_time\" content=\"2022-11-08T16:56:36+00:00\" \/>\n<meta property=\"article:modified_time\" content=\"2022-11-08T17:42:18+00:00\" \/>\n<meta property=\"og:image\" content=\"https:\/\/static.africa-press.net\/togo\/sites\/58\/2022\/11\/postQueueImg_71.jpg\" \/>\n\t<meta property=\"og:image:width\" content=\"720\" \/>\n\t<meta property=\"og:image:height\" content=\"403\" \/>\n\t<meta property=\"og:image:type\" content=\"image\/jpeg\" \/>\n<meta name=\"author\" content=\"cfeditorfr\" \/>\n<meta name=\"twitter:card\" content=\"summary_large_image\" \/>\n<meta name=\"twitter:label1\" content=\"\u00c9crit par\" \/>\n\t<meta name=\"twitter:data1\" content=\"cfeditorfr\" \/>\n\t<meta name=\"twitter:label2\" content=\"Dur\u00e9e de lecture estim\u00e9e\" \/>\n\t<meta name=\"twitter:data2\" content=\"1 minute\" \/>\n<script type=\"application\/ld+json\" class=\"yoast-schema-graph\">{\"@context\":\"https:\/\/schema.org\",\"@graph\":[{\"@type\":\"Article\",\"@id\":\"https:\/\/www.africa-press.net\/togo\/toutes-les-actualites\/togo-inauguration-du-cicl-un-centre-de-traitement-du-cancer-a-moindre-cout#article\",\"isPartOf\":{\"@id\":\"https:\/\/www.africa-press.net\/togo\/toutes-les-actualites\/togo-inauguration-du-cicl-un-centre-de-traitement-du-cancer-a-moindre-cout\"},\"author\":{\"name\":\"cfeditorfr\",\"@id\":\"https:\/\/www.africa-press.net\/togo\/#\/schema\/person\/2b1cf3cd81a31e3cd26889ca66d677f1\"},\"headline\":\"Togo : inauguration du CICL, un centre de traitement du cancer \u00e0 moindre co\u00fbt\",\"datePublished\":\"2022-11-08T16:56:36+00:00\",\"dateModified\":\"2022-11-08T17:42:18+00:00\",\"mainEntityOfPage\":{\"@id\":\"https:\/\/www.africa-press.net\/togo\/toutes-les-actualites\/togo-inauguration-du-cicl-un-centre-de-traitement-du-cancer-a-moindre-cout\"},\"wordCount\":228,\"commentCount\":0,\"image\":{\"@id\":\"https:\/\/www.africa-press.net\/togo\/toutes-les-actualites\/togo-inauguration-du-cicl-un-centre-de-traitement-du-cancer-a-moindre-cout#primaryimage\"},\"thumbnailUrl\":\"https:\/\/static.africa-press.net\/togo\/sites\/58\/2022\/11\/postQueueImg_71.jpg\",\"keywords\":[\"Africa Press\",\"Africa Press-Togo\",\"Togo\"],\"articleSection\":[\"Communaut\u00e9\",\"Toutes les actualit\u00e9s\"],\"inLanguage\":\"fr-FR\",\"potentialAction\":[{\"@type\":\"CommentAction\",\"name\":\"Comment\",\"target\":[\"https:\/\/www.africa-press.net\/togo\/toutes-les-actualites\/togo-inauguration-du-cicl-un-centre-de-traitement-du-cancer-a-moindre-cout#respond\"]}]},{\"@type\":\"WebPage\",\"@id\":\"https:\/\/www.africa-press.net\/togo\/toutes-les-actualites\/togo-inauguration-du-cicl-un-centre-de-traitement-du-cancer-a-moindre-cout\",\"url\":\"https:\/\/www.africa-press.net\/togo\/toutes-les-actualites\/togo-inauguration-du-cicl-un-centre-de-traitement-du-cancer-a-moindre-cout\",\"name\":\"Togo : inauguration du CICL, un centre de traitement du cancer \u00e0 moindre co\u00fbt - Togo\",\"isPartOf\":{\"@id\":\"https:\/\/www.africa-press.net\/togo\/#website\"},\"primaryImageOfPage\":{\"@id\":\"https:\/\/www.africa-press.net\/togo\/toutes-les-actualites\/togo-inauguration-du-cicl-un-centre-de-traitement-du-cancer-a-moindre-cout#primaryimage\"},\"image\":{\"@id\":\"https:\/\/www.africa-press.net\/togo\/toutes-les-actualites\/togo-inauguration-du-cicl-un-centre-de-traitement-du-cancer-a-moindre-cout#primaryimage\"},\"thumbnailUrl\":\"https:\/\/static.africa-press.net\/togo\/sites\/58\/2022\/11\/postQueueImg_71.jpg\",\"datePublished\":\"2022-11-08T16:56:36+00:00\",\"dateModified\":\"2022-11-08T17:42:18+00:00\",\"author\":{\"@id\":\"https:\/\/www.africa-press.net\/togo\/#\/schema\/person\/2b1cf3cd81a31e3cd26889ca66d677f1\"},\"description\":\"Le Centre international de cance\u0301rologie de Lome\u0301 a e\u0301te\u0301 inaugure\u0301 le jeudi 03 novembre. La nouvelle structure est situ ...\",\"breadcrumb\":{\"@id\":\"https:\/\/www.africa-press.net\/togo\/toutes-les-actualites\/togo-inauguration-du-cicl-un-centre-de-traitement-du-cancer-a-moindre-cout#breadcrumb\"},\"inLanguage\":\"fr-FR\",\"potentialAction\":[{\"@type\":\"ReadAction\",\"target\":[\"https:\/\/www.africa-press.net\/togo\/toutes-les-actualites\/togo-inauguration-du-cicl-un-centre-de-traitement-du-cancer-a-moindre-cout\"]}]},{\"@type\":\"ImageObject\",\"inLanguage\":\"fr-FR\",\"@id\":\"https:\/\/www.africa-press.net\/togo\/toutes-les-actualites\/togo-inauguration-du-cicl-un-centre-de-traitement-du-cancer-a-moindre-cout#primaryimage\",\"url\":\"https:\/\/static.africa-press.net\/togo\/sites\/58\/2022\/11\/postQueueImg_71.jpg\",\"contentUrl\":\"https:\/\/static.africa-press.net\/togo\/sites\/58\/2022\/11\/postQueueImg_71.jpg\",\"width\":720,\"height\":403,\"caption\":\"Togo : inauguration du CICL, un centre de traitement du cancer \u00e0 moindre co\u00fbt\"},{\"@type\":\"BreadcrumbList\",\"@id\":\"https:\/\/www.africa-press.net\/togo\/toutes-les-actualites\/togo-inauguration-du-cicl-un-centre-de-traitement-du-cancer-a-moindre-cout#breadcrumb\",\"itemListElement\":[{\"@type\":\"ListItem\",\"position\":1,\"name\":\"Accueil\",\"item\":\"https:\/\/www.africa-press.net\/togo\/\"},{\"@type\":\"ListItem\",\"position\":2,\"name\":\"Togo : inauguration du CICL, un centre de traitement du cancer \u00e0 moindre co\u00fbt\"}]},{\"@type\":\"WebSite\",\"@id\":\"https:\/\/www.africa-press.net\/togo\/#website\",\"url\":\"https:\/\/www.africa-press.net\/togo\/\",\"name\":\"Togo\",\"description\":\"Just another Africa News Agency Sites site\",\"potentialAction\":[{\"@type\":\"SearchAction\",\"target\":{\"@type\":\"EntryPoint\",\"urlTemplate\":\"https:\/\/www.africa-press.net\/togo\/?s={search_term_string}\"},\"query-input\":{\"@type\":\"PropertyValueSpecification\",\"valueRequired\":true,\"valueName\":\"search_term_string\"}}],\"inLanguage\":\"fr-FR\"},{\"@type\":\"Person\",\"@id\":\"https:\/\/www.africa-press.net\/togo\/#\/schema\/person\/2b1cf3cd81a31e3cd26889ca66d677f1\",\"name\":\"cfeditorfr\"}]}<\/script>\n<!-- \/ Yoast SEO Premium plugin. -->","yoast_head_json":{"title":"Togo : inauguration du CICL, un centre de traitement du cancer \u00e0 moindre co\u00fbt - Togo","description":"Le Centre international de cance\u0301rologie de Lome\u0301 a e\u0301te\u0301 inaugure\u0301 le jeudi 03 novembre. La nouvelle structure est situ ...","robots":{"index":"index","follow":"follow","max-snippet":"max-snippet:-1","max-image-preview":"max-image-preview:large","max-video-preview":"max-video-preview:-1"},"canonical":"https:\/\/www.africa-press.net\/togo\/toutes-les-actualites\/togo-inauguration-du-cicl-un-centre-de-traitement-du-cancer-a-moindre-cout","og_locale":"fr_FR","og_type":"article","og_title":"Togo : inauguration du CICL, un centre de traitement du cancer \u00e0 moindre co\u00fbt","og_description":"Le Centre international de cance\u0301rologie de Lome\u0301 a e\u0301te\u0301 inaugure\u0301 le jeudi 03 novembre. La nouvelle structure est situ ...","og_url":"https:\/\/www.africa-press.net\/togo\/toutes-les-actualites\/togo-inauguration-du-cicl-un-centre-de-traitement-du-cancer-a-moindre-cout","og_site_name":"Togo","article_published_time":"2022-11-08T16:56:36+00:00","article_modified_time":"2022-11-08T17:42:18+00:00","og_image":[{"width":720,"height":403,"url":"https:\/\/static.africa-press.net\/togo\/sites\/58\/2022\/11\/postQueueImg_71.jpg","type":"image\/jpeg"}],"author":"cfeditorfr","twitter_card":"summary_large_image","twitter_misc":{"\u00c9crit par":"cfeditorfr","Dur\u00e9e de lecture estim\u00e9e":"1 minute"},"schema":{"@context":"https:\/\/schema.org","@graph":[{"@type":"Article","@id":"https:\/\/www.africa-press.net\/togo\/toutes-les-actualites\/togo-inauguration-du-cicl-un-centre-de-traitement-du-cancer-a-moindre-cout#article","isPartOf":{"@id":"https:\/\/www.africa-press.net\/togo\/toutes-les-actualites\/togo-inauguration-du-cicl-un-centre-de-traitement-du-cancer-a-moindre-cout"},"author":{"name":"cfeditorfr","@id":"https:\/\/www.africa-press.net\/togo\/#\/schema\/person\/2b1cf3cd81a31e3cd26889ca66d677f1"},"headline":"Togo : inauguration du CICL, un centre de traitement du cancer \u00e0 moindre co\u00fbt","datePublished":"2022-11-08T16:56:36+00:00","dateModified":"2022-11-08T17:42:18+00:00","mainEntityOfPage":{"@id":"https:\/\/www.africa-press.net\/togo\/toutes-les-actualites\/togo-inauguration-du-cicl-un-centre-de-traitement-du-cancer-a-moindre-cout"},"wordCount":228,"commentCount":0,"image":{"@id":"https:\/\/www.africa-press.net\/togo\/toutes-les-actualites\/togo-inauguration-du-cicl-un-centre-de-traitement-du-cancer-a-moindre-cout#primaryimage"},"thumbnailUrl":"https:\/\/static.africa-press.net\/togo\/sites\/58\/2022\/11\/postQueueImg_71.jpg","keywords":["Africa Press","Africa Press-Togo","Togo"],"articleSection":["Communaut\u00e9","Toutes les actualit\u00e9s"],"inLanguage":"fr-FR","potentialAction":[{"@type":"CommentAction","name":"Comment","target":["https:\/\/www.africa-press.net\/togo\/toutes-les-actualites\/togo-inauguration-du-cicl-un-centre-de-traitement-du-cancer-a-moindre-cout#respond"]}]},{"@type":"WebPage","@id":"https:\/\/www.africa-press.net\/togo\/toutes-les-actualites\/togo-inauguration-du-cicl-un-centre-de-traitement-du-cancer-a-moindre-cout","url":"https:\/\/www.africa-press.net\/togo\/toutes-les-actualites\/togo-inauguration-du-cicl-un-centre-de-traitement-du-cancer-a-moindre-cout","name":"Togo : inauguration du CICL, un centre de traitement du cancer \u00e0 moindre co\u00fbt - Togo","isPartOf":{"@id":"https:\/\/www.africa-press.net\/togo\/#website"},"primaryImageOfPage":{"@id":"https:\/\/www.africa-press.net\/togo\/toutes-les-actualites\/togo-inauguration-du-cicl-un-centre-de-traitement-du-cancer-a-moindre-cout#primaryimage"},"image":{"@id":"https:\/\/www.africa-press.net\/togo\/toutes-les-actualites\/togo-inauguration-du-cicl-un-centre-de-traitement-du-cancer-a-moindre-cout#primaryimage"},"thumbnailUrl":"https:\/\/static.africa-press.net\/togo\/sites\/58\/2022\/11\/postQueueImg_71.jpg","datePublished":"2022-11-08T16:56:36+00:00","dateModified":"2022-11-08T17:42:18+00:00","author":{"@id":"https:\/\/www.africa-press.net\/togo\/#\/schema\/person\/2b1cf3cd81a31e3cd26889ca66d677f1"},"description":"Le Centre international de cance\u0301rologie de Lome\u0301 a e\u0301te\u0301 inaugure\u0301 le jeudi 03 novembre. La nouvelle structure est situ ...","breadcrumb":{"@id":"https:\/\/www.africa-press.net\/togo\/toutes-les-actualites\/togo-inauguration-du-cicl-un-centre-de-traitement-du-cancer-a-moindre-cout#breadcrumb"},"inLanguage":"fr-FR","potentialAction":[{"@type":"ReadAction","target":["https:\/\/www.africa-press.net\/togo\/toutes-les-actualites\/togo-inauguration-du-cicl-un-centre-de-traitement-du-cancer-a-moindre-cout"]}]},{"@type":"ImageObject","inLanguage":"fr-FR","@id":"https:\/\/www.africa-press.net\/togo\/toutes-les-actualites\/togo-inauguration-du-cicl-un-centre-de-traitement-du-cancer-a-moindre-cout#primaryimage","url":"https:\/\/static.africa-press.net\/togo\/sites\/58\/2022\/11\/postQueueImg_71.jpg","contentUrl":"https:\/\/static.africa-press.net\/togo\/sites\/58\/2022\/11\/postQueueImg_71.jpg","width":720,"height":403,"caption":"Togo : inauguration du CICL, un centre de traitement du cancer \u00e0 moindre co\u00fbt"},{"@type":"BreadcrumbList","@id":"https:\/\/www.africa-press.net\/togo\/toutes-les-actualites\/togo-inauguration-du-cicl-un-centre-de-traitement-du-cancer-a-moindre-cout#breadcrumb","itemListElement":[{"@type":"ListItem","position":1,"name":"Accueil","item":"https:\/\/www.africa-press.net\/togo\/"},{"@type":"ListItem","position":2,"name":"Togo : inauguration du CICL, un centre de traitement du cancer \u00e0 moindre co\u00fbt"}]},{"@type":"WebSite","@id":"https:\/\/www.africa-press.net\/togo\/#website","url":"https:\/\/www.africa-press.net\/togo\/","name":"Togo","description":"Just another Africa News Agency Sites site","potentialAction":[{"@type":"SearchAction","target":{"@type":"EntryPoint","urlTemplate":"https:\/\/www.africa-press.net\/togo\/?s={search_term_string}"},"query-input":{"@type":"PropertyValueSpecification","valueRequired":true,"valueName":"search_term_string"}}],"inLanguage":"fr-FR"},{"@type":"Person","@id":"https:\/\/www.africa-press.net\/togo\/#\/schema\/person\/2b1cf3cd81a31e3cd26889ca66d677f1","name":"cfeditorfr"}]}},"_links":{"self":[{"href":"https:\/\/www.africa-press.net\/togo\/wp-json\/wp\/v2\/posts\/13565","targetHints":{"allow":["GET"]}}],"collection":[{"href":"https:\/\/www.africa-press.net\/togo\/wp-json\/wp\/v2\/posts"}],"about":[{"href":"https:\/\/www.africa-press.net\/togo\/wp-json\/wp\/v2\/types\/post"}],"author":[{"embeddable":true,"href":"https:\/\/www.africa-press.net\/togo\/wp-json\/wp\/v2\/users\/82"}],"replies":[{"embeddable":true,"href":"https:\/\/www.africa-press.net\/togo\/wp-json\/wp\/v2\/comments?post=13565"}],"version-history":[{"count":0,"href":"https:\/\/www.africa-press.net\/togo\/wp-json\/wp\/v2\/posts\/13565\/revisions"}],"wp:featuredmedia":[{"embeddable":true,"href":"https:\/\/www.africa-press.net\/togo\/wp-json\/wp\/v2\/media\/13564"}],"wp:attachment":[{"href":"https:\/\/www.africa-press.net\/togo\/wp-json\/wp\/v2\/media?parent=13565"}],"wp:term":[{"taxonomy":"category","embeddable":true,"href":"https:\/\/www.africa-press.net\/togo\/wp-json\/wp\/v2\/categories?post=13565"},{"taxonomy":"post_tag","embeddable":true,"href":"https:\/\/www.africa-press.net\/togo\/wp-json\/wp\/v2\/tags?post=13565"}],"curies":[{"name":"wp","href":"https:\/\/api.w.org\/{rel}","templated":true}]}}