{"id":13582,"date":"2022-11-09T22:00:02","date_gmt":"2022-11-09T22:00:02","guid":{"rendered":"https:\/\/www.africa-press.net\/togo\/politique\/togo-ce-que-linstitut-francais-de-lome-prevoit-pour-la-fin-dannee"},"modified":"2022-11-09T22:29:50","modified_gmt":"2022-11-09T22:29:50","slug":"togo-ce-que-linstitut-francais-de-lome-prevoit-pour-la-fin-dannee","status":"publish","type":"post","link":"https:\/\/www.africa-press.net\/togo\/toutes-les-actualites\/togo-ce-que-linstitut-francais-de-lome-prevoit-pour-la-fin-dannee","title":{"rendered":"Togo-Ce que l\u2019Institut fran\u00e7ais de Lom\u00e9 pr\u00e9voit pour la fin d\u2019ann\u00e9e"},"content":{"rendered":"<p><span style=\"color: #ff6600\"><strong>Africa-Press &#8211; Togo. <\/strong><\/span><b>L\u2019anne\u0301e tend vers sa fin. Et l\u2019Institut franc\u0327ais de Lome\u0301 (IFL), pour contenter ses visiteurs, a concocte\u0301 une se\u0301rie d\u2019e\u0301ve\u0300nements essentiels pour leur plaisir.<\/b><\/p>\n<p>L\u2019Institut franc\u0327ais de Lome\u0301 termine sa saison culturelle 2021-2022 par des e\u0301ve\u0300nements d\u2019une importance particulie\u0300re. C\u2019est ce qu\u2019a confirme\u0301, le 24 octobre dernier, lors d\u2019une rencontre avec la presse, Alain Laeron, le Directeur de\u0301le\u0301gue\u0301 de cette institution franc\u0327aise base\u0301e dans la capitale togolaise.<\/p>\n<p>Dans le tableau de the\u0301a\u0302tre, il y aura la pie\u0300ce \u00ab Cacao du collectif Puck \u00bb programme\u0301e au 17 de\u0301cembre. Le lendemain, les visiteurs pourront suivre \u00ab Rire au campus : E\u0301tudier a\u0300 tout prix pris !\u00bb, a\u0300 l\u2019Universite\u0301 de Lome\u0301. La me\u0302me repre\u0301sentation sera programme\u0301e et le 22 novembre a\u0300 l\u2019Universite\u0301 de Kara.<\/p>\n<p>En ce qui concerne les concerts, il est pre\u0301vu \u00ab Ye\u0301ye\u0301 : un appel au renouveau \u00bb le 5 novembre 2022, la finale nationale de slam \u00ab grand show calebasse challenge \u00bb au 19 novembre. Et enfin le spectacle de Kandy Guira, appele\u0301e par certains \u00ab l\u2019amazone du Burkina \u00bb au 16 de\u0301cembre.<\/p>\n<p>Les expositions sont aussi e\u0301galement au programme : \u00ab L\u2019art contemporain au Togo des anne\u0301es 60 a\u0300 nos jours : tendances et figures majeures \u00bb par E\u0301ric Wonanu et \u00ab Re\u0301conciliation des me\u0301moires ou la chronique d\u2019une me\u0300re \u00bb de Jacques Do Kokou au 16 de\u0301cembre.<\/p>\n<p>Sans oublier le cine\u0301ma, notamment \u00ab Novembre nume\u0301rique \u00bb en plus des ateliers, des confe\u0301rences, des rencontres litte\u0301raires.<\/p>\n<p>Il est important de rappeler que la programmation culturelle de l\u2019Institut de septembre a\u0300 de\u0301cembre trouve son essence, par exemple, dans la the\u0301matique \u00ab De\u0301colonisation et reconque\u0302te des imaginaires ; droits humains et e\u0301galite\u0301 des genres \u00bb.<\/p>\n<p><strong>Pour plus d&rsquo;informations et d&rsquo;analyses sur la <a href=\"https:\/\/www.africa-press.net\/togo\">Togo<\/a>, suivez <a href=\"https:\/\/www.africa-press.net\/\">Africa-Press<\/a><\/strong><\/p>\n","protected":false},"excerpt":{"rendered":"<p>Africa-Press &#8211; Togo. L\u2019anne\u0301e tend vers sa fin. Et l\u2019Institut franc\u0327ais de Lome\u0301 (IFL), pour contenter ses visiteurs, a concocte\u0301 une se\u0301rie d\u2019e\u0301ve\u0300nements essentiels pour leur plaisir. L\u2019Institut franc\u0327ais de Lome\u0301 termine sa saison culturelle 2021-2022 par des e\u0301ve\u0300nements d\u2019une importance particulie\u0300re. C\u2019est ce qu\u2019a confirme\u0301, le 24 octobre dernier, lors d\u2019une rencontre avec la [&hellip;]<\/p>\n","protected":false},"author":82,"featured_media":13581,"comment_status":"open","ping_status":"closed","sticky":false,"template":"","format":"standard","meta":{"footnotes":""},"categories":[21,10],"tags":[36,49,50],"class_list":["post-13582","post","type-post","status-publish","format-standard","has-post-thumbnail","hentry","category-communaute","category-toutes-les-actualites","tag-africa-press","tag-africa-press-togo","tag-togo"],"yoast_head":"<!-- This site is optimized with the Yoast SEO Premium plugin v26.1 (Yoast SEO v27.0) - https:\/\/yoast.com\/product\/yoast-seo-premium-wordpress\/ -->\n<title>Togo-Ce que l\u2019Institut fran\u00e7ais de Lom\u00e9 pr\u00e9voit pour la fin d\u2019ann\u00e9e - Togo<\/title>\n<meta name=\"description\" content=\"L\u2019anne\u0301e tend vers sa fin. Et l\u2019Institut franc\u0327ais de Lome\u0301 (IFL), pour contenter ses visiteurs, a concocte\u0301 une se\u0301r ...\" \/>\n<meta name=\"robots\" content=\"index, follow, max-snippet:-1, max-image-preview:large, max-video-preview:-1\" \/>\n<link rel=\"canonical\" href=\"https:\/\/www.africa-press.net\/togo\/toutes-les-actualites\/togo-ce-que-linstitut-francais-de-lome-prevoit-pour-la-fin-dannee\" \/>\n<meta property=\"og:locale\" content=\"fr_FR\" \/>\n<meta property=\"og:type\" content=\"article\" \/>\n<meta property=\"og:title\" content=\"Togo-Ce que l\u2019Institut fran\u00e7ais de Lom\u00e9 pr\u00e9voit pour la fin d\u2019ann\u00e9e\" \/>\n<meta property=\"og:description\" content=\"L\u2019anne\u0301e tend vers sa fin. Et l\u2019Institut franc\u0327ais de Lome\u0301 (IFL), pour contenter ses visiteurs, a concocte\u0301 une se\u0301r ...\" \/>\n<meta property=\"og:url\" content=\"https:\/\/www.africa-press.net\/togo\/toutes-les-actualites\/togo-ce-que-linstitut-francais-de-lome-prevoit-pour-la-fin-dannee\" \/>\n<meta property=\"og:site_name\" content=\"Togo\" \/>\n<meta property=\"article:published_time\" content=\"2022-11-09T22:00:02+00:00\" \/>\n<meta property=\"article:modified_time\" content=\"2022-11-09T22:29:50+00:00\" \/>\n<meta property=\"og:image\" content=\"https:\/\/static.africa-press.net\/togo\/sites\/58\/2022\/11\/postQueueImg_44-636c29ccde20b.jpg\" \/>\n\t<meta property=\"og:image:width\" content=\"1280\" \/>\n\t<meta property=\"og:image:height\" content=\"800\" \/>\n\t<meta property=\"og:image:type\" content=\"image\/jpeg\" \/>\n<meta name=\"author\" content=\"cfeditorfr\" \/>\n<meta name=\"twitter:card\" content=\"summary_large_image\" \/>\n<meta name=\"twitter:label1\" content=\"\u00c9crit par\" \/>\n\t<meta name=\"twitter:data1\" content=\"cfeditorfr\" \/>\n\t<meta name=\"twitter:label2\" content=\"Dur\u00e9e de lecture estim\u00e9e\" \/>\n\t<meta name=\"twitter:data2\" content=\"2 minutes\" \/>\n<script type=\"application\/ld+json\" class=\"yoast-schema-graph\">{\"@context\":\"https:\/\/schema.org\",\"@graph\":[{\"@type\":\"Article\",\"@id\":\"https:\/\/www.africa-press.net\/togo\/toutes-les-actualites\/togo-ce-que-linstitut-francais-de-lome-prevoit-pour-la-fin-dannee#article\",\"isPartOf\":{\"@id\":\"https:\/\/www.africa-press.net\/togo\/toutes-les-actualites\/togo-ce-que-linstitut-francais-de-lome-prevoit-pour-la-fin-dannee\"},\"author\":{\"name\":\"cfeditorfr\",\"@id\":\"https:\/\/www.africa-press.net\/togo\/#\/schema\/person\/2b1cf3cd81a31e3cd26889ca66d677f1\"},\"headline\":\"Togo-Ce que l\u2019Institut fran\u00e7ais de Lom\u00e9 pr\u00e9voit pour la fin d\u2019ann\u00e9e\",\"datePublished\":\"2022-11-09T22:00:02+00:00\",\"dateModified\":\"2022-11-09T22:29:50+00:00\",\"mainEntityOfPage\":{\"@id\":\"https:\/\/www.africa-press.net\/togo\/toutes-les-actualites\/togo-ce-que-linstitut-francais-de-lome-prevoit-pour-la-fin-dannee\"},\"wordCount\":330,\"commentCount\":0,\"image\":{\"@id\":\"https:\/\/www.africa-press.net\/togo\/toutes-les-actualites\/togo-ce-que-linstitut-francais-de-lome-prevoit-pour-la-fin-dannee#primaryimage\"},\"thumbnailUrl\":\"https:\/\/static.africa-press.net\/togo\/sites\/58\/2022\/11\/postQueueImg_44-636c29ccde20b.jpg\",\"keywords\":[\"Africa Press\",\"Africa Press-Togo\",\"Togo\"],\"articleSection\":[\"Communaut\u00e9\",\"Toutes les actualit\u00e9s\"],\"inLanguage\":\"fr-FR\",\"potentialAction\":[{\"@type\":\"CommentAction\",\"name\":\"Comment\",\"target\":[\"https:\/\/www.africa-press.net\/togo\/toutes-les-actualites\/togo-ce-que-linstitut-francais-de-lome-prevoit-pour-la-fin-dannee#respond\"]}]},{\"@type\":\"WebPage\",\"@id\":\"https:\/\/www.africa-press.net\/togo\/toutes-les-actualites\/togo-ce-que-linstitut-francais-de-lome-prevoit-pour-la-fin-dannee\",\"url\":\"https:\/\/www.africa-press.net\/togo\/toutes-les-actualites\/togo-ce-que-linstitut-francais-de-lome-prevoit-pour-la-fin-dannee\",\"name\":\"Togo-Ce que l\u2019Institut fran\u00e7ais de Lom\u00e9 pr\u00e9voit pour la fin d\u2019ann\u00e9e - Togo\",\"isPartOf\":{\"@id\":\"https:\/\/www.africa-press.net\/togo\/#website\"},\"primaryImageOfPage\":{\"@id\":\"https:\/\/www.africa-press.net\/togo\/toutes-les-actualites\/togo-ce-que-linstitut-francais-de-lome-prevoit-pour-la-fin-dannee#primaryimage\"},\"image\":{\"@id\":\"https:\/\/www.africa-press.net\/togo\/toutes-les-actualites\/togo-ce-que-linstitut-francais-de-lome-prevoit-pour-la-fin-dannee#primaryimage\"},\"thumbnailUrl\":\"https:\/\/static.africa-press.net\/togo\/sites\/58\/2022\/11\/postQueueImg_44-636c29ccde20b.jpg\",\"datePublished\":\"2022-11-09T22:00:02+00:00\",\"dateModified\":\"2022-11-09T22:29:50+00:00\",\"author\":{\"@id\":\"https:\/\/www.africa-press.net\/togo\/#\/schema\/person\/2b1cf3cd81a31e3cd26889ca66d677f1\"},\"description\":\"L\u2019anne\u0301e tend vers sa fin. Et l\u2019Institut franc\u0327ais de Lome\u0301 (IFL), pour contenter ses visiteurs, a concocte\u0301 une se\u0301r ...\",\"breadcrumb\":{\"@id\":\"https:\/\/www.africa-press.net\/togo\/toutes-les-actualites\/togo-ce-que-linstitut-francais-de-lome-prevoit-pour-la-fin-dannee#breadcrumb\"},\"inLanguage\":\"fr-FR\",\"potentialAction\":[{\"@type\":\"ReadAction\",\"target\":[\"https:\/\/www.africa-press.net\/togo\/toutes-les-actualites\/togo-ce-que-linstitut-francais-de-lome-prevoit-pour-la-fin-dannee\"]}]},{\"@type\":\"ImageObject\",\"inLanguage\":\"fr-FR\",\"@id\":\"https:\/\/www.africa-press.net\/togo\/toutes-les-actualites\/togo-ce-que-linstitut-francais-de-lome-prevoit-pour-la-fin-dannee#primaryimage\",\"url\":\"https:\/\/static.africa-press.net\/togo\/sites\/58\/2022\/11\/postQueueImg_44-636c29ccde20b.jpg\",\"contentUrl\":\"https:\/\/static.africa-press.net\/togo\/sites\/58\/2022\/11\/postQueueImg_44-636c29ccde20b.jpg\",\"width\":1280,\"height\":800,\"caption\":\"Togo-Ce que l\u2019Institut fran\u00e7ais de Lom\u00e9 pr\u00e9voit pour la fin d\u2019ann\u00e9e\"},{\"@type\":\"BreadcrumbList\",\"@id\":\"https:\/\/www.africa-press.net\/togo\/toutes-les-actualites\/togo-ce-que-linstitut-francais-de-lome-prevoit-pour-la-fin-dannee#breadcrumb\",\"itemListElement\":[{\"@type\":\"ListItem\",\"position\":1,\"name\":\"Accueil\",\"item\":\"https:\/\/www.africa-press.net\/togo\/\"},{\"@type\":\"ListItem\",\"position\":2,\"name\":\"Togo-Ce que l\u2019Institut fran\u00e7ais de Lom\u00e9 pr\u00e9voit pour la fin d\u2019ann\u00e9e\"}]},{\"@type\":\"WebSite\",\"@id\":\"https:\/\/www.africa-press.net\/togo\/#website\",\"url\":\"https:\/\/www.africa-press.net\/togo\/\",\"name\":\"Togo\",\"description\":\"Just another Africa News Agency Sites site\",\"potentialAction\":[{\"@type\":\"SearchAction\",\"target\":{\"@type\":\"EntryPoint\",\"urlTemplate\":\"https:\/\/www.africa-press.net\/togo\/?s={search_term_string}\"},\"query-input\":{\"@type\":\"PropertyValueSpecification\",\"valueRequired\":true,\"valueName\":\"search_term_string\"}}],\"inLanguage\":\"fr-FR\"},{\"@type\":\"Person\",\"@id\":\"https:\/\/www.africa-press.net\/togo\/#\/schema\/person\/2b1cf3cd81a31e3cd26889ca66d677f1\",\"name\":\"cfeditorfr\"}]}<\/script>\n<!-- \/ Yoast SEO Premium plugin. -->","yoast_head_json":{"title":"Togo-Ce que l\u2019Institut fran\u00e7ais de Lom\u00e9 pr\u00e9voit pour la fin d\u2019ann\u00e9e - Togo","description":"L\u2019anne\u0301e tend vers sa fin. Et l\u2019Institut franc\u0327ais de Lome\u0301 (IFL), pour contenter ses visiteurs, a concocte\u0301 une se\u0301r ...","robots":{"index":"index","follow":"follow","max-snippet":"max-snippet:-1","max-image-preview":"max-image-preview:large","max-video-preview":"max-video-preview:-1"},"canonical":"https:\/\/www.africa-press.net\/togo\/toutes-les-actualites\/togo-ce-que-linstitut-francais-de-lome-prevoit-pour-la-fin-dannee","og_locale":"fr_FR","og_type":"article","og_title":"Togo-Ce que l\u2019Institut fran\u00e7ais de Lom\u00e9 pr\u00e9voit pour la fin d\u2019ann\u00e9e","og_description":"L\u2019anne\u0301e tend vers sa fin. Et l\u2019Institut franc\u0327ais de Lome\u0301 (IFL), pour contenter ses visiteurs, a concocte\u0301 une se\u0301r ...","og_url":"https:\/\/www.africa-press.net\/togo\/toutes-les-actualites\/togo-ce-que-linstitut-francais-de-lome-prevoit-pour-la-fin-dannee","og_site_name":"Togo","article_published_time":"2022-11-09T22:00:02+00:00","article_modified_time":"2022-11-09T22:29:50+00:00","og_image":[{"width":1280,"height":800,"url":"https:\/\/static.africa-press.net\/togo\/sites\/58\/2022\/11\/postQueueImg_44-636c29ccde20b.jpg","type":"image\/jpeg"}],"author":"cfeditorfr","twitter_card":"summary_large_image","twitter_misc":{"\u00c9crit par":"cfeditorfr","Dur\u00e9e de lecture estim\u00e9e":"2 minutes"},"schema":{"@context":"https:\/\/schema.org","@graph":[{"@type":"Article","@id":"https:\/\/www.africa-press.net\/togo\/toutes-les-actualites\/togo-ce-que-linstitut-francais-de-lome-prevoit-pour-la-fin-dannee#article","isPartOf":{"@id":"https:\/\/www.africa-press.net\/togo\/toutes-les-actualites\/togo-ce-que-linstitut-francais-de-lome-prevoit-pour-la-fin-dannee"},"author":{"name":"cfeditorfr","@id":"https:\/\/www.africa-press.net\/togo\/#\/schema\/person\/2b1cf3cd81a31e3cd26889ca66d677f1"},"headline":"Togo-Ce que l\u2019Institut fran\u00e7ais de Lom\u00e9 pr\u00e9voit pour la fin d\u2019ann\u00e9e","datePublished":"2022-11-09T22:00:02+00:00","dateModified":"2022-11-09T22:29:50+00:00","mainEntityOfPage":{"@id":"https:\/\/www.africa-press.net\/togo\/toutes-les-actualites\/togo-ce-que-linstitut-francais-de-lome-prevoit-pour-la-fin-dannee"},"wordCount":330,"commentCount":0,"image":{"@id":"https:\/\/www.africa-press.net\/togo\/toutes-les-actualites\/togo-ce-que-linstitut-francais-de-lome-prevoit-pour-la-fin-dannee#primaryimage"},"thumbnailUrl":"https:\/\/static.africa-press.net\/togo\/sites\/58\/2022\/11\/postQueueImg_44-636c29ccde20b.jpg","keywords":["Africa Press","Africa Press-Togo","Togo"],"articleSection":["Communaut\u00e9","Toutes les actualit\u00e9s"],"inLanguage":"fr-FR","potentialAction":[{"@type":"CommentAction","name":"Comment","target":["https:\/\/www.africa-press.net\/togo\/toutes-les-actualites\/togo-ce-que-linstitut-francais-de-lome-prevoit-pour-la-fin-dannee#respond"]}]},{"@type":"WebPage","@id":"https:\/\/www.africa-press.net\/togo\/toutes-les-actualites\/togo-ce-que-linstitut-francais-de-lome-prevoit-pour-la-fin-dannee","url":"https:\/\/www.africa-press.net\/togo\/toutes-les-actualites\/togo-ce-que-linstitut-francais-de-lome-prevoit-pour-la-fin-dannee","name":"Togo-Ce que l\u2019Institut fran\u00e7ais de Lom\u00e9 pr\u00e9voit pour la fin d\u2019ann\u00e9e - Togo","isPartOf":{"@id":"https:\/\/www.africa-press.net\/togo\/#website"},"primaryImageOfPage":{"@id":"https:\/\/www.africa-press.net\/togo\/toutes-les-actualites\/togo-ce-que-linstitut-francais-de-lome-prevoit-pour-la-fin-dannee#primaryimage"},"image":{"@id":"https:\/\/www.africa-press.net\/togo\/toutes-les-actualites\/togo-ce-que-linstitut-francais-de-lome-prevoit-pour-la-fin-dannee#primaryimage"},"thumbnailUrl":"https:\/\/static.africa-press.net\/togo\/sites\/58\/2022\/11\/postQueueImg_44-636c29ccde20b.jpg","datePublished":"2022-11-09T22:00:02+00:00","dateModified":"2022-11-09T22:29:50+00:00","author":{"@id":"https:\/\/www.africa-press.net\/togo\/#\/schema\/person\/2b1cf3cd81a31e3cd26889ca66d677f1"},"description":"L\u2019anne\u0301e tend vers sa fin. Et l\u2019Institut franc\u0327ais de Lome\u0301 (IFL), pour contenter ses visiteurs, a concocte\u0301 une se\u0301r ...","breadcrumb":{"@id":"https:\/\/www.africa-press.net\/togo\/toutes-les-actualites\/togo-ce-que-linstitut-francais-de-lome-prevoit-pour-la-fin-dannee#breadcrumb"},"inLanguage":"fr-FR","potentialAction":[{"@type":"ReadAction","target":["https:\/\/www.africa-press.net\/togo\/toutes-les-actualites\/togo-ce-que-linstitut-francais-de-lome-prevoit-pour-la-fin-dannee"]}]},{"@type":"ImageObject","inLanguage":"fr-FR","@id":"https:\/\/www.africa-press.net\/togo\/toutes-les-actualites\/togo-ce-que-linstitut-francais-de-lome-prevoit-pour-la-fin-dannee#primaryimage","url":"https:\/\/static.africa-press.net\/togo\/sites\/58\/2022\/11\/postQueueImg_44-636c29ccde20b.jpg","contentUrl":"https:\/\/static.africa-press.net\/togo\/sites\/58\/2022\/11\/postQueueImg_44-636c29ccde20b.jpg","width":1280,"height":800,"caption":"Togo-Ce que l\u2019Institut fran\u00e7ais de Lom\u00e9 pr\u00e9voit pour la fin d\u2019ann\u00e9e"},{"@type":"BreadcrumbList","@id":"https:\/\/www.africa-press.net\/togo\/toutes-les-actualites\/togo-ce-que-linstitut-francais-de-lome-prevoit-pour-la-fin-dannee#breadcrumb","itemListElement":[{"@type":"ListItem","position":1,"name":"Accueil","item":"https:\/\/www.africa-press.net\/togo\/"},{"@type":"ListItem","position":2,"name":"Togo-Ce que l\u2019Institut fran\u00e7ais de Lom\u00e9 pr\u00e9voit pour la fin d\u2019ann\u00e9e"}]},{"@type":"WebSite","@id":"https:\/\/www.africa-press.net\/togo\/#website","url":"https:\/\/www.africa-press.net\/togo\/","name":"Togo","description":"Just another Africa News Agency Sites site","potentialAction":[{"@type":"SearchAction","target":{"@type":"EntryPoint","urlTemplate":"https:\/\/www.africa-press.net\/togo\/?s={search_term_string}"},"query-input":{"@type":"PropertyValueSpecification","valueRequired":true,"valueName":"search_term_string"}}],"inLanguage":"fr-FR"},{"@type":"Person","@id":"https:\/\/www.africa-press.net\/togo\/#\/schema\/person\/2b1cf3cd81a31e3cd26889ca66d677f1","name":"cfeditorfr"}]}},"_links":{"self":[{"href":"https:\/\/www.africa-press.net\/togo\/wp-json\/wp\/v2\/posts\/13582","targetHints":{"allow":["GET"]}}],"collection":[{"href":"https:\/\/www.africa-press.net\/togo\/wp-json\/wp\/v2\/posts"}],"about":[{"href":"https:\/\/www.africa-press.net\/togo\/wp-json\/wp\/v2\/types\/post"}],"author":[{"embeddable":true,"href":"https:\/\/www.africa-press.net\/togo\/wp-json\/wp\/v2\/users\/82"}],"replies":[{"embeddable":true,"href":"https:\/\/www.africa-press.net\/togo\/wp-json\/wp\/v2\/comments?post=13582"}],"version-history":[{"count":0,"href":"https:\/\/www.africa-press.net\/togo\/wp-json\/wp\/v2\/posts\/13582\/revisions"}],"wp:featuredmedia":[{"embeddable":true,"href":"https:\/\/www.africa-press.net\/togo\/wp-json\/wp\/v2\/media\/13581"}],"wp:attachment":[{"href":"https:\/\/www.africa-press.net\/togo\/wp-json\/wp\/v2\/media?parent=13582"}],"wp:term":[{"taxonomy":"category","embeddable":true,"href":"https:\/\/www.africa-press.net\/togo\/wp-json\/wp\/v2\/categories?post=13582"},{"taxonomy":"post_tag","embeddable":true,"href":"https:\/\/www.africa-press.net\/togo\/wp-json\/wp\/v2\/tags?post=13582"}],"curies":[{"name":"wp","href":"https:\/\/api.w.org\/{rel}","templated":true}]}}