{"id":1387,"date":"2021-07-31T20:15:04","date_gmt":"2021-07-31T20:15:04","guid":{"rendered":"https:\/\/www.africa-press.net\/togo\/?p=1387"},"modified":"2021-07-31T20:11:41","modified_gmt":"2021-07-31T20:11:41","slug":"a-londres-le-chef-de-letat-sest-entretenu-avec-le-premier-ministre-britannique","status":"publish","type":"post","link":"https:\/\/www.africa-press.net\/togo\/politique\/a-londres-le-chef-de-letat-sest-entretenu-avec-le-premier-ministre-britannique","title":{"rendered":"A Londres, le Chef de l\u2019Etat s\u2019est entretenu avec le Premier ministre britannique"},"content":{"rendered":"<p><span style=\"color: #ff6600\"><strong><a href=\"https:\/\/www.africa-press.net\/\">Africa-Press<\/a> &#8211; <a href=\"https:\/\/www.africa-press.net\/togo\">Togo<\/a>. <\/strong><\/span> (Togo Officiel) &#8211; En marge du sommet mondial de l\u2019\u00e9ducation qui se tient dans la capitale britannique, le Pr\u00e9sident de la R\u00e9publique, Faure Essozimna Gnassingb\u00e9 a rencontr\u00e9 jeudi le Premier ministre Boris Johnson. Au menu des \u00e9changes, la th\u00e9matique du sommet, des sujets bilat\u00e9raux et des questions internationales li\u00e9es notamment \u00e0 la s\u00e9curit\u00e9 sous-r\u00e9gionale.<br \/>\nLe n\u00b01 togolais et le locataire du 10 Downing Street ont ainsi \u00e9voqu\u00e9 les efforts du Togo pour attirer davantage le secteur priv\u00e9, et la politique \u00e9nerg\u00e9tique du pays, ax\u00e9e notamment sur la promotion des \u00e9nergies renouvelables.<br \/>\nQuant \u00e0 la situation s\u00e9curitaire r\u00e9gionale, caract\u00e9ris\u00e9e par des menaces s\u00e9curitaires et des risques de d\u00e9stabilisation, la contribution du Togo dans la consolidation de la paix et de la s\u00e9curit\u00e9 dans la r\u00e9gion ouest africaine et au Sahel a \u00e9t\u00e9 salu\u00e9e.<br \/>\nLom\u00e9 et Londres entretiennent de bonnes relations diplomatiques. Le Togo a lanc\u00e9 depuis plusieurs ann\u00e9es son processus d\u2019adh\u00e9sion au Commonwealth.<\/p>\n","protected":false},"excerpt":{"rendered":"<p>Africa-Press &#8211; Togo. (Togo Officiel) &#8211; En marge du sommet mondial de l\u2019\u00e9ducation qui se tient dans la capitale britannique, le Pr\u00e9sident de la R\u00e9publique, Faure Essozimna Gnassingb\u00e9 a rencontr\u00e9 jeudi le Premier ministre Boris Johnson. Au menu des \u00e9changes, la th\u00e9matique du sommet, des sujets bilat\u00e9raux et des questions internationales li\u00e9es notamment \u00e0 la [&hellip;]<\/p>\n","protected":false},"author":82,"featured_media":1386,"comment_status":"open","ping_status":"closed","sticky":false,"template":"","format":"standard","meta":{"footnotes":""},"categories":[11,2,10],"tags":[354,36,49,349,353,50],"class_list":["post-1387","post","type-post","status-publish","format-standard","has-post-thumbnail","hentry","category-homepage-french","category-politique","category-toutes-les-actualites","tag-a-londres","tag-africa-press","tag-africa-press-togo","tag-le-chef-de-letat","tag-le-premier-ministre-britannique","tag-togo"],"yoast_head":"<!-- This site is optimized with the Yoast SEO Premium plugin v26.1 (Yoast SEO v27.0) - https:\/\/yoast.com\/product\/yoast-seo-premium-wordpress\/ -->\n<title>A Londres, le Chef de l\u2019Etat s\u2019est entretenu avec le Premier ministre britannique - Togo<\/title>\n<meta name=\"description\" content=\"(Togo Officiel) - En marge du sommet mondial de l\u2019\u00e9ducation qui se tient dans la capitale britannique, le Pr\u00e9sident de ...\" \/>\n<meta name=\"robots\" content=\"index, follow, max-snippet:-1, max-image-preview:large, max-video-preview:-1\" \/>\n<link rel=\"canonical\" href=\"https:\/\/www.africa-press.net\/togo\/politique\/a-londres-le-chef-de-letat-sest-entretenu-avec-le-premier-ministre-britannique\" \/>\n<meta property=\"og:locale\" content=\"fr_FR\" \/>\n<meta property=\"og:type\" content=\"article\" \/>\n<meta property=\"og:title\" content=\"A Londres, le Chef de l\u2019Etat s\u2019est entretenu avec le Premier ministre britannique\" \/>\n<meta property=\"og:description\" content=\"(Togo Officiel) - En marge du sommet mondial de l\u2019\u00e9ducation qui se tient dans la capitale britannique, le Pr\u00e9sident de ...\" \/>\n<meta property=\"og:url\" content=\"https:\/\/www.africa-press.net\/togo\/politique\/a-londres-le-chef-de-letat-sest-entretenu-avec-le-premier-ministre-britannique\" \/>\n<meta property=\"og:site_name\" content=\"Togo\" \/>\n<meta property=\"article:published_time\" content=\"2021-07-31T20:15:04+00:00\" \/>\n<meta property=\"og:image\" content=\"https:\/\/static.africa-press.net\/togo\/sites\/58\/2021\/07\/img-6105ae4bb673a.jpg\" \/>\n\t<meta property=\"og:image:width\" content=\"500\" \/>\n\t<meta property=\"og:image:height\" content=\"333\" \/>\n\t<meta property=\"og:image:type\" content=\"image\/jpeg\" \/>\n<meta name=\"author\" content=\"cfeditorfr\" \/>\n<meta name=\"twitter:card\" content=\"summary_large_image\" \/>\n<meta name=\"twitter:label1\" content=\"\u00c9crit par\" \/>\n\t<meta name=\"twitter:data1\" content=\"cfeditorfr\" \/>\n\t<meta name=\"twitter:label2\" content=\"Dur\u00e9e de lecture estim\u00e9e\" \/>\n\t<meta name=\"twitter:data2\" content=\"1 minute\" \/>\n<script type=\"application\/ld+json\" class=\"yoast-schema-graph\">{\"@context\":\"https:\/\/schema.org\",\"@graph\":[{\"@type\":\"Article\",\"@id\":\"https:\/\/www.africa-press.net\/togo\/politique\/a-londres-le-chef-de-letat-sest-entretenu-avec-le-premier-ministre-britannique#article\",\"isPartOf\":{\"@id\":\"https:\/\/www.africa-press.net\/togo\/politique\/a-londres-le-chef-de-letat-sest-entretenu-avec-le-premier-ministre-britannique\"},\"author\":{\"name\":\"cfeditorfr\",\"@id\":\"https:\/\/www.africa-press.net\/togo\/#\/schema\/person\/2b1cf3cd81a31e3cd26889ca66d677f1\"},\"headline\":\"A Londres, le Chef de l\u2019Etat s\u2019est entretenu avec le Premier ministre britannique\",\"datePublished\":\"2021-07-31T20:15:04+00:00\",\"mainEntityOfPage\":{\"@id\":\"https:\/\/www.africa-press.net\/togo\/politique\/a-londres-le-chef-de-letat-sest-entretenu-avec-le-premier-ministre-britannique\"},\"wordCount\":189,\"commentCount\":0,\"image\":{\"@id\":\"https:\/\/www.africa-press.net\/togo\/politique\/a-londres-le-chef-de-letat-sest-entretenu-avec-le-premier-ministre-britannique#primaryimage\"},\"thumbnailUrl\":\"https:\/\/static.africa-press.net\/togo\/sites\/58\/2021\/07\/img-6105ae4bb673a.jpg\",\"keywords\":[\"A Londres\",\"Africa Press\",\"Africa Press-Togo\",\"Le Chef de l\u2019Etat\",\"le Premier ministre britannique\",\"Togo\"],\"articleSection\":[\"homepage-french\",\"Politique\",\"Toutes les actualit\u00e9s\"],\"inLanguage\":\"fr-FR\",\"potentialAction\":[{\"@type\":\"CommentAction\",\"name\":\"Comment\",\"target\":[\"https:\/\/www.africa-press.net\/togo\/politique\/a-londres-le-chef-de-letat-sest-entretenu-avec-le-premier-ministre-britannique#respond\"]}]},{\"@type\":\"WebPage\",\"@id\":\"https:\/\/www.africa-press.net\/togo\/politique\/a-londres-le-chef-de-letat-sest-entretenu-avec-le-premier-ministre-britannique\",\"url\":\"https:\/\/www.africa-press.net\/togo\/politique\/a-londres-le-chef-de-letat-sest-entretenu-avec-le-premier-ministre-britannique\",\"name\":\"A Londres, le Chef de l\u2019Etat s\u2019est entretenu avec le Premier ministre britannique - Togo\",\"isPartOf\":{\"@id\":\"https:\/\/www.africa-press.net\/togo\/#website\"},\"primaryImageOfPage\":{\"@id\":\"https:\/\/www.africa-press.net\/togo\/politique\/a-londres-le-chef-de-letat-sest-entretenu-avec-le-premier-ministre-britannique#primaryimage\"},\"image\":{\"@id\":\"https:\/\/www.africa-press.net\/togo\/politique\/a-londres-le-chef-de-letat-sest-entretenu-avec-le-premier-ministre-britannique#primaryimage\"},\"thumbnailUrl\":\"https:\/\/static.africa-press.net\/togo\/sites\/58\/2021\/07\/img-6105ae4bb673a.jpg\",\"datePublished\":\"2021-07-31T20:15:04+00:00\",\"author\":{\"@id\":\"https:\/\/www.africa-press.net\/togo\/#\/schema\/person\/2b1cf3cd81a31e3cd26889ca66d677f1\"},\"description\":\"(Togo Officiel) - En marge du sommet mondial de l\u2019\u00e9ducation qui se tient dans la capitale britannique, le Pr\u00e9sident de ...\",\"breadcrumb\":{\"@id\":\"https:\/\/www.africa-press.net\/togo\/politique\/a-londres-le-chef-de-letat-sest-entretenu-avec-le-premier-ministre-britannique#breadcrumb\"},\"inLanguage\":\"fr-FR\",\"potentialAction\":[{\"@type\":\"ReadAction\",\"target\":[\"https:\/\/www.africa-press.net\/togo\/politique\/a-londres-le-chef-de-letat-sest-entretenu-avec-le-premier-ministre-britannique\"]}]},{\"@type\":\"ImageObject\",\"inLanguage\":\"fr-FR\",\"@id\":\"https:\/\/www.africa-press.net\/togo\/politique\/a-londres-le-chef-de-letat-sest-entretenu-avec-le-premier-ministre-britannique#primaryimage\",\"url\":\"https:\/\/static.africa-press.net\/togo\/sites\/58\/2021\/07\/img-6105ae4bb673a.jpg\",\"contentUrl\":\"https:\/\/static.africa-press.net\/togo\/sites\/58\/2021\/07\/img-6105ae4bb673a.jpg\",\"width\":500,\"height\":333,\"caption\":\"A Londres, le Chef de l\u2019Etat s\u2019est entretenu avec le Premier ministre britannique\"},{\"@type\":\"BreadcrumbList\",\"@id\":\"https:\/\/www.africa-press.net\/togo\/politique\/a-londres-le-chef-de-letat-sest-entretenu-avec-le-premier-ministre-britannique#breadcrumb\",\"itemListElement\":[{\"@type\":\"ListItem\",\"position\":1,\"name\":\"Accueil\",\"item\":\"https:\/\/www.africa-press.net\/togo\/\"},{\"@type\":\"ListItem\",\"position\":2,\"name\":\"A Londres, le Chef de l\u2019Etat s\u2019est entretenu avec le Premier ministre britannique\"}]},{\"@type\":\"WebSite\",\"@id\":\"https:\/\/www.africa-press.net\/togo\/#website\",\"url\":\"https:\/\/www.africa-press.net\/togo\/\",\"name\":\"Togo\",\"description\":\"Just another Africa News Agency Sites site\",\"potentialAction\":[{\"@type\":\"SearchAction\",\"target\":{\"@type\":\"EntryPoint\",\"urlTemplate\":\"https:\/\/www.africa-press.net\/togo\/?s={search_term_string}\"},\"query-input\":{\"@type\":\"PropertyValueSpecification\",\"valueRequired\":true,\"valueName\":\"search_term_string\"}}],\"inLanguage\":\"fr-FR\"},{\"@type\":\"Person\",\"@id\":\"https:\/\/www.africa-press.net\/togo\/#\/schema\/person\/2b1cf3cd81a31e3cd26889ca66d677f1\",\"name\":\"cfeditorfr\"}]}<\/script>\n<!-- \/ Yoast SEO Premium plugin. -->","yoast_head_json":{"title":"A Londres, le Chef de l\u2019Etat s\u2019est entretenu avec le Premier ministre britannique - Togo","description":"(Togo Officiel) - En marge du sommet mondial de l\u2019\u00e9ducation qui se tient dans la capitale britannique, le Pr\u00e9sident de ...","robots":{"index":"index","follow":"follow","max-snippet":"max-snippet:-1","max-image-preview":"max-image-preview:large","max-video-preview":"max-video-preview:-1"},"canonical":"https:\/\/www.africa-press.net\/togo\/politique\/a-londres-le-chef-de-letat-sest-entretenu-avec-le-premier-ministre-britannique","og_locale":"fr_FR","og_type":"article","og_title":"A Londres, le Chef de l\u2019Etat s\u2019est entretenu avec le Premier ministre britannique","og_description":"(Togo Officiel) - En marge du sommet mondial de l\u2019\u00e9ducation qui se tient dans la capitale britannique, le Pr\u00e9sident de ...","og_url":"https:\/\/www.africa-press.net\/togo\/politique\/a-londres-le-chef-de-letat-sest-entretenu-avec-le-premier-ministre-britannique","og_site_name":"Togo","article_published_time":"2021-07-31T20:15:04+00:00","og_image":[{"width":500,"height":333,"url":"https:\/\/static.africa-press.net\/togo\/sites\/58\/2021\/07\/img-6105ae4bb673a.jpg","type":"image\/jpeg"}],"author":"cfeditorfr","twitter_card":"summary_large_image","twitter_misc":{"\u00c9crit par":"cfeditorfr","Dur\u00e9e de lecture estim\u00e9e":"1 minute"},"schema":{"@context":"https:\/\/schema.org","@graph":[{"@type":"Article","@id":"https:\/\/www.africa-press.net\/togo\/politique\/a-londres-le-chef-de-letat-sest-entretenu-avec-le-premier-ministre-britannique#article","isPartOf":{"@id":"https:\/\/www.africa-press.net\/togo\/politique\/a-londres-le-chef-de-letat-sest-entretenu-avec-le-premier-ministre-britannique"},"author":{"name":"cfeditorfr","@id":"https:\/\/www.africa-press.net\/togo\/#\/schema\/person\/2b1cf3cd81a31e3cd26889ca66d677f1"},"headline":"A Londres, le Chef de l\u2019Etat s\u2019est entretenu avec le Premier ministre britannique","datePublished":"2021-07-31T20:15:04+00:00","mainEntityOfPage":{"@id":"https:\/\/www.africa-press.net\/togo\/politique\/a-londres-le-chef-de-letat-sest-entretenu-avec-le-premier-ministre-britannique"},"wordCount":189,"commentCount":0,"image":{"@id":"https:\/\/www.africa-press.net\/togo\/politique\/a-londres-le-chef-de-letat-sest-entretenu-avec-le-premier-ministre-britannique#primaryimage"},"thumbnailUrl":"https:\/\/static.africa-press.net\/togo\/sites\/58\/2021\/07\/img-6105ae4bb673a.jpg","keywords":["A Londres","Africa Press","Africa Press-Togo","Le Chef de l\u2019Etat","le Premier ministre britannique","Togo"],"articleSection":["homepage-french","Politique","Toutes les actualit\u00e9s"],"inLanguage":"fr-FR","potentialAction":[{"@type":"CommentAction","name":"Comment","target":["https:\/\/www.africa-press.net\/togo\/politique\/a-londres-le-chef-de-letat-sest-entretenu-avec-le-premier-ministre-britannique#respond"]}]},{"@type":"WebPage","@id":"https:\/\/www.africa-press.net\/togo\/politique\/a-londres-le-chef-de-letat-sest-entretenu-avec-le-premier-ministre-britannique","url":"https:\/\/www.africa-press.net\/togo\/politique\/a-londres-le-chef-de-letat-sest-entretenu-avec-le-premier-ministre-britannique","name":"A Londres, le Chef de l\u2019Etat s\u2019est entretenu avec le Premier ministre britannique - Togo","isPartOf":{"@id":"https:\/\/www.africa-press.net\/togo\/#website"},"primaryImageOfPage":{"@id":"https:\/\/www.africa-press.net\/togo\/politique\/a-londres-le-chef-de-letat-sest-entretenu-avec-le-premier-ministre-britannique#primaryimage"},"image":{"@id":"https:\/\/www.africa-press.net\/togo\/politique\/a-londres-le-chef-de-letat-sest-entretenu-avec-le-premier-ministre-britannique#primaryimage"},"thumbnailUrl":"https:\/\/static.africa-press.net\/togo\/sites\/58\/2021\/07\/img-6105ae4bb673a.jpg","datePublished":"2021-07-31T20:15:04+00:00","author":{"@id":"https:\/\/www.africa-press.net\/togo\/#\/schema\/person\/2b1cf3cd81a31e3cd26889ca66d677f1"},"description":"(Togo Officiel) - En marge du sommet mondial de l\u2019\u00e9ducation qui se tient dans la capitale britannique, le Pr\u00e9sident de ...","breadcrumb":{"@id":"https:\/\/www.africa-press.net\/togo\/politique\/a-londres-le-chef-de-letat-sest-entretenu-avec-le-premier-ministre-britannique#breadcrumb"},"inLanguage":"fr-FR","potentialAction":[{"@type":"ReadAction","target":["https:\/\/www.africa-press.net\/togo\/politique\/a-londres-le-chef-de-letat-sest-entretenu-avec-le-premier-ministre-britannique"]}]},{"@type":"ImageObject","inLanguage":"fr-FR","@id":"https:\/\/www.africa-press.net\/togo\/politique\/a-londres-le-chef-de-letat-sest-entretenu-avec-le-premier-ministre-britannique#primaryimage","url":"https:\/\/static.africa-press.net\/togo\/sites\/58\/2021\/07\/img-6105ae4bb673a.jpg","contentUrl":"https:\/\/static.africa-press.net\/togo\/sites\/58\/2021\/07\/img-6105ae4bb673a.jpg","width":500,"height":333,"caption":"A Londres, le Chef de l\u2019Etat s\u2019est entretenu avec le Premier ministre britannique"},{"@type":"BreadcrumbList","@id":"https:\/\/www.africa-press.net\/togo\/politique\/a-londres-le-chef-de-letat-sest-entretenu-avec-le-premier-ministre-britannique#breadcrumb","itemListElement":[{"@type":"ListItem","position":1,"name":"Accueil","item":"https:\/\/www.africa-press.net\/togo\/"},{"@type":"ListItem","position":2,"name":"A Londres, le Chef de l\u2019Etat s\u2019est entretenu avec le Premier ministre britannique"}]},{"@type":"WebSite","@id":"https:\/\/www.africa-press.net\/togo\/#website","url":"https:\/\/www.africa-press.net\/togo\/","name":"Togo","description":"Just another Africa News Agency Sites site","potentialAction":[{"@type":"SearchAction","target":{"@type":"EntryPoint","urlTemplate":"https:\/\/www.africa-press.net\/togo\/?s={search_term_string}"},"query-input":{"@type":"PropertyValueSpecification","valueRequired":true,"valueName":"search_term_string"}}],"inLanguage":"fr-FR"},{"@type":"Person","@id":"https:\/\/www.africa-press.net\/togo\/#\/schema\/person\/2b1cf3cd81a31e3cd26889ca66d677f1","name":"cfeditorfr"}]}},"_links":{"self":[{"href":"https:\/\/www.africa-press.net\/togo\/wp-json\/wp\/v2\/posts\/1387","targetHints":{"allow":["GET"]}}],"collection":[{"href":"https:\/\/www.africa-press.net\/togo\/wp-json\/wp\/v2\/posts"}],"about":[{"href":"https:\/\/www.africa-press.net\/togo\/wp-json\/wp\/v2\/types\/post"}],"author":[{"embeddable":true,"href":"https:\/\/www.africa-press.net\/togo\/wp-json\/wp\/v2\/users\/82"}],"replies":[{"embeddable":true,"href":"https:\/\/www.africa-press.net\/togo\/wp-json\/wp\/v2\/comments?post=1387"}],"version-history":[{"count":0,"href":"https:\/\/www.africa-press.net\/togo\/wp-json\/wp\/v2\/posts\/1387\/revisions"}],"wp:featuredmedia":[{"embeddable":true,"href":"https:\/\/www.africa-press.net\/togo\/wp-json\/wp\/v2\/media\/1386"}],"wp:attachment":[{"href":"https:\/\/www.africa-press.net\/togo\/wp-json\/wp\/v2\/media?parent=1387"}],"wp:term":[{"taxonomy":"category","embeddable":true,"href":"https:\/\/www.africa-press.net\/togo\/wp-json\/wp\/v2\/categories?post=1387"},{"taxonomy":"post_tag","embeddable":true,"href":"https:\/\/www.africa-press.net\/togo\/wp-json\/wp\/v2\/tags?post=1387"}],"curies":[{"name":"wp","href":"https:\/\/api.w.org\/{rel}","templated":true}]}}