{"id":14594,"date":"2022-11-29T17:05:34","date_gmt":"2022-11-29T17:05:34","guid":{"rendered":"https:\/\/www.africa-press.net\/togo\/politique\/terrorisme-a-quand-la-revolte-des-fat-dans-les-garnisons-comme-en-1991"},"modified":"2022-11-29T18:18:24","modified_gmt":"2022-11-29T18:18:24","slug":"terrorisme-a-quand-la-revolte-des-fat-dans-les-garnisons-comme-en-1991","status":"publish","type":"post","link":"https:\/\/www.africa-press.net\/togo\/politique\/terrorisme-a-quand-la-revolte-des-fat-dans-les-garnisons-comme-en-1991","title":{"rendered":"TERRORISME : \u00c0 quand la r\u00e9volte des FAT dans les garnisons comme en 1991 ?"},"content":{"rendered":"<p><span style=\"color: #ff6600\"><strong>Africa-Press &#8211; Togo. <\/strong><\/span>Chronique: A\u0300 une pe\u0301riode de la vie politique de notre pays, les usurpateurs du pouvoir ont comme a\u0300 leur habitude trouve\u0301 le mot \u00ab djihadistes \u00bb pour traiter d\u2019ennemis de la Re\u0301publique les vaillants de\u0301fenseurs de la liberte\u0301 et de l\u2019alternance au Togo.<\/p>\n<p>Les partisans du PNP ont e\u0301te\u0301 poursuivis, traque\u0301s et emprisonne\u0301s a\u0300 tort, juste parce qu\u2019ils voulaient le meilleur pour le peuple Togolais. Des ustensiles de cuisine, habituellement utilise\u0301es dans nos maisons (couteau, coupe coupe&#8230;) ont e\u0301te\u0301 expose\u0301es comme armes de guerre pour justifier leur forfaiture. Des innocents ont e\u0301te\u0301 emprisonne\u0301s et traite\u0301s de djihadistes. Des pe\u0300res de famille, des enfants des gens ont e\u0301te\u0301 emprisonne\u0301s et parfois tue\u0301s parce qu\u2019ils e\u0301taient d\u2019un autre bord politique. Voila\u0300 aujourd\u2019hui les vrais djihadistes sont la\u0300. Ils n\u2019utilisent pas de coupe coupe pour attaquer nos vaillants soldats qui meurent en dizaines.<\/p>\n<p>Ou\u0300 sont ces grands experts antiterroristes qui traquaient les membres du PNP? Ils sont ou\u0300 pour donner les bonnes informations sur les positions des djihadistes? Si c\u2019est pour espionner les togolais, on de\u0301bloque des milliards pour des projets bidons et sans issue. Ou\u0300 est pegasus pour nous aider a\u0300 traquer les djihadistes? Ou\u0300 sont ces israe\u0301liens et les militaires forme\u0301s en Israe\u0308l pour lutter contre les attaques terroristes au Togo ? Oui on ne les voit plus. Voila\u0300 ce que vous soutenez vous qui e\u0302tes derrie\u0300re votre ventre!<\/p>\n<p>Que Dieu nous vienne en aide!<\/p>\n<p>28\/11\/2022<\/p>\n<p>Patriote et porte-parole des vaillants militaires togolais tombe\u0301s sous les feux des vrais djihadistes<\/p>\n<p><strong>Pour plus d&rsquo;informations et d&rsquo;analyses sur la <a href=\"https:\/\/www.africa-press.net\/togo\">Togo<\/a>, suivez <a href=\"https:\/\/www.africa-press.net\/\">Africa-Press<\/a><\/strong><\/p>\n","protected":false},"excerpt":{"rendered":"<p>Africa-Press &#8211; Togo. Chronique: A\u0300 une pe\u0301riode de la vie politique de notre pays, les usurpateurs du pouvoir ont comme a\u0300 leur habitude trouve\u0301 le mot \u00ab djihadistes \u00bb pour traiter d\u2019ennemis de la Re\u0301publique les vaillants de\u0301fenseurs de la liberte\u0301 et de l\u2019alternance au Togo. Les partisans du PNP ont e\u0301te\u0301 poursuivis, traque\u0301s et [&hellip;]<\/p>\n","protected":false},"author":82,"featured_media":14593,"comment_status":"open","ping_status":"closed","sticky":false,"template":"","format":"standard","meta":{"footnotes":""},"categories":[2,10],"tags":[36,49,505,459,50],"class_list":["post-14594","post","type-post","status-publish","format-standard","has-post-thumbnail","hentry","category-politique","category-toutes-les-actualites","tag-africa-press","tag-africa-press-togo","tag-fat","tag-terrorisme","tag-togo"],"yoast_head":"<!-- This site is optimized with the Yoast SEO Premium plugin v26.1 (Yoast SEO v27.0) - https:\/\/yoast.com\/product\/yoast-seo-premium-wordpress\/ -->\n<title>TERRORISME : \u00c0 quand la r\u00e9volte des FAT dans les garnisons comme en 1991 ? - Togo<\/title>\n<meta name=\"description\" content=\"Chronique: A\u0300 une pe\u0301riode de la vie politique de notre pays, les usurpateurs du pouvoir ont comme a\u0300 leur habitude trou ...\" \/>\n<meta name=\"robots\" content=\"index, follow, max-snippet:-1, max-image-preview:large, max-video-preview:-1\" \/>\n<link rel=\"canonical\" href=\"https:\/\/www.africa-press.net\/togo\/politique\/terrorisme-a-quand-la-revolte-des-fat-dans-les-garnisons-comme-en-1991\" \/>\n<meta property=\"og:locale\" content=\"fr_FR\" \/>\n<meta property=\"og:type\" content=\"article\" \/>\n<meta property=\"og:title\" content=\"TERRORISME : \u00c0 quand la r\u00e9volte des FAT dans les garnisons comme en 1991 ?\" \/>\n<meta property=\"og:description\" content=\"Chronique: A\u0300 une pe\u0301riode de la vie politique de notre pays, les usurpateurs du pouvoir ont comme a\u0300 leur habitude trou ...\" \/>\n<meta property=\"og:url\" content=\"https:\/\/www.africa-press.net\/togo\/politique\/terrorisme-a-quand-la-revolte-des-fat-dans-les-garnisons-comme-en-1991\" \/>\n<meta property=\"og:site_name\" content=\"Togo\" \/>\n<meta property=\"article:published_time\" content=\"2022-11-29T17:05:34+00:00\" \/>\n<meta property=\"article:modified_time\" content=\"2022-11-29T18:18:24+00:00\" \/>\n<meta property=\"og:image\" content=\"https:\/\/static.africa-press.net\/togo\/sites\/58\/2022\/11\/postQueueImg_1669728945.80.jpg\" \/>\n\t<meta property=\"og:image:width\" content=\"720\" \/>\n\t<meta property=\"og:image:height\" content=\"480\" \/>\n\t<meta property=\"og:image:type\" content=\"image\/jpeg\" \/>\n<meta name=\"author\" content=\"cfeditorfr\" \/>\n<meta name=\"twitter:card\" content=\"summary_large_image\" \/>\n<meta name=\"twitter:label1\" content=\"\u00c9crit par\" \/>\n\t<meta name=\"twitter:data1\" content=\"cfeditorfr\" \/>\n\t<meta name=\"twitter:label2\" content=\"Dur\u00e9e de lecture estim\u00e9e\" \/>\n\t<meta name=\"twitter:data2\" content=\"2 minutes\" \/>\n<script type=\"application\/ld+json\" class=\"yoast-schema-graph\">{\"@context\":\"https:\/\/schema.org\",\"@graph\":[{\"@type\":\"Article\",\"@id\":\"https:\/\/www.africa-press.net\/togo\/politique\/terrorisme-a-quand-la-revolte-des-fat-dans-les-garnisons-comme-en-1991#article\",\"isPartOf\":{\"@id\":\"https:\/\/www.africa-press.net\/togo\/politique\/terrorisme-a-quand-la-revolte-des-fat-dans-les-garnisons-comme-en-1991\"},\"author\":{\"name\":\"cfeditorfr\",\"@id\":\"https:\/\/www.africa-press.net\/togo\/#\/schema\/person\/2b1cf3cd81a31e3cd26889ca66d677f1\"},\"headline\":\"TERRORISME : \u00c0 quand la r\u00e9volte des FAT dans les garnisons comme en 1991 ?\",\"datePublished\":\"2022-11-29T17:05:34+00:00\",\"dateModified\":\"2022-11-29T18:18:24+00:00\",\"mainEntityOfPage\":{\"@id\":\"https:\/\/www.africa-press.net\/togo\/politique\/terrorisme-a-quand-la-revolte-des-fat-dans-les-garnisons-comme-en-1991\"},\"wordCount\":304,\"commentCount\":0,\"image\":{\"@id\":\"https:\/\/www.africa-press.net\/togo\/politique\/terrorisme-a-quand-la-revolte-des-fat-dans-les-garnisons-comme-en-1991#primaryimage\"},\"thumbnailUrl\":\"https:\/\/static.africa-press.net\/togo\/sites\/58\/2022\/11\/postQueueImg_1669728945.80.jpg\",\"keywords\":[\"Africa Press\",\"Africa Press-Togo\",\"FAT\",\"Terrorisme\",\"Togo\"],\"articleSection\":[\"Politique\",\"Toutes les actualit\u00e9s\"],\"inLanguage\":\"fr-FR\",\"potentialAction\":[{\"@type\":\"CommentAction\",\"name\":\"Comment\",\"target\":[\"https:\/\/www.africa-press.net\/togo\/politique\/terrorisme-a-quand-la-revolte-des-fat-dans-les-garnisons-comme-en-1991#respond\"]}]},{\"@type\":\"WebPage\",\"@id\":\"https:\/\/www.africa-press.net\/togo\/politique\/terrorisme-a-quand-la-revolte-des-fat-dans-les-garnisons-comme-en-1991\",\"url\":\"https:\/\/www.africa-press.net\/togo\/politique\/terrorisme-a-quand-la-revolte-des-fat-dans-les-garnisons-comme-en-1991\",\"name\":\"TERRORISME : \u00c0 quand la r\u00e9volte des FAT dans les garnisons comme en 1991 ? - Togo\",\"isPartOf\":{\"@id\":\"https:\/\/www.africa-press.net\/togo\/#website\"},\"primaryImageOfPage\":{\"@id\":\"https:\/\/www.africa-press.net\/togo\/politique\/terrorisme-a-quand-la-revolte-des-fat-dans-les-garnisons-comme-en-1991#primaryimage\"},\"image\":{\"@id\":\"https:\/\/www.africa-press.net\/togo\/politique\/terrorisme-a-quand-la-revolte-des-fat-dans-les-garnisons-comme-en-1991#primaryimage\"},\"thumbnailUrl\":\"https:\/\/static.africa-press.net\/togo\/sites\/58\/2022\/11\/postQueueImg_1669728945.80.jpg\",\"datePublished\":\"2022-11-29T17:05:34+00:00\",\"dateModified\":\"2022-11-29T18:18:24+00:00\",\"author\":{\"@id\":\"https:\/\/www.africa-press.net\/togo\/#\/schema\/person\/2b1cf3cd81a31e3cd26889ca66d677f1\"},\"description\":\"Chronique: A\u0300 une pe\u0301riode de la vie politique de notre pays, les usurpateurs du pouvoir ont comme a\u0300 leur habitude trou ...\",\"breadcrumb\":{\"@id\":\"https:\/\/www.africa-press.net\/togo\/politique\/terrorisme-a-quand-la-revolte-des-fat-dans-les-garnisons-comme-en-1991#breadcrumb\"},\"inLanguage\":\"fr-FR\",\"potentialAction\":[{\"@type\":\"ReadAction\",\"target\":[\"https:\/\/www.africa-press.net\/togo\/politique\/terrorisme-a-quand-la-revolte-des-fat-dans-les-garnisons-comme-en-1991\"]}]},{\"@type\":\"ImageObject\",\"inLanguage\":\"fr-FR\",\"@id\":\"https:\/\/www.africa-press.net\/togo\/politique\/terrorisme-a-quand-la-revolte-des-fat-dans-les-garnisons-comme-en-1991#primaryimage\",\"url\":\"https:\/\/static.africa-press.net\/togo\/sites\/58\/2022\/11\/postQueueImg_1669728945.80.jpg\",\"contentUrl\":\"https:\/\/static.africa-press.net\/togo\/sites\/58\/2022\/11\/postQueueImg_1669728945.80.jpg\",\"width\":720,\"height\":480,\"caption\":\"TERRORISME : \u00c0 quand la r\u00e9volte des FAT dans les garnisons comme en 1991 ?\"},{\"@type\":\"BreadcrumbList\",\"@id\":\"https:\/\/www.africa-press.net\/togo\/politique\/terrorisme-a-quand-la-revolte-des-fat-dans-les-garnisons-comme-en-1991#breadcrumb\",\"itemListElement\":[{\"@type\":\"ListItem\",\"position\":1,\"name\":\"Accueil\",\"item\":\"https:\/\/www.africa-press.net\/togo\/\"},{\"@type\":\"ListItem\",\"position\":2,\"name\":\"TERRORISME : \u00c0 quand la r\u00e9volte des FAT dans les garnisons comme en 1991 ?\"}]},{\"@type\":\"WebSite\",\"@id\":\"https:\/\/www.africa-press.net\/togo\/#website\",\"url\":\"https:\/\/www.africa-press.net\/togo\/\",\"name\":\"Togo\",\"description\":\"Just another Africa News Agency Sites site\",\"potentialAction\":[{\"@type\":\"SearchAction\",\"target\":{\"@type\":\"EntryPoint\",\"urlTemplate\":\"https:\/\/www.africa-press.net\/togo\/?s={search_term_string}\"},\"query-input\":{\"@type\":\"PropertyValueSpecification\",\"valueRequired\":true,\"valueName\":\"search_term_string\"}}],\"inLanguage\":\"fr-FR\"},{\"@type\":\"Person\",\"@id\":\"https:\/\/www.africa-press.net\/togo\/#\/schema\/person\/2b1cf3cd81a31e3cd26889ca66d677f1\",\"name\":\"cfeditorfr\"}]}<\/script>\n<!-- \/ Yoast SEO Premium plugin. -->","yoast_head_json":{"title":"TERRORISME : \u00c0 quand la r\u00e9volte des FAT dans les garnisons comme en 1991 ? - Togo","description":"Chronique: A\u0300 une pe\u0301riode de la vie politique de notre pays, les usurpateurs du pouvoir ont comme a\u0300 leur habitude trou ...","robots":{"index":"index","follow":"follow","max-snippet":"max-snippet:-1","max-image-preview":"max-image-preview:large","max-video-preview":"max-video-preview:-1"},"canonical":"https:\/\/www.africa-press.net\/togo\/politique\/terrorisme-a-quand-la-revolte-des-fat-dans-les-garnisons-comme-en-1991","og_locale":"fr_FR","og_type":"article","og_title":"TERRORISME : \u00c0 quand la r\u00e9volte des FAT dans les garnisons comme en 1991 ?","og_description":"Chronique: A\u0300 une pe\u0301riode de la vie politique de notre pays, les usurpateurs du pouvoir ont comme a\u0300 leur habitude trou ...","og_url":"https:\/\/www.africa-press.net\/togo\/politique\/terrorisme-a-quand-la-revolte-des-fat-dans-les-garnisons-comme-en-1991","og_site_name":"Togo","article_published_time":"2022-11-29T17:05:34+00:00","article_modified_time":"2022-11-29T18:18:24+00:00","og_image":[{"width":720,"height":480,"url":"https:\/\/static.africa-press.net\/togo\/sites\/58\/2022\/11\/postQueueImg_1669728945.80.jpg","type":"image\/jpeg"}],"author":"cfeditorfr","twitter_card":"summary_large_image","twitter_misc":{"\u00c9crit par":"cfeditorfr","Dur\u00e9e de lecture estim\u00e9e":"2 minutes"},"schema":{"@context":"https:\/\/schema.org","@graph":[{"@type":"Article","@id":"https:\/\/www.africa-press.net\/togo\/politique\/terrorisme-a-quand-la-revolte-des-fat-dans-les-garnisons-comme-en-1991#article","isPartOf":{"@id":"https:\/\/www.africa-press.net\/togo\/politique\/terrorisme-a-quand-la-revolte-des-fat-dans-les-garnisons-comme-en-1991"},"author":{"name":"cfeditorfr","@id":"https:\/\/www.africa-press.net\/togo\/#\/schema\/person\/2b1cf3cd81a31e3cd26889ca66d677f1"},"headline":"TERRORISME : \u00c0 quand la r\u00e9volte des FAT dans les garnisons comme en 1991 ?","datePublished":"2022-11-29T17:05:34+00:00","dateModified":"2022-11-29T18:18:24+00:00","mainEntityOfPage":{"@id":"https:\/\/www.africa-press.net\/togo\/politique\/terrorisme-a-quand-la-revolte-des-fat-dans-les-garnisons-comme-en-1991"},"wordCount":304,"commentCount":0,"image":{"@id":"https:\/\/www.africa-press.net\/togo\/politique\/terrorisme-a-quand-la-revolte-des-fat-dans-les-garnisons-comme-en-1991#primaryimage"},"thumbnailUrl":"https:\/\/static.africa-press.net\/togo\/sites\/58\/2022\/11\/postQueueImg_1669728945.80.jpg","keywords":["Africa Press","Africa Press-Togo","FAT","Terrorisme","Togo"],"articleSection":["Politique","Toutes les actualit\u00e9s"],"inLanguage":"fr-FR","potentialAction":[{"@type":"CommentAction","name":"Comment","target":["https:\/\/www.africa-press.net\/togo\/politique\/terrorisme-a-quand-la-revolte-des-fat-dans-les-garnisons-comme-en-1991#respond"]}]},{"@type":"WebPage","@id":"https:\/\/www.africa-press.net\/togo\/politique\/terrorisme-a-quand-la-revolte-des-fat-dans-les-garnisons-comme-en-1991","url":"https:\/\/www.africa-press.net\/togo\/politique\/terrorisme-a-quand-la-revolte-des-fat-dans-les-garnisons-comme-en-1991","name":"TERRORISME : \u00c0 quand la r\u00e9volte des FAT dans les garnisons comme en 1991 ? - Togo","isPartOf":{"@id":"https:\/\/www.africa-press.net\/togo\/#website"},"primaryImageOfPage":{"@id":"https:\/\/www.africa-press.net\/togo\/politique\/terrorisme-a-quand-la-revolte-des-fat-dans-les-garnisons-comme-en-1991#primaryimage"},"image":{"@id":"https:\/\/www.africa-press.net\/togo\/politique\/terrorisme-a-quand-la-revolte-des-fat-dans-les-garnisons-comme-en-1991#primaryimage"},"thumbnailUrl":"https:\/\/static.africa-press.net\/togo\/sites\/58\/2022\/11\/postQueueImg_1669728945.80.jpg","datePublished":"2022-11-29T17:05:34+00:00","dateModified":"2022-11-29T18:18:24+00:00","author":{"@id":"https:\/\/www.africa-press.net\/togo\/#\/schema\/person\/2b1cf3cd81a31e3cd26889ca66d677f1"},"description":"Chronique: A\u0300 une pe\u0301riode de la vie politique de notre pays, les usurpateurs du pouvoir ont comme a\u0300 leur habitude trou ...","breadcrumb":{"@id":"https:\/\/www.africa-press.net\/togo\/politique\/terrorisme-a-quand-la-revolte-des-fat-dans-les-garnisons-comme-en-1991#breadcrumb"},"inLanguage":"fr-FR","potentialAction":[{"@type":"ReadAction","target":["https:\/\/www.africa-press.net\/togo\/politique\/terrorisme-a-quand-la-revolte-des-fat-dans-les-garnisons-comme-en-1991"]}]},{"@type":"ImageObject","inLanguage":"fr-FR","@id":"https:\/\/www.africa-press.net\/togo\/politique\/terrorisme-a-quand-la-revolte-des-fat-dans-les-garnisons-comme-en-1991#primaryimage","url":"https:\/\/static.africa-press.net\/togo\/sites\/58\/2022\/11\/postQueueImg_1669728945.80.jpg","contentUrl":"https:\/\/static.africa-press.net\/togo\/sites\/58\/2022\/11\/postQueueImg_1669728945.80.jpg","width":720,"height":480,"caption":"TERRORISME : \u00c0 quand la r\u00e9volte des FAT dans les garnisons comme en 1991 ?"},{"@type":"BreadcrumbList","@id":"https:\/\/www.africa-press.net\/togo\/politique\/terrorisme-a-quand-la-revolte-des-fat-dans-les-garnisons-comme-en-1991#breadcrumb","itemListElement":[{"@type":"ListItem","position":1,"name":"Accueil","item":"https:\/\/www.africa-press.net\/togo\/"},{"@type":"ListItem","position":2,"name":"TERRORISME : \u00c0 quand la r\u00e9volte des FAT dans les garnisons comme en 1991 ?"}]},{"@type":"WebSite","@id":"https:\/\/www.africa-press.net\/togo\/#website","url":"https:\/\/www.africa-press.net\/togo\/","name":"Togo","description":"Just another Africa News Agency Sites site","potentialAction":[{"@type":"SearchAction","target":{"@type":"EntryPoint","urlTemplate":"https:\/\/www.africa-press.net\/togo\/?s={search_term_string}"},"query-input":{"@type":"PropertyValueSpecification","valueRequired":true,"valueName":"search_term_string"}}],"inLanguage":"fr-FR"},{"@type":"Person","@id":"https:\/\/www.africa-press.net\/togo\/#\/schema\/person\/2b1cf3cd81a31e3cd26889ca66d677f1","name":"cfeditorfr"}]}},"_links":{"self":[{"href":"https:\/\/www.africa-press.net\/togo\/wp-json\/wp\/v2\/posts\/14594","targetHints":{"allow":["GET"]}}],"collection":[{"href":"https:\/\/www.africa-press.net\/togo\/wp-json\/wp\/v2\/posts"}],"about":[{"href":"https:\/\/www.africa-press.net\/togo\/wp-json\/wp\/v2\/types\/post"}],"author":[{"embeddable":true,"href":"https:\/\/www.africa-press.net\/togo\/wp-json\/wp\/v2\/users\/82"}],"replies":[{"embeddable":true,"href":"https:\/\/www.africa-press.net\/togo\/wp-json\/wp\/v2\/comments?post=14594"}],"version-history":[{"count":0,"href":"https:\/\/www.africa-press.net\/togo\/wp-json\/wp\/v2\/posts\/14594\/revisions"}],"wp:featuredmedia":[{"embeddable":true,"href":"https:\/\/www.africa-press.net\/togo\/wp-json\/wp\/v2\/media\/14593"}],"wp:attachment":[{"href":"https:\/\/www.africa-press.net\/togo\/wp-json\/wp\/v2\/media?parent=14594"}],"wp:term":[{"taxonomy":"category","embeddable":true,"href":"https:\/\/www.africa-press.net\/togo\/wp-json\/wp\/v2\/categories?post=14594"},{"taxonomy":"post_tag","embeddable":true,"href":"https:\/\/www.africa-press.net\/togo\/wp-json\/wp\/v2\/tags?post=14594"}],"curies":[{"name":"wp","href":"https:\/\/api.w.org\/{rel}","templated":true}]}}