{"id":15536,"date":"2022-12-23T11:50:00","date_gmt":"2022-12-23T11:50:00","guid":{"rendered":"https:\/\/www.africa-press.net\/togo\/politique\/togo-grand-mouvement-dans-larmee-mme-gnakade-et-le-chef-detat-major-des-fat-releves-de-leur-fonctions"},"modified":"2022-12-23T11:50:00","modified_gmt":"2022-12-23T11:50:00","slug":"togo-grand-mouvement-dans-larmee-mme-gnakade-et-le-chef-detat-major-des-fat-releves-de-leur-fonctions","status":"publish","type":"post","link":"https:\/\/www.africa-press.net\/togo\/politique\/togo-grand-mouvement-dans-larmee-mme-gnakade-et-le-chef-detat-major-des-fat-releves-de-leur-fonctions","title":{"rendered":"Togo\/Grand mouvement dans l\u2019arm\u00e9e : Mme Gnakad\u00e8 et le chef d\u2019\u00e9tat major des FAT relev\u00e9s de leur fonctions"},"content":{"rendered":"<p><span style=\"color: #ff6600\"><strong>Africa-Press &#8211; Togo. <\/strong><\/span>Faure Gnassingbe\u0301 vient de prendre de grandes de\u0301cisions concernant l\u2019arme\u0301e. C est a\u0300 travers un de\u0301cret en date de ce 22 de\u0301cembre 2022. Selon ce de\u0301cret, le titulaire du portefeuille du ministe\u0300re des Arme\u0301es, Mme Marguerite Gnakade\u0300 est releve\u0301e de ses fonctions de cheffe des arme\u0301es a\u0300 compter de la date du 22 de\u0301cembre 2022.<\/p>\n<p>\u00ab Elle est rappele\u0301e a\u0300 d\u2019autres fonctions sans trop de pre\u0301cision \u00bb, pre\u0301cise le de\u0301cret.<\/p>\n<p>Un autre de\u0301cret pre\u0301cise que le ministe\u0300re des Arme\u0301es est rattache\u0301 a\u0300 la pre\u0301sidence de la Re\u0301publique.<\/p>\n<p>Faure Gnassingbe\u0301 reprend ainsi lui-me\u0302me ce portefeuille ministe\u0301riel.<\/p>\n<p>D autres haut grade\u0301s de l arme\u0301e ont e\u0301galement e\u0301te\u0301 releve\u0301s de leur fonction. Notamment le chef d\u2019e\u0301tat major des FAT, Gal Maganawe.<\/p>\n<p>Pour l\u2019instant aucune pre\u0301cision n est donne\u0301e sur les motif de ce grand mouvement dans l\u2019arme\u0301e togolaise.<\/p>\n<p>Des observateurs evoquent de\u0301ja\u0300 les attaques terroristes qui sont de plus en plus fre\u0301quentes dans le nord du pays.<\/p>\n<p><strong>Pour plus d&rsquo;informations et d&rsquo;analyses sur la <a href=\"https:\/\/www.africa-press.net\/togo\">Togo<\/a>, suivez <a href=\"https:\/\/www.africa-press.net\/\">Africa-Press<\/a><\/strong><\/p>\n","protected":false},"excerpt":{"rendered":"<p>Africa-Press &#8211; Togo. Faure Gnassingbe\u0301 vient de prendre de grandes de\u0301cisions concernant l\u2019arme\u0301e. C est a\u0300 travers un de\u0301cret en date de ce 22 de\u0301cembre 2022. Selon ce de\u0301cret, le titulaire du portefeuille du ministe\u0300re des Arme\u0301es, Mme Marguerite Gnakade\u0300 est releve\u0301e de ses fonctions de cheffe des arme\u0301es a\u0300 compter de la date du [&hellip;]<\/p>\n","protected":false},"author":82,"featured_media":15535,"comment_status":"open","ping_status":"closed","sticky":false,"template":"","format":"standard","meta":{"footnotes":""},"categories":[2,10],"tags":[36,49,505,50],"class_list":["post-15536","post","type-post","status-publish","format-standard","has-post-thumbnail","hentry","category-politique","category-toutes-les-actualites","tag-africa-press","tag-africa-press-togo","tag-fat","tag-togo"],"yoast_head":"<!-- This site is optimized with the Yoast SEO Premium plugin v26.1 (Yoast SEO v27.0) - https:\/\/yoast.com\/product\/yoast-seo-premium-wordpress\/ -->\n<title>Togo\/Grand mouvement dans l\u2019arm\u00e9e : Mme Gnakad\u00e8 et le chef d\u2019\u00e9tat major des FAT relev\u00e9s de leur fonctions - Togo<\/title>\n<meta name=\"robots\" content=\"index, follow, max-snippet:-1, max-image-preview:large, max-video-preview:-1\" \/>\n<link rel=\"canonical\" href=\"https:\/\/www.africa-press.net\/togo\/politique\/togo-grand-mouvement-dans-larmee-mme-gnakade-et-le-chef-detat-major-des-fat-releves-de-leur-fonctions\" \/>\n<meta property=\"og:locale\" content=\"fr_FR\" \/>\n<meta property=\"og:type\" content=\"article\" \/>\n<meta property=\"og:title\" content=\"Togo\/Grand mouvement dans l\u2019arm\u00e9e : Mme Gnakad\u00e8 et le chef d\u2019\u00e9tat major des FAT relev\u00e9s de leur fonctions\" \/>\n<meta property=\"og:description\" content=\"Africa-Press &#8211; Togo. Faure Gnassingbe\u0301 vient de prendre de grandes de\u0301cisions concernant l\u2019arme\u0301e. C est a\u0300 travers un de\u0301cret en date de ce 22 de\u0301cembre 2022. Selon ce de\u0301cret, le titulaire du portefeuille du ministe\u0300re des Arme\u0301es, Mme Marguerite Gnakade\u0300 est releve\u0301e de ses fonctions de cheffe des arme\u0301es a\u0300 compter de la date du [&hellip;]\" \/>\n<meta property=\"og:url\" content=\"https:\/\/www.africa-press.net\/togo\/politique\/togo-grand-mouvement-dans-larmee-mme-gnakade-et-le-chef-detat-major-des-fat-releves-de-leur-fonctions\" \/>\n<meta property=\"og:site_name\" content=\"Togo\" \/>\n<meta property=\"article:published_time\" content=\"2022-12-23T11:50:00+00:00\" \/>\n<meta name=\"author\" content=\"cfeditorfr\" \/>\n<meta name=\"twitter:card\" content=\"summary_large_image\" \/>\n<meta name=\"twitter:label1\" content=\"\u00c9crit par\" \/>\n\t<meta name=\"twitter:data1\" content=\"cfeditorfr\" \/>\n\t<meta name=\"twitter:label2\" content=\"Dur\u00e9e de lecture estim\u00e9e\" \/>\n\t<meta name=\"twitter:data2\" content=\"1 minute\" \/>\n<script type=\"application\/ld+json\" class=\"yoast-schema-graph\">{\"@context\":\"https:\/\/schema.org\",\"@graph\":[{\"@type\":\"Article\",\"@id\":\"https:\/\/www.africa-press.net\/togo\/politique\/togo-grand-mouvement-dans-larmee-mme-gnakade-et-le-chef-detat-major-des-fat-releves-de-leur-fonctions#article\",\"isPartOf\":{\"@id\":\"https:\/\/www.africa-press.net\/togo\/politique\/togo-grand-mouvement-dans-larmee-mme-gnakade-et-le-chef-detat-major-des-fat-releves-de-leur-fonctions\"},\"author\":{\"name\":\"cfeditorfr\",\"@id\":\"https:\/\/www.africa-press.net\/togo\/#\/schema\/person\/2b1cf3cd81a31e3cd26889ca66d677f1\"},\"headline\":\"Togo\/Grand mouvement dans l\u2019arm\u00e9e : Mme Gnakad\u00e8 et le chef d\u2019\u00e9tat major des FAT relev\u00e9s de leur fonctions\",\"datePublished\":\"2022-12-23T11:50:00+00:00\",\"mainEntityOfPage\":{\"@id\":\"https:\/\/www.africa-press.net\/togo\/politique\/togo-grand-mouvement-dans-larmee-mme-gnakade-et-le-chef-detat-major-des-fat-releves-de-leur-fonctions\"},\"wordCount\":223,\"commentCount\":0,\"image\":{\"@id\":\"https:\/\/www.africa-press.net\/togo\/politique\/togo-grand-mouvement-dans-larmee-mme-gnakade-et-le-chef-detat-major-des-fat-releves-de-leur-fonctions#primaryimage\"},\"thumbnailUrl\":\"https:\/\/static.africa-press.net\/togo\/sites\/58\/2022\/12\/postQueueImg_1671783602.69.jpg\",\"keywords\":[\"Africa Press\",\"Africa Press-Togo\",\"FAT\",\"Togo\"],\"articleSection\":[\"Politique\",\"Toutes les actualit\u00e9s\"],\"inLanguage\":\"fr-FR\",\"potentialAction\":[{\"@type\":\"CommentAction\",\"name\":\"Comment\",\"target\":[\"https:\/\/www.africa-press.net\/togo\/politique\/togo-grand-mouvement-dans-larmee-mme-gnakade-et-le-chef-detat-major-des-fat-releves-de-leur-fonctions#respond\"]}]},{\"@type\":\"WebPage\",\"@id\":\"https:\/\/www.africa-press.net\/togo\/politique\/togo-grand-mouvement-dans-larmee-mme-gnakade-et-le-chef-detat-major-des-fat-releves-de-leur-fonctions\",\"url\":\"https:\/\/www.africa-press.net\/togo\/politique\/togo-grand-mouvement-dans-larmee-mme-gnakade-et-le-chef-detat-major-des-fat-releves-de-leur-fonctions\",\"name\":\"Togo\/Grand mouvement dans l\u2019arm\u00e9e : Mme Gnakad\u00e8 et le chef d\u2019\u00e9tat major des FAT relev\u00e9s de leur fonctions - Togo\",\"isPartOf\":{\"@id\":\"https:\/\/www.africa-press.net\/togo\/#website\"},\"primaryImageOfPage\":{\"@id\":\"https:\/\/www.africa-press.net\/togo\/politique\/togo-grand-mouvement-dans-larmee-mme-gnakade-et-le-chef-detat-major-des-fat-releves-de-leur-fonctions#primaryimage\"},\"image\":{\"@id\":\"https:\/\/www.africa-press.net\/togo\/politique\/togo-grand-mouvement-dans-larmee-mme-gnakade-et-le-chef-detat-major-des-fat-releves-de-leur-fonctions#primaryimage\"},\"thumbnailUrl\":\"https:\/\/static.africa-press.net\/togo\/sites\/58\/2022\/12\/postQueueImg_1671783602.69.jpg\",\"datePublished\":\"2022-12-23T11:50:00+00:00\",\"author\":{\"@id\":\"https:\/\/www.africa-press.net\/togo\/#\/schema\/person\/2b1cf3cd81a31e3cd26889ca66d677f1\"},\"breadcrumb\":{\"@id\":\"https:\/\/www.africa-press.net\/togo\/politique\/togo-grand-mouvement-dans-larmee-mme-gnakade-et-le-chef-detat-major-des-fat-releves-de-leur-fonctions#breadcrumb\"},\"inLanguage\":\"fr-FR\",\"potentialAction\":[{\"@type\":\"ReadAction\",\"target\":[\"https:\/\/www.africa-press.net\/togo\/politique\/togo-grand-mouvement-dans-larmee-mme-gnakade-et-le-chef-detat-major-des-fat-releves-de-leur-fonctions\"]}]},{\"@type\":\"ImageObject\",\"inLanguage\":\"fr-FR\",\"@id\":\"https:\/\/www.africa-press.net\/togo\/politique\/togo-grand-mouvement-dans-larmee-mme-gnakade-et-le-chef-detat-major-des-fat-releves-de-leur-fonctions#primaryimage\",\"url\":\"https:\/\/static.africa-press.net\/togo\/sites\/58\/2022\/12\/postQueueImg_1671783602.69.jpg\",\"contentUrl\":\"https:\/\/static.africa-press.net\/togo\/sites\/58\/2022\/12\/postQueueImg_1671783602.69.jpg\",\"width\":720,\"height\":452,\"caption\":\"Togo\/Grand mouvement dans l\u2019arm\u00e9e : Mme Gnakad\u00e8 et le chef d\u2019\u00e9tat major des FAT relev\u00e9s de leur fonctions\"},{\"@type\":\"BreadcrumbList\",\"@id\":\"https:\/\/www.africa-press.net\/togo\/politique\/togo-grand-mouvement-dans-larmee-mme-gnakade-et-le-chef-detat-major-des-fat-releves-de-leur-fonctions#breadcrumb\",\"itemListElement\":[{\"@type\":\"ListItem\",\"position\":1,\"name\":\"Accueil\",\"item\":\"https:\/\/www.africa-press.net\/togo\/\"},{\"@type\":\"ListItem\",\"position\":2,\"name\":\"Togo\/Grand mouvement dans l\u2019arm\u00e9e : Mme Gnakad\u00e8 et le chef d\u2019\u00e9tat major des FAT relev\u00e9s de leur fonctions\"}]},{\"@type\":\"WebSite\",\"@id\":\"https:\/\/www.africa-press.net\/togo\/#website\",\"url\":\"https:\/\/www.africa-press.net\/togo\/\",\"name\":\"Togo\",\"description\":\"Just another Africa News Agency Sites site\",\"potentialAction\":[{\"@type\":\"SearchAction\",\"target\":{\"@type\":\"EntryPoint\",\"urlTemplate\":\"https:\/\/www.africa-press.net\/togo\/?s={search_term_string}\"},\"query-input\":{\"@type\":\"PropertyValueSpecification\",\"valueRequired\":true,\"valueName\":\"search_term_string\"}}],\"inLanguage\":\"fr-FR\"},{\"@type\":\"Person\",\"@id\":\"https:\/\/www.africa-press.net\/togo\/#\/schema\/person\/2b1cf3cd81a31e3cd26889ca66d677f1\",\"name\":\"cfeditorfr\"}]}<\/script>\n<!-- \/ Yoast SEO Premium plugin. -->","yoast_head_json":{"title":"Togo\/Grand mouvement dans l\u2019arm\u00e9e : Mme Gnakad\u00e8 et le chef d\u2019\u00e9tat major des FAT relev\u00e9s de leur fonctions - Togo","robots":{"index":"index","follow":"follow","max-snippet":"max-snippet:-1","max-image-preview":"max-image-preview:large","max-video-preview":"max-video-preview:-1"},"canonical":"https:\/\/www.africa-press.net\/togo\/politique\/togo-grand-mouvement-dans-larmee-mme-gnakade-et-le-chef-detat-major-des-fat-releves-de-leur-fonctions","og_locale":"fr_FR","og_type":"article","og_title":"Togo\/Grand mouvement dans l\u2019arm\u00e9e : Mme Gnakad\u00e8 et le chef d\u2019\u00e9tat major des FAT relev\u00e9s de leur fonctions","og_description":"Africa-Press &#8211; Togo. Faure Gnassingbe\u0301 vient de prendre de grandes de\u0301cisions concernant l\u2019arme\u0301e. C est a\u0300 travers un de\u0301cret en date de ce 22 de\u0301cembre 2022. Selon ce de\u0301cret, le titulaire du portefeuille du ministe\u0300re des Arme\u0301es, Mme Marguerite Gnakade\u0300 est releve\u0301e de ses fonctions de cheffe des arme\u0301es a\u0300 compter de la date du [&hellip;]","og_url":"https:\/\/www.africa-press.net\/togo\/politique\/togo-grand-mouvement-dans-larmee-mme-gnakade-et-le-chef-detat-major-des-fat-releves-de-leur-fonctions","og_site_name":"Togo","article_published_time":"2022-12-23T11:50:00+00:00","author":"cfeditorfr","twitter_card":"summary_large_image","twitter_misc":{"\u00c9crit par":"cfeditorfr","Dur\u00e9e de lecture estim\u00e9e":"1 minute"},"schema":{"@context":"https:\/\/schema.org","@graph":[{"@type":"Article","@id":"https:\/\/www.africa-press.net\/togo\/politique\/togo-grand-mouvement-dans-larmee-mme-gnakade-et-le-chef-detat-major-des-fat-releves-de-leur-fonctions#article","isPartOf":{"@id":"https:\/\/www.africa-press.net\/togo\/politique\/togo-grand-mouvement-dans-larmee-mme-gnakade-et-le-chef-detat-major-des-fat-releves-de-leur-fonctions"},"author":{"name":"cfeditorfr","@id":"https:\/\/www.africa-press.net\/togo\/#\/schema\/person\/2b1cf3cd81a31e3cd26889ca66d677f1"},"headline":"Togo\/Grand mouvement dans l\u2019arm\u00e9e : Mme Gnakad\u00e8 et le chef d\u2019\u00e9tat major des FAT relev\u00e9s de leur fonctions","datePublished":"2022-12-23T11:50:00+00:00","mainEntityOfPage":{"@id":"https:\/\/www.africa-press.net\/togo\/politique\/togo-grand-mouvement-dans-larmee-mme-gnakade-et-le-chef-detat-major-des-fat-releves-de-leur-fonctions"},"wordCount":223,"commentCount":0,"image":{"@id":"https:\/\/www.africa-press.net\/togo\/politique\/togo-grand-mouvement-dans-larmee-mme-gnakade-et-le-chef-detat-major-des-fat-releves-de-leur-fonctions#primaryimage"},"thumbnailUrl":"https:\/\/static.africa-press.net\/togo\/sites\/58\/2022\/12\/postQueueImg_1671783602.69.jpg","keywords":["Africa Press","Africa Press-Togo","FAT","Togo"],"articleSection":["Politique","Toutes les actualit\u00e9s"],"inLanguage":"fr-FR","potentialAction":[{"@type":"CommentAction","name":"Comment","target":["https:\/\/www.africa-press.net\/togo\/politique\/togo-grand-mouvement-dans-larmee-mme-gnakade-et-le-chef-detat-major-des-fat-releves-de-leur-fonctions#respond"]}]},{"@type":"WebPage","@id":"https:\/\/www.africa-press.net\/togo\/politique\/togo-grand-mouvement-dans-larmee-mme-gnakade-et-le-chef-detat-major-des-fat-releves-de-leur-fonctions","url":"https:\/\/www.africa-press.net\/togo\/politique\/togo-grand-mouvement-dans-larmee-mme-gnakade-et-le-chef-detat-major-des-fat-releves-de-leur-fonctions","name":"Togo\/Grand mouvement dans l\u2019arm\u00e9e : Mme Gnakad\u00e8 et le chef d\u2019\u00e9tat major des FAT relev\u00e9s de leur fonctions - Togo","isPartOf":{"@id":"https:\/\/www.africa-press.net\/togo\/#website"},"primaryImageOfPage":{"@id":"https:\/\/www.africa-press.net\/togo\/politique\/togo-grand-mouvement-dans-larmee-mme-gnakade-et-le-chef-detat-major-des-fat-releves-de-leur-fonctions#primaryimage"},"image":{"@id":"https:\/\/www.africa-press.net\/togo\/politique\/togo-grand-mouvement-dans-larmee-mme-gnakade-et-le-chef-detat-major-des-fat-releves-de-leur-fonctions#primaryimage"},"thumbnailUrl":"https:\/\/static.africa-press.net\/togo\/sites\/58\/2022\/12\/postQueueImg_1671783602.69.jpg","datePublished":"2022-12-23T11:50:00+00:00","author":{"@id":"https:\/\/www.africa-press.net\/togo\/#\/schema\/person\/2b1cf3cd81a31e3cd26889ca66d677f1"},"breadcrumb":{"@id":"https:\/\/www.africa-press.net\/togo\/politique\/togo-grand-mouvement-dans-larmee-mme-gnakade-et-le-chef-detat-major-des-fat-releves-de-leur-fonctions#breadcrumb"},"inLanguage":"fr-FR","potentialAction":[{"@type":"ReadAction","target":["https:\/\/www.africa-press.net\/togo\/politique\/togo-grand-mouvement-dans-larmee-mme-gnakade-et-le-chef-detat-major-des-fat-releves-de-leur-fonctions"]}]},{"@type":"ImageObject","inLanguage":"fr-FR","@id":"https:\/\/www.africa-press.net\/togo\/politique\/togo-grand-mouvement-dans-larmee-mme-gnakade-et-le-chef-detat-major-des-fat-releves-de-leur-fonctions#primaryimage","url":"https:\/\/static.africa-press.net\/togo\/sites\/58\/2022\/12\/postQueueImg_1671783602.69.jpg","contentUrl":"https:\/\/static.africa-press.net\/togo\/sites\/58\/2022\/12\/postQueueImg_1671783602.69.jpg","width":720,"height":452,"caption":"Togo\/Grand mouvement dans l\u2019arm\u00e9e : Mme Gnakad\u00e8 et le chef d\u2019\u00e9tat major des FAT relev\u00e9s de leur fonctions"},{"@type":"BreadcrumbList","@id":"https:\/\/www.africa-press.net\/togo\/politique\/togo-grand-mouvement-dans-larmee-mme-gnakade-et-le-chef-detat-major-des-fat-releves-de-leur-fonctions#breadcrumb","itemListElement":[{"@type":"ListItem","position":1,"name":"Accueil","item":"https:\/\/www.africa-press.net\/togo\/"},{"@type":"ListItem","position":2,"name":"Togo\/Grand mouvement dans l\u2019arm\u00e9e : Mme Gnakad\u00e8 et le chef d\u2019\u00e9tat major des FAT relev\u00e9s de leur fonctions"}]},{"@type":"WebSite","@id":"https:\/\/www.africa-press.net\/togo\/#website","url":"https:\/\/www.africa-press.net\/togo\/","name":"Togo","description":"Just another Africa News Agency Sites site","potentialAction":[{"@type":"SearchAction","target":{"@type":"EntryPoint","urlTemplate":"https:\/\/www.africa-press.net\/togo\/?s={search_term_string}"},"query-input":{"@type":"PropertyValueSpecification","valueRequired":true,"valueName":"search_term_string"}}],"inLanguage":"fr-FR"},{"@type":"Person","@id":"https:\/\/www.africa-press.net\/togo\/#\/schema\/person\/2b1cf3cd81a31e3cd26889ca66d677f1","name":"cfeditorfr"}]}},"_links":{"self":[{"href":"https:\/\/www.africa-press.net\/togo\/wp-json\/wp\/v2\/posts\/15536","targetHints":{"allow":["GET"]}}],"collection":[{"href":"https:\/\/www.africa-press.net\/togo\/wp-json\/wp\/v2\/posts"}],"about":[{"href":"https:\/\/www.africa-press.net\/togo\/wp-json\/wp\/v2\/types\/post"}],"author":[{"embeddable":true,"href":"https:\/\/www.africa-press.net\/togo\/wp-json\/wp\/v2\/users\/82"}],"replies":[{"embeddable":true,"href":"https:\/\/www.africa-press.net\/togo\/wp-json\/wp\/v2\/comments?post=15536"}],"version-history":[{"count":0,"href":"https:\/\/www.africa-press.net\/togo\/wp-json\/wp\/v2\/posts\/15536\/revisions"}],"wp:featuredmedia":[{"embeddable":true,"href":"https:\/\/www.africa-press.net\/togo\/wp-json\/wp\/v2\/media\/15535"}],"wp:attachment":[{"href":"https:\/\/www.africa-press.net\/togo\/wp-json\/wp\/v2\/media?parent=15536"}],"wp:term":[{"taxonomy":"category","embeddable":true,"href":"https:\/\/www.africa-press.net\/togo\/wp-json\/wp\/v2\/categories?post=15536"},{"taxonomy":"post_tag","embeddable":true,"href":"https:\/\/www.africa-press.net\/togo\/wp-json\/wp\/v2\/tags?post=15536"}],"curies":[{"name":"wp","href":"https:\/\/api.w.org\/{rel}","templated":true}]}}